{"id":8058,"date":"2023-08-08T13:31:13","date_gmt":"2023-08-08T16:31:13","guid":{"rendered":"https:\/\/brasilnoticias.org\/site\/?p=8058"},"modified":"2023-08-08T13:43:22","modified_gmt":"2023-08-08T16:43:22","slug":"anderson-torres-diz-que-minuta-do-golpe-era-uma-aberracao-sem-validade-juridica","status":"publish","type":"post","link":"https:\/\/brasilnoticias.org\/site\/anderson-torres-diz-que-minuta-do-golpe-era-uma-aberracao-sem-validade-juridica\/","title":{"rendered":"Anderson Torres diz que &#8220;minuta do golpe&#8221; era uma &#8220;aberra\u00e7\u00e3o&#8221; sem &#8220;validade jur\u00eddica&#8221;"},"content":{"rendered":"<p>Declara\u00e7\u00e3o foi dada durante depoimento de Torres \u00e0 Comiss\u00e3o Parlamentar de Inqu\u00e9rito (CPI) do 8 de janeiro<\/p>\n<p>O ex-secret\u00e1rio de Seguran\u00e7a P\u00fablica do Distrito Federal e ministro da Justi\u00e7a no governo do ex-presidente Jair Bolsonaro (PL), Anderson Torres, declarou, nesta ter\u00e7a-feira (8), que a &#8220;minuta do golpe&#8221; encontrada em seu apartamento era um documento &#8220;fantasioso&#8221;, e uma &#8220;aberra\u00e7\u00e3o&#8221; sem &#8220;validade jur\u00eddica&#8221;.<\/p>\n<p>A declara\u00e7\u00e3o foi dada durante seu depoimento \u00e0 Comiss\u00e3o Parlamentar de Inqu\u00e9rito (CPI) do 8 de janeiro. Durante busca e apreens\u00e3o na casa de Torres, realizada pela Pol\u00edcia Federal (PF), foi encontrado um documento que decretava interven\u00e7\u00e3o contra o Tribunal Superior Eleitoral (TSE).<\/p>\n<p>Ele afirmou que por \u201csobrecarga de trabalho\u201d costumava levar pasta de documentos que recebia no minist\u00e9rio para casa. \u201cOs documentos importantes eram despachados e retornavam ao minist\u00e9rio, sendo os demais descartados. Um desses documentos deixados para descarte foi o texto chamado de minuta do golpe. Basta uma breve leitura para que se perceba ser imprest\u00e1vel para qualquer fim. Este papel n\u00e3o foi para o lixo por mero descuido. N\u00e3o sei quem entregou este documento ap\u00f3crifo e desconhe\u00e7o as circunst\u00e2ncias em que foi produzido\u201d, declarou. <\/p>\n<p>Torres disse ainda que quando ele exercia o cargo de secret\u00e1rio, at\u00e9 o dia 6, \u00e0 noite\u201d \u2013 dois dias antes dos ataques golpistas \u2013, n\u00e3o teve \u201cqualquer informa\u00e7\u00e3o oficial indicando que haveria a\u00e7\u00f5es radicais no dia 8 de janeiro\u201d.<\/p>\n<p>Foto: Marcelo Camargo\/Ag\u00eancia Brasil<br \/>\nMetro1<\/p>\n","protected":false},"excerpt":{"rendered":"<p>Declara\u00e7\u00e3o foi dada durante depoimento de Torres \u00e0 Comiss\u00e3o Parlamentar de Inqu\u00e9rito (CPI) do 8 de janeiro O ex-secret\u00e1rio de<\/p>\n","protected":false},"author":4,"featured_media":8059,"comment_status":"open","ping_status":"open","sticky":false,"template":"","format":"standard","meta":{"colormag_page_container_layout":"default_layout","colormag_page_sidebar_layout":"default_layout","_FSMCFIC_featured_image_caption":"","_FSMCFIC_featured_image_nocaption":"","_FSMCFIC_featured_image_hide":"","footnotes":""},"categories":[7,1],"tags":[],"class_list":["post-8058","post","type-post","status-publish","format-standard","has-post-thumbnail","hentry","category-justica","category-ultimas"],"yoast_head":"<!-- This site is optimized with the Yoast SEO plugin v27.1.1 - https:\/\/yoast.com\/product\/yoast-seo-wordpress\/ -->\n<title>Anderson Torres diz que &quot;minuta do golpe&quot; era uma &quot;aberra\u00e7\u00e3o&quot; sem &quot;validade jur\u00eddica&quot; - Brasil not\u00edcias<\/title>\n<meta name=\"robots\" content=\"index, follow, max-snippet:-1, max-image-preview:large, max-video-preview:-1\" \/>\n<link rel=\"canonical\" href=\"https:\/\/brasilnoticias.org\/site\/anderson-torres-diz-que-minuta-do-golpe-era-uma-aberracao-sem-validade-juridica\/\" \/>\n<meta property=\"og:locale\" content=\"pt_PT\" \/>\n<meta property=\"og:type\" content=\"article\" \/>\n<meta property=\"og:title\" content=\"Anderson Torres diz que &quot;minuta do golpe&quot; era uma &quot;aberra\u00e7\u00e3o&quot; sem &quot;validade jur\u00eddica&quot; - Brasil not\u00edcias\" \/>\n<meta property=\"og:description\" content=\"Declara\u00e7\u00e3o foi dada durante depoimento de Torres \u00e0 Comiss\u00e3o Parlamentar de Inqu\u00e9rito (CPI) do 8 de janeiro O ex-secret\u00e1rio de\" \/>\n<meta property=\"og:url\" content=\"https:\/\/brasilnoticias.org\/site\/anderson-torres-diz-que-minuta-do-golpe-era-uma-aberracao-sem-validade-juridica\/\" \/>\n<meta property=\"og:site_name\" content=\"Brasil not\u00edcias\" \/>\n<meta property=\"article:published_time\" content=\"2023-08-08T16:31:13+00:00\" \/>\n<meta property=\"article:modified_time\" content=\"2023-08-08T16:43:22+00:00\" \/>\n<meta property=\"og:image\" content=\"https:\/\/brasilnoticias.org\/site\/wp-content\/uploads\/2023\/08\/139617anderson-torres-diz-que-minuta-do-golpe-era-uma-aberracao-sem-validade-juridica-3.jpg\" \/>\n\t<meta property=\"og:image:width\" content=\"1600\" \/>\n\t<meta property=\"og:image:height\" content=\"752\" \/>\n\t<meta property=\"og:image:type\" content=\"image\/jpeg\" \/>\n<meta name=\"author\" content=\"Reda\u00e7\u00e3o\" \/>\n<meta name=\"twitter:card\" content=\"summary_large_image\" \/>\n<meta name=\"twitter:label1\" content=\"Escrito por\" \/>\n\t<meta name=\"twitter:data1\" content=\"Reda\u00e7\u00e3o\" \/>\n\t<meta name=\"twitter:label2\" content=\"Tempo estimado de leitura\" \/>\n\t<meta name=\"twitter:data2\" content=\"2 minutos\" \/>\n<script type=\"application\/ld+json\" class=\"yoast-schema-graph\">{\"@context\":\"https:\/\/schema.org\",\"@graph\":[{\"@type\":\"Article\",\"@id\":\"https:\/\/brasilnoticias.org\/site\/anderson-torres-diz-que-minuta-do-golpe-era-uma-aberracao-sem-validade-juridica\/#article\",\"isPartOf\":{\"@id\":\"https:\/\/brasilnoticias.org\/site\/anderson-torres-diz-que-minuta-do-golpe-era-uma-aberracao-sem-validade-juridica\/\"},\"author\":{\"name\":\"Reda\u00e7\u00e3o\",\"@id\":\"https:\/\/brasilnoticias.org\/site\/#\/schema\/person\/03bbbfe6c7634ad18c26444ea39049fa\"},\"headline\":\"Anderson Torres diz que &#8220;minuta do golpe&#8221; era uma &#8220;aberra\u00e7\u00e3o&#8221; sem &#8220;validade jur\u00eddica&#8221;\",\"datePublished\":\"2023-08-08T16:31:13+00:00\",\"dateModified\":\"2023-08-08T16:43:22+00:00\",\"mainEntityOfPage\":{\"@id\":\"https:\/\/brasilnoticias.org\/site\/anderson-torres-diz-que-minuta-do-golpe-era-uma-aberracao-sem-validade-juridica\/\"},\"wordCount\":268,\"commentCount\":0,\"publisher\":{\"@id\":\"https:\/\/brasilnoticias.org\/site\/#organization\"},\"image\":{\"@id\":\"https:\/\/brasilnoticias.org\/site\/anderson-torres-diz-que-minuta-do-golpe-era-uma-aberracao-sem-validade-juridica\/#primaryimage\"},\"thumbnailUrl\":\"https:\/\/brasilnoticias.org\/site\/wp-content\/uploads\/2023\/08\/139617anderson-torres-diz-que-minuta-do-golpe-era-uma-aberracao-sem-validade-juridica-3.jpg\",\"articleSection\":[\"Justi\u00e7a\",\"\u00daltimas\"],\"inLanguage\":\"pt-PT\",\"potentialAction\":[{\"@type\":\"CommentAction\",\"name\":\"Comment\",\"target\":[\"https:\/\/brasilnoticias.org\/site\/anderson-torres-diz-que-minuta-do-golpe-era-uma-aberracao-sem-validade-juridica\/#respond\"]}]},{\"@type\":\"WebPage\",\"@id\":\"https:\/\/brasilnoticias.org\/site\/anderson-torres-diz-que-minuta-do-golpe-era-uma-aberracao-sem-validade-juridica\/\",\"url\":\"https:\/\/brasilnoticias.org\/site\/anderson-torres-diz-que-minuta-do-golpe-era-uma-aberracao-sem-validade-juridica\/\",\"name\":\"Anderson Torres diz que \\\"minuta do golpe\\\" era uma \\\"aberra\u00e7\u00e3o\\\" sem \\\"validade jur\u00eddica\\\" - Brasil not\u00edcias\",\"isPartOf\":{\"@id\":\"https:\/\/brasilnoticias.org\/site\/#website\"},\"primaryImageOfPage\":{\"@id\":\"https:\/\/brasilnoticias.org\/site\/anderson-torres-diz-que-minuta-do-golpe-era-uma-aberracao-sem-validade-juridica\/#primaryimage\"},\"image\":{\"@id\":\"https:\/\/brasilnoticias.org\/site\/anderson-torres-diz-que-minuta-do-golpe-era-uma-aberracao-sem-validade-juridica\/#primaryimage\"},\"thumbnailUrl\":\"https:\/\/brasilnoticias.org\/site\/wp-content\/uploads\/2023\/08\/139617anderson-torres-diz-que-minuta-do-golpe-era-uma-aberracao-sem-validade-juridica-3.jpg\",\"datePublished\":\"2023-08-08T16:31:13+00:00\",\"dateModified\":\"2023-08-08T16:43:22+00:00\",\"breadcrumb\":{\"@id\":\"https:\/\/brasilnoticias.org\/site\/anderson-torres-diz-que-minuta-do-golpe-era-uma-aberracao-sem-validade-juridica\/#breadcrumb\"},\"inLanguage\":\"pt-PT\",\"potentialAction\":[{\"@type\":\"ReadAction\",\"target\":[\"https:\/\/brasilnoticias.org\/site\/anderson-torres-diz-que-minuta-do-golpe-era-uma-aberracao-sem-validade-juridica\/\"]}]},{\"@type\":\"ImageObject\",\"inLanguage\":\"pt-PT\",\"@id\":\"https:\/\/brasilnoticias.org\/site\/anderson-torres-diz-que-minuta-do-golpe-era-uma-aberracao-sem-validade-juridica\/#primaryimage\",\"url\":\"https:\/\/brasilnoticias.org\/site\/wp-content\/uploads\/2023\/08\/139617anderson-torres-diz-que-minuta-do-golpe-era-uma-aberracao-sem-validade-juridica-3.jpg\",\"contentUrl\":\"https:\/\/brasilnoticias.org\/site\/wp-content\/uploads\/2023\/08\/139617anderson-torres-diz-que-minuta-do-golpe-era-uma-aberracao-sem-validade-juridica-3.jpg\",\"width\":1600,\"height\":752},{\"@type\":\"BreadcrumbList\",\"@id\":\"https:\/\/brasilnoticias.org\/site\/anderson-torres-diz-que-minuta-do-golpe-era-uma-aberracao-sem-validade-juridica\/#breadcrumb\",\"itemListElement\":[{\"@type\":\"ListItem\",\"position\":1,\"name\":\"In\u00edcio\",\"item\":\"https:\/\/brasilnoticias.org\/site\/\"},{\"@type\":\"ListItem\",\"position\":2,\"name\":\"Anderson Torres diz que &#8220;minuta do golpe&#8221; era uma &#8220;aberra\u00e7\u00e3o&#8221; sem &#8220;validade jur\u00eddica&#8221;\"}]},{\"@type\":\"WebSite\",\"@id\":\"https:\/\/brasilnoticias.org\/site\/#website\",\"url\":\"https:\/\/brasilnoticias.org\/site\/\",\"name\":\"Brasil not\u00edcias\",\"description\":\"Brasil not\u00edcias\",\"publisher\":{\"@id\":\"https:\/\/brasilnoticias.org\/site\/#organization\"},\"potentialAction\":[{\"@type\":\"SearchAction\",\"target\":{\"@type\":\"EntryPoint\",\"urlTemplate\":\"https:\/\/brasilnoticias.org\/site\/?s={search_term_string}\"},\"query-input\":{\"@type\":\"PropertyValueSpecification\",\"valueRequired\":true,\"valueName\":\"search_term_string\"}}],\"inLanguage\":\"pt-PT\"},{\"@type\":\"Organization\",\"@id\":\"https:\/\/brasilnoticias.org\/site\/#organization\",\"name\":\"Brasil not\u00edcias\",\"url\":\"https:\/\/brasilnoticias.org\/site\/\",\"logo\":{\"@type\":\"ImageObject\",\"inLanguage\":\"pt-PT\",\"@id\":\"https:\/\/brasilnoticias.org\/site\/#\/schema\/logo\/image\/\",\"url\":\"https:\/\/brasilnoticias.org\/site\/wp-content\/uploads\/2022\/05\/cropped-brasilnoticias-mini.jpg\",\"contentUrl\":\"https:\/\/brasilnoticias.org\/site\/wp-content\/uploads\/2022\/05\/cropped-brasilnoticias-mini.jpg\",\"width\":314,\"height\":86,\"caption\":\"Brasil not\u00edcias\"},\"image\":{\"@id\":\"https:\/\/brasilnoticias.org\/site\/#\/schema\/logo\/image\/\"}},{\"@type\":\"Person\",\"@id\":\"https:\/\/brasilnoticias.org\/site\/#\/schema\/person\/03bbbfe6c7634ad18c26444ea39049fa\",\"name\":\"Reda\u00e7\u00e3o\",\"image\":{\"@type\":\"ImageObject\",\"inLanguage\":\"pt-PT\",\"@id\":\"https:\/\/brasilnoticias.org\/site\/#\/schema\/person\/image\/\",\"url\":\"https:\/\/secure.gravatar.com\/avatar\/9ecaf7327a696cb23ad926fedded5f1f04d7049de9e445375d55b48c001a6e42?s=96&d=mm&r=g\",\"contentUrl\":\"https:\/\/secure.gravatar.com\/avatar\/9ecaf7327a696cb23ad926fedded5f1f04d7049de9e445375d55b48c001a6e42?s=96&d=mm&r=g\",\"caption\":\"Reda\u00e7\u00e3o\"},\"url\":\"https:\/\/brasilnoticias.org\/site\/author\/henrique\/\"}]}<\/script>\n<!-- \/ Yoast SEO plugin. -->","yoast_head_json":{"title":"Anderson Torres diz que \"minuta do golpe\" era uma \"aberra\u00e7\u00e3o\" sem \"validade jur\u00eddica\" - Brasil not\u00edcias","robots":{"index":"index","follow":"follow","max-snippet":"max-snippet:-1","max-image-preview":"max-image-preview:large","max-video-preview":"max-video-preview:-1"},"canonical":"https:\/\/brasilnoticias.org\/site\/anderson-torres-diz-que-minuta-do-golpe-era-uma-aberracao-sem-validade-juridica\/","og_locale":"pt_PT","og_type":"article","og_title":"Anderson Torres diz que \"minuta do golpe\" era uma \"aberra\u00e7\u00e3o\" sem \"validade jur\u00eddica\" - Brasil not\u00edcias","og_description":"Declara\u00e7\u00e3o foi dada durante depoimento de Torres \u00e0 Comiss\u00e3o Parlamentar de Inqu\u00e9rito (CPI) do 8 de janeiro O ex-secret\u00e1rio de","og_url":"https:\/\/brasilnoticias.org\/site\/anderson-torres-diz-que-minuta-do-golpe-era-uma-aberracao-sem-validade-juridica\/","og_site_name":"Brasil not\u00edcias","article_published_time":"2023-08-08T16:31:13+00:00","article_modified_time":"2023-08-08T16:43:22+00:00","og_image":[{"width":1600,"height":752,"url":"https:\/\/brasilnoticias.org\/site\/wp-content\/uploads\/2023\/08\/139617anderson-torres-diz-que-minuta-do-golpe-era-uma-aberracao-sem-validade-juridica-3.jpg","type":"image\/jpeg"}],"author":"Reda\u00e7\u00e3o","twitter_card":"summary_large_image","twitter_misc":{"Escrito por":"Reda\u00e7\u00e3o","Tempo estimado de leitura":"2 minutos"},"schema":{"@context":"https:\/\/schema.org","@graph":[{"@type":"Article","@id":"https:\/\/brasilnoticias.org\/site\/anderson-torres-diz-que-minuta-do-golpe-era-uma-aberracao-sem-validade-juridica\/#article","isPartOf":{"@id":"https:\/\/brasilnoticias.org\/site\/anderson-torres-diz-que-minuta-do-golpe-era-uma-aberracao-sem-validade-juridica\/"},"author":{"name":"Reda\u00e7\u00e3o","@id":"https:\/\/brasilnoticias.org\/site\/#\/schema\/person\/03bbbfe6c7634ad18c26444ea39049fa"},"headline":"Anderson Torres diz que &#8220;minuta do golpe&#8221; era uma &#8220;aberra\u00e7\u00e3o&#8221; sem &#8220;validade jur\u00eddica&#8221;","datePublished":"2023-08-08T16:31:13+00:00","dateModified":"2023-08-08T16:43:22+00:00","mainEntityOfPage":{"@id":"https:\/\/brasilnoticias.org\/site\/anderson-torres-diz-que-minuta-do-golpe-era-uma-aberracao-sem-validade-juridica\/"},"wordCount":268,"commentCount":0,"publisher":{"@id":"https:\/\/brasilnoticias.org\/site\/#organization"},"image":{"@id":"https:\/\/brasilnoticias.org\/site\/anderson-torres-diz-que-minuta-do-golpe-era-uma-aberracao-sem-validade-juridica\/#primaryimage"},"thumbnailUrl":"https:\/\/brasilnoticias.org\/site\/wp-content\/uploads\/2023\/08\/139617anderson-torres-diz-que-minuta-do-golpe-era-uma-aberracao-sem-validade-juridica-3.jpg","articleSection":["Justi\u00e7a","\u00daltimas"],"inLanguage":"pt-PT","potentialAction":[{"@type":"CommentAction","name":"Comment","target":["https:\/\/brasilnoticias.org\/site\/anderson-torres-diz-que-minuta-do-golpe-era-uma-aberracao-sem-validade-juridica\/#respond"]}]},{"@type":"WebPage","@id":"https:\/\/brasilnoticias.org\/site\/anderson-torres-diz-que-minuta-do-golpe-era-uma-aberracao-sem-validade-juridica\/","url":"https:\/\/brasilnoticias.org\/site\/anderson-torres-diz-que-minuta-do-golpe-era-uma-aberracao-sem-validade-juridica\/","name":"Anderson Torres diz que \"minuta do golpe\" era uma \"aberra\u00e7\u00e3o\" sem \"validade jur\u00eddica\" - Brasil not\u00edcias","isPartOf":{"@id":"https:\/\/brasilnoticias.org\/site\/#website"},"primaryImageOfPage":{"@id":"https:\/\/brasilnoticias.org\/site\/anderson-torres-diz-que-minuta-do-golpe-era-uma-aberracao-sem-validade-juridica\/#primaryimage"},"image":{"@id":"https:\/\/brasilnoticias.org\/site\/anderson-torres-diz-que-minuta-do-golpe-era-uma-aberracao-sem-validade-juridica\/#primaryimage"},"thumbnailUrl":"https:\/\/brasilnoticias.org\/site\/wp-content\/uploads\/2023\/08\/139617anderson-torres-diz-que-minuta-do-golpe-era-uma-aberracao-sem-validade-juridica-3.jpg","datePublished":"2023-08-08T16:31:13+00:00","dateModified":"2023-08-08T16:43:22+00:00","breadcrumb":{"@id":"https:\/\/brasilnoticias.org\/site\/anderson-torres-diz-que-minuta-do-golpe-era-uma-aberracao-sem-validade-juridica\/#breadcrumb"},"inLanguage":"pt-PT","potentialAction":[{"@type":"ReadAction","target":["https:\/\/brasilnoticias.org\/site\/anderson-torres-diz-que-minuta-do-golpe-era-uma-aberracao-sem-validade-juridica\/"]}]},{"@type":"ImageObject","inLanguage":"pt-PT","@id":"https:\/\/brasilnoticias.org\/site\/anderson-torres-diz-que-minuta-do-golpe-era-uma-aberracao-sem-validade-juridica\/#primaryimage","url":"https:\/\/brasilnoticias.org\/site\/wp-content\/uploads\/2023\/08\/139617anderson-torres-diz-que-minuta-do-golpe-era-uma-aberracao-sem-validade-juridica-3.jpg","contentUrl":"https:\/\/brasilnoticias.org\/site\/wp-content\/uploads\/2023\/08\/139617anderson-torres-diz-que-minuta-do-golpe-era-uma-aberracao-sem-validade-juridica-3.jpg","width":1600,"height":752},{"@type":"BreadcrumbList","@id":"https:\/\/brasilnoticias.org\/site\/anderson-torres-diz-que-minuta-do-golpe-era-uma-aberracao-sem-validade-juridica\/#breadcrumb","itemListElement":[{"@type":"ListItem","position":1,"name":"In\u00edcio","item":"https:\/\/brasilnoticias.org\/site\/"},{"@type":"ListItem","position":2,"name":"Anderson Torres diz que &#8220;minuta do golpe&#8221; era uma &#8220;aberra\u00e7\u00e3o&#8221; sem &#8220;validade jur\u00eddica&#8221;"}]},{"@type":"WebSite","@id":"https:\/\/brasilnoticias.org\/site\/#website","url":"https:\/\/brasilnoticias.org\/site\/","name":"Brasil not\u00edcias","description":"Brasil not\u00edcias","publisher":{"@id":"https:\/\/brasilnoticias.org\/site\/#organization"},"potentialAction":[{"@type":"SearchAction","target":{"@type":"EntryPoint","urlTemplate":"https:\/\/brasilnoticias.org\/site\/?s={search_term_string}"},"query-input":{"@type":"PropertyValueSpecification","valueRequired":true,"valueName":"search_term_string"}}],"inLanguage":"pt-PT"},{"@type":"Organization","@id":"https:\/\/brasilnoticias.org\/site\/#organization","name":"Brasil not\u00edcias","url":"https:\/\/brasilnoticias.org\/site\/","logo":{"@type":"ImageObject","inLanguage":"pt-PT","@id":"https:\/\/brasilnoticias.org\/site\/#\/schema\/logo\/image\/","url":"https:\/\/brasilnoticias.org\/site\/wp-content\/uploads\/2022\/05\/cropped-brasilnoticias-mini.jpg","contentUrl":"https:\/\/brasilnoticias.org\/site\/wp-content\/uploads\/2022\/05\/cropped-brasilnoticias-mini.jpg","width":314,"height":86,"caption":"Brasil not\u00edcias"},"image":{"@id":"https:\/\/brasilnoticias.org\/site\/#\/schema\/logo\/image\/"}},{"@type":"Person","@id":"https:\/\/brasilnoticias.org\/site\/#\/schema\/person\/03bbbfe6c7634ad18c26444ea39049fa","name":"Reda\u00e7\u00e3o","image":{"@type":"ImageObject","inLanguage":"pt-PT","@id":"https:\/\/brasilnoticias.org\/site\/#\/schema\/person\/image\/","url":"https:\/\/secure.gravatar.com\/avatar\/9ecaf7327a696cb23ad926fedded5f1f04d7049de9e445375d55b48c001a6e42?s=96&d=mm&r=g","contentUrl":"https:\/\/secure.gravatar.com\/avatar\/9ecaf7327a696cb23ad926fedded5f1f04d7049de9e445375d55b48c001a6e42?s=96&d=mm&r=g","caption":"Reda\u00e7\u00e3o"},"url":"https:\/\/brasilnoticias.org\/site\/author\/henrique\/"}]}},"_links":{"self":[{"href":"https:\/\/brasilnoticias.org\/site\/wp-json\/wp\/v2\/posts\/8058","targetHints":{"allow":["GET"]}}],"collection":[{"href":"https:\/\/brasilnoticias.org\/site\/wp-json\/wp\/v2\/posts"}],"about":[{"href":"https:\/\/brasilnoticias.org\/site\/wp-json\/wp\/v2\/types\/post"}],"author":[{"embeddable":true,"href":"https:\/\/brasilnoticias.org\/site\/wp-json\/wp\/v2\/users\/4"}],"replies":[{"embeddable":true,"href":"https:\/\/brasilnoticias.org\/site\/wp-json\/wp\/v2\/comments?post=8058"}],"version-history":[{"count":1,"href":"https:\/\/brasilnoticias.org\/site\/wp-json\/wp\/v2\/posts\/8058\/revisions"}],"predecessor-version":[{"id":8060,"href":"https:\/\/brasilnoticias.org\/site\/wp-json\/wp\/v2\/posts\/8058\/revisions\/8060"}],"wp:featuredmedia":[{"embeddable":true,"href":"https:\/\/brasilnoticias.org\/site\/wp-json\/wp\/v2\/media\/8059"}],"wp:attachment":[{"href":"https:\/\/brasilnoticias.org\/site\/wp-json\/wp\/v2\/media?parent=8058"}],"wp:term":[{"taxonomy":"category","embeddable":true,"href":"https:\/\/brasilnoticias.org\/site\/wp-json\/wp\/v2\/categories?post=8058"},{"taxonomy":"post_tag","embeddable":true,"href":"https:\/\/brasilnoticias.org\/site\/wp-json\/wp\/v2\/tags?post=8058"}],"curies":[{"name":"wp","href":"https:\/\/api.w.org\/{rel}","templated":true}]}}