{"id":8075,"date":"2023-08-08T19:13:27","date_gmt":"2023-08-08T22:13:27","guid":{"rendered":"https:\/\/brasilnoticias.org\/site\/?p=8075"},"modified":"2023-08-08T19:13:27","modified_gmt":"2023-08-08T22:13:27","slug":"cpi-do-mst-depoimentos-dos-convocados-por-capitao-alden-mostram-cenario-sombrio-dos-assentamentos","status":"publish","type":"post","link":"https:\/\/brasilnoticias.org\/site\/cpi-do-mst-depoimentos-dos-convocados-por-capitao-alden-mostram-cenario-sombrio-dos-assentamentos\/","title":{"rendered":"CPI do MST: depoimentos dos convocados por Capit\u00e3o Alden mostram cen\u00e1rio sombrio dos assentamentos"},"content":{"rendered":"<p>Deputado foi autor do requerimento de convoca\u00e7\u00e3o dos ex-membros do MST na Bahia <\/p>\n<p>Em mais uma tarde de depoimentos sobre temas relacionados \u00e0s invas\u00f5es de terras no Brasil, a Comiss\u00e3o Parlamentar de Inqu\u00e9rito sobre o Movimento dos Trabalhadores Sem Terra (CPI do MST) chega a seu terceiro m\u00eas de trabalhos. Durante este per\u00edodo a polariza\u00e7\u00e3o entre Oposi\u00e7\u00e3o ao Governo e Base Governista segue dando o tom das atividades. <\/p>\n<p>Nesta ter\u00e7a-feira (8), por exemplo, houve os depoimentos dos convocados pelo deputado federal Capit\u00e3o Alden (PL-BA). O parlamentar acionou ex-participantes de acampamentos do MST na Bahia para esclarecimentos. O autor do requerimento aprovado fez questionamentos espec\u00edficos e fundamenta\u00e7\u00f5es de cada ponto que necessitava expor para o conhecimento da Comiss\u00e3o. <\/p>\n<p>Segundo o ex-integrante do MST, Elivaldo da Silva Costa, os membros do movimento eram utilizados como \u201cmassa de manobra\u201d para colocar press\u00e3o a prefeitos de cidades do interior que encontram-se as terras rurais invadidas. Ainda de acordo com o depoente um dito grupo de \u201cdisciplina\u201d coagia integrantes do assentamento e em alguns casos at\u00e9 agrediram fisicamente as pessoas. <\/p>\n<p>A ex-integrante do MST, Vanuza dos Santos de Souza, fez graves den\u00fancias de agress\u00e3o f\u00edsica, tentativa de homic\u00eddio contra ela e seus filhos, al\u00e9m de mencionar a depreda\u00e7\u00e3o de seu im\u00f3vel. <\/p>\n<p>O deputado federal Capit\u00e3o Alden ressaltou que os depoimentos prestados s\u00e3o, extremamente, graves e s\u00f3 atestam o grau de periculosidade do MST. \u201cPara mim n\u00e3o restam d\u00favidas qual a real natureza do MST, um grupo que usa um discurso, mas na pr\u00e1tica cometem atrocidades contra propriet\u00e1rios rurais e tamb\u00e9m com os pr\u00f3prios membros de seu grupo. A Esquerda tenta colocar o MST como um bando de \u2018santinhos\u2019, mas isso \u00e9 narrativa vazia de Lula e seus seguidores\u201d, dispara Alden. <\/p>\n<p>Durante toda a audi\u00eancia da CPI do MST, os parlamentares da Esquerda tentaram obstruir os trabalhos. O deputado federal Nilto Tatto (PT-SP), por diversas vezes fez interven\u00e7\u00f5es com o foco de comprometer o andamento da Comiss\u00e3o Parlamentar, inclusive, cogitou que a Presid\u00eancia da CPI passasse todas as informa\u00e7\u00f5es da pr\u00f3xima dilig\u00eancia. Mas, seu pedido foi recha\u00e7ado pelo deputado federal Capit\u00e3o Alden por meio do espa\u00e7o de fala de expor o contradit\u00f3rio.<\/p>\n","protected":false},"excerpt":{"rendered":"<p>Deputado foi autor do requerimento de convoca\u00e7\u00e3o dos ex-membros do MST na Bahia Em mais uma tarde de depoimentos sobre<\/p>\n","protected":false},"author":4,"featured_media":8076,"comment_status":"open","ping_status":"open","sticky":false,"template":"","format":"standard","meta":{"colormag_page_container_layout":"default_layout","colormag_page_sidebar_layout":"default_layout","_FSMCFIC_featured_image_caption":"","_FSMCFIC_featured_image_nocaption":"","_FSMCFIC_featured_image_hide":"","footnotes":""},"categories":[3,1],"tags":[],"class_list":["post-8075","post","type-post","status-publish","format-standard","has-post-thumbnail","hentry","category-policia","category-ultimas"],"yoast_head":"<!-- This site is optimized with the Yoast SEO plugin v27.1.1 - https:\/\/yoast.com\/product\/yoast-seo-wordpress\/ -->\n<title>CPI do MST: depoimentos dos convocados por Capit\u00e3o Alden mostram cen\u00e1rio sombrio dos assentamentos - Brasil not\u00edcias<\/title>\n<meta name=\"robots\" content=\"index, follow, max-snippet:-1, max-image-preview:large, max-video-preview:-1\" \/>\n<link rel=\"canonical\" href=\"https:\/\/brasilnoticias.org\/site\/cpi-do-mst-depoimentos-dos-convocados-por-capitao-alden-mostram-cenario-sombrio-dos-assentamentos\/\" \/>\n<meta property=\"og:locale\" content=\"pt_PT\" \/>\n<meta property=\"og:type\" content=\"article\" \/>\n<meta property=\"og:title\" content=\"CPI do MST: depoimentos dos convocados por Capit\u00e3o Alden mostram cen\u00e1rio sombrio dos assentamentos - Brasil not\u00edcias\" \/>\n<meta property=\"og:description\" content=\"Deputado foi autor do requerimento de convoca\u00e7\u00e3o dos ex-membros do MST na Bahia Em mais uma tarde de depoimentos sobre\" \/>\n<meta property=\"og:url\" content=\"https:\/\/brasilnoticias.org\/site\/cpi-do-mst-depoimentos-dos-convocados-por-capitao-alden-mostram-cenario-sombrio-dos-assentamentos\/\" \/>\n<meta property=\"og:site_name\" content=\"Brasil not\u00edcias\" \/>\n<meta property=\"article:published_time\" content=\"2023-08-08T22:13:27+00:00\" \/>\n<meta property=\"og:image\" content=\"https:\/\/brasilnoticias.org\/site\/wp-content\/uploads\/2023\/08\/5b775d83-a73a-4530-ad2e-3083495a652a.jpg\" \/>\n\t<meta property=\"og:image:width\" content=\"720\" \/>\n\t<meta property=\"og:image:height\" content=\"480\" \/>\n\t<meta property=\"og:image:type\" content=\"image\/jpeg\" \/>\n<meta name=\"author\" content=\"Reda\u00e7\u00e3o\" \/>\n<meta name=\"twitter:card\" content=\"summary_large_image\" \/>\n<meta name=\"twitter:label1\" content=\"Escrito por\" \/>\n\t<meta name=\"twitter:data1\" content=\"Reda\u00e7\u00e3o\" \/>\n<script type=\"application\/ld+json\" class=\"yoast-schema-graph\">{\"@context\":\"https:\/\/schema.org\",\"@graph\":[{\"@type\":\"Article\",\"@id\":\"https:\/\/brasilnoticias.org\/site\/cpi-do-mst-depoimentos-dos-convocados-por-capitao-alden-mostram-cenario-sombrio-dos-assentamentos\/#article\",\"isPartOf\":{\"@id\":\"https:\/\/brasilnoticias.org\/site\/cpi-do-mst-depoimentos-dos-convocados-por-capitao-alden-mostram-cenario-sombrio-dos-assentamentos\/\"},\"author\":{\"name\":\"Reda\u00e7\u00e3o\",\"@id\":\"https:\/\/brasilnoticias.org\/site\/#\/schema\/person\/03bbbfe6c7634ad18c26444ea39049fa\"},\"headline\":\"CPI do MST: depoimentos dos convocados por Capit\u00e3o Alden mostram cen\u00e1rio sombrio dos assentamentos\",\"datePublished\":\"2023-08-08T22:13:27+00:00\",\"mainEntityOfPage\":{\"@id\":\"https:\/\/brasilnoticias.org\/site\/cpi-do-mst-depoimentos-dos-convocados-por-capitao-alden-mostram-cenario-sombrio-dos-assentamentos\/\"},\"wordCount\":410,\"commentCount\":0,\"publisher\":{\"@id\":\"https:\/\/brasilnoticias.org\/site\/#organization\"},\"image\":{\"@id\":\"https:\/\/brasilnoticias.org\/site\/cpi-do-mst-depoimentos-dos-convocados-por-capitao-alden-mostram-cenario-sombrio-dos-assentamentos\/#primaryimage\"},\"thumbnailUrl\":\"https:\/\/brasilnoticias.org\/site\/wp-content\/uploads\/2023\/08\/5b775d83-a73a-4530-ad2e-3083495a652a.jpg\",\"articleSection\":[\"Pol\u00edcia\",\"\u00daltimas\"],\"inLanguage\":\"pt-PT\",\"potentialAction\":[{\"@type\":\"CommentAction\",\"name\":\"Comment\",\"target\":[\"https:\/\/brasilnoticias.org\/site\/cpi-do-mst-depoimentos-dos-convocados-por-capitao-alden-mostram-cenario-sombrio-dos-assentamentos\/#respond\"]}]},{\"@type\":\"WebPage\",\"@id\":\"https:\/\/brasilnoticias.org\/site\/cpi-do-mst-depoimentos-dos-convocados-por-capitao-alden-mostram-cenario-sombrio-dos-assentamentos\/\",\"url\":\"https:\/\/brasilnoticias.org\/site\/cpi-do-mst-depoimentos-dos-convocados-por-capitao-alden-mostram-cenario-sombrio-dos-assentamentos\/\",\"name\":\"CPI do MST: depoimentos dos convocados por Capit\u00e3o Alden mostram cen\u00e1rio sombrio dos assentamentos - Brasil not\u00edcias\",\"isPartOf\":{\"@id\":\"https:\/\/brasilnoticias.org\/site\/#website\"},\"primaryImageOfPage\":{\"@id\":\"https:\/\/brasilnoticias.org\/site\/cpi-do-mst-depoimentos-dos-convocados-por-capitao-alden-mostram-cenario-sombrio-dos-assentamentos\/#primaryimage\"},\"image\":{\"@id\":\"https:\/\/brasilnoticias.org\/site\/cpi-do-mst-depoimentos-dos-convocados-por-capitao-alden-mostram-cenario-sombrio-dos-assentamentos\/#primaryimage\"},\"thumbnailUrl\":\"https:\/\/brasilnoticias.org\/site\/wp-content\/uploads\/2023\/08\/5b775d83-a73a-4530-ad2e-3083495a652a.jpg\",\"datePublished\":\"2023-08-08T22:13:27+00:00\",\"breadcrumb\":{\"@id\":\"https:\/\/brasilnoticias.org\/site\/cpi-do-mst-depoimentos-dos-convocados-por-capitao-alden-mostram-cenario-sombrio-dos-assentamentos\/#breadcrumb\"},\"inLanguage\":\"pt-PT\",\"potentialAction\":[{\"@type\":\"ReadAction\",\"target\":[\"https:\/\/brasilnoticias.org\/site\/cpi-do-mst-depoimentos-dos-convocados-por-capitao-alden-mostram-cenario-sombrio-dos-assentamentos\/\"]}]},{\"@type\":\"ImageObject\",\"inLanguage\":\"pt-PT\",\"@id\":\"https:\/\/brasilnoticias.org\/site\/cpi-do-mst-depoimentos-dos-convocados-por-capitao-alden-mostram-cenario-sombrio-dos-assentamentos\/#primaryimage\",\"url\":\"https:\/\/brasilnoticias.org\/site\/wp-content\/uploads\/2023\/08\/5b775d83-a73a-4530-ad2e-3083495a652a.jpg\",\"contentUrl\":\"https:\/\/brasilnoticias.org\/site\/wp-content\/uploads\/2023\/08\/5b775d83-a73a-4530-ad2e-3083495a652a.jpg\",\"width\":720,\"height\":480},{\"@type\":\"BreadcrumbList\",\"@id\":\"https:\/\/brasilnoticias.org\/site\/cpi-do-mst-depoimentos-dos-convocados-por-capitao-alden-mostram-cenario-sombrio-dos-assentamentos\/#breadcrumb\",\"itemListElement\":[{\"@type\":\"ListItem\",\"position\":1,\"name\":\"In\u00edcio\",\"item\":\"https:\/\/brasilnoticias.org\/site\/\"},{\"@type\":\"ListItem\",\"position\":2,\"name\":\"CPI do MST: depoimentos dos convocados por Capit\u00e3o Alden mostram cen\u00e1rio sombrio dos assentamentos\"}]},{\"@type\":\"WebSite\",\"@id\":\"https:\/\/brasilnoticias.org\/site\/#website\",\"url\":\"https:\/\/brasilnoticias.org\/site\/\",\"name\":\"Brasil not\u00edcias\",\"description\":\"Brasil not\u00edcias\",\"publisher\":{\"@id\":\"https:\/\/brasilnoticias.org\/site\/#organization\"},\"potentialAction\":[{\"@type\":\"SearchAction\",\"target\":{\"@type\":\"EntryPoint\",\"urlTemplate\":\"https:\/\/brasilnoticias.org\/site\/?s={search_term_string}\"},\"query-input\":{\"@type\":\"PropertyValueSpecification\",\"valueRequired\":true,\"valueName\":\"search_term_string\"}}],\"inLanguage\":\"pt-PT\"},{\"@type\":\"Organization\",\"@id\":\"https:\/\/brasilnoticias.org\/site\/#organization\",\"name\":\"Brasil not\u00edcias\",\"url\":\"https:\/\/brasilnoticias.org\/site\/\",\"logo\":{\"@type\":\"ImageObject\",\"inLanguage\":\"pt-PT\",\"@id\":\"https:\/\/brasilnoticias.org\/site\/#\/schema\/logo\/image\/\",\"url\":\"https:\/\/brasilnoticias.org\/site\/wp-content\/uploads\/2022\/05\/cropped-brasilnoticias-mini.jpg\",\"contentUrl\":\"https:\/\/brasilnoticias.org\/site\/wp-content\/uploads\/2022\/05\/cropped-brasilnoticias-mini.jpg\",\"width\":314,\"height\":86,\"caption\":\"Brasil not\u00edcias\"},\"image\":{\"@id\":\"https:\/\/brasilnoticias.org\/site\/#\/schema\/logo\/image\/\"}},{\"@type\":\"Person\",\"@id\":\"https:\/\/brasilnoticias.org\/site\/#\/schema\/person\/03bbbfe6c7634ad18c26444ea39049fa\",\"name\":\"Reda\u00e7\u00e3o\",\"image\":{\"@type\":\"ImageObject\",\"inLanguage\":\"pt-PT\",\"@id\":\"https:\/\/brasilnoticias.org\/site\/#\/schema\/person\/image\/\",\"url\":\"https:\/\/secure.gravatar.com\/avatar\/9ecaf7327a696cb23ad926fedded5f1f04d7049de9e445375d55b48c001a6e42?s=96&d=mm&r=g\",\"contentUrl\":\"https:\/\/secure.gravatar.com\/avatar\/9ecaf7327a696cb23ad926fedded5f1f04d7049de9e445375d55b48c001a6e42?s=96&d=mm&r=g\",\"caption\":\"Reda\u00e7\u00e3o\"},\"url\":\"https:\/\/brasilnoticias.org\/site\/author\/henrique\/\"}]}<\/script>\n<!-- \/ Yoast SEO plugin. -->","yoast_head_json":{"title":"CPI do MST: depoimentos dos convocados por Capit\u00e3o Alden mostram cen\u00e1rio sombrio dos assentamentos - Brasil not\u00edcias","robots":{"index":"index","follow":"follow","max-snippet":"max-snippet:-1","max-image-preview":"max-image-preview:large","max-video-preview":"max-video-preview:-1"},"canonical":"https:\/\/brasilnoticias.org\/site\/cpi-do-mst-depoimentos-dos-convocados-por-capitao-alden-mostram-cenario-sombrio-dos-assentamentos\/","og_locale":"pt_PT","og_type":"article","og_title":"CPI do MST: depoimentos dos convocados por Capit\u00e3o Alden mostram cen\u00e1rio sombrio dos assentamentos - Brasil not\u00edcias","og_description":"Deputado foi autor do requerimento de convoca\u00e7\u00e3o dos ex-membros do MST na Bahia Em mais uma tarde de depoimentos sobre","og_url":"https:\/\/brasilnoticias.org\/site\/cpi-do-mst-depoimentos-dos-convocados-por-capitao-alden-mostram-cenario-sombrio-dos-assentamentos\/","og_site_name":"Brasil not\u00edcias","article_published_time":"2023-08-08T22:13:27+00:00","og_image":[{"width":720,"height":480,"url":"https:\/\/brasilnoticias.org\/site\/wp-content\/uploads\/2023\/08\/5b775d83-a73a-4530-ad2e-3083495a652a.jpg","type":"image\/jpeg"}],"author":"Reda\u00e7\u00e3o","twitter_card":"summary_large_image","twitter_misc":{"Escrito por":"Reda\u00e7\u00e3o"},"schema":{"@context":"https:\/\/schema.org","@graph":[{"@type":"Article","@id":"https:\/\/brasilnoticias.org\/site\/cpi-do-mst-depoimentos-dos-convocados-por-capitao-alden-mostram-cenario-sombrio-dos-assentamentos\/#article","isPartOf":{"@id":"https:\/\/brasilnoticias.org\/site\/cpi-do-mst-depoimentos-dos-convocados-por-capitao-alden-mostram-cenario-sombrio-dos-assentamentos\/"},"author":{"name":"Reda\u00e7\u00e3o","@id":"https:\/\/brasilnoticias.org\/site\/#\/schema\/person\/03bbbfe6c7634ad18c26444ea39049fa"},"headline":"CPI do MST: depoimentos dos convocados por Capit\u00e3o Alden mostram cen\u00e1rio sombrio dos assentamentos","datePublished":"2023-08-08T22:13:27+00:00","mainEntityOfPage":{"@id":"https:\/\/brasilnoticias.org\/site\/cpi-do-mst-depoimentos-dos-convocados-por-capitao-alden-mostram-cenario-sombrio-dos-assentamentos\/"},"wordCount":410,"commentCount":0,"publisher":{"@id":"https:\/\/brasilnoticias.org\/site\/#organization"},"image":{"@id":"https:\/\/brasilnoticias.org\/site\/cpi-do-mst-depoimentos-dos-convocados-por-capitao-alden-mostram-cenario-sombrio-dos-assentamentos\/#primaryimage"},"thumbnailUrl":"https:\/\/brasilnoticias.org\/site\/wp-content\/uploads\/2023\/08\/5b775d83-a73a-4530-ad2e-3083495a652a.jpg","articleSection":["Pol\u00edcia","\u00daltimas"],"inLanguage":"pt-PT","potentialAction":[{"@type":"CommentAction","name":"Comment","target":["https:\/\/brasilnoticias.org\/site\/cpi-do-mst-depoimentos-dos-convocados-por-capitao-alden-mostram-cenario-sombrio-dos-assentamentos\/#respond"]}]},{"@type":"WebPage","@id":"https:\/\/brasilnoticias.org\/site\/cpi-do-mst-depoimentos-dos-convocados-por-capitao-alden-mostram-cenario-sombrio-dos-assentamentos\/","url":"https:\/\/brasilnoticias.org\/site\/cpi-do-mst-depoimentos-dos-convocados-por-capitao-alden-mostram-cenario-sombrio-dos-assentamentos\/","name":"CPI do MST: depoimentos dos convocados por Capit\u00e3o Alden mostram cen\u00e1rio sombrio dos assentamentos - Brasil not\u00edcias","isPartOf":{"@id":"https:\/\/brasilnoticias.org\/site\/#website"},"primaryImageOfPage":{"@id":"https:\/\/brasilnoticias.org\/site\/cpi-do-mst-depoimentos-dos-convocados-por-capitao-alden-mostram-cenario-sombrio-dos-assentamentos\/#primaryimage"},"image":{"@id":"https:\/\/brasilnoticias.org\/site\/cpi-do-mst-depoimentos-dos-convocados-por-capitao-alden-mostram-cenario-sombrio-dos-assentamentos\/#primaryimage"},"thumbnailUrl":"https:\/\/brasilnoticias.org\/site\/wp-content\/uploads\/2023\/08\/5b775d83-a73a-4530-ad2e-3083495a652a.jpg","datePublished":"2023-08-08T22:13:27+00:00","breadcrumb":{"@id":"https:\/\/brasilnoticias.org\/site\/cpi-do-mst-depoimentos-dos-convocados-por-capitao-alden-mostram-cenario-sombrio-dos-assentamentos\/#breadcrumb"},"inLanguage":"pt-PT","potentialAction":[{"@type":"ReadAction","target":["https:\/\/brasilnoticias.org\/site\/cpi-do-mst-depoimentos-dos-convocados-por-capitao-alden-mostram-cenario-sombrio-dos-assentamentos\/"]}]},{"@type":"ImageObject","inLanguage":"pt-PT","@id":"https:\/\/brasilnoticias.org\/site\/cpi-do-mst-depoimentos-dos-convocados-por-capitao-alden-mostram-cenario-sombrio-dos-assentamentos\/#primaryimage","url":"https:\/\/brasilnoticias.org\/site\/wp-content\/uploads\/2023\/08\/5b775d83-a73a-4530-ad2e-3083495a652a.jpg","contentUrl":"https:\/\/brasilnoticias.org\/site\/wp-content\/uploads\/2023\/08\/5b775d83-a73a-4530-ad2e-3083495a652a.jpg","width":720,"height":480},{"@type":"BreadcrumbList","@id":"https:\/\/brasilnoticias.org\/site\/cpi-do-mst-depoimentos-dos-convocados-por-capitao-alden-mostram-cenario-sombrio-dos-assentamentos\/#breadcrumb","itemListElement":[{"@type":"ListItem","position":1,"name":"In\u00edcio","item":"https:\/\/brasilnoticias.org\/site\/"},{"@type":"ListItem","position":2,"name":"CPI do MST: depoimentos dos convocados por Capit\u00e3o Alden mostram cen\u00e1rio sombrio dos assentamentos"}]},{"@type":"WebSite","@id":"https:\/\/brasilnoticias.org\/site\/#website","url":"https:\/\/brasilnoticias.org\/site\/","name":"Brasil not\u00edcias","description":"Brasil not\u00edcias","publisher":{"@id":"https:\/\/brasilnoticias.org\/site\/#organization"},"potentialAction":[{"@type":"SearchAction","target":{"@type":"EntryPoint","urlTemplate":"https:\/\/brasilnoticias.org\/site\/?s={search_term_string}"},"query-input":{"@type":"PropertyValueSpecification","valueRequired":true,"valueName":"search_term_string"}}],"inLanguage":"pt-PT"},{"@type":"Organization","@id":"https:\/\/brasilnoticias.org\/site\/#organization","name":"Brasil not\u00edcias","url":"https:\/\/brasilnoticias.org\/site\/","logo":{"@type":"ImageObject","inLanguage":"pt-PT","@id":"https:\/\/brasilnoticias.org\/site\/#\/schema\/logo\/image\/","url":"https:\/\/brasilnoticias.org\/site\/wp-content\/uploads\/2022\/05\/cropped-brasilnoticias-mini.jpg","contentUrl":"https:\/\/brasilnoticias.org\/site\/wp-content\/uploads\/2022\/05\/cropped-brasilnoticias-mini.jpg","width":314,"height":86,"caption":"Brasil not\u00edcias"},"image":{"@id":"https:\/\/brasilnoticias.org\/site\/#\/schema\/logo\/image\/"}},{"@type":"Person","@id":"https:\/\/brasilnoticias.org\/site\/#\/schema\/person\/03bbbfe6c7634ad18c26444ea39049fa","name":"Reda\u00e7\u00e3o","image":{"@type":"ImageObject","inLanguage":"pt-PT","@id":"https:\/\/brasilnoticias.org\/site\/#\/schema\/person\/image\/","url":"https:\/\/secure.gravatar.com\/avatar\/9ecaf7327a696cb23ad926fedded5f1f04d7049de9e445375d55b48c001a6e42?s=96&d=mm&r=g","contentUrl":"https:\/\/secure.gravatar.com\/avatar\/9ecaf7327a696cb23ad926fedded5f1f04d7049de9e445375d55b48c001a6e42?s=96&d=mm&r=g","caption":"Reda\u00e7\u00e3o"},"url":"https:\/\/brasilnoticias.org\/site\/author\/henrique\/"}]}},"_links":{"self":[{"href":"https:\/\/brasilnoticias.org\/site\/wp-json\/wp\/v2\/posts\/8075","targetHints":{"allow":["GET"]}}],"collection":[{"href":"https:\/\/brasilnoticias.org\/site\/wp-json\/wp\/v2\/posts"}],"about":[{"href":"https:\/\/brasilnoticias.org\/site\/wp-json\/wp\/v2\/types\/post"}],"author":[{"embeddable":true,"href":"https:\/\/brasilnoticias.org\/site\/wp-json\/wp\/v2\/users\/4"}],"replies":[{"embeddable":true,"href":"https:\/\/brasilnoticias.org\/site\/wp-json\/wp\/v2\/comments?post=8075"}],"version-history":[{"count":1,"href":"https:\/\/brasilnoticias.org\/site\/wp-json\/wp\/v2\/posts\/8075\/revisions"}],"predecessor-version":[{"id":8077,"href":"https:\/\/brasilnoticias.org\/site\/wp-json\/wp\/v2\/posts\/8075\/revisions\/8077"}],"wp:featuredmedia":[{"embeddable":true,"href":"https:\/\/brasilnoticias.org\/site\/wp-json\/wp\/v2\/media\/8076"}],"wp:attachment":[{"href":"https:\/\/brasilnoticias.org\/site\/wp-json\/wp\/v2\/media?parent=8075"}],"wp:term":[{"taxonomy":"category","embeddable":true,"href":"https:\/\/brasilnoticias.org\/site\/wp-json\/wp\/v2\/categories?post=8075"},{"taxonomy":"post_tag","embeddable":true,"href":"https:\/\/brasilnoticias.org\/site\/wp-json\/wp\/v2\/tags?post=8075"}],"curies":[{"name":"wp","href":"https:\/\/api.w.org\/{rel}","templated":true}]}}