{"id":8080,"date":"2023-08-09T07:06:56","date_gmt":"2023-08-09T10:06:56","guid":{"rendered":"https:\/\/brasilnoticias.org\/site\/?p=8080"},"modified":"2023-08-09T07:06:56","modified_gmt":"2023-08-09T10:06:56","slug":"preso-acusado-de-estupro-ex-vereador-gabriel-monteiro-se-casa","status":"publish","type":"post","link":"https:\/\/brasilnoticias.org\/site\/preso-acusado-de-estupro-ex-vereador-gabriel-monteiro-se-casa\/","title":{"rendered":"Preso acusado de estupro, ex-vereador Gabriel Monteiro se casa"},"content":{"rendered":"<p>O tamb\u00e9m ex-PM est\u00e1 desde novembro do ano passado na Cadeia P\u00fablica Joaquim Ferreira de Souza, conhecida como Bangu 8, no Complexo de Gericin\u00f3<\/p>\n<p>Preso acusado de estupro h\u00e1 nove meses, o ex-vereador Gabriel Monteiro se casou enquanto estava atr\u00e1s das grades. A informa\u00e7\u00e3o foi publicada pelo jornalista Leo Dias e confirmada ao GLOBO por um de seus advogados, Sandro Figueredo. Monteiro est\u00e1 na Cadeia P\u00fablica Joaquim Ferreira de Souza, conhecida como Bangu 8, no Complexo de Gericin\u00f3, Zona Oeste do Rio.<\/p>\n<p>Peculato: Al\u00e9m de acusa\u00e7\u00f5es de crimes sexuais, Gabriel Monteiro \u00e9 acusado desvio de dinheiro p\u00fablico<br \/>\n&#8216;Usou a arma como um brinquedo&#8217;, diz delegado sobre investiga\u00e7\u00e3o de estupro<br \/>\nFigueredo n\u00e3o informou se foi realizada alguma cerim\u00f4nia dentro da unidade prisional. Gabriel Monteiro est\u00e1 preso desde novembro de 2022. De acordo com o Minist\u00e9rio P\u00fablico, o ex-PM for\u00e7ou uma jovem a manter rela\u00e7\u00f5es com ele ap\u00f3s a inaugura\u00e7\u00e3o de uma casa noturna, em 15 de julho de 2021, na Barra da Tijuca. Nesse processo, Gabriel teve a pris\u00e3o preventiva decretada no in\u00edcio de novembro do ano passado. Monteiro tamb\u00e9m \u00e9 r\u00e9u em pelo menos mais tr\u00eas processos que tramitam em sigilo de Justi\u00e7a. Neles, as acusa\u00e7\u00f5es s\u00e3o de peculato (desvio de dinheiro p\u00fablico), falsidade ideol\u00f3gica, coa\u00e7\u00e3o \u00e0 testemunha e por filmar rela\u00e7\u00f5es sexuais com uma adolescente de 15 anos.<\/p>\n<p>Novo Censo: moradias vagas duplicam em 12 anos e chegam a um milh\u00e3o no Estado do Rio<br \/>\nGabriel Monteiro se entregou na 77\u00aa DP (Icara\u00ed) no dia 7 de novembro do ano passado, ap\u00f3s a Justi\u00e7a ter decretado sua pris\u00e3o no processo no qual ele \u00e9 acusado de estupro. Antes de ir para a delegacia, ele gravou um v\u00eddeo no qual negou o crime e disse que vai provar sua inoc\u00eancia. O ex-vereador responde por um crime que teria ocorrido no dia 15 de julho, j\u00e1 depois da divulga\u00e7\u00e3o de outras den\u00fancias contra ele, inclusive por estupro.<\/p>\n<p>O inqu\u00e9rito apontou que o ex-parlamentar conheceu a v\u00edtima na reinaugura\u00e7\u00e3o de uma boate e a levou para a casa de um amigo no bairro do Jo\u00e1, onde a teria for\u00e7ado a manter rela\u00e7\u00f5es sexuais sem preservativo e teria lhe transmitido HPV. Na delegacia, a v\u00edtima contou que o in\u00edcio do relacionamento foi consensual, mas terminou em viol\u00eancia. Ap\u00f3s se beijarem e trocarem car\u00edcias na casa noturna, os dois seguiram em um carro com cinco seguran\u00e7as e uma amiga da jovem. Ainda no ve\u00edculo, ele sacou uma arma da cintura e entregou para a amiga da mulher, que, assustada, a devolveu. Ao entrarem no quarto, ainda com a porta destrancada, o ex-vereador foi ao banheiro. Na volta, ao ver que a mulher tentava deixar o c\u00f4modo, impediu-a de sair.<\/p>\n<p>Segundo a den\u00fancia assinada pelo promotor Marcos Kac, Gabriel Monteiro &#8220;trancou a porta do quarto, retirou a arma da cintura, passou no rosto da v\u00edtima, constrangendo-a com o fim de ter conjun\u00e7\u00e3o carnal, e come\u00e7ou a rir. Em ato cont\u00ednuo, pegou o telefone celular, para gravar fatos que se sucederiam, contudo, o aparelho estava sem bateria&#8221;, relata o documento. Em seguida, o youtuber &#8220;foi para cima da v\u00edtima&#8221; para despi-la de forma violenta. Ela, ent\u00e3o, teria dito que tiraria a pr\u00f3pria roupa. Com a mulher nua, o ex-vereador &#8220;a empurrou de forma violenta sobre a cama e come\u00e7ou a ter rela\u00e7\u00e3o sexual de forma tamb\u00e9m violenta, sem usar preservativo, mesmo ap\u00f3s os apelos da v\u00edtima para que ele n\u00e3o mantivesse rela\u00e7\u00e3o sem camisinha&#8221;.<\/p>\n<p>Durante o estupro, com a mulher chorando muito e imobilizada por ele, que segurava os dois bra\u00e7os dela pelos pulsos, ele passou a lhe fazer perguntas: &#8220;\u00c9 minha?&#8221;, &#8220;Voc\u00ea est\u00e1 gostando?&#8221; e &#8220;Se eu pedir para voc\u00ea ficar com um dos meus seguran\u00e7as na minha frente, voc\u00ea ficaria?&#8221; A den\u00fancia do Minist\u00e9rio P\u00fablico narra que, a cada pergunta, respondendo ou n\u00e3o, a mulher recebia um forte tapa no rosto. Ao dizer que n\u00e3o ficaria com o seguran\u00e7a, a v\u00edtima, ap\u00f3s apanhar de Gabriel, foi questionada novamente, respondendo sim, por medo. Mesmo assim, &#8220;recebeu um tapa mais forte, tendo o denunciado dito na sequ\u00eancia: &#8216;Voc\u00ea n\u00e3o tem personalidade&#8217;.<\/p>\n<p>Em depoimento, a jovem tamb\u00e9m contou que tentou, em v\u00e3o, soltar as m\u00e3os para proteger sua regi\u00e3o genital. Aos prantos e sendo xingada, ela ainda ouviu do ex-vereador: &#8220;Se voc\u00ea continuar assim, vai ser pior, eu vou lhe espancar&#8221;. Quando parou de tentar se defender, relata ela, Gabriel Monteiro come\u00e7ou a falar de assuntos desconexos, como da m\u00e1fia de reboque e de outros temas sem muito sentido. A v\u00edtima teria esperado o ex-vereador dormir para conseguir deixar o local. Exames m\u00e9dicos mostraram que ela sofreu les\u00f5es e fissuras na regi\u00e3o genital, tendo contra\u00eddo HPV.<\/p>\n<p>Foto: Gabriel de Paiva<br \/>\nExtra Globo<\/p>\n","protected":false},"excerpt":{"rendered":"<p>O tamb\u00e9m ex-PM est\u00e1 desde novembro do ano passado na Cadeia P\u00fablica Joaquim Ferreira de Souza, conhecida como Bangu 8,<\/p>\n","protected":false},"author":4,"featured_media":8081,"comment_status":"open","ping_status":"open","sticky":false,"template":"","format":"standard","meta":{"colormag_page_container_layout":"default_layout","colormag_page_sidebar_layout":"default_layout","_FSMCFIC_featured_image_caption":"","_FSMCFIC_featured_image_nocaption":"","_FSMCFIC_featured_image_hide":"","footnotes":""},"categories":[3,1],"tags":[],"class_list":["post-8080","post","type-post","status-publish","format-standard","has-post-thumbnail","hentry","category-policia","category-ultimas"],"yoast_head":"<!-- This site is optimized with the Yoast SEO plugin v27.1.1 - https:\/\/yoast.com\/product\/yoast-seo-wordpress\/ -->\n<title>Preso acusado de estupro, ex-vereador Gabriel Monteiro se casa - Brasil not\u00edcias<\/title>\n<meta name=\"robots\" content=\"index, follow, max-snippet:-1, max-image-preview:large, max-video-preview:-1\" \/>\n<link rel=\"canonical\" href=\"https:\/\/brasilnoticias.org\/site\/preso-acusado-de-estupro-ex-vereador-gabriel-monteiro-se-casa\/\" \/>\n<meta property=\"og:locale\" content=\"pt_PT\" \/>\n<meta property=\"og:type\" content=\"article\" \/>\n<meta property=\"og:title\" content=\"Preso acusado de estupro, ex-vereador Gabriel Monteiro se casa - Brasil not\u00edcias\" \/>\n<meta property=\"og:description\" content=\"O tamb\u00e9m ex-PM est\u00e1 desde novembro do ano passado na Cadeia P\u00fablica Joaquim Ferreira de Souza, conhecida como Bangu 8,\" \/>\n<meta property=\"og:url\" content=\"https:\/\/brasilnoticias.org\/site\/preso-acusado-de-estupro-ex-vereador-gabriel-monteiro-se-casa\/\" \/>\n<meta property=\"og:site_name\" content=\"Brasil not\u00edcias\" \/>\n<meta property=\"article:published_time\" content=\"2023-08-09T10:06:56+00:00\" \/>\n<meta property=\"og:image\" content=\"https:\/\/brasilnoticias.org\/site\/wp-content\/uploads\/2023\/08\/IMG_4470.webp\" \/>\n\t<meta property=\"og:image:width\" content=\"924\" \/>\n\t<meta property=\"og:image:height\" content=\"1225\" \/>\n\t<meta property=\"og:image:type\" content=\"image\/webp\" \/>\n<meta name=\"author\" content=\"Reda\u00e7\u00e3o\" \/>\n<meta name=\"twitter:card\" content=\"summary_large_image\" \/>\n<meta name=\"twitter:label1\" content=\"Escrito por\" \/>\n\t<meta name=\"twitter:data1\" content=\"Reda\u00e7\u00e3o\" \/>\n<script type=\"application\/ld+json\" class=\"yoast-schema-graph\">{\"@context\":\"https:\/\/schema.org\",\"@graph\":[{\"@type\":\"Article\",\"@id\":\"https:\/\/brasilnoticias.org\/site\/preso-acusado-de-estupro-ex-vereador-gabriel-monteiro-se-casa\/#article\",\"isPartOf\":{\"@id\":\"https:\/\/brasilnoticias.org\/site\/preso-acusado-de-estupro-ex-vereador-gabriel-monteiro-se-casa\/\"},\"author\":{\"name\":\"Reda\u00e7\u00e3o\",\"@id\":\"https:\/\/brasilnoticias.org\/site\/#\/schema\/person\/03bbbfe6c7634ad18c26444ea39049fa\"},\"headline\":\"Preso acusado de estupro, ex-vereador Gabriel Monteiro se casa\",\"datePublished\":\"2023-08-09T10:06:56+00:00\",\"mainEntityOfPage\":{\"@id\":\"https:\/\/brasilnoticias.org\/site\/preso-acusado-de-estupro-ex-vereador-gabriel-monteiro-se-casa\/\"},\"wordCount\":857,\"commentCount\":0,\"publisher\":{\"@id\":\"https:\/\/brasilnoticias.org\/site\/#organization\"},\"image\":{\"@id\":\"https:\/\/brasilnoticias.org\/site\/preso-acusado-de-estupro-ex-vereador-gabriel-monteiro-se-casa\/#primaryimage\"},\"thumbnailUrl\":\"https:\/\/brasilnoticias.org\/site\/wp-content\/uploads\/2023\/08\/IMG_4470.webp\",\"articleSection\":[\"Pol\u00edcia\",\"\u00daltimas\"],\"inLanguage\":\"pt-PT\",\"potentialAction\":[{\"@type\":\"CommentAction\",\"name\":\"Comment\",\"target\":[\"https:\/\/brasilnoticias.org\/site\/preso-acusado-de-estupro-ex-vereador-gabriel-monteiro-se-casa\/#respond\"]}]},{\"@type\":\"WebPage\",\"@id\":\"https:\/\/brasilnoticias.org\/site\/preso-acusado-de-estupro-ex-vereador-gabriel-monteiro-se-casa\/\",\"url\":\"https:\/\/brasilnoticias.org\/site\/preso-acusado-de-estupro-ex-vereador-gabriel-monteiro-se-casa\/\",\"name\":\"Preso acusado de estupro, ex-vereador Gabriel Monteiro se casa - Brasil not\u00edcias\",\"isPartOf\":{\"@id\":\"https:\/\/brasilnoticias.org\/site\/#website\"},\"primaryImageOfPage\":{\"@id\":\"https:\/\/brasilnoticias.org\/site\/preso-acusado-de-estupro-ex-vereador-gabriel-monteiro-se-casa\/#primaryimage\"},\"image\":{\"@id\":\"https:\/\/brasilnoticias.org\/site\/preso-acusado-de-estupro-ex-vereador-gabriel-monteiro-se-casa\/#primaryimage\"},\"thumbnailUrl\":\"https:\/\/brasilnoticias.org\/site\/wp-content\/uploads\/2023\/08\/IMG_4470.webp\",\"datePublished\":\"2023-08-09T10:06:56+00:00\",\"breadcrumb\":{\"@id\":\"https:\/\/brasilnoticias.org\/site\/preso-acusado-de-estupro-ex-vereador-gabriel-monteiro-se-casa\/#breadcrumb\"},\"inLanguage\":\"pt-PT\",\"potentialAction\":[{\"@type\":\"ReadAction\",\"target\":[\"https:\/\/brasilnoticias.org\/site\/preso-acusado-de-estupro-ex-vereador-gabriel-monteiro-se-casa\/\"]}]},{\"@type\":\"ImageObject\",\"inLanguage\":\"pt-PT\",\"@id\":\"https:\/\/brasilnoticias.org\/site\/preso-acusado-de-estupro-ex-vereador-gabriel-monteiro-se-casa\/#primaryimage\",\"url\":\"https:\/\/brasilnoticias.org\/site\/wp-content\/uploads\/2023\/08\/IMG_4470.webp\",\"contentUrl\":\"https:\/\/brasilnoticias.org\/site\/wp-content\/uploads\/2023\/08\/IMG_4470.webp\",\"width\":924,\"height\":1225},{\"@type\":\"BreadcrumbList\",\"@id\":\"https:\/\/brasilnoticias.org\/site\/preso-acusado-de-estupro-ex-vereador-gabriel-monteiro-se-casa\/#breadcrumb\",\"itemListElement\":[{\"@type\":\"ListItem\",\"position\":1,\"name\":\"In\u00edcio\",\"item\":\"https:\/\/brasilnoticias.org\/site\/\"},{\"@type\":\"ListItem\",\"position\":2,\"name\":\"Preso acusado de estupro, ex-vereador Gabriel Monteiro se casa\"}]},{\"@type\":\"WebSite\",\"@id\":\"https:\/\/brasilnoticias.org\/site\/#website\",\"url\":\"https:\/\/brasilnoticias.org\/site\/\",\"name\":\"Brasil not\u00edcias\",\"description\":\"Brasil not\u00edcias\",\"publisher\":{\"@id\":\"https:\/\/brasilnoticias.org\/site\/#organization\"},\"potentialAction\":[{\"@type\":\"SearchAction\",\"target\":{\"@type\":\"EntryPoint\",\"urlTemplate\":\"https:\/\/brasilnoticias.org\/site\/?s={search_term_string}\"},\"query-input\":{\"@type\":\"PropertyValueSpecification\",\"valueRequired\":true,\"valueName\":\"search_term_string\"}}],\"inLanguage\":\"pt-PT\"},{\"@type\":\"Organization\",\"@id\":\"https:\/\/brasilnoticias.org\/site\/#organization\",\"name\":\"Brasil not\u00edcias\",\"url\":\"https:\/\/brasilnoticias.org\/site\/\",\"logo\":{\"@type\":\"ImageObject\",\"inLanguage\":\"pt-PT\",\"@id\":\"https:\/\/brasilnoticias.org\/site\/#\/schema\/logo\/image\/\",\"url\":\"https:\/\/brasilnoticias.org\/site\/wp-content\/uploads\/2022\/05\/cropped-brasilnoticias-mini.jpg\",\"contentUrl\":\"https:\/\/brasilnoticias.org\/site\/wp-content\/uploads\/2022\/05\/cropped-brasilnoticias-mini.jpg\",\"width\":314,\"height\":86,\"caption\":\"Brasil not\u00edcias\"},\"image\":{\"@id\":\"https:\/\/brasilnoticias.org\/site\/#\/schema\/logo\/image\/\"}},{\"@type\":\"Person\",\"@id\":\"https:\/\/brasilnoticias.org\/site\/#\/schema\/person\/03bbbfe6c7634ad18c26444ea39049fa\",\"name\":\"Reda\u00e7\u00e3o\",\"image\":{\"@type\":\"ImageObject\",\"inLanguage\":\"pt-PT\",\"@id\":\"https:\/\/brasilnoticias.org\/site\/#\/schema\/person\/image\/\",\"url\":\"https:\/\/secure.gravatar.com\/avatar\/9ecaf7327a696cb23ad926fedded5f1f04d7049de9e445375d55b48c001a6e42?s=96&d=mm&r=g\",\"contentUrl\":\"https:\/\/secure.gravatar.com\/avatar\/9ecaf7327a696cb23ad926fedded5f1f04d7049de9e445375d55b48c001a6e42?s=96&d=mm&r=g\",\"caption\":\"Reda\u00e7\u00e3o\"},\"url\":\"https:\/\/brasilnoticias.org\/site\/author\/henrique\/\"}]}<\/script>\n<!-- \/ Yoast SEO plugin. -->","yoast_head_json":{"title":"Preso acusado de estupro, ex-vereador Gabriel Monteiro se casa - Brasil not\u00edcias","robots":{"index":"index","follow":"follow","max-snippet":"max-snippet:-1","max-image-preview":"max-image-preview:large","max-video-preview":"max-video-preview:-1"},"canonical":"https:\/\/brasilnoticias.org\/site\/preso-acusado-de-estupro-ex-vereador-gabriel-monteiro-se-casa\/","og_locale":"pt_PT","og_type":"article","og_title":"Preso acusado de estupro, ex-vereador Gabriel Monteiro se casa - Brasil not\u00edcias","og_description":"O tamb\u00e9m ex-PM est\u00e1 desde novembro do ano passado na Cadeia P\u00fablica Joaquim Ferreira de Souza, conhecida como Bangu 8,","og_url":"https:\/\/brasilnoticias.org\/site\/preso-acusado-de-estupro-ex-vereador-gabriel-monteiro-se-casa\/","og_site_name":"Brasil not\u00edcias","article_published_time":"2023-08-09T10:06:56+00:00","og_image":[{"width":924,"height":1225,"url":"https:\/\/brasilnoticias.org\/site\/wp-content\/uploads\/2023\/08\/IMG_4470.webp","type":"image\/webp"}],"author":"Reda\u00e7\u00e3o","twitter_card":"summary_large_image","twitter_misc":{"Escrito por":"Reda\u00e7\u00e3o"},"schema":{"@context":"https:\/\/schema.org","@graph":[{"@type":"Article","@id":"https:\/\/brasilnoticias.org\/site\/preso-acusado-de-estupro-ex-vereador-gabriel-monteiro-se-casa\/#article","isPartOf":{"@id":"https:\/\/brasilnoticias.org\/site\/preso-acusado-de-estupro-ex-vereador-gabriel-monteiro-se-casa\/"},"author":{"name":"Reda\u00e7\u00e3o","@id":"https:\/\/brasilnoticias.org\/site\/#\/schema\/person\/03bbbfe6c7634ad18c26444ea39049fa"},"headline":"Preso acusado de estupro, ex-vereador Gabriel Monteiro se casa","datePublished":"2023-08-09T10:06:56+00:00","mainEntityOfPage":{"@id":"https:\/\/brasilnoticias.org\/site\/preso-acusado-de-estupro-ex-vereador-gabriel-monteiro-se-casa\/"},"wordCount":857,"commentCount":0,"publisher":{"@id":"https:\/\/brasilnoticias.org\/site\/#organization"},"image":{"@id":"https:\/\/brasilnoticias.org\/site\/preso-acusado-de-estupro-ex-vereador-gabriel-monteiro-se-casa\/#primaryimage"},"thumbnailUrl":"https:\/\/brasilnoticias.org\/site\/wp-content\/uploads\/2023\/08\/IMG_4470.webp","articleSection":["Pol\u00edcia","\u00daltimas"],"inLanguage":"pt-PT","potentialAction":[{"@type":"CommentAction","name":"Comment","target":["https:\/\/brasilnoticias.org\/site\/preso-acusado-de-estupro-ex-vereador-gabriel-monteiro-se-casa\/#respond"]}]},{"@type":"WebPage","@id":"https:\/\/brasilnoticias.org\/site\/preso-acusado-de-estupro-ex-vereador-gabriel-monteiro-se-casa\/","url":"https:\/\/brasilnoticias.org\/site\/preso-acusado-de-estupro-ex-vereador-gabriel-monteiro-se-casa\/","name":"Preso acusado de estupro, ex-vereador Gabriel Monteiro se casa - Brasil not\u00edcias","isPartOf":{"@id":"https:\/\/brasilnoticias.org\/site\/#website"},"primaryImageOfPage":{"@id":"https:\/\/brasilnoticias.org\/site\/preso-acusado-de-estupro-ex-vereador-gabriel-monteiro-se-casa\/#primaryimage"},"image":{"@id":"https:\/\/brasilnoticias.org\/site\/preso-acusado-de-estupro-ex-vereador-gabriel-monteiro-se-casa\/#primaryimage"},"thumbnailUrl":"https:\/\/brasilnoticias.org\/site\/wp-content\/uploads\/2023\/08\/IMG_4470.webp","datePublished":"2023-08-09T10:06:56+00:00","breadcrumb":{"@id":"https:\/\/brasilnoticias.org\/site\/preso-acusado-de-estupro-ex-vereador-gabriel-monteiro-se-casa\/#breadcrumb"},"inLanguage":"pt-PT","potentialAction":[{"@type":"ReadAction","target":["https:\/\/brasilnoticias.org\/site\/preso-acusado-de-estupro-ex-vereador-gabriel-monteiro-se-casa\/"]}]},{"@type":"ImageObject","inLanguage":"pt-PT","@id":"https:\/\/brasilnoticias.org\/site\/preso-acusado-de-estupro-ex-vereador-gabriel-monteiro-se-casa\/#primaryimage","url":"https:\/\/brasilnoticias.org\/site\/wp-content\/uploads\/2023\/08\/IMG_4470.webp","contentUrl":"https:\/\/brasilnoticias.org\/site\/wp-content\/uploads\/2023\/08\/IMG_4470.webp","width":924,"height":1225},{"@type":"BreadcrumbList","@id":"https:\/\/brasilnoticias.org\/site\/preso-acusado-de-estupro-ex-vereador-gabriel-monteiro-se-casa\/#breadcrumb","itemListElement":[{"@type":"ListItem","position":1,"name":"In\u00edcio","item":"https:\/\/brasilnoticias.org\/site\/"},{"@type":"ListItem","position":2,"name":"Preso acusado de estupro, ex-vereador Gabriel Monteiro se casa"}]},{"@type":"WebSite","@id":"https:\/\/brasilnoticias.org\/site\/#website","url":"https:\/\/brasilnoticias.org\/site\/","name":"Brasil not\u00edcias","description":"Brasil not\u00edcias","publisher":{"@id":"https:\/\/brasilnoticias.org\/site\/#organization"},"potentialAction":[{"@type":"SearchAction","target":{"@type":"EntryPoint","urlTemplate":"https:\/\/brasilnoticias.org\/site\/?s={search_term_string}"},"query-input":{"@type":"PropertyValueSpecification","valueRequired":true,"valueName":"search_term_string"}}],"inLanguage":"pt-PT"},{"@type":"Organization","@id":"https:\/\/brasilnoticias.org\/site\/#organization","name":"Brasil not\u00edcias","url":"https:\/\/brasilnoticias.org\/site\/","logo":{"@type":"ImageObject","inLanguage":"pt-PT","@id":"https:\/\/brasilnoticias.org\/site\/#\/schema\/logo\/image\/","url":"https:\/\/brasilnoticias.org\/site\/wp-content\/uploads\/2022\/05\/cropped-brasilnoticias-mini.jpg","contentUrl":"https:\/\/brasilnoticias.org\/site\/wp-content\/uploads\/2022\/05\/cropped-brasilnoticias-mini.jpg","width":314,"height":86,"caption":"Brasil not\u00edcias"},"image":{"@id":"https:\/\/brasilnoticias.org\/site\/#\/schema\/logo\/image\/"}},{"@type":"Person","@id":"https:\/\/brasilnoticias.org\/site\/#\/schema\/person\/03bbbfe6c7634ad18c26444ea39049fa","name":"Reda\u00e7\u00e3o","image":{"@type":"ImageObject","inLanguage":"pt-PT","@id":"https:\/\/brasilnoticias.org\/site\/#\/schema\/person\/image\/","url":"https:\/\/secure.gravatar.com\/avatar\/9ecaf7327a696cb23ad926fedded5f1f04d7049de9e445375d55b48c001a6e42?s=96&d=mm&r=g","contentUrl":"https:\/\/secure.gravatar.com\/avatar\/9ecaf7327a696cb23ad926fedded5f1f04d7049de9e445375d55b48c001a6e42?s=96&d=mm&r=g","caption":"Reda\u00e7\u00e3o"},"url":"https:\/\/brasilnoticias.org\/site\/author\/henrique\/"}]}},"_links":{"self":[{"href":"https:\/\/brasilnoticias.org\/site\/wp-json\/wp\/v2\/posts\/8080","targetHints":{"allow":["GET"]}}],"collection":[{"href":"https:\/\/brasilnoticias.org\/site\/wp-json\/wp\/v2\/posts"}],"about":[{"href":"https:\/\/brasilnoticias.org\/site\/wp-json\/wp\/v2\/types\/post"}],"author":[{"embeddable":true,"href":"https:\/\/brasilnoticias.org\/site\/wp-json\/wp\/v2\/users\/4"}],"replies":[{"embeddable":true,"href":"https:\/\/brasilnoticias.org\/site\/wp-json\/wp\/v2\/comments?post=8080"}],"version-history":[{"count":1,"href":"https:\/\/brasilnoticias.org\/site\/wp-json\/wp\/v2\/posts\/8080\/revisions"}],"predecessor-version":[{"id":8082,"href":"https:\/\/brasilnoticias.org\/site\/wp-json\/wp\/v2\/posts\/8080\/revisions\/8082"}],"wp:featuredmedia":[{"embeddable":true,"href":"https:\/\/brasilnoticias.org\/site\/wp-json\/wp\/v2\/media\/8081"}],"wp:attachment":[{"href":"https:\/\/brasilnoticias.org\/site\/wp-json\/wp\/v2\/media?parent=8080"}],"wp:term":[{"taxonomy":"category","embeddable":true,"href":"https:\/\/brasilnoticias.org\/site\/wp-json\/wp\/v2\/categories?post=8080"},{"taxonomy":"post_tag","embeddable":true,"href":"https:\/\/brasilnoticias.org\/site\/wp-json\/wp\/v2\/tags?post=8080"}],"curies":[{"name":"wp","href":"https:\/\/api.w.org\/{rel}","templated":true}]}}