{"id":8086,"date":"2023-08-09T08:00:28","date_gmt":"2023-08-09T11:00:28","guid":{"rendered":"https:\/\/brasilnoticias.org\/site\/?p=8086"},"modified":"2023-08-09T07:23:29","modified_gmt":"2023-08-09T10:23:29","slug":"manchester-city-faz-proposta-por-paqueta-ao-west-ham-r-375-milhoes","status":"publish","type":"post","link":"https:\/\/brasilnoticias.org\/site\/manchester-city-faz-proposta-por-paqueta-ao-west-ham-r-375-milhoes\/","title":{"rendered":"Manchester City faz proposta por Paquet\u00e1 ao West Ham: R$ 375 milh\u00f5es"},"content":{"rendered":"<p>O Manchester City fez uma proposta por Lucas Paquet\u00e1, do West Ham. O valor oferecido pelo meia brasileiro \u00e9 de 70 milh\u00f5es de euros (R$ 375 milh\u00f5es, na cota\u00e7\u00e3o atual).<\/p>\n<p>O que aconteceu<\/p>\n<p>O interesse do City por Paquet\u00e1 \u00e9 para preencher um setor no qual o time de Pep Guardiola perdeu Gundogan na atual janela de transfer\u00eancias.<\/p>\n<p>RELACIONADAS<\/p>\n<p>A oferta do City chama a aten\u00e7\u00e3o de Paquet\u00e1, que se mostra inclinado a aceitar, mas o UOL apurou que o jogador n\u00e3o vai for\u00e7ar a sa\u00edda do West Ham.<\/p>\n<p>O atual clube do brasileiro perdeu recentemente outra pe\u00e7a no meio-campo, que foi Declan Rice, vendido ao Arsenal.<\/p>\n<p>Posicionamento no mercado<\/p>\n<p>Paquet\u00e1 desde julho tem novos empres\u00e1rios porque fechou com a Roc Nation Sports, antiga TFM, mesma empresa que representa o amigo Vini Jr.<\/p>\n<p>A proposta do City, a efeito de compara\u00e7\u00e3o, \u00e9 o mesmo valor pago pelo Newcastle a outro meio-campista, Sandro Tonali, que estava no Milan. Em caso de negocia\u00e7\u00e3o fechada, o Flamengo tem um direito ao percentual por ser clube formador de Paquet\u00e1.<\/p>\n<p>A informa\u00e7\u00e3o inicial da proposta pelo meia brasileiro foi dada pelo site italiano TuttoMercato e confirmada pelo UOL.<\/p>\n<p>Paquet\u00e1 atualmente \u00e9 um dos titulares da sele\u00e7\u00e3o e espera convoca\u00e7\u00e3o para a primeira partida do ciclo com Fernando Diniz. Na temporada passada, Paquet\u00e1 foi campe\u00e3o com o West Ham da Conference League.<\/p>\n<p>Foto: Divulga\u00e7\u00e3o \/ West Ham<br \/>\nUOL<\/p>\n","protected":false},"excerpt":{"rendered":"<p>O Manchester City fez uma proposta por Lucas Paquet\u00e1, do West Ham. O valor oferecido pelo meia brasileiro \u00e9 de<\/p>\n","protected":false},"author":4,"featured_media":8087,"comment_status":"open","ping_status":"open","sticky":false,"template":"","format":"standard","meta":{"colormag_page_container_layout":"default_layout","colormag_page_sidebar_layout":"default_layout","_FSMCFIC_featured_image_caption":"","_FSMCFIC_featured_image_nocaption":"","_FSMCFIC_featured_image_hide":"","footnotes":""},"categories":[4,1],"tags":[],"class_list":["post-8086","post","type-post","status-publish","format-standard","has-post-thumbnail","hentry","category-esporte","category-ultimas"],"yoast_head":"<!-- This site is optimized with the Yoast SEO plugin v27.1.1 - https:\/\/yoast.com\/product\/yoast-seo-wordpress\/ -->\n<title>Manchester City faz proposta por Paquet\u00e1 ao West Ham: R$ 375 milh\u00f5es - Brasil not\u00edcias<\/title>\n<meta name=\"robots\" content=\"index, follow, max-snippet:-1, max-image-preview:large, max-video-preview:-1\" \/>\n<link rel=\"canonical\" href=\"https:\/\/brasilnoticias.org\/site\/manchester-city-faz-proposta-por-paqueta-ao-west-ham-r-375-milhoes\/\" \/>\n<meta property=\"og:locale\" content=\"pt_PT\" \/>\n<meta property=\"og:type\" content=\"article\" \/>\n<meta property=\"og:title\" content=\"Manchester City faz proposta por Paquet\u00e1 ao West Ham: R$ 375 milh\u00f5es - Brasil not\u00edcias\" \/>\n<meta property=\"og:description\" content=\"O Manchester City fez uma proposta por Lucas Paquet\u00e1, do West Ham. O valor oferecido pelo meia brasileiro \u00e9 de\" \/>\n<meta property=\"og:url\" content=\"https:\/\/brasilnoticias.org\/site\/manchester-city-faz-proposta-por-paqueta-ao-west-ham-r-375-milhoes\/\" \/>\n<meta property=\"og:site_name\" content=\"Brasil not\u00edcias\" \/>\n<meta property=\"article:published_time\" content=\"2023-08-09T11:00:28+00:00\" \/>\n<meta property=\"og:image\" content=\"https:\/\/brasilnoticias.org\/site\/wp-content\/uploads\/2023\/08\/IMG_4473.webp\" \/>\n\t<meta property=\"og:image:width\" content=\"1280\" \/>\n\t<meta property=\"og:image:height\" content=\"755\" \/>\n\t<meta property=\"og:image:type\" content=\"image\/webp\" \/>\n<meta name=\"author\" content=\"Reda\u00e7\u00e3o\" \/>\n<meta name=\"twitter:card\" content=\"summary_large_image\" \/>\n<meta name=\"twitter:label1\" content=\"Escrito por\" \/>\n\t<meta name=\"twitter:data1\" content=\"Reda\u00e7\u00e3o\" \/>\n<script type=\"application\/ld+json\" class=\"yoast-schema-graph\">{\"@context\":\"https:\/\/schema.org\",\"@graph\":[{\"@type\":\"Article\",\"@id\":\"https:\/\/brasilnoticias.org\/site\/manchester-city-faz-proposta-por-paqueta-ao-west-ham-r-375-milhoes\/#article\",\"isPartOf\":{\"@id\":\"https:\/\/brasilnoticias.org\/site\/manchester-city-faz-proposta-por-paqueta-ao-west-ham-r-375-milhoes\/\"},\"author\":{\"name\":\"Reda\u00e7\u00e3o\",\"@id\":\"https:\/\/brasilnoticias.org\/site\/#\/schema\/person\/03bbbfe6c7634ad18c26444ea39049fa\"},\"headline\":\"Manchester City faz proposta por Paquet\u00e1 ao West Ham: R$ 375 milh\u00f5es\",\"datePublished\":\"2023-08-09T11:00:28+00:00\",\"mainEntityOfPage\":{\"@id\":\"https:\/\/brasilnoticias.org\/site\/manchester-city-faz-proposta-por-paqueta-ao-west-ham-r-375-milhoes\/\"},\"wordCount\":254,\"commentCount\":0,\"publisher\":{\"@id\":\"https:\/\/brasilnoticias.org\/site\/#organization\"},\"image\":{\"@id\":\"https:\/\/brasilnoticias.org\/site\/manchester-city-faz-proposta-por-paqueta-ao-west-ham-r-375-milhoes\/#primaryimage\"},\"thumbnailUrl\":\"https:\/\/brasilnoticias.org\/site\/wp-content\/uploads\/2023\/08\/IMG_4473.webp\",\"articleSection\":[\"Esporte\",\"\u00daltimas\"],\"inLanguage\":\"pt-PT\",\"potentialAction\":[{\"@type\":\"CommentAction\",\"name\":\"Comment\",\"target\":[\"https:\/\/brasilnoticias.org\/site\/manchester-city-faz-proposta-por-paqueta-ao-west-ham-r-375-milhoes\/#respond\"]}]},{\"@type\":\"WebPage\",\"@id\":\"https:\/\/brasilnoticias.org\/site\/manchester-city-faz-proposta-por-paqueta-ao-west-ham-r-375-milhoes\/\",\"url\":\"https:\/\/brasilnoticias.org\/site\/manchester-city-faz-proposta-por-paqueta-ao-west-ham-r-375-milhoes\/\",\"name\":\"Manchester City faz proposta por Paquet\u00e1 ao West Ham: R$ 375 milh\u00f5es - Brasil not\u00edcias\",\"isPartOf\":{\"@id\":\"https:\/\/brasilnoticias.org\/site\/#website\"},\"primaryImageOfPage\":{\"@id\":\"https:\/\/brasilnoticias.org\/site\/manchester-city-faz-proposta-por-paqueta-ao-west-ham-r-375-milhoes\/#primaryimage\"},\"image\":{\"@id\":\"https:\/\/brasilnoticias.org\/site\/manchester-city-faz-proposta-por-paqueta-ao-west-ham-r-375-milhoes\/#primaryimage\"},\"thumbnailUrl\":\"https:\/\/brasilnoticias.org\/site\/wp-content\/uploads\/2023\/08\/IMG_4473.webp\",\"datePublished\":\"2023-08-09T11:00:28+00:00\",\"breadcrumb\":{\"@id\":\"https:\/\/brasilnoticias.org\/site\/manchester-city-faz-proposta-por-paqueta-ao-west-ham-r-375-milhoes\/#breadcrumb\"},\"inLanguage\":\"pt-PT\",\"potentialAction\":[{\"@type\":\"ReadAction\",\"target\":[\"https:\/\/brasilnoticias.org\/site\/manchester-city-faz-proposta-por-paqueta-ao-west-ham-r-375-milhoes\/\"]}]},{\"@type\":\"ImageObject\",\"inLanguage\":\"pt-PT\",\"@id\":\"https:\/\/brasilnoticias.org\/site\/manchester-city-faz-proposta-por-paqueta-ao-west-ham-r-375-milhoes\/#primaryimage\",\"url\":\"https:\/\/brasilnoticias.org\/site\/wp-content\/uploads\/2023\/08\/IMG_4473.webp\",\"contentUrl\":\"https:\/\/brasilnoticias.org\/site\/wp-content\/uploads\/2023\/08\/IMG_4473.webp\",\"width\":1280,\"height\":755},{\"@type\":\"BreadcrumbList\",\"@id\":\"https:\/\/brasilnoticias.org\/site\/manchester-city-faz-proposta-por-paqueta-ao-west-ham-r-375-milhoes\/#breadcrumb\",\"itemListElement\":[{\"@type\":\"ListItem\",\"position\":1,\"name\":\"In\u00edcio\",\"item\":\"https:\/\/brasilnoticias.org\/site\/\"},{\"@type\":\"ListItem\",\"position\":2,\"name\":\"Manchester City faz proposta por Paquet\u00e1 ao West Ham: R$ 375 milh\u00f5es\"}]},{\"@type\":\"WebSite\",\"@id\":\"https:\/\/brasilnoticias.org\/site\/#website\",\"url\":\"https:\/\/brasilnoticias.org\/site\/\",\"name\":\"Brasil not\u00edcias\",\"description\":\"Brasil not\u00edcias\",\"publisher\":{\"@id\":\"https:\/\/brasilnoticias.org\/site\/#organization\"},\"potentialAction\":[{\"@type\":\"SearchAction\",\"target\":{\"@type\":\"EntryPoint\",\"urlTemplate\":\"https:\/\/brasilnoticias.org\/site\/?s={search_term_string}\"},\"query-input\":{\"@type\":\"PropertyValueSpecification\",\"valueRequired\":true,\"valueName\":\"search_term_string\"}}],\"inLanguage\":\"pt-PT\"},{\"@type\":\"Organization\",\"@id\":\"https:\/\/brasilnoticias.org\/site\/#organization\",\"name\":\"Brasil not\u00edcias\",\"url\":\"https:\/\/brasilnoticias.org\/site\/\",\"logo\":{\"@type\":\"ImageObject\",\"inLanguage\":\"pt-PT\",\"@id\":\"https:\/\/brasilnoticias.org\/site\/#\/schema\/logo\/image\/\",\"url\":\"https:\/\/brasilnoticias.org\/site\/wp-content\/uploads\/2022\/05\/cropped-brasilnoticias-mini.jpg\",\"contentUrl\":\"https:\/\/brasilnoticias.org\/site\/wp-content\/uploads\/2022\/05\/cropped-brasilnoticias-mini.jpg\",\"width\":314,\"height\":86,\"caption\":\"Brasil not\u00edcias\"},\"image\":{\"@id\":\"https:\/\/brasilnoticias.org\/site\/#\/schema\/logo\/image\/\"}},{\"@type\":\"Person\",\"@id\":\"https:\/\/brasilnoticias.org\/site\/#\/schema\/person\/03bbbfe6c7634ad18c26444ea39049fa\",\"name\":\"Reda\u00e7\u00e3o\",\"image\":{\"@type\":\"ImageObject\",\"inLanguage\":\"pt-PT\",\"@id\":\"https:\/\/brasilnoticias.org\/site\/#\/schema\/person\/image\/\",\"url\":\"https:\/\/secure.gravatar.com\/avatar\/9ecaf7327a696cb23ad926fedded5f1f04d7049de9e445375d55b48c001a6e42?s=96&d=mm&r=g\",\"contentUrl\":\"https:\/\/secure.gravatar.com\/avatar\/9ecaf7327a696cb23ad926fedded5f1f04d7049de9e445375d55b48c001a6e42?s=96&d=mm&r=g\",\"caption\":\"Reda\u00e7\u00e3o\"},\"url\":\"https:\/\/brasilnoticias.org\/site\/author\/henrique\/\"}]}<\/script>\n<!-- \/ Yoast SEO plugin. -->","yoast_head_json":{"title":"Manchester City faz proposta por Paquet\u00e1 ao West Ham: R$ 375 milh\u00f5es - Brasil not\u00edcias","robots":{"index":"index","follow":"follow","max-snippet":"max-snippet:-1","max-image-preview":"max-image-preview:large","max-video-preview":"max-video-preview:-1"},"canonical":"https:\/\/brasilnoticias.org\/site\/manchester-city-faz-proposta-por-paqueta-ao-west-ham-r-375-milhoes\/","og_locale":"pt_PT","og_type":"article","og_title":"Manchester City faz proposta por Paquet\u00e1 ao West Ham: R$ 375 milh\u00f5es - Brasil not\u00edcias","og_description":"O Manchester City fez uma proposta por Lucas Paquet\u00e1, do West Ham. O valor oferecido pelo meia brasileiro \u00e9 de","og_url":"https:\/\/brasilnoticias.org\/site\/manchester-city-faz-proposta-por-paqueta-ao-west-ham-r-375-milhoes\/","og_site_name":"Brasil not\u00edcias","article_published_time":"2023-08-09T11:00:28+00:00","og_image":[{"width":1280,"height":755,"url":"https:\/\/brasilnoticias.org\/site\/wp-content\/uploads\/2023\/08\/IMG_4473.webp","type":"image\/webp"}],"author":"Reda\u00e7\u00e3o","twitter_card":"summary_large_image","twitter_misc":{"Escrito por":"Reda\u00e7\u00e3o"},"schema":{"@context":"https:\/\/schema.org","@graph":[{"@type":"Article","@id":"https:\/\/brasilnoticias.org\/site\/manchester-city-faz-proposta-por-paqueta-ao-west-ham-r-375-milhoes\/#article","isPartOf":{"@id":"https:\/\/brasilnoticias.org\/site\/manchester-city-faz-proposta-por-paqueta-ao-west-ham-r-375-milhoes\/"},"author":{"name":"Reda\u00e7\u00e3o","@id":"https:\/\/brasilnoticias.org\/site\/#\/schema\/person\/03bbbfe6c7634ad18c26444ea39049fa"},"headline":"Manchester City faz proposta por Paquet\u00e1 ao West Ham: R$ 375 milh\u00f5es","datePublished":"2023-08-09T11:00:28+00:00","mainEntityOfPage":{"@id":"https:\/\/brasilnoticias.org\/site\/manchester-city-faz-proposta-por-paqueta-ao-west-ham-r-375-milhoes\/"},"wordCount":254,"commentCount":0,"publisher":{"@id":"https:\/\/brasilnoticias.org\/site\/#organization"},"image":{"@id":"https:\/\/brasilnoticias.org\/site\/manchester-city-faz-proposta-por-paqueta-ao-west-ham-r-375-milhoes\/#primaryimage"},"thumbnailUrl":"https:\/\/brasilnoticias.org\/site\/wp-content\/uploads\/2023\/08\/IMG_4473.webp","articleSection":["Esporte","\u00daltimas"],"inLanguage":"pt-PT","potentialAction":[{"@type":"CommentAction","name":"Comment","target":["https:\/\/brasilnoticias.org\/site\/manchester-city-faz-proposta-por-paqueta-ao-west-ham-r-375-milhoes\/#respond"]}]},{"@type":"WebPage","@id":"https:\/\/brasilnoticias.org\/site\/manchester-city-faz-proposta-por-paqueta-ao-west-ham-r-375-milhoes\/","url":"https:\/\/brasilnoticias.org\/site\/manchester-city-faz-proposta-por-paqueta-ao-west-ham-r-375-milhoes\/","name":"Manchester City faz proposta por Paquet\u00e1 ao West Ham: R$ 375 milh\u00f5es - Brasil not\u00edcias","isPartOf":{"@id":"https:\/\/brasilnoticias.org\/site\/#website"},"primaryImageOfPage":{"@id":"https:\/\/brasilnoticias.org\/site\/manchester-city-faz-proposta-por-paqueta-ao-west-ham-r-375-milhoes\/#primaryimage"},"image":{"@id":"https:\/\/brasilnoticias.org\/site\/manchester-city-faz-proposta-por-paqueta-ao-west-ham-r-375-milhoes\/#primaryimage"},"thumbnailUrl":"https:\/\/brasilnoticias.org\/site\/wp-content\/uploads\/2023\/08\/IMG_4473.webp","datePublished":"2023-08-09T11:00:28+00:00","breadcrumb":{"@id":"https:\/\/brasilnoticias.org\/site\/manchester-city-faz-proposta-por-paqueta-ao-west-ham-r-375-milhoes\/#breadcrumb"},"inLanguage":"pt-PT","potentialAction":[{"@type":"ReadAction","target":["https:\/\/brasilnoticias.org\/site\/manchester-city-faz-proposta-por-paqueta-ao-west-ham-r-375-milhoes\/"]}]},{"@type":"ImageObject","inLanguage":"pt-PT","@id":"https:\/\/brasilnoticias.org\/site\/manchester-city-faz-proposta-por-paqueta-ao-west-ham-r-375-milhoes\/#primaryimage","url":"https:\/\/brasilnoticias.org\/site\/wp-content\/uploads\/2023\/08\/IMG_4473.webp","contentUrl":"https:\/\/brasilnoticias.org\/site\/wp-content\/uploads\/2023\/08\/IMG_4473.webp","width":1280,"height":755},{"@type":"BreadcrumbList","@id":"https:\/\/brasilnoticias.org\/site\/manchester-city-faz-proposta-por-paqueta-ao-west-ham-r-375-milhoes\/#breadcrumb","itemListElement":[{"@type":"ListItem","position":1,"name":"In\u00edcio","item":"https:\/\/brasilnoticias.org\/site\/"},{"@type":"ListItem","position":2,"name":"Manchester City faz proposta por Paquet\u00e1 ao West Ham: R$ 375 milh\u00f5es"}]},{"@type":"WebSite","@id":"https:\/\/brasilnoticias.org\/site\/#website","url":"https:\/\/brasilnoticias.org\/site\/","name":"Brasil not\u00edcias","description":"Brasil not\u00edcias","publisher":{"@id":"https:\/\/brasilnoticias.org\/site\/#organization"},"potentialAction":[{"@type":"SearchAction","target":{"@type":"EntryPoint","urlTemplate":"https:\/\/brasilnoticias.org\/site\/?s={search_term_string}"},"query-input":{"@type":"PropertyValueSpecification","valueRequired":true,"valueName":"search_term_string"}}],"inLanguage":"pt-PT"},{"@type":"Organization","@id":"https:\/\/brasilnoticias.org\/site\/#organization","name":"Brasil not\u00edcias","url":"https:\/\/brasilnoticias.org\/site\/","logo":{"@type":"ImageObject","inLanguage":"pt-PT","@id":"https:\/\/brasilnoticias.org\/site\/#\/schema\/logo\/image\/","url":"https:\/\/brasilnoticias.org\/site\/wp-content\/uploads\/2022\/05\/cropped-brasilnoticias-mini.jpg","contentUrl":"https:\/\/brasilnoticias.org\/site\/wp-content\/uploads\/2022\/05\/cropped-brasilnoticias-mini.jpg","width":314,"height":86,"caption":"Brasil not\u00edcias"},"image":{"@id":"https:\/\/brasilnoticias.org\/site\/#\/schema\/logo\/image\/"}},{"@type":"Person","@id":"https:\/\/brasilnoticias.org\/site\/#\/schema\/person\/03bbbfe6c7634ad18c26444ea39049fa","name":"Reda\u00e7\u00e3o","image":{"@type":"ImageObject","inLanguage":"pt-PT","@id":"https:\/\/brasilnoticias.org\/site\/#\/schema\/person\/image\/","url":"https:\/\/secure.gravatar.com\/avatar\/9ecaf7327a696cb23ad926fedded5f1f04d7049de9e445375d55b48c001a6e42?s=96&d=mm&r=g","contentUrl":"https:\/\/secure.gravatar.com\/avatar\/9ecaf7327a696cb23ad926fedded5f1f04d7049de9e445375d55b48c001a6e42?s=96&d=mm&r=g","caption":"Reda\u00e7\u00e3o"},"url":"https:\/\/brasilnoticias.org\/site\/author\/henrique\/"}]}},"_links":{"self":[{"href":"https:\/\/brasilnoticias.org\/site\/wp-json\/wp\/v2\/posts\/8086","targetHints":{"allow":["GET"]}}],"collection":[{"href":"https:\/\/brasilnoticias.org\/site\/wp-json\/wp\/v2\/posts"}],"about":[{"href":"https:\/\/brasilnoticias.org\/site\/wp-json\/wp\/v2\/types\/post"}],"author":[{"embeddable":true,"href":"https:\/\/brasilnoticias.org\/site\/wp-json\/wp\/v2\/users\/4"}],"replies":[{"embeddable":true,"href":"https:\/\/brasilnoticias.org\/site\/wp-json\/wp\/v2\/comments?post=8086"}],"version-history":[{"count":1,"href":"https:\/\/brasilnoticias.org\/site\/wp-json\/wp\/v2\/posts\/8086\/revisions"}],"predecessor-version":[{"id":8088,"href":"https:\/\/brasilnoticias.org\/site\/wp-json\/wp\/v2\/posts\/8086\/revisions\/8088"}],"wp:featuredmedia":[{"embeddable":true,"href":"https:\/\/brasilnoticias.org\/site\/wp-json\/wp\/v2\/media\/8087"}],"wp:attachment":[{"href":"https:\/\/brasilnoticias.org\/site\/wp-json\/wp\/v2\/media?parent=8086"}],"wp:term":[{"taxonomy":"category","embeddable":true,"href":"https:\/\/brasilnoticias.org\/site\/wp-json\/wp\/v2\/categories?post=8086"},{"taxonomy":"post_tag","embeddable":true,"href":"https:\/\/brasilnoticias.org\/site\/wp-json\/wp\/v2\/tags?post=8086"}],"curies":[{"name":"wp","href":"https:\/\/api.w.org\/{rel}","templated":true}]}}