{"id":8104,"date":"2023-08-09T16:46:41","date_gmt":"2023-08-09T19:46:41","guid":{"rendered":"https:\/\/brasilnoticias.org\/site\/?p=8104"},"modified":"2023-08-09T16:46:41","modified_gmt":"2023-08-09T19:46:41","slug":"estudo-mostra-impacto-de-tiroteios-na-saude-de-moradores-de-favelas-depressao-ansiedade-e-hipertensao-predominam","status":"publish","type":"post","link":"https:\/\/brasilnoticias.org\/site\/estudo-mostra-impacto-de-tiroteios-na-saude-de-moradores-de-favelas-depressao-ansiedade-e-hipertensao-predominam\/","title":{"rendered":"Estudo mostra impacto de tiroteios na sa\u00fade de moradores de favelas; depress\u00e3o, ansiedade e hipertens\u00e3o predominam"},"content":{"rendered":"<p>Riscos em comunidades expostas \u00e0 viol\u00eancia mais que dobram<\/p>\n<p>*Ag\u00eancia Brasil<\/p>\n<p>Os confrontos armados rotineiros em favelas cariocas causam centenas de mortes violentas anualmente. Mas ter que conviver com os tiroteios pode tamb\u00e9m piorar a sa\u00fade mental e f\u00edsica dos moradores dessas \u00e1reas, contribuindo para o desenvolvimento de quadros de hipertens\u00e3o arterial, ansiedade, ins\u00f4nia, falta de ar e depress\u00e3o.<\/p>\n<p>A constata\u00e7\u00e3o \u00e9 de pesquisa divulgada nesta quarta-feira (9\/8) pelo Centro de Estudos de Seguran\u00e7a e Cidadania (Cesec), que compara a situa\u00e7\u00e3o de sa\u00fade de moradores de favelas expostas a um n\u00famero maior de tiroteios envolvendo agentes do Estado com a de pessoas que vivem em comunidades mais tranquilas (com n\u00famero menor de confrontos armados).<\/p>\n<p>A pesquisa mostra, por exemplo, que os riscos de moradores de favelas mais expostas a tiroteios desenvolverem depress\u00e3o e ansiedade s\u00e3o mais do que o dobro daqueles de outras comunidades. A preval\u00eancia tamb\u00e9m \u00e9 maior nos casos de ins\u00f4nia (73%) e hipertens\u00e3o arterial (42%).<\/p>\n<p>Um ter\u00e7o dos moradores dessas comunidades tamb\u00e9m relatou sudorese, falta de sono, tremor e falta de ar durante os tiroteios.<\/p>\n<p>\u201cA pol\u00edtica de seguran\u00e7a n\u00e3o promove seguran\u00e7a de verdade e promove, por outro lado, medo, adoecimento e, muitas vezes, morte\u201d, afirma a soci\u00f3loga Rachel Machado, coordenadora da pesquisa.<\/p>\n<p>O estudo tamb\u00e9m apresenta os efeitos dos tiroteios nas unidades de sa\u00fade. Nas comunidades com maior n\u00famero de confrontos armados, 59,5% dos moradores afirmaram que as unidades j\u00e1 tinham sido fechadas por causa da viol\u00eancia, enquanto nas demais comunidades, o \u00edndice \u00e9 de 12,9%.<\/p>\n<p>Nas comunidades mais expostas \u00e0 viol\u00eancia, 26,5% dos moradores j\u00e1 adiaram a busca por aten\u00e7\u00e3o m\u00e9dica devido a confrontos, enquanto nas \u00e1reas mais tranquilas esse \u00edndice \u00e9 de apenas 5,9%.<\/p>\n<p>\u201cExiste uma escolha pol\u00edtica [do Estado] por sistematicamente fazer opera\u00e7\u00f5es violentas, que causam esse impacto na sa\u00fade dos moradores, que transformam a rotina deles e n\u00e3o d\u00e3o paz nem dentro de casa. Tamb\u00e9m os impedem de acessar um direito t\u00e3o fundamental, que \u00e9 o direito \u00e0 sa\u00fade, garantido pela Constitui\u00e7\u00e3o. Existe uma unidade de sa\u00fade pr\u00f3xima \u00e0 sua resid\u00eancia, para voc\u00ea ser atendido e voc\u00ea n\u00e3o pode [por causa dos tiroteios]\u201d, explica Rachel.<\/p>\n<p>A pesquisa ouviu 1.500 moradores de seis comunidades cariocas, sendo tr\u00eas com maior n\u00famero de tiroteios em 2019 (Nova Holanda, na Mar\u00e9; CHP-2, em Manguinhos; e Vidigal, na zona sul) e tr\u00eas que n\u00e3o registraram confrontos armados naquele ano (Parque Prolet\u00e1rio dos Banc\u00e1rios, na Ilha; Parque Conquista, no Caju; e Jardim Moricaba, na zona oeste).<\/p>\n<p>Em nota, a Pol\u00edcia Militar (PM) informou que a \u201cop\u00e7\u00e3o inconsequente pelo confronto armado \u00e9 sempre dos criminosos\u201d e que suas a\u00e7\u00f5es \u201cs\u00e3o pautadas por informa\u00e7\u00f5es de intelig\u00eancia e planejamento pr\u00e9vio, tendo como preocupa\u00e7\u00e3o central a preserva\u00e7\u00e3o de vidas e o cumprimento irrestrito da legisla\u00e7\u00e3o em vigor\u201d.<\/p>\n<p>A PM destacou que investe em equipamentos para que suas a\u00e7\u00f5es \u201csejam cada vez mais t\u00e9cnicas e seguras\u201d e que, no primeiro semestre deste ano, houve queda de 12,3% no n\u00famero de mortes por interven\u00e7\u00e3o de agentes do Estado, em rela\u00e7\u00e3o ao mesmo per\u00edodo do ano passado.<\/p>\n<p>Tamb\u00e9m em nota, a Pol\u00edcia Civil disse que usa informa\u00e7\u00f5es de intelig\u00eancia e faz planejamentos detalhados em todas suas opera\u00e7\u00f5es. Al\u00e9m disso, as a\u00e7\u00f5es priorizam a preserva\u00e7\u00e3o da vida dos agentes e dos cidad\u00e3os.<\/p>\n<p>\u201cA Pol\u00edcia Civil acrescenta que a atua\u00e7\u00e3o em comunidades \u00e9 parte das a\u00e7\u00f5es de combate \u00e0 criminalidade e se trata de trabalho fundamental, uma vez que as organiza\u00e7\u00f5es criminosas utilizam os recursos advindos com as pr\u00e1ticas delituosas para financiar seus dom\u00ednios territoriais, com a restri\u00e7\u00e3o de liberdade dos moradores das regi\u00f5es ocupadas por elas\u201d.<\/p>\n<p>Foto: Vladimir Platonow\/Ag\u00eancia Brasil<br \/>\nAratu On<\/p>\n","protected":false},"excerpt":{"rendered":"<p>Riscos em comunidades expostas \u00e0 viol\u00eancia mais que dobram *Ag\u00eancia Brasil Os confrontos armados rotineiros em favelas cariocas causam centenas<\/p>\n","protected":false},"author":4,"featured_media":8105,"comment_status":"open","ping_status":"open","sticky":false,"template":"","format":"standard","meta":{"colormag_page_container_layout":"default_layout","colormag_page_sidebar_layout":"default_layout","_FSMCFIC_featured_image_caption":"","_FSMCFIC_featured_image_nocaption":"","_FSMCFIC_featured_image_hide":"","footnotes":""},"categories":[3,1],"tags":[],"class_list":["post-8104","post","type-post","status-publish","format-standard","has-post-thumbnail","hentry","category-policia","category-ultimas"],"yoast_head":"<!-- This site is optimized with the Yoast SEO plugin v27.1.1 - https:\/\/yoast.com\/product\/yoast-seo-wordpress\/ -->\n<title>Estudo mostra impacto de tiroteios na sa\u00fade de moradores de favelas; depress\u00e3o, ansiedade e hipertens\u00e3o predominam - Brasil not\u00edcias<\/title>\n<meta name=\"robots\" content=\"index, follow, max-snippet:-1, max-image-preview:large, max-video-preview:-1\" \/>\n<link rel=\"canonical\" href=\"https:\/\/brasilnoticias.org\/site\/estudo-mostra-impacto-de-tiroteios-na-saude-de-moradores-de-favelas-depressao-ansiedade-e-hipertensao-predominam\/\" \/>\n<meta property=\"og:locale\" content=\"pt_PT\" \/>\n<meta property=\"og:type\" content=\"article\" \/>\n<meta property=\"og:title\" content=\"Estudo mostra impacto de tiroteios na sa\u00fade de moradores de favelas; depress\u00e3o, ansiedade e hipertens\u00e3o predominam - Brasil not\u00edcias\" \/>\n<meta property=\"og:description\" content=\"Riscos em comunidades expostas \u00e0 viol\u00eancia mais que dobram *Ag\u00eancia Brasil Os confrontos armados rotineiros em favelas cariocas causam centenas\" \/>\n<meta property=\"og:url\" content=\"https:\/\/brasilnoticias.org\/site\/estudo-mostra-impacto-de-tiroteios-na-saude-de-moradores-de-favelas-depressao-ansiedade-e-hipertensao-predominam\/\" \/>\n<meta property=\"og:site_name\" content=\"Brasil not\u00edcias\" \/>\n<meta property=\"article:published_time\" content=\"2023-08-09T19:46:41+00:00\" \/>\n<meta property=\"og:image\" content=\"https:\/\/brasilnoticias.org\/site\/wp-content\/uploads\/2023\/08\/militares_na_rocinha_2-740x470-1.jpg\" \/>\n\t<meta property=\"og:image:width\" content=\"740\" \/>\n\t<meta property=\"og:image:height\" content=\"470\" \/>\n\t<meta property=\"og:image:type\" content=\"image\/jpeg\" \/>\n<meta name=\"author\" content=\"Reda\u00e7\u00e3o\" \/>\n<meta name=\"twitter:card\" content=\"summary_large_image\" \/>\n<meta name=\"twitter:label1\" content=\"Escrito por\" \/>\n\t<meta name=\"twitter:data1\" content=\"Reda\u00e7\u00e3o\" \/>\n<script type=\"application\/ld+json\" class=\"yoast-schema-graph\">{\"@context\":\"https:\/\/schema.org\",\"@graph\":[{\"@type\":\"Article\",\"@id\":\"https:\/\/brasilnoticias.org\/site\/estudo-mostra-impacto-de-tiroteios-na-saude-de-moradores-de-favelas-depressao-ansiedade-e-hipertensao-predominam\/#article\",\"isPartOf\":{\"@id\":\"https:\/\/brasilnoticias.org\/site\/estudo-mostra-impacto-de-tiroteios-na-saude-de-moradores-de-favelas-depressao-ansiedade-e-hipertensao-predominam\/\"},\"author\":{\"name\":\"Reda\u00e7\u00e3o\",\"@id\":\"https:\/\/brasilnoticias.org\/site\/#\/schema\/person\/03bbbfe6c7634ad18c26444ea39049fa\"},\"headline\":\"Estudo mostra impacto de tiroteios na sa\u00fade de moradores de favelas; depress\u00e3o, ansiedade e hipertens\u00e3o predominam\",\"datePublished\":\"2023-08-09T19:46:41+00:00\",\"mainEntityOfPage\":{\"@id\":\"https:\/\/brasilnoticias.org\/site\/estudo-mostra-impacto-de-tiroteios-na-saude-de-moradores-de-favelas-depressao-ansiedade-e-hipertensao-predominam\/\"},\"wordCount\":681,\"commentCount\":0,\"publisher\":{\"@id\":\"https:\/\/brasilnoticias.org\/site\/#organization\"},\"image\":{\"@id\":\"https:\/\/brasilnoticias.org\/site\/estudo-mostra-impacto-de-tiroteios-na-saude-de-moradores-de-favelas-depressao-ansiedade-e-hipertensao-predominam\/#primaryimage\"},\"thumbnailUrl\":\"https:\/\/brasilnoticias.org\/site\/wp-content\/uploads\/2023\/08\/militares_na_rocinha_2-740x470-1.jpg\",\"articleSection\":[\"Pol\u00edcia\",\"\u00daltimas\"],\"inLanguage\":\"pt-PT\",\"potentialAction\":[{\"@type\":\"CommentAction\",\"name\":\"Comment\",\"target\":[\"https:\/\/brasilnoticias.org\/site\/estudo-mostra-impacto-de-tiroteios-na-saude-de-moradores-de-favelas-depressao-ansiedade-e-hipertensao-predominam\/#respond\"]}]},{\"@type\":\"WebPage\",\"@id\":\"https:\/\/brasilnoticias.org\/site\/estudo-mostra-impacto-de-tiroteios-na-saude-de-moradores-de-favelas-depressao-ansiedade-e-hipertensao-predominam\/\",\"url\":\"https:\/\/brasilnoticias.org\/site\/estudo-mostra-impacto-de-tiroteios-na-saude-de-moradores-de-favelas-depressao-ansiedade-e-hipertensao-predominam\/\",\"name\":\"Estudo mostra impacto de tiroteios na sa\u00fade de moradores de favelas; depress\u00e3o, ansiedade e hipertens\u00e3o predominam - Brasil not\u00edcias\",\"isPartOf\":{\"@id\":\"https:\/\/brasilnoticias.org\/site\/#website\"},\"primaryImageOfPage\":{\"@id\":\"https:\/\/brasilnoticias.org\/site\/estudo-mostra-impacto-de-tiroteios-na-saude-de-moradores-de-favelas-depressao-ansiedade-e-hipertensao-predominam\/#primaryimage\"},\"image\":{\"@id\":\"https:\/\/brasilnoticias.org\/site\/estudo-mostra-impacto-de-tiroteios-na-saude-de-moradores-de-favelas-depressao-ansiedade-e-hipertensao-predominam\/#primaryimage\"},\"thumbnailUrl\":\"https:\/\/brasilnoticias.org\/site\/wp-content\/uploads\/2023\/08\/militares_na_rocinha_2-740x470-1.jpg\",\"datePublished\":\"2023-08-09T19:46:41+00:00\",\"breadcrumb\":{\"@id\":\"https:\/\/brasilnoticias.org\/site\/estudo-mostra-impacto-de-tiroteios-na-saude-de-moradores-de-favelas-depressao-ansiedade-e-hipertensao-predominam\/#breadcrumb\"},\"inLanguage\":\"pt-PT\",\"potentialAction\":[{\"@type\":\"ReadAction\",\"target\":[\"https:\/\/brasilnoticias.org\/site\/estudo-mostra-impacto-de-tiroteios-na-saude-de-moradores-de-favelas-depressao-ansiedade-e-hipertensao-predominam\/\"]}]},{\"@type\":\"ImageObject\",\"inLanguage\":\"pt-PT\",\"@id\":\"https:\/\/brasilnoticias.org\/site\/estudo-mostra-impacto-de-tiroteios-na-saude-de-moradores-de-favelas-depressao-ansiedade-e-hipertensao-predominam\/#primaryimage\",\"url\":\"https:\/\/brasilnoticias.org\/site\/wp-content\/uploads\/2023\/08\/militares_na_rocinha_2-740x470-1.jpg\",\"contentUrl\":\"https:\/\/brasilnoticias.org\/site\/wp-content\/uploads\/2023\/08\/militares_na_rocinha_2-740x470-1.jpg\",\"width\":740,\"height\":470},{\"@type\":\"BreadcrumbList\",\"@id\":\"https:\/\/brasilnoticias.org\/site\/estudo-mostra-impacto-de-tiroteios-na-saude-de-moradores-de-favelas-depressao-ansiedade-e-hipertensao-predominam\/#breadcrumb\",\"itemListElement\":[{\"@type\":\"ListItem\",\"position\":1,\"name\":\"In\u00edcio\",\"item\":\"https:\/\/brasilnoticias.org\/site\/\"},{\"@type\":\"ListItem\",\"position\":2,\"name\":\"Estudo mostra impacto de tiroteios na sa\u00fade de moradores de favelas; depress\u00e3o, ansiedade e hipertens\u00e3o predominam\"}]},{\"@type\":\"WebSite\",\"@id\":\"https:\/\/brasilnoticias.org\/site\/#website\",\"url\":\"https:\/\/brasilnoticias.org\/site\/\",\"name\":\"Brasil not\u00edcias\",\"description\":\"Brasil not\u00edcias\",\"publisher\":{\"@id\":\"https:\/\/brasilnoticias.org\/site\/#organization\"},\"potentialAction\":[{\"@type\":\"SearchAction\",\"target\":{\"@type\":\"EntryPoint\",\"urlTemplate\":\"https:\/\/brasilnoticias.org\/site\/?s={search_term_string}\"},\"query-input\":{\"@type\":\"PropertyValueSpecification\",\"valueRequired\":true,\"valueName\":\"search_term_string\"}}],\"inLanguage\":\"pt-PT\"},{\"@type\":\"Organization\",\"@id\":\"https:\/\/brasilnoticias.org\/site\/#organization\",\"name\":\"Brasil not\u00edcias\",\"url\":\"https:\/\/brasilnoticias.org\/site\/\",\"logo\":{\"@type\":\"ImageObject\",\"inLanguage\":\"pt-PT\",\"@id\":\"https:\/\/brasilnoticias.org\/site\/#\/schema\/logo\/image\/\",\"url\":\"https:\/\/brasilnoticias.org\/site\/wp-content\/uploads\/2022\/05\/cropped-brasilnoticias-mini.jpg\",\"contentUrl\":\"https:\/\/brasilnoticias.org\/site\/wp-content\/uploads\/2022\/05\/cropped-brasilnoticias-mini.jpg\",\"width\":314,\"height\":86,\"caption\":\"Brasil not\u00edcias\"},\"image\":{\"@id\":\"https:\/\/brasilnoticias.org\/site\/#\/schema\/logo\/image\/\"}},{\"@type\":\"Person\",\"@id\":\"https:\/\/brasilnoticias.org\/site\/#\/schema\/person\/03bbbfe6c7634ad18c26444ea39049fa\",\"name\":\"Reda\u00e7\u00e3o\",\"image\":{\"@type\":\"ImageObject\",\"inLanguage\":\"pt-PT\",\"@id\":\"https:\/\/brasilnoticias.org\/site\/#\/schema\/person\/image\/\",\"url\":\"https:\/\/secure.gravatar.com\/avatar\/9ecaf7327a696cb23ad926fedded5f1f04d7049de9e445375d55b48c001a6e42?s=96&d=mm&r=g\",\"contentUrl\":\"https:\/\/secure.gravatar.com\/avatar\/9ecaf7327a696cb23ad926fedded5f1f04d7049de9e445375d55b48c001a6e42?s=96&d=mm&r=g\",\"caption\":\"Reda\u00e7\u00e3o\"},\"url\":\"https:\/\/brasilnoticias.org\/site\/author\/henrique\/\"}]}<\/script>\n<!-- \/ Yoast SEO plugin. -->","yoast_head_json":{"title":"Estudo mostra impacto de tiroteios na sa\u00fade de moradores de favelas; depress\u00e3o, ansiedade e hipertens\u00e3o predominam - Brasil not\u00edcias","robots":{"index":"index","follow":"follow","max-snippet":"max-snippet:-1","max-image-preview":"max-image-preview:large","max-video-preview":"max-video-preview:-1"},"canonical":"https:\/\/brasilnoticias.org\/site\/estudo-mostra-impacto-de-tiroteios-na-saude-de-moradores-de-favelas-depressao-ansiedade-e-hipertensao-predominam\/","og_locale":"pt_PT","og_type":"article","og_title":"Estudo mostra impacto de tiroteios na sa\u00fade de moradores de favelas; depress\u00e3o, ansiedade e hipertens\u00e3o predominam - Brasil not\u00edcias","og_description":"Riscos em comunidades expostas \u00e0 viol\u00eancia mais que dobram *Ag\u00eancia Brasil Os confrontos armados rotineiros em favelas cariocas causam centenas","og_url":"https:\/\/brasilnoticias.org\/site\/estudo-mostra-impacto-de-tiroteios-na-saude-de-moradores-de-favelas-depressao-ansiedade-e-hipertensao-predominam\/","og_site_name":"Brasil not\u00edcias","article_published_time":"2023-08-09T19:46:41+00:00","og_image":[{"width":740,"height":470,"url":"https:\/\/brasilnoticias.org\/site\/wp-content\/uploads\/2023\/08\/militares_na_rocinha_2-740x470-1.jpg","type":"image\/jpeg"}],"author":"Reda\u00e7\u00e3o","twitter_card":"summary_large_image","twitter_misc":{"Escrito por":"Reda\u00e7\u00e3o"},"schema":{"@context":"https:\/\/schema.org","@graph":[{"@type":"Article","@id":"https:\/\/brasilnoticias.org\/site\/estudo-mostra-impacto-de-tiroteios-na-saude-de-moradores-de-favelas-depressao-ansiedade-e-hipertensao-predominam\/#article","isPartOf":{"@id":"https:\/\/brasilnoticias.org\/site\/estudo-mostra-impacto-de-tiroteios-na-saude-de-moradores-de-favelas-depressao-ansiedade-e-hipertensao-predominam\/"},"author":{"name":"Reda\u00e7\u00e3o","@id":"https:\/\/brasilnoticias.org\/site\/#\/schema\/person\/03bbbfe6c7634ad18c26444ea39049fa"},"headline":"Estudo mostra impacto de tiroteios na sa\u00fade de moradores de favelas; depress\u00e3o, ansiedade e hipertens\u00e3o predominam","datePublished":"2023-08-09T19:46:41+00:00","mainEntityOfPage":{"@id":"https:\/\/brasilnoticias.org\/site\/estudo-mostra-impacto-de-tiroteios-na-saude-de-moradores-de-favelas-depressao-ansiedade-e-hipertensao-predominam\/"},"wordCount":681,"commentCount":0,"publisher":{"@id":"https:\/\/brasilnoticias.org\/site\/#organization"},"image":{"@id":"https:\/\/brasilnoticias.org\/site\/estudo-mostra-impacto-de-tiroteios-na-saude-de-moradores-de-favelas-depressao-ansiedade-e-hipertensao-predominam\/#primaryimage"},"thumbnailUrl":"https:\/\/brasilnoticias.org\/site\/wp-content\/uploads\/2023\/08\/militares_na_rocinha_2-740x470-1.jpg","articleSection":["Pol\u00edcia","\u00daltimas"],"inLanguage":"pt-PT","potentialAction":[{"@type":"CommentAction","name":"Comment","target":["https:\/\/brasilnoticias.org\/site\/estudo-mostra-impacto-de-tiroteios-na-saude-de-moradores-de-favelas-depressao-ansiedade-e-hipertensao-predominam\/#respond"]}]},{"@type":"WebPage","@id":"https:\/\/brasilnoticias.org\/site\/estudo-mostra-impacto-de-tiroteios-na-saude-de-moradores-de-favelas-depressao-ansiedade-e-hipertensao-predominam\/","url":"https:\/\/brasilnoticias.org\/site\/estudo-mostra-impacto-de-tiroteios-na-saude-de-moradores-de-favelas-depressao-ansiedade-e-hipertensao-predominam\/","name":"Estudo mostra impacto de tiroteios na sa\u00fade de moradores de favelas; depress\u00e3o, ansiedade e hipertens\u00e3o predominam - Brasil not\u00edcias","isPartOf":{"@id":"https:\/\/brasilnoticias.org\/site\/#website"},"primaryImageOfPage":{"@id":"https:\/\/brasilnoticias.org\/site\/estudo-mostra-impacto-de-tiroteios-na-saude-de-moradores-de-favelas-depressao-ansiedade-e-hipertensao-predominam\/#primaryimage"},"image":{"@id":"https:\/\/brasilnoticias.org\/site\/estudo-mostra-impacto-de-tiroteios-na-saude-de-moradores-de-favelas-depressao-ansiedade-e-hipertensao-predominam\/#primaryimage"},"thumbnailUrl":"https:\/\/brasilnoticias.org\/site\/wp-content\/uploads\/2023\/08\/militares_na_rocinha_2-740x470-1.jpg","datePublished":"2023-08-09T19:46:41+00:00","breadcrumb":{"@id":"https:\/\/brasilnoticias.org\/site\/estudo-mostra-impacto-de-tiroteios-na-saude-de-moradores-de-favelas-depressao-ansiedade-e-hipertensao-predominam\/#breadcrumb"},"inLanguage":"pt-PT","potentialAction":[{"@type":"ReadAction","target":["https:\/\/brasilnoticias.org\/site\/estudo-mostra-impacto-de-tiroteios-na-saude-de-moradores-de-favelas-depressao-ansiedade-e-hipertensao-predominam\/"]}]},{"@type":"ImageObject","inLanguage":"pt-PT","@id":"https:\/\/brasilnoticias.org\/site\/estudo-mostra-impacto-de-tiroteios-na-saude-de-moradores-de-favelas-depressao-ansiedade-e-hipertensao-predominam\/#primaryimage","url":"https:\/\/brasilnoticias.org\/site\/wp-content\/uploads\/2023\/08\/militares_na_rocinha_2-740x470-1.jpg","contentUrl":"https:\/\/brasilnoticias.org\/site\/wp-content\/uploads\/2023\/08\/militares_na_rocinha_2-740x470-1.jpg","width":740,"height":470},{"@type":"BreadcrumbList","@id":"https:\/\/brasilnoticias.org\/site\/estudo-mostra-impacto-de-tiroteios-na-saude-de-moradores-de-favelas-depressao-ansiedade-e-hipertensao-predominam\/#breadcrumb","itemListElement":[{"@type":"ListItem","position":1,"name":"In\u00edcio","item":"https:\/\/brasilnoticias.org\/site\/"},{"@type":"ListItem","position":2,"name":"Estudo mostra impacto de tiroteios na sa\u00fade de moradores de favelas; depress\u00e3o, ansiedade e hipertens\u00e3o predominam"}]},{"@type":"WebSite","@id":"https:\/\/brasilnoticias.org\/site\/#website","url":"https:\/\/brasilnoticias.org\/site\/","name":"Brasil not\u00edcias","description":"Brasil not\u00edcias","publisher":{"@id":"https:\/\/brasilnoticias.org\/site\/#organization"},"potentialAction":[{"@type":"SearchAction","target":{"@type":"EntryPoint","urlTemplate":"https:\/\/brasilnoticias.org\/site\/?s={search_term_string}"},"query-input":{"@type":"PropertyValueSpecification","valueRequired":true,"valueName":"search_term_string"}}],"inLanguage":"pt-PT"},{"@type":"Organization","@id":"https:\/\/brasilnoticias.org\/site\/#organization","name":"Brasil not\u00edcias","url":"https:\/\/brasilnoticias.org\/site\/","logo":{"@type":"ImageObject","inLanguage":"pt-PT","@id":"https:\/\/brasilnoticias.org\/site\/#\/schema\/logo\/image\/","url":"https:\/\/brasilnoticias.org\/site\/wp-content\/uploads\/2022\/05\/cropped-brasilnoticias-mini.jpg","contentUrl":"https:\/\/brasilnoticias.org\/site\/wp-content\/uploads\/2022\/05\/cropped-brasilnoticias-mini.jpg","width":314,"height":86,"caption":"Brasil not\u00edcias"},"image":{"@id":"https:\/\/brasilnoticias.org\/site\/#\/schema\/logo\/image\/"}},{"@type":"Person","@id":"https:\/\/brasilnoticias.org\/site\/#\/schema\/person\/03bbbfe6c7634ad18c26444ea39049fa","name":"Reda\u00e7\u00e3o","image":{"@type":"ImageObject","inLanguage":"pt-PT","@id":"https:\/\/brasilnoticias.org\/site\/#\/schema\/person\/image\/","url":"https:\/\/secure.gravatar.com\/avatar\/9ecaf7327a696cb23ad926fedded5f1f04d7049de9e445375d55b48c001a6e42?s=96&d=mm&r=g","contentUrl":"https:\/\/secure.gravatar.com\/avatar\/9ecaf7327a696cb23ad926fedded5f1f04d7049de9e445375d55b48c001a6e42?s=96&d=mm&r=g","caption":"Reda\u00e7\u00e3o"},"url":"https:\/\/brasilnoticias.org\/site\/author\/henrique\/"}]}},"_links":{"self":[{"href":"https:\/\/brasilnoticias.org\/site\/wp-json\/wp\/v2\/posts\/8104","targetHints":{"allow":["GET"]}}],"collection":[{"href":"https:\/\/brasilnoticias.org\/site\/wp-json\/wp\/v2\/posts"}],"about":[{"href":"https:\/\/brasilnoticias.org\/site\/wp-json\/wp\/v2\/types\/post"}],"author":[{"embeddable":true,"href":"https:\/\/brasilnoticias.org\/site\/wp-json\/wp\/v2\/users\/4"}],"replies":[{"embeddable":true,"href":"https:\/\/brasilnoticias.org\/site\/wp-json\/wp\/v2\/comments?post=8104"}],"version-history":[{"count":1,"href":"https:\/\/brasilnoticias.org\/site\/wp-json\/wp\/v2\/posts\/8104\/revisions"}],"predecessor-version":[{"id":8106,"href":"https:\/\/brasilnoticias.org\/site\/wp-json\/wp\/v2\/posts\/8104\/revisions\/8106"}],"wp:featuredmedia":[{"embeddable":true,"href":"https:\/\/brasilnoticias.org\/site\/wp-json\/wp\/v2\/media\/8105"}],"wp:attachment":[{"href":"https:\/\/brasilnoticias.org\/site\/wp-json\/wp\/v2\/media?parent=8104"}],"wp:term":[{"taxonomy":"category","embeddable":true,"href":"https:\/\/brasilnoticias.org\/site\/wp-json\/wp\/v2\/categories?post=8104"},{"taxonomy":"post_tag","embeddable":true,"href":"https:\/\/brasilnoticias.org\/site\/wp-json\/wp\/v2\/tags?post=8104"}],"curies":[{"name":"wp","href":"https:\/\/api.w.org\/{rel}","templated":true}]}}