{"id":8127,"date":"2023-08-10T14:31:55","date_gmt":"2023-08-10T17:31:55","guid":{"rendered":"https:\/\/brasilnoticias.org\/site\/?p=8127"},"modified":"2023-08-10T14:32:50","modified_gmt":"2023-08-10T17:32:50","slug":"apos-incendio-estatua-de-mae-stella-de-oxossi-e-reinaugurada-em-salvador","status":"publish","type":"post","link":"https:\/\/brasilnoticias.org\/site\/apos-incendio-estatua-de-mae-stella-de-oxossi-e-reinaugurada-em-salvador\/","title":{"rendered":"Ap\u00f3s inc\u00eandio, est\u00e1tua de M\u00e3e Stella de Ox\u00f3ssi \u00e9 reinaugurada em Salvador"},"content":{"rendered":"<p>Medindo dois metros de altura, foi produzida em resina de poli\u00e9ster, fibra de vidro com propriedades antichamas, acabamento em poli\u00e9ster e pintura em poliuretano.<\/p>\n<p>A Prefeitura de Salvador devolveu \u00e0 cidade a est\u00e1tua de M\u00e3e Stella de Ox\u00f3ssi, uma das mais influentes l\u00edderes espirituais do candombl\u00e9 na Bahia e no Brasil. A reinaugura\u00e7\u00e3o da pe\u00e7a art\u00edstica, situada na avenida que leva o nome da ialorix\u00e1, na liga\u00e7\u00e3o entre Avenida Paralela e Stella Maris, foi realizada pelo prefeito Bruno Reis nesta quinta-feira (10\/8).<\/p>\n<p>A obra \u00e9 de autoria do escultor Tatti Moreno, falecido em julho de 2022, e teve que ser completamente refeita ap\u00f3s inc\u00eandio em dezembro passado. O trabalho de reconstru\u00e7\u00e3o foi conduzido pelos filhos de Tatti, os artistas pl\u00e1sticos Andr\u00e9 e Gustavo Moreno.<\/p>\n<p>\u201cEsse \u00e9 um momento de celebra\u00e7\u00e3o e de restabelecer a hist\u00f3ria. \u00c9 uma justa e merecida homenagem a essa que foi uma das principais l\u00edderes religiosas do nosso estado. M\u00e3e Stella transcendeu a religi\u00e3o, indo para cultura, literatura, realizando um grande trabalho social. N\u00f3s, homens p\u00fablicos, temos que valorizar seus l\u00edderes, prestando essas homenagens para que isso sirva de inspira\u00e7\u00e3o para as gera\u00e7\u00f5es presentes e futuras\u201d, disse Bruno Reis durante o evento.<\/p>\n<p>A solenidade tamb\u00e9m contou com a presen\u00e7a da ialorix\u00e1 M\u00e3e Ana de Xang\u00f4, atual lideran\u00e7a do Il\u00ea Ax\u00e9 Op\u00f4 Afonj\u00e1, situado no S\u00e3o Gon\u00e7alo do Retiro, assim como representantes do terreiro, do afox\u00e9 Filhas de Gandhy e gestores municipais.<\/p>\n<p>Medindo dois metros de altura, a est\u00e1tua de M\u00e3e Stella de Ox\u00f3ssi (1925-2018) foi produzida em resina de poli\u00e9ster, fibra de vidro com propriedades antichamas, acabamento em poli\u00e9ster e pintura em poliuretano.<\/p>\n<p>A escultura da ialorix\u00e1 volta \u00e0 posi\u00e7\u00e3o de origem, defronte a um Ox\u00f3ssi que mede quase nove metros de altura (j\u00e1 incluindo o pedestal), representando a sacerdotisa sentada em um trono, como nos dias em que ela comandou Il\u00ea Ax\u00e9 Op\u00f4 Afonj\u00e1. O terreiro foi onde a religiosa exerceu lideran\u00e7a por mais de quatro d\u00e9cadas. A primeira obra havia sido inaugurada em abril de 2019.<\/p>\n<p>J\u00e1 a est\u00e1tua de Ox\u00f3ssi, cuja saia havia sido atingida pelas chamas, tamb\u00e9m precisou ser recuperada e pintada. Com isso, todo o conjunto dedicado a M\u00e3e Stella est\u00e1 completamente recuperado. Inclusive, o monumento tem \u00e0 disposi\u00e7\u00e3o uma placa QR Code do projeto #Reconectar para que a popula\u00e7\u00e3o possa acessar informa\u00e7\u00f5es e dados sobre a personagem homenageada, atrav\u00e9s de um smartphone.<\/p>\n<p>Monitoramento \u2013 Como medida para resguardar a integridade do conjunto art\u00edstico dedicado \u00e0 M\u00e3e Stella, a Guarda Civil Municipal (GCM) realizar\u00e1 o videomonitoramento do local de forma ininterrupta atrav\u00e9s de quatro c\u00e2meras de seguran\u00e7a j\u00e1 instaladas, al\u00e9m de intensificar o n\u00famero de rondas da regi\u00e3o.<\/p>\n<p>A iniciativa faz parte do projeto de instala\u00e7\u00e3o de 200 c\u00e2meras que atender\u00e3o toda a cidade em \u00e1reas tur\u00edsticas. \u201cEm decorr\u00eancia do inc\u00eandio que ocorreu no final do ano passado, decidimos instalar esses dispositivos que nos trar\u00e3o imagens em tempo real, 24 horas por dia. Esperamos que isso seja necess\u00e1rio para evitar qualquer tipo de depreda\u00e7\u00e3o e vandalismo nesse monumento\u201d, explicou o diretor de Seguran\u00e7a Urbana e Preven\u00e7\u00e3o \u00e0 Viol\u00eancia da Prefeitura, Maur\u00edcio Lima.<\/p>\n<p>A ilumina\u00e7\u00e3o p\u00fablica do entorno tamb\u00e9m foi refor\u00e7ada ap\u00f3s a coloca\u00e7\u00e3o de sete refletores.<\/p>\n<p>Obra \u2013 Respons\u00e1veis por reconstruir a est\u00e1tua de M\u00e3e Stella, Andr\u00e9 e Gustavo Moreno contam que buscaram todas as refer\u00eancias da execu\u00e7\u00e3o da obra que foi criada pelo pai deles, Tatti Moreno, cumprindo diferentes etapas de trabalho, como modelagem, formata\u00e7\u00e3o, acabamento e pintura. Tudo para manter as caracter\u00edsticas e originalidade da escultura.<\/p>\n<p>Legado \u2013 Personalidade de grande destaque da cultura baiana e respeitada l\u00edder religiosa, M\u00e3e Stella nasceu em 2 de maio de 1925 e foi a quinta ialorix\u00e1 do terreiro Il\u00ea Ax\u00e9 Op\u00f3 Afonj\u00e1. No local, ela foi iniciada aos 14 anos, assumindo em 1976, aos 51 anos, a posi\u00e7\u00e3o de matriarca do templo.<\/p>\n<p>Primeira ialorix\u00e1 no pa\u00eds a escrever livros e artigos sobre o candombl\u00e9, M\u00e3e Stella tamb\u00e9m lutou pelo resgate da cultura afrobrasileira e contra o racismo. Como escritora, \u00e9 autora de v\u00e1rios livros, incluindo \u201cMeu tempo \u00e9 Agora\u201d. Em 2013, foi eleita por unanimidade para ocupar a cadeira 33 da Academia de Letras da Bahia, cujo patrono \u00e9 o poeta Castro Alves. A sacerdotisa faleceu na cidade de Santo Ant\u00f3nio de Jesus, em 27 de dezembro de 2018.<\/p>\n<p>Foto: Valter Pontes\/Secom<br \/>\nAratu On<\/p>\n","protected":false},"excerpt":{"rendered":"<p>Medindo dois metros de altura, foi produzida em resina de poli\u00e9ster, fibra de vidro com propriedades antichamas, acabamento em poli\u00e9ster<\/p>\n","protected":false},"author":4,"featured_media":8128,"comment_status":"open","ping_status":"open","sticky":false,"template":"","format":"standard","meta":{"colormag_page_container_layout":"default_layout","colormag_page_sidebar_layout":"default_layout","_FSMCFIC_featured_image_caption":"","_FSMCFIC_featured_image_nocaption":"","_FSMCFIC_featured_image_hide":"","footnotes":""},"categories":[2,1],"tags":[],"class_list":["post-8127","post","type-post","status-publish","format-standard","has-post-thumbnail","hentry","category-noticias","category-ultimas"],"yoast_head":"<!-- This site is optimized with the Yoast SEO plugin v27.1.1 - https:\/\/yoast.com\/product\/yoast-seo-wordpress\/ -->\n<title>Ap\u00f3s inc\u00eandio, est\u00e1tua de M\u00e3e Stella de Ox\u00f3ssi \u00e9 reinaugurada em Salvador - Brasil not\u00edcias<\/title>\n<meta name=\"robots\" content=\"index, follow, max-snippet:-1, max-image-preview:large, max-video-preview:-1\" \/>\n<link rel=\"canonical\" href=\"https:\/\/brasilnoticias.org\/site\/apos-incendio-estatua-de-mae-stella-de-oxossi-e-reinaugurada-em-salvador\/\" \/>\n<meta property=\"og:locale\" content=\"pt_PT\" \/>\n<meta property=\"og:type\" content=\"article\" \/>\n<meta property=\"og:title\" content=\"Ap\u00f3s inc\u00eandio, est\u00e1tua de M\u00e3e Stella de Ox\u00f3ssi \u00e9 reinaugurada em Salvador - Brasil not\u00edcias\" \/>\n<meta property=\"og:description\" content=\"Medindo dois metros de altura, foi produzida em resina de poli\u00e9ster, fibra de vidro com propriedades antichamas, acabamento em poli\u00e9ster\" \/>\n<meta property=\"og:url\" content=\"https:\/\/brasilnoticias.org\/site\/apos-incendio-estatua-de-mae-stella-de-oxossi-e-reinaugurada-em-salvador\/\" \/>\n<meta property=\"og:site_name\" content=\"Brasil not\u00edcias\" \/>\n<meta property=\"article:published_time\" content=\"2023-08-10T17:31:55+00:00\" \/>\n<meta property=\"article:modified_time\" content=\"2023-08-10T17:32:50+00:00\" \/>\n<meta property=\"og:image\" content=\"https:\/\/brasilnoticias.org\/site\/wp-content\/uploads\/2023\/08\/Mae-Stella-740x470-1.jpg\" \/>\n\t<meta property=\"og:image:width\" content=\"740\" \/>\n\t<meta property=\"og:image:height\" content=\"470\" \/>\n\t<meta property=\"og:image:type\" content=\"image\/jpeg\" \/>\n<meta name=\"author\" content=\"Reda\u00e7\u00e3o\" \/>\n<meta name=\"twitter:card\" content=\"summary_large_image\" \/>\n<meta name=\"twitter:label1\" content=\"Escrito por\" \/>\n\t<meta name=\"twitter:data1\" content=\"Reda\u00e7\u00e3o\" \/>\n\t<meta name=\"twitter:label2\" content=\"Tempo estimado de leitura\" \/>\n\t<meta name=\"twitter:data2\" content=\"4 minutos\" \/>\n<script type=\"application\/ld+json\" class=\"yoast-schema-graph\">{\"@context\":\"https:\/\/schema.org\",\"@graph\":[{\"@type\":\"Article\",\"@id\":\"https:\/\/brasilnoticias.org\/site\/apos-incendio-estatua-de-mae-stella-de-oxossi-e-reinaugurada-em-salvador\/#article\",\"isPartOf\":{\"@id\":\"https:\/\/brasilnoticias.org\/site\/apos-incendio-estatua-de-mae-stella-de-oxossi-e-reinaugurada-em-salvador\/\"},\"author\":{\"name\":\"Reda\u00e7\u00e3o\",\"@id\":\"https:\/\/brasilnoticias.org\/site\/#\/schema\/person\/03bbbfe6c7634ad18c26444ea39049fa\"},\"headline\":\"Ap\u00f3s inc\u00eandio, est\u00e1tua de M\u00e3e Stella de Ox\u00f3ssi \u00e9 reinaugurada em Salvador\",\"datePublished\":\"2023-08-10T17:31:55+00:00\",\"dateModified\":\"2023-08-10T17:32:50+00:00\",\"mainEntityOfPage\":{\"@id\":\"https:\/\/brasilnoticias.org\/site\/apos-incendio-estatua-de-mae-stella-de-oxossi-e-reinaugurada-em-salvador\/\"},\"wordCount\":790,\"commentCount\":0,\"publisher\":{\"@id\":\"https:\/\/brasilnoticias.org\/site\/#organization\"},\"image\":{\"@id\":\"https:\/\/brasilnoticias.org\/site\/apos-incendio-estatua-de-mae-stella-de-oxossi-e-reinaugurada-em-salvador\/#primaryimage\"},\"thumbnailUrl\":\"https:\/\/brasilnoticias.org\/site\/wp-content\/uploads\/2023\/08\/Mae-Stella-740x470-1.jpg\",\"articleSection\":[\"Not\u00edcias\",\"\u00daltimas\"],\"inLanguage\":\"pt-PT\",\"potentialAction\":[{\"@type\":\"CommentAction\",\"name\":\"Comment\",\"target\":[\"https:\/\/brasilnoticias.org\/site\/apos-incendio-estatua-de-mae-stella-de-oxossi-e-reinaugurada-em-salvador\/#respond\"]}]},{\"@type\":\"WebPage\",\"@id\":\"https:\/\/brasilnoticias.org\/site\/apos-incendio-estatua-de-mae-stella-de-oxossi-e-reinaugurada-em-salvador\/\",\"url\":\"https:\/\/brasilnoticias.org\/site\/apos-incendio-estatua-de-mae-stella-de-oxossi-e-reinaugurada-em-salvador\/\",\"name\":\"Ap\u00f3s inc\u00eandio, est\u00e1tua de M\u00e3e Stella de Ox\u00f3ssi \u00e9 reinaugurada em Salvador - Brasil not\u00edcias\",\"isPartOf\":{\"@id\":\"https:\/\/brasilnoticias.org\/site\/#website\"},\"primaryImageOfPage\":{\"@id\":\"https:\/\/brasilnoticias.org\/site\/apos-incendio-estatua-de-mae-stella-de-oxossi-e-reinaugurada-em-salvador\/#primaryimage\"},\"image\":{\"@id\":\"https:\/\/brasilnoticias.org\/site\/apos-incendio-estatua-de-mae-stella-de-oxossi-e-reinaugurada-em-salvador\/#primaryimage\"},\"thumbnailUrl\":\"https:\/\/brasilnoticias.org\/site\/wp-content\/uploads\/2023\/08\/Mae-Stella-740x470-1.jpg\",\"datePublished\":\"2023-08-10T17:31:55+00:00\",\"dateModified\":\"2023-08-10T17:32:50+00:00\",\"breadcrumb\":{\"@id\":\"https:\/\/brasilnoticias.org\/site\/apos-incendio-estatua-de-mae-stella-de-oxossi-e-reinaugurada-em-salvador\/#breadcrumb\"},\"inLanguage\":\"pt-PT\",\"potentialAction\":[{\"@type\":\"ReadAction\",\"target\":[\"https:\/\/brasilnoticias.org\/site\/apos-incendio-estatua-de-mae-stella-de-oxossi-e-reinaugurada-em-salvador\/\"]}]},{\"@type\":\"ImageObject\",\"inLanguage\":\"pt-PT\",\"@id\":\"https:\/\/brasilnoticias.org\/site\/apos-incendio-estatua-de-mae-stella-de-oxossi-e-reinaugurada-em-salvador\/#primaryimage\",\"url\":\"https:\/\/brasilnoticias.org\/site\/wp-content\/uploads\/2023\/08\/Mae-Stella-740x470-1.jpg\",\"contentUrl\":\"https:\/\/brasilnoticias.org\/site\/wp-content\/uploads\/2023\/08\/Mae-Stella-740x470-1.jpg\",\"width\":740,\"height\":470},{\"@type\":\"BreadcrumbList\",\"@id\":\"https:\/\/brasilnoticias.org\/site\/apos-incendio-estatua-de-mae-stella-de-oxossi-e-reinaugurada-em-salvador\/#breadcrumb\",\"itemListElement\":[{\"@type\":\"ListItem\",\"position\":1,\"name\":\"In\u00edcio\",\"item\":\"https:\/\/brasilnoticias.org\/site\/\"},{\"@type\":\"ListItem\",\"position\":2,\"name\":\"Ap\u00f3s inc\u00eandio, est\u00e1tua de M\u00e3e Stella de Ox\u00f3ssi \u00e9 reinaugurada em Salvador\"}]},{\"@type\":\"WebSite\",\"@id\":\"https:\/\/brasilnoticias.org\/site\/#website\",\"url\":\"https:\/\/brasilnoticias.org\/site\/\",\"name\":\"Brasil not\u00edcias\",\"description\":\"Brasil not\u00edcias\",\"publisher\":{\"@id\":\"https:\/\/brasilnoticias.org\/site\/#organization\"},\"potentialAction\":[{\"@type\":\"SearchAction\",\"target\":{\"@type\":\"EntryPoint\",\"urlTemplate\":\"https:\/\/brasilnoticias.org\/site\/?s={search_term_string}\"},\"query-input\":{\"@type\":\"PropertyValueSpecification\",\"valueRequired\":true,\"valueName\":\"search_term_string\"}}],\"inLanguage\":\"pt-PT\"},{\"@type\":\"Organization\",\"@id\":\"https:\/\/brasilnoticias.org\/site\/#organization\",\"name\":\"Brasil not\u00edcias\",\"url\":\"https:\/\/brasilnoticias.org\/site\/\",\"logo\":{\"@type\":\"ImageObject\",\"inLanguage\":\"pt-PT\",\"@id\":\"https:\/\/brasilnoticias.org\/site\/#\/schema\/logo\/image\/\",\"url\":\"https:\/\/brasilnoticias.org\/site\/wp-content\/uploads\/2022\/05\/cropped-brasilnoticias-mini.jpg\",\"contentUrl\":\"https:\/\/brasilnoticias.org\/site\/wp-content\/uploads\/2022\/05\/cropped-brasilnoticias-mini.jpg\",\"width\":314,\"height\":86,\"caption\":\"Brasil not\u00edcias\"},\"image\":{\"@id\":\"https:\/\/brasilnoticias.org\/site\/#\/schema\/logo\/image\/\"}},{\"@type\":\"Person\",\"@id\":\"https:\/\/brasilnoticias.org\/site\/#\/schema\/person\/03bbbfe6c7634ad18c26444ea39049fa\",\"name\":\"Reda\u00e7\u00e3o\",\"image\":{\"@type\":\"ImageObject\",\"inLanguage\":\"pt-PT\",\"@id\":\"https:\/\/brasilnoticias.org\/site\/#\/schema\/person\/image\/\",\"url\":\"https:\/\/secure.gravatar.com\/avatar\/9ecaf7327a696cb23ad926fedded5f1f04d7049de9e445375d55b48c001a6e42?s=96&d=mm&r=g\",\"contentUrl\":\"https:\/\/secure.gravatar.com\/avatar\/9ecaf7327a696cb23ad926fedded5f1f04d7049de9e445375d55b48c001a6e42?s=96&d=mm&r=g\",\"caption\":\"Reda\u00e7\u00e3o\"},\"url\":\"https:\/\/brasilnoticias.org\/site\/author\/henrique\/\"}]}<\/script>\n<!-- \/ Yoast SEO plugin. -->","yoast_head_json":{"title":"Ap\u00f3s inc\u00eandio, est\u00e1tua de M\u00e3e Stella de Ox\u00f3ssi \u00e9 reinaugurada em Salvador - Brasil not\u00edcias","robots":{"index":"index","follow":"follow","max-snippet":"max-snippet:-1","max-image-preview":"max-image-preview:large","max-video-preview":"max-video-preview:-1"},"canonical":"https:\/\/brasilnoticias.org\/site\/apos-incendio-estatua-de-mae-stella-de-oxossi-e-reinaugurada-em-salvador\/","og_locale":"pt_PT","og_type":"article","og_title":"Ap\u00f3s inc\u00eandio, est\u00e1tua de M\u00e3e Stella de Ox\u00f3ssi \u00e9 reinaugurada em Salvador - Brasil not\u00edcias","og_description":"Medindo dois metros de altura, foi produzida em resina de poli\u00e9ster, fibra de vidro com propriedades antichamas, acabamento em poli\u00e9ster","og_url":"https:\/\/brasilnoticias.org\/site\/apos-incendio-estatua-de-mae-stella-de-oxossi-e-reinaugurada-em-salvador\/","og_site_name":"Brasil not\u00edcias","article_published_time":"2023-08-10T17:31:55+00:00","article_modified_time":"2023-08-10T17:32:50+00:00","og_image":[{"width":740,"height":470,"url":"https:\/\/brasilnoticias.org\/site\/wp-content\/uploads\/2023\/08\/Mae-Stella-740x470-1.jpg","type":"image\/jpeg"}],"author":"Reda\u00e7\u00e3o","twitter_card":"summary_large_image","twitter_misc":{"Escrito por":"Reda\u00e7\u00e3o","Tempo estimado de leitura":"4 minutos"},"schema":{"@context":"https:\/\/schema.org","@graph":[{"@type":"Article","@id":"https:\/\/brasilnoticias.org\/site\/apos-incendio-estatua-de-mae-stella-de-oxossi-e-reinaugurada-em-salvador\/#article","isPartOf":{"@id":"https:\/\/brasilnoticias.org\/site\/apos-incendio-estatua-de-mae-stella-de-oxossi-e-reinaugurada-em-salvador\/"},"author":{"name":"Reda\u00e7\u00e3o","@id":"https:\/\/brasilnoticias.org\/site\/#\/schema\/person\/03bbbfe6c7634ad18c26444ea39049fa"},"headline":"Ap\u00f3s inc\u00eandio, est\u00e1tua de M\u00e3e Stella de Ox\u00f3ssi \u00e9 reinaugurada em Salvador","datePublished":"2023-08-10T17:31:55+00:00","dateModified":"2023-08-10T17:32:50+00:00","mainEntityOfPage":{"@id":"https:\/\/brasilnoticias.org\/site\/apos-incendio-estatua-de-mae-stella-de-oxossi-e-reinaugurada-em-salvador\/"},"wordCount":790,"commentCount":0,"publisher":{"@id":"https:\/\/brasilnoticias.org\/site\/#organization"},"image":{"@id":"https:\/\/brasilnoticias.org\/site\/apos-incendio-estatua-de-mae-stella-de-oxossi-e-reinaugurada-em-salvador\/#primaryimage"},"thumbnailUrl":"https:\/\/brasilnoticias.org\/site\/wp-content\/uploads\/2023\/08\/Mae-Stella-740x470-1.jpg","articleSection":["Not\u00edcias","\u00daltimas"],"inLanguage":"pt-PT","potentialAction":[{"@type":"CommentAction","name":"Comment","target":["https:\/\/brasilnoticias.org\/site\/apos-incendio-estatua-de-mae-stella-de-oxossi-e-reinaugurada-em-salvador\/#respond"]}]},{"@type":"WebPage","@id":"https:\/\/brasilnoticias.org\/site\/apos-incendio-estatua-de-mae-stella-de-oxossi-e-reinaugurada-em-salvador\/","url":"https:\/\/brasilnoticias.org\/site\/apos-incendio-estatua-de-mae-stella-de-oxossi-e-reinaugurada-em-salvador\/","name":"Ap\u00f3s inc\u00eandio, est\u00e1tua de M\u00e3e Stella de Ox\u00f3ssi \u00e9 reinaugurada em Salvador - Brasil not\u00edcias","isPartOf":{"@id":"https:\/\/brasilnoticias.org\/site\/#website"},"primaryImageOfPage":{"@id":"https:\/\/brasilnoticias.org\/site\/apos-incendio-estatua-de-mae-stella-de-oxossi-e-reinaugurada-em-salvador\/#primaryimage"},"image":{"@id":"https:\/\/brasilnoticias.org\/site\/apos-incendio-estatua-de-mae-stella-de-oxossi-e-reinaugurada-em-salvador\/#primaryimage"},"thumbnailUrl":"https:\/\/brasilnoticias.org\/site\/wp-content\/uploads\/2023\/08\/Mae-Stella-740x470-1.jpg","datePublished":"2023-08-10T17:31:55+00:00","dateModified":"2023-08-10T17:32:50+00:00","breadcrumb":{"@id":"https:\/\/brasilnoticias.org\/site\/apos-incendio-estatua-de-mae-stella-de-oxossi-e-reinaugurada-em-salvador\/#breadcrumb"},"inLanguage":"pt-PT","potentialAction":[{"@type":"ReadAction","target":["https:\/\/brasilnoticias.org\/site\/apos-incendio-estatua-de-mae-stella-de-oxossi-e-reinaugurada-em-salvador\/"]}]},{"@type":"ImageObject","inLanguage":"pt-PT","@id":"https:\/\/brasilnoticias.org\/site\/apos-incendio-estatua-de-mae-stella-de-oxossi-e-reinaugurada-em-salvador\/#primaryimage","url":"https:\/\/brasilnoticias.org\/site\/wp-content\/uploads\/2023\/08\/Mae-Stella-740x470-1.jpg","contentUrl":"https:\/\/brasilnoticias.org\/site\/wp-content\/uploads\/2023\/08\/Mae-Stella-740x470-1.jpg","width":740,"height":470},{"@type":"BreadcrumbList","@id":"https:\/\/brasilnoticias.org\/site\/apos-incendio-estatua-de-mae-stella-de-oxossi-e-reinaugurada-em-salvador\/#breadcrumb","itemListElement":[{"@type":"ListItem","position":1,"name":"In\u00edcio","item":"https:\/\/brasilnoticias.org\/site\/"},{"@type":"ListItem","position":2,"name":"Ap\u00f3s inc\u00eandio, est\u00e1tua de M\u00e3e Stella de Ox\u00f3ssi \u00e9 reinaugurada em Salvador"}]},{"@type":"WebSite","@id":"https:\/\/brasilnoticias.org\/site\/#website","url":"https:\/\/brasilnoticias.org\/site\/","name":"Brasil not\u00edcias","description":"Brasil not\u00edcias","publisher":{"@id":"https:\/\/brasilnoticias.org\/site\/#organization"},"potentialAction":[{"@type":"SearchAction","target":{"@type":"EntryPoint","urlTemplate":"https:\/\/brasilnoticias.org\/site\/?s={search_term_string}"},"query-input":{"@type":"PropertyValueSpecification","valueRequired":true,"valueName":"search_term_string"}}],"inLanguage":"pt-PT"},{"@type":"Organization","@id":"https:\/\/brasilnoticias.org\/site\/#organization","name":"Brasil not\u00edcias","url":"https:\/\/brasilnoticias.org\/site\/","logo":{"@type":"ImageObject","inLanguage":"pt-PT","@id":"https:\/\/brasilnoticias.org\/site\/#\/schema\/logo\/image\/","url":"https:\/\/brasilnoticias.org\/site\/wp-content\/uploads\/2022\/05\/cropped-brasilnoticias-mini.jpg","contentUrl":"https:\/\/brasilnoticias.org\/site\/wp-content\/uploads\/2022\/05\/cropped-brasilnoticias-mini.jpg","width":314,"height":86,"caption":"Brasil not\u00edcias"},"image":{"@id":"https:\/\/brasilnoticias.org\/site\/#\/schema\/logo\/image\/"}},{"@type":"Person","@id":"https:\/\/brasilnoticias.org\/site\/#\/schema\/person\/03bbbfe6c7634ad18c26444ea39049fa","name":"Reda\u00e7\u00e3o","image":{"@type":"ImageObject","inLanguage":"pt-PT","@id":"https:\/\/brasilnoticias.org\/site\/#\/schema\/person\/image\/","url":"https:\/\/secure.gravatar.com\/avatar\/9ecaf7327a696cb23ad926fedded5f1f04d7049de9e445375d55b48c001a6e42?s=96&d=mm&r=g","contentUrl":"https:\/\/secure.gravatar.com\/avatar\/9ecaf7327a696cb23ad926fedded5f1f04d7049de9e445375d55b48c001a6e42?s=96&d=mm&r=g","caption":"Reda\u00e7\u00e3o"},"url":"https:\/\/brasilnoticias.org\/site\/author\/henrique\/"}]}},"_links":{"self":[{"href":"https:\/\/brasilnoticias.org\/site\/wp-json\/wp\/v2\/posts\/8127","targetHints":{"allow":["GET"]}}],"collection":[{"href":"https:\/\/brasilnoticias.org\/site\/wp-json\/wp\/v2\/posts"}],"about":[{"href":"https:\/\/brasilnoticias.org\/site\/wp-json\/wp\/v2\/types\/post"}],"author":[{"embeddable":true,"href":"https:\/\/brasilnoticias.org\/site\/wp-json\/wp\/v2\/users\/4"}],"replies":[{"embeddable":true,"href":"https:\/\/brasilnoticias.org\/site\/wp-json\/wp\/v2\/comments?post=8127"}],"version-history":[{"count":1,"href":"https:\/\/brasilnoticias.org\/site\/wp-json\/wp\/v2\/posts\/8127\/revisions"}],"predecessor-version":[{"id":8129,"href":"https:\/\/brasilnoticias.org\/site\/wp-json\/wp\/v2\/posts\/8127\/revisions\/8129"}],"wp:featuredmedia":[{"embeddable":true,"href":"https:\/\/brasilnoticias.org\/site\/wp-json\/wp\/v2\/media\/8128"}],"wp:attachment":[{"href":"https:\/\/brasilnoticias.org\/site\/wp-json\/wp\/v2\/media?parent=8127"}],"wp:term":[{"taxonomy":"category","embeddable":true,"href":"https:\/\/brasilnoticias.org\/site\/wp-json\/wp\/v2\/categories?post=8127"},{"taxonomy":"post_tag","embeddable":true,"href":"https:\/\/brasilnoticias.org\/site\/wp-json\/wp\/v2\/tags?post=8127"}],"curies":[{"name":"wp","href":"https:\/\/api.w.org\/{rel}","templated":true}]}}