{"id":8130,"date":"2023-08-10T14:34:09","date_gmt":"2023-08-10T17:34:09","guid":{"rendered":"https:\/\/brasilnoticias.org\/site\/?p=8130"},"modified":"2023-08-10T14:34:09","modified_gmt":"2023-08-10T17:34:09","slug":"integrante-de-grupo-que-atua-em-assaltos-no-cabula-e-baleado-por-justiceiro-major-detalha-acao","status":"publish","type":"post","link":"https:\/\/brasilnoticias.org\/site\/integrante-de-grupo-que-atua-em-assaltos-no-cabula-e-baleado-por-justiceiro-major-detalha-acao\/","title":{"rendered":"Integrante de grupo que atua em assaltos no Cabula \u00e9 baleado por \u201cjusticeiro\u201d; Major detalha a\u00e7\u00e3o"},"content":{"rendered":"<p>O grupo que atua no Cabula recebe o nome de &#8220;XRE&#8221; devido \u00e0s motos que usam, modelo &#8220;Honda XRE&#8221;, que podem chegar a at\u00e9 140km\/h<\/p>\n<p>Um homem suspeito de integrar um grupo de assaltantes conhecido pelas autoridades como \u201cBonde da XRE\u201d, acabou baleado no bairro do Cabula, em Salvador. A a\u00e7\u00e3o ocorreu ap\u00f3s os suspeitos terem sido surpreendidos por um \u201cjusticeiro\u201d, que atirou contra eles na noite desta quarta-feira (9\/8). O Aratu On conversou com o major Luciano Jorge, respons\u00e1vel pela unidade da Pol\u00edcia Militar que atua \u00e1rea.<\/p>\n<p>Segundo ele, que \u00e9 comandante da 23\u00aa  Companhia Independente de Pol\u00edcia Militar (23\u00aa\/Tancredo Neves), as primeiras a\u00e7\u00f5es foram identificadas h\u00e1 cerca de 60 dias. Os homens costumam praticar assaltos em pontos de \u00f4nibus, estabelecimentos comerciais e contra motoristas que trafegam na regi\u00e3o.<\/p>\n<p>Segundo testemunhas, no momento em que foi atingido, o integrante do grupo tentava assaltar o motorista de um ve\u00edculo de passeio. A v\u00edtima resistiu \u00e0 abordagem, mantendo os suspeitos no local. Neste intervalo, outro condutor, que presenciava a a\u00e7\u00e3o em um segundo carro, conseguiu sacar uma arma e atirou contra as duas motos, derrubando um dos suspeitos. O \u201cjusticeiro misterioso\u201d fugiu do local e n\u00e3o foi identificado.<\/p>\n<p>Em seguida, o grupo ainda teria atirado contra a popula\u00e7\u00e3o, na tentativa de reprimir o espancamento contra seu comparsa. Eles tamb\u00e9m fugiram do local. Por meio de nota, a Pol\u00edcia Civil informou que o homem foi baleado na regi\u00e3o do abd\u00f4men, passou por cirurgia e segue internado.<\/p>\n<p>LEIA MAIS: Deputados baianos discutem auditoria do TCE que identificou servidores falecidos com sal\u00e1rios ativos<\/p>\n<p>\u201cEles alteram o hor\u00e1rio de atua\u00e7\u00e3o, nunca praticam o mesmo tipo de crime, nem no mesmo hor\u00e1rio. Ap\u00f3s cometer um delito, ficam um tempo sem atuar e retornam depois de alguns dias. \u00c9 dif\u00edcil rastrear, pois eles moram em outro bairro e vem para c\u00e1 devido \u00e0s brigas de fac\u00e7\u00f5es.\u201d, detalha o Major.<\/p>\n<p>De acordo com ela, a estrat\u00e9gia utilizada pelos criminosos \u00e9 uma tentativa de \u201csujar\u201d, ou seja, atrair mais policiais para o territ\u00f3rio de uma fac\u00e7\u00e3o rival, prejudicando suas vendas e movimenta\u00e7\u00f5es na regi\u00e3o. O grupo recebe esse nome devido \u00e0s motos que usam, do modelo \u201cHonda XRE\u201d. Elas podem chegar a quase 140 km\/h.<\/p>\n<p>TESTEMUNHAS <\/p>\n<p>O Aratu On entrevistou uma testemunha, que, para sua seguran\u00e7a, pediu para n\u00e3o ser identificada. Segundo ela, que retornava para casa no momento do crime, alguns tiros foram ouvidos. Ap\u00f3s os disparos, uma multid\u00e3o correu em sua dire\u00e7\u00e3o.<\/p>\n<p>\u201cEu entrei em um mercado, fiquei abrigada l\u00e1 at\u00e9 que n\u00e3o escutasse mais tiros. Quando percebi que as coisas tinham passado, eu vi o corpo\u201d. Ainda conforme a testemunha, enquanto estava no ch\u00e3o, o suspeito passou por uma s\u00e9rie de hostiliza\u00e7\u00f5es, que partiram da popula\u00e7\u00e3o do bairro.<\/p>\n<p>Quanto a um poss\u00edvel espancamento\/hostilidade, protagonizado pelos populares, o Major confirmou que viaturas da PM estiveram no local, ap\u00f3s o confronto armado, e confirmaram que parte da popula\u00e7\u00e3o tentou agredir o suspeito.<\/p>\n<p>O caso segue investigado pela 11\u00aa Delegacia de Pol\u00edcia Civil, (11\u00aa de Tancredo Neves), que busca entender em detalhes o que teria acontecido, al\u00e9m dos nomes de todos os envolvidos na situa\u00e7\u00e3o.<\/p>\n<p>Foto: Leitor\/Aratu On<br \/>\nAratu On<\/p>\n","protected":false},"excerpt":{"rendered":"<p>O grupo que atua no Cabula recebe o nome de &#8220;XRE&#8221; devido \u00e0s motos que usam, modelo &#8220;Honda XRE&#8221;, que<\/p>\n","protected":false},"author":4,"featured_media":0,"comment_status":"open","ping_status":"open","sticky":false,"template":"","format":"standard","meta":{"colormag_page_container_layout":"default_layout","colormag_page_sidebar_layout":"default_layout","_FSMCFIC_featured_image_caption":"","_FSMCFIC_featured_image_nocaption":"","_FSMCFIC_featured_image_hide":"","footnotes":""},"categories":[3,1],"tags":[],"class_list":["post-8130","post","type-post","status-publish","format-standard","hentry","category-policia","category-ultimas"],"yoast_head":"<!-- This site is optimized with the Yoast SEO plugin v27.1.1 - https:\/\/yoast.com\/product\/yoast-seo-wordpress\/ -->\n<title>Integrante de grupo que atua em assaltos no Cabula \u00e9 baleado por \u201cjusticeiro\u201d; Major detalha a\u00e7\u00e3o - Brasil not\u00edcias<\/title>\n<meta name=\"robots\" content=\"index, follow, max-snippet:-1, max-image-preview:large, max-video-preview:-1\" \/>\n<link rel=\"canonical\" href=\"https:\/\/brasilnoticias.org\/site\/integrante-de-grupo-que-atua-em-assaltos-no-cabula-e-baleado-por-justiceiro-major-detalha-acao\/\" \/>\n<meta property=\"og:locale\" content=\"pt_PT\" \/>\n<meta property=\"og:type\" content=\"article\" \/>\n<meta property=\"og:title\" content=\"Integrante de grupo que atua em assaltos no Cabula \u00e9 baleado por \u201cjusticeiro\u201d; Major detalha a\u00e7\u00e3o - Brasil not\u00edcias\" \/>\n<meta property=\"og:description\" content=\"O grupo que atua no Cabula recebe o nome de &#8220;XRE&#8221; devido \u00e0s motos que usam, modelo &#8220;Honda XRE&#8221;, que\" \/>\n<meta property=\"og:url\" content=\"https:\/\/brasilnoticias.org\/site\/integrante-de-grupo-que-atua-em-assaltos-no-cabula-e-baleado-por-justiceiro-major-detalha-acao\/\" \/>\n<meta property=\"og:site_name\" content=\"Brasil not\u00edcias\" \/>\n<meta property=\"article:published_time\" content=\"2023-08-10T17:34:09+00:00\" \/>\n<meta name=\"author\" content=\"Reda\u00e7\u00e3o\" \/>\n<meta name=\"twitter:card\" content=\"summary_large_image\" \/>\n<meta name=\"twitter:label1\" content=\"Escrito por\" \/>\n\t<meta name=\"twitter:data1\" content=\"Reda\u00e7\u00e3o\" \/>\n<script type=\"application\/ld+json\" class=\"yoast-schema-graph\">{\"@context\":\"https:\/\/schema.org\",\"@graph\":[{\"@type\":\"Article\",\"@id\":\"https:\/\/brasilnoticias.org\/site\/integrante-de-grupo-que-atua-em-assaltos-no-cabula-e-baleado-por-justiceiro-major-detalha-acao\/#article\",\"isPartOf\":{\"@id\":\"https:\/\/brasilnoticias.org\/site\/integrante-de-grupo-que-atua-em-assaltos-no-cabula-e-baleado-por-justiceiro-major-detalha-acao\/\"},\"author\":{\"name\":\"Reda\u00e7\u00e3o\",\"@id\":\"https:\/\/brasilnoticias.org\/site\/#\/schema\/person\/03bbbfe6c7634ad18c26444ea39049fa\"},\"headline\":\"Integrante de grupo que atua em assaltos no Cabula \u00e9 baleado por \u201cjusticeiro\u201d; Major detalha a\u00e7\u00e3o\",\"datePublished\":\"2023-08-10T17:34:09+00:00\",\"mainEntityOfPage\":{\"@id\":\"https:\/\/brasilnoticias.org\/site\/integrante-de-grupo-que-atua-em-assaltos-no-cabula-e-baleado-por-justiceiro-major-detalha-acao\/\"},\"wordCount\":575,\"commentCount\":0,\"publisher\":{\"@id\":\"https:\/\/brasilnoticias.org\/site\/#organization\"},\"articleSection\":[\"Pol\u00edcia\",\"\u00daltimas\"],\"inLanguage\":\"pt-PT\",\"potentialAction\":[{\"@type\":\"CommentAction\",\"name\":\"Comment\",\"target\":[\"https:\/\/brasilnoticias.org\/site\/integrante-de-grupo-que-atua-em-assaltos-no-cabula-e-baleado-por-justiceiro-major-detalha-acao\/#respond\"]}]},{\"@type\":\"WebPage\",\"@id\":\"https:\/\/brasilnoticias.org\/site\/integrante-de-grupo-que-atua-em-assaltos-no-cabula-e-baleado-por-justiceiro-major-detalha-acao\/\",\"url\":\"https:\/\/brasilnoticias.org\/site\/integrante-de-grupo-que-atua-em-assaltos-no-cabula-e-baleado-por-justiceiro-major-detalha-acao\/\",\"name\":\"Integrante de grupo que atua em assaltos no Cabula \u00e9 baleado por \u201cjusticeiro\u201d; Major detalha a\u00e7\u00e3o - Brasil not\u00edcias\",\"isPartOf\":{\"@id\":\"https:\/\/brasilnoticias.org\/site\/#website\"},\"datePublished\":\"2023-08-10T17:34:09+00:00\",\"breadcrumb\":{\"@id\":\"https:\/\/brasilnoticias.org\/site\/integrante-de-grupo-que-atua-em-assaltos-no-cabula-e-baleado-por-justiceiro-major-detalha-acao\/#breadcrumb\"},\"inLanguage\":\"pt-PT\",\"potentialAction\":[{\"@type\":\"ReadAction\",\"target\":[\"https:\/\/brasilnoticias.org\/site\/integrante-de-grupo-que-atua-em-assaltos-no-cabula-e-baleado-por-justiceiro-major-detalha-acao\/\"]}]},{\"@type\":\"BreadcrumbList\",\"@id\":\"https:\/\/brasilnoticias.org\/site\/integrante-de-grupo-que-atua-em-assaltos-no-cabula-e-baleado-por-justiceiro-major-detalha-acao\/#breadcrumb\",\"itemListElement\":[{\"@type\":\"ListItem\",\"position\":1,\"name\":\"In\u00edcio\",\"item\":\"https:\/\/brasilnoticias.org\/site\/\"},{\"@type\":\"ListItem\",\"position\":2,\"name\":\"Integrante de grupo que atua em assaltos no Cabula \u00e9 baleado por \u201cjusticeiro\u201d; Major detalha a\u00e7\u00e3o\"}]},{\"@type\":\"WebSite\",\"@id\":\"https:\/\/brasilnoticias.org\/site\/#website\",\"url\":\"https:\/\/brasilnoticias.org\/site\/\",\"name\":\"Brasil not\u00edcias\",\"description\":\"Brasil not\u00edcias\",\"publisher\":{\"@id\":\"https:\/\/brasilnoticias.org\/site\/#organization\"},\"potentialAction\":[{\"@type\":\"SearchAction\",\"target\":{\"@type\":\"EntryPoint\",\"urlTemplate\":\"https:\/\/brasilnoticias.org\/site\/?s={search_term_string}\"},\"query-input\":{\"@type\":\"PropertyValueSpecification\",\"valueRequired\":true,\"valueName\":\"search_term_string\"}}],\"inLanguage\":\"pt-PT\"},{\"@type\":\"Organization\",\"@id\":\"https:\/\/brasilnoticias.org\/site\/#organization\",\"name\":\"Brasil not\u00edcias\",\"url\":\"https:\/\/brasilnoticias.org\/site\/\",\"logo\":{\"@type\":\"ImageObject\",\"inLanguage\":\"pt-PT\",\"@id\":\"https:\/\/brasilnoticias.org\/site\/#\/schema\/logo\/image\/\",\"url\":\"https:\/\/brasilnoticias.org\/site\/wp-content\/uploads\/2022\/05\/cropped-brasilnoticias-mini.jpg\",\"contentUrl\":\"https:\/\/brasilnoticias.org\/site\/wp-content\/uploads\/2022\/05\/cropped-brasilnoticias-mini.jpg\",\"width\":314,\"height\":86,\"caption\":\"Brasil not\u00edcias\"},\"image\":{\"@id\":\"https:\/\/brasilnoticias.org\/site\/#\/schema\/logo\/image\/\"}},{\"@type\":\"Person\",\"@id\":\"https:\/\/brasilnoticias.org\/site\/#\/schema\/person\/03bbbfe6c7634ad18c26444ea39049fa\",\"name\":\"Reda\u00e7\u00e3o\",\"image\":{\"@type\":\"ImageObject\",\"inLanguage\":\"pt-PT\",\"@id\":\"https:\/\/brasilnoticias.org\/site\/#\/schema\/person\/image\/\",\"url\":\"https:\/\/secure.gravatar.com\/avatar\/9ecaf7327a696cb23ad926fedded5f1f04d7049de9e445375d55b48c001a6e42?s=96&d=mm&r=g\",\"contentUrl\":\"https:\/\/secure.gravatar.com\/avatar\/9ecaf7327a696cb23ad926fedded5f1f04d7049de9e445375d55b48c001a6e42?s=96&d=mm&r=g\",\"caption\":\"Reda\u00e7\u00e3o\"},\"url\":\"https:\/\/brasilnoticias.org\/site\/author\/henrique\/\"}]}<\/script>\n<!-- \/ Yoast SEO plugin. -->","yoast_head_json":{"title":"Integrante de grupo que atua em assaltos no Cabula \u00e9 baleado por \u201cjusticeiro\u201d; Major detalha a\u00e7\u00e3o - Brasil not\u00edcias","robots":{"index":"index","follow":"follow","max-snippet":"max-snippet:-1","max-image-preview":"max-image-preview:large","max-video-preview":"max-video-preview:-1"},"canonical":"https:\/\/brasilnoticias.org\/site\/integrante-de-grupo-que-atua-em-assaltos-no-cabula-e-baleado-por-justiceiro-major-detalha-acao\/","og_locale":"pt_PT","og_type":"article","og_title":"Integrante de grupo que atua em assaltos no Cabula \u00e9 baleado por \u201cjusticeiro\u201d; Major detalha a\u00e7\u00e3o - Brasil not\u00edcias","og_description":"O grupo que atua no Cabula recebe o nome de &#8220;XRE&#8221; devido \u00e0s motos que usam, modelo &#8220;Honda XRE&#8221;, que","og_url":"https:\/\/brasilnoticias.org\/site\/integrante-de-grupo-que-atua-em-assaltos-no-cabula-e-baleado-por-justiceiro-major-detalha-acao\/","og_site_name":"Brasil not\u00edcias","article_published_time":"2023-08-10T17:34:09+00:00","author":"Reda\u00e7\u00e3o","twitter_card":"summary_large_image","twitter_misc":{"Escrito por":"Reda\u00e7\u00e3o"},"schema":{"@context":"https:\/\/schema.org","@graph":[{"@type":"Article","@id":"https:\/\/brasilnoticias.org\/site\/integrante-de-grupo-que-atua-em-assaltos-no-cabula-e-baleado-por-justiceiro-major-detalha-acao\/#article","isPartOf":{"@id":"https:\/\/brasilnoticias.org\/site\/integrante-de-grupo-que-atua-em-assaltos-no-cabula-e-baleado-por-justiceiro-major-detalha-acao\/"},"author":{"name":"Reda\u00e7\u00e3o","@id":"https:\/\/brasilnoticias.org\/site\/#\/schema\/person\/03bbbfe6c7634ad18c26444ea39049fa"},"headline":"Integrante de grupo que atua em assaltos no Cabula \u00e9 baleado por \u201cjusticeiro\u201d; Major detalha a\u00e7\u00e3o","datePublished":"2023-08-10T17:34:09+00:00","mainEntityOfPage":{"@id":"https:\/\/brasilnoticias.org\/site\/integrante-de-grupo-que-atua-em-assaltos-no-cabula-e-baleado-por-justiceiro-major-detalha-acao\/"},"wordCount":575,"commentCount":0,"publisher":{"@id":"https:\/\/brasilnoticias.org\/site\/#organization"},"articleSection":["Pol\u00edcia","\u00daltimas"],"inLanguage":"pt-PT","potentialAction":[{"@type":"CommentAction","name":"Comment","target":["https:\/\/brasilnoticias.org\/site\/integrante-de-grupo-que-atua-em-assaltos-no-cabula-e-baleado-por-justiceiro-major-detalha-acao\/#respond"]}]},{"@type":"WebPage","@id":"https:\/\/brasilnoticias.org\/site\/integrante-de-grupo-que-atua-em-assaltos-no-cabula-e-baleado-por-justiceiro-major-detalha-acao\/","url":"https:\/\/brasilnoticias.org\/site\/integrante-de-grupo-que-atua-em-assaltos-no-cabula-e-baleado-por-justiceiro-major-detalha-acao\/","name":"Integrante de grupo que atua em assaltos no Cabula \u00e9 baleado por \u201cjusticeiro\u201d; Major detalha a\u00e7\u00e3o - Brasil not\u00edcias","isPartOf":{"@id":"https:\/\/brasilnoticias.org\/site\/#website"},"datePublished":"2023-08-10T17:34:09+00:00","breadcrumb":{"@id":"https:\/\/brasilnoticias.org\/site\/integrante-de-grupo-que-atua-em-assaltos-no-cabula-e-baleado-por-justiceiro-major-detalha-acao\/#breadcrumb"},"inLanguage":"pt-PT","potentialAction":[{"@type":"ReadAction","target":["https:\/\/brasilnoticias.org\/site\/integrante-de-grupo-que-atua-em-assaltos-no-cabula-e-baleado-por-justiceiro-major-detalha-acao\/"]}]},{"@type":"BreadcrumbList","@id":"https:\/\/brasilnoticias.org\/site\/integrante-de-grupo-que-atua-em-assaltos-no-cabula-e-baleado-por-justiceiro-major-detalha-acao\/#breadcrumb","itemListElement":[{"@type":"ListItem","position":1,"name":"In\u00edcio","item":"https:\/\/brasilnoticias.org\/site\/"},{"@type":"ListItem","position":2,"name":"Integrante de grupo que atua em assaltos no Cabula \u00e9 baleado por \u201cjusticeiro\u201d; Major detalha a\u00e7\u00e3o"}]},{"@type":"WebSite","@id":"https:\/\/brasilnoticias.org\/site\/#website","url":"https:\/\/brasilnoticias.org\/site\/","name":"Brasil not\u00edcias","description":"Brasil not\u00edcias","publisher":{"@id":"https:\/\/brasilnoticias.org\/site\/#organization"},"potentialAction":[{"@type":"SearchAction","target":{"@type":"EntryPoint","urlTemplate":"https:\/\/brasilnoticias.org\/site\/?s={search_term_string}"},"query-input":{"@type":"PropertyValueSpecification","valueRequired":true,"valueName":"search_term_string"}}],"inLanguage":"pt-PT"},{"@type":"Organization","@id":"https:\/\/brasilnoticias.org\/site\/#organization","name":"Brasil not\u00edcias","url":"https:\/\/brasilnoticias.org\/site\/","logo":{"@type":"ImageObject","inLanguage":"pt-PT","@id":"https:\/\/brasilnoticias.org\/site\/#\/schema\/logo\/image\/","url":"https:\/\/brasilnoticias.org\/site\/wp-content\/uploads\/2022\/05\/cropped-brasilnoticias-mini.jpg","contentUrl":"https:\/\/brasilnoticias.org\/site\/wp-content\/uploads\/2022\/05\/cropped-brasilnoticias-mini.jpg","width":314,"height":86,"caption":"Brasil not\u00edcias"},"image":{"@id":"https:\/\/brasilnoticias.org\/site\/#\/schema\/logo\/image\/"}},{"@type":"Person","@id":"https:\/\/brasilnoticias.org\/site\/#\/schema\/person\/03bbbfe6c7634ad18c26444ea39049fa","name":"Reda\u00e7\u00e3o","image":{"@type":"ImageObject","inLanguage":"pt-PT","@id":"https:\/\/brasilnoticias.org\/site\/#\/schema\/person\/image\/","url":"https:\/\/secure.gravatar.com\/avatar\/9ecaf7327a696cb23ad926fedded5f1f04d7049de9e445375d55b48c001a6e42?s=96&d=mm&r=g","contentUrl":"https:\/\/secure.gravatar.com\/avatar\/9ecaf7327a696cb23ad926fedded5f1f04d7049de9e445375d55b48c001a6e42?s=96&d=mm&r=g","caption":"Reda\u00e7\u00e3o"},"url":"https:\/\/brasilnoticias.org\/site\/author\/henrique\/"}]}},"_links":{"self":[{"href":"https:\/\/brasilnoticias.org\/site\/wp-json\/wp\/v2\/posts\/8130","targetHints":{"allow":["GET"]}}],"collection":[{"href":"https:\/\/brasilnoticias.org\/site\/wp-json\/wp\/v2\/posts"}],"about":[{"href":"https:\/\/brasilnoticias.org\/site\/wp-json\/wp\/v2\/types\/post"}],"author":[{"embeddable":true,"href":"https:\/\/brasilnoticias.org\/site\/wp-json\/wp\/v2\/users\/4"}],"replies":[{"embeddable":true,"href":"https:\/\/brasilnoticias.org\/site\/wp-json\/wp\/v2\/comments?post=8130"}],"version-history":[{"count":1,"href":"https:\/\/brasilnoticias.org\/site\/wp-json\/wp\/v2\/posts\/8130\/revisions"}],"predecessor-version":[{"id":8132,"href":"https:\/\/brasilnoticias.org\/site\/wp-json\/wp\/v2\/posts\/8130\/revisions\/8132"}],"wp:attachment":[{"href":"https:\/\/brasilnoticias.org\/site\/wp-json\/wp\/v2\/media?parent=8130"}],"wp:term":[{"taxonomy":"category","embeddable":true,"href":"https:\/\/brasilnoticias.org\/site\/wp-json\/wp\/v2\/categories?post=8130"},{"taxonomy":"post_tag","embeddable":true,"href":"https:\/\/brasilnoticias.org\/site\/wp-json\/wp\/v2\/tags?post=8130"}],"curies":[{"name":"wp","href":"https:\/\/api.w.org\/{rel}","templated":true}]}}