{"id":8133,"date":"2023-08-10T14:37:48","date_gmt":"2023-08-10T17:37:48","guid":{"rendered":"https:\/\/brasilnoticias.org\/site\/?p=8133"},"modified":"2023-08-10T14:37:48","modified_gmt":"2023-08-10T17:37:48","slug":"voce-sabe-onde-deve-guardar-cada-alimento-na-geladeira-teste-seus-conhecimentos","status":"publish","type":"post","link":"https:\/\/brasilnoticias.org\/site\/voce-sabe-onde-deve-guardar-cada-alimento-na-geladeira-teste-seus-conhecimentos\/","title":{"rendered":"Voc\u00ea sabe onde deve guardar cada alimento na geladeira? Teste seus conhecimentos"},"content":{"rendered":"<p>Ovos na porta ou na parte de dentro? Qual \u00e9 a regulagem ideal de temperatura? Fa\u00e7a o quiz do g1 e veja como voc\u00ea se sai na organiza\u00e7\u00e3o do refrigerador.<\/p>\n<p>Entender como funcionam as se\u00e7\u00f5es da sua geladeira vai ajudar a direcionar melhor a organiza\u00e7\u00e3o do espa\u00e7o dentro do eletrodom\u00e9stico.<\/p>\n<p>Mais importante, saber onde vai cada tipo de alimento permite que a comida dure mais tempo \u2013 sempre respeitando o prazo de validade informado na embalagem do produto, claro.<\/p>\n<p>O Guia de Compras conversou com nutricionistas e reuniu dicas sobre a organiza\u00e7\u00e3o dentro dos refrigeradores, com exemplos dos tipos de alimentos e orienta\u00e7\u00f5es quanto \u00e0 regulagem da temperatura.<\/p>\n<p>Teste seus conhecimentos no quiz abaixo e depois leia a reportagem para entender as respostas:<\/p>\n<p>Divida por se\u00e7\u00f5es<br \/>\nO interior de um refrigerador tem se\u00e7\u00f5es mais e menos frias. Geralmente, a parte superior da geladeira \u00e9 mais fria, enquanto embaixo \u00e9 menos gelado. Mas vale dar uma lida no manual, porque isso pode variar em cada modelo.<\/p>\n<p>\u201c\u00c9 importante separar os alimentos em categorias, colocando leite, iogurtes, queijos e carnes na parte mais fria da geladeira e vegetais e frutas na parte intermedi\u00e1ria\u201d, ensina o nutricionista Marcelo Toledo.<\/p>\n<p>Se guardados de forma errada, produtos que precisam de mais refrigera\u00e7\u00e3o, como latic\u00ednios, podem estragar mais cedo e os que precisam de menos podem ressecar ou, no caso de hortali\u00e7as, \u201cqueimar\u201d as folhas.<\/p>\n<p>A porta da geladeira \u00e9 o lugar menos frio do aparelho. \u201cEla \u00e9 indicada para produtos que n\u00e3o precisam de temperaturas baixas, como l\u00edquidos (\u00e1gua, sucos, molhos) e alguns temperos\u201d, conta Sueli Longo, nutricionista e presidente da Sociedade Brasileira de Alimenta\u00e7\u00e3o e Nutri\u00e7\u00e3o.<\/p>\n<p>OVOS NA PORTA? \u201cA depender do modelo, os fabricantes podem indicar que os ovos fiquem na porta ou dentro do refrigerador. Eu penso que eles devam ficar na parte de dentro, do meio para cima\u201d, opina Longo.<\/p>\n<p>Segundo a nutricionista, outro ponto a favor de deixar os ovos longe da porta \u00e9 que, por sua movimenta\u00e7\u00e3o constante, \u00e9 um local onde h\u00e1 mais probabilidade de o ovo cair.<\/p>\n<p>Separe um alimento do outro<br \/>\nPara evitar a contamina\u00e7\u00e3o cruzada, Toledo recomenda que alimentos que n\u00e3o ser\u00e3o lavados nem cozidos devem ficar em embalagens hermeticamente fechadas, e que comidas prontas devem ficar longe de produtos crus.<\/p>\n<p>\u201cSe poss\u00edvel, rotule os alimentos com a data de abertura ou preparo. Em geral, um alimento dura de 3 a 5 dias na geladeira, portanto, saber quando foi aberto ou feito pode facilitar a identifica\u00e7\u00e3o de alimentos que n\u00e3o s\u00e3o seguros para o consumo\u201d, finaliza Toledo.<\/p>\n<p>Outra dica \u00e9 verificar frutas que v\u00eam juntas para que uma n\u00e3o contamine a outra. &#8220;O morango \u00e9 um cl\u00e1ssico: voc\u00ea compra uma caixinha em que os de cima est\u00e3o bonitos, mas se pelo menos um embaixo estiver mofado e n\u00e3o for retirado, todos os outros v\u00e3o estragar junto&#8221;, conta Sueli Longo.<\/p>\n<p>E mesmo dentro da geladeira, n\u00e3o significa que um alimento vai durar mais do que a data de validade informada na embalagem. O prazo continua o mesmo, diferentemente de quando um alimento \u00e9 congelado \u2013 nesse caso, a validade aumenta.<br \/>\nIdentifique os produtos que n\u00e3o precisam de refrigera\u00e7\u00e3o<br \/>\nAlguns alimentos, como a batata, a ab\u00f3bora e a cebola s\u00f3 v\u00e3o para a geladeira depois de cortados.<\/p>\n<p>\u201cAlguns alimentos s\u00e3o muito sens\u00edveis e podem ficar escurecidos, por isso s\u00f3 devem ir para o refrigerador depois que saem da casca, ou seja, seu envolt\u00f3rio natural\u201d, diz Sueli Longo.<\/p>\n<p>Regule a temperatura<br \/>\nToda geladeira tem uma capacidade m\u00e1xima de armazenamento, indicada pelo fabricante, para manter a temperatura ideal de acordo com a quantidade de alimentos dentro.<\/p>\n<p>O bot\u00e3o regulador de temperatura deve ser usado com base no qu\u00e3o cheio seu aparelho est\u00e1 para que os produtos mais sens\u00edveis n\u00e3o estraguem.<\/p>\n<p>\u201cNormalmente, o refrigerador tem tr\u00eas n\u00edveis: m\u00ednimo, m\u00e9dio e alto. Se est\u00e1 em pot\u00eancia alta e tem pouca coisa dentro, pode queimar as folhas da alface. Mas se estiver em pot\u00eancia baixa com muitos alimentos, pode estragar o leite\u201d exemplifica Longo.<\/p>\n<p>Use os recipientes certos<br \/>\nPl\u00e1stico e vidro auxiliam na refrigera\u00e7\u00e3o, pois permitem que a temperatura seja transmitida da vasilha ao alimento. Outros materiais, como recipientes t\u00e9rmicos e papel\u00f5es espessos, inviabilizam esse processo, impedindo que o alimento resfrie.<\/p>\n<p>\u201cUm copo t\u00e9rmico com \u00e1gua dentro da geladeira n\u00e3o vai permitir que o l\u00edquido gele, porque foi feito para manter a temperatura interna\u201d, diz Sueli Longo.<\/p>\n<p>Foto: Polina Tankilevitch\/Pexels<br \/>\nG1<\/p>\n","protected":false},"excerpt":{"rendered":"<p>Ovos na porta ou na parte de dentro? Qual \u00e9 a regulagem ideal de temperatura? Fa\u00e7a o quiz do g1<\/p>\n","protected":false},"author":4,"featured_media":8134,"comment_status":"open","ping_status":"open","sticky":false,"template":"","format":"standard","meta":{"colormag_page_container_layout":"default_layout","colormag_page_sidebar_layout":"default_layout","_FSMCFIC_featured_image_caption":"","_FSMCFIC_featured_image_nocaption":"","_FSMCFIC_featured_image_hide":"","footnotes":""},"categories":[2,1],"tags":[],"class_list":["post-8133","post","type-post","status-publish","format-standard","has-post-thumbnail","hentry","category-noticias","category-ultimas"],"yoast_head":"<!-- This site is optimized with the Yoast SEO plugin v27.1.1 - https:\/\/yoast.com\/product\/yoast-seo-wordpress\/ -->\n<title>Voc\u00ea sabe onde deve guardar cada alimento na geladeira? Teste seus conhecimentos - Brasil not\u00edcias<\/title>\n<meta name=\"robots\" content=\"index, follow, max-snippet:-1, max-image-preview:large, max-video-preview:-1\" \/>\n<link rel=\"canonical\" href=\"https:\/\/brasilnoticias.org\/site\/voce-sabe-onde-deve-guardar-cada-alimento-na-geladeira-teste-seus-conhecimentos\/\" \/>\n<meta property=\"og:locale\" content=\"pt_PT\" \/>\n<meta property=\"og:type\" content=\"article\" \/>\n<meta property=\"og:title\" content=\"Voc\u00ea sabe onde deve guardar cada alimento na geladeira? Teste seus conhecimentos - Brasil not\u00edcias\" \/>\n<meta property=\"og:description\" content=\"Ovos na porta ou na parte de dentro? Qual \u00e9 a regulagem ideal de temperatura? Fa\u00e7a o quiz do g1\" \/>\n<meta property=\"og:url\" content=\"https:\/\/brasilnoticias.org\/site\/voce-sabe-onde-deve-guardar-cada-alimento-na-geladeira-teste-seus-conhecimentos\/\" \/>\n<meta property=\"og:site_name\" content=\"Brasil not\u00edcias\" \/>\n<meta property=\"article:published_time\" content=\"2023-08-10T17:37:48+00:00\" \/>\n<meta property=\"og:image\" content=\"https:\/\/brasilnoticias.org\/site\/wp-content\/uploads\/2023\/08\/pexels-polina-tankilevitch-4443442.webp\" \/>\n\t<meta property=\"og:image:width\" content=\"1200\" \/>\n\t<meta property=\"og:image:height\" content=\"800\" \/>\n\t<meta property=\"og:image:type\" content=\"image\/webp\" \/>\n<meta name=\"author\" content=\"Reda\u00e7\u00e3o\" \/>\n<meta name=\"twitter:card\" content=\"summary_large_image\" \/>\n<meta name=\"twitter:label1\" content=\"Escrito por\" \/>\n\t<meta name=\"twitter:data1\" content=\"Reda\u00e7\u00e3o\" \/>\n<script type=\"application\/ld+json\" class=\"yoast-schema-graph\">{\"@context\":\"https:\/\/schema.org\",\"@graph\":[{\"@type\":\"Article\",\"@id\":\"https:\/\/brasilnoticias.org\/site\/voce-sabe-onde-deve-guardar-cada-alimento-na-geladeira-teste-seus-conhecimentos\/#article\",\"isPartOf\":{\"@id\":\"https:\/\/brasilnoticias.org\/site\/voce-sabe-onde-deve-guardar-cada-alimento-na-geladeira-teste-seus-conhecimentos\/\"},\"author\":{\"name\":\"Reda\u00e7\u00e3o\",\"@id\":\"https:\/\/brasilnoticias.org\/site\/#\/schema\/person\/03bbbfe6c7634ad18c26444ea39049fa\"},\"headline\":\"Voc\u00ea sabe onde deve guardar cada alimento na geladeira? Teste seus conhecimentos\",\"datePublished\":\"2023-08-10T17:37:48+00:00\",\"mainEntityOfPage\":{\"@id\":\"https:\/\/brasilnoticias.org\/site\/voce-sabe-onde-deve-guardar-cada-alimento-na-geladeira-teste-seus-conhecimentos\/\"},\"wordCount\":784,\"commentCount\":0,\"publisher\":{\"@id\":\"https:\/\/brasilnoticias.org\/site\/#organization\"},\"image\":{\"@id\":\"https:\/\/brasilnoticias.org\/site\/voce-sabe-onde-deve-guardar-cada-alimento-na-geladeira-teste-seus-conhecimentos\/#primaryimage\"},\"thumbnailUrl\":\"https:\/\/brasilnoticias.org\/site\/wp-content\/uploads\/2023\/08\/pexels-polina-tankilevitch-4443442.webp\",\"articleSection\":[\"Not\u00edcias\",\"\u00daltimas\"],\"inLanguage\":\"pt-PT\",\"potentialAction\":[{\"@type\":\"CommentAction\",\"name\":\"Comment\",\"target\":[\"https:\/\/brasilnoticias.org\/site\/voce-sabe-onde-deve-guardar-cada-alimento-na-geladeira-teste-seus-conhecimentos\/#respond\"]}]},{\"@type\":\"WebPage\",\"@id\":\"https:\/\/brasilnoticias.org\/site\/voce-sabe-onde-deve-guardar-cada-alimento-na-geladeira-teste-seus-conhecimentos\/\",\"url\":\"https:\/\/brasilnoticias.org\/site\/voce-sabe-onde-deve-guardar-cada-alimento-na-geladeira-teste-seus-conhecimentos\/\",\"name\":\"Voc\u00ea sabe onde deve guardar cada alimento na geladeira? Teste seus conhecimentos - Brasil not\u00edcias\",\"isPartOf\":{\"@id\":\"https:\/\/brasilnoticias.org\/site\/#website\"},\"primaryImageOfPage\":{\"@id\":\"https:\/\/brasilnoticias.org\/site\/voce-sabe-onde-deve-guardar-cada-alimento-na-geladeira-teste-seus-conhecimentos\/#primaryimage\"},\"image\":{\"@id\":\"https:\/\/brasilnoticias.org\/site\/voce-sabe-onde-deve-guardar-cada-alimento-na-geladeira-teste-seus-conhecimentos\/#primaryimage\"},\"thumbnailUrl\":\"https:\/\/brasilnoticias.org\/site\/wp-content\/uploads\/2023\/08\/pexels-polina-tankilevitch-4443442.webp\",\"datePublished\":\"2023-08-10T17:37:48+00:00\",\"breadcrumb\":{\"@id\":\"https:\/\/brasilnoticias.org\/site\/voce-sabe-onde-deve-guardar-cada-alimento-na-geladeira-teste-seus-conhecimentos\/#breadcrumb\"},\"inLanguage\":\"pt-PT\",\"potentialAction\":[{\"@type\":\"ReadAction\",\"target\":[\"https:\/\/brasilnoticias.org\/site\/voce-sabe-onde-deve-guardar-cada-alimento-na-geladeira-teste-seus-conhecimentos\/\"]}]},{\"@type\":\"ImageObject\",\"inLanguage\":\"pt-PT\",\"@id\":\"https:\/\/brasilnoticias.org\/site\/voce-sabe-onde-deve-guardar-cada-alimento-na-geladeira-teste-seus-conhecimentos\/#primaryimage\",\"url\":\"https:\/\/brasilnoticias.org\/site\/wp-content\/uploads\/2023\/08\/pexels-polina-tankilevitch-4443442.webp\",\"contentUrl\":\"https:\/\/brasilnoticias.org\/site\/wp-content\/uploads\/2023\/08\/pexels-polina-tankilevitch-4443442.webp\",\"width\":1200,\"height\":800},{\"@type\":\"BreadcrumbList\",\"@id\":\"https:\/\/brasilnoticias.org\/site\/voce-sabe-onde-deve-guardar-cada-alimento-na-geladeira-teste-seus-conhecimentos\/#breadcrumb\",\"itemListElement\":[{\"@type\":\"ListItem\",\"position\":1,\"name\":\"In\u00edcio\",\"item\":\"https:\/\/brasilnoticias.org\/site\/\"},{\"@type\":\"ListItem\",\"position\":2,\"name\":\"Voc\u00ea sabe onde deve guardar cada alimento na geladeira? Teste seus conhecimentos\"}]},{\"@type\":\"WebSite\",\"@id\":\"https:\/\/brasilnoticias.org\/site\/#website\",\"url\":\"https:\/\/brasilnoticias.org\/site\/\",\"name\":\"Brasil not\u00edcias\",\"description\":\"Brasil not\u00edcias\",\"publisher\":{\"@id\":\"https:\/\/brasilnoticias.org\/site\/#organization\"},\"potentialAction\":[{\"@type\":\"SearchAction\",\"target\":{\"@type\":\"EntryPoint\",\"urlTemplate\":\"https:\/\/brasilnoticias.org\/site\/?s={search_term_string}\"},\"query-input\":{\"@type\":\"PropertyValueSpecification\",\"valueRequired\":true,\"valueName\":\"search_term_string\"}}],\"inLanguage\":\"pt-PT\"},{\"@type\":\"Organization\",\"@id\":\"https:\/\/brasilnoticias.org\/site\/#organization\",\"name\":\"Brasil not\u00edcias\",\"url\":\"https:\/\/brasilnoticias.org\/site\/\",\"logo\":{\"@type\":\"ImageObject\",\"inLanguage\":\"pt-PT\",\"@id\":\"https:\/\/brasilnoticias.org\/site\/#\/schema\/logo\/image\/\",\"url\":\"https:\/\/brasilnoticias.org\/site\/wp-content\/uploads\/2022\/05\/cropped-brasilnoticias-mini.jpg\",\"contentUrl\":\"https:\/\/brasilnoticias.org\/site\/wp-content\/uploads\/2022\/05\/cropped-brasilnoticias-mini.jpg\",\"width\":314,\"height\":86,\"caption\":\"Brasil not\u00edcias\"},\"image\":{\"@id\":\"https:\/\/brasilnoticias.org\/site\/#\/schema\/logo\/image\/\"}},{\"@type\":\"Person\",\"@id\":\"https:\/\/brasilnoticias.org\/site\/#\/schema\/person\/03bbbfe6c7634ad18c26444ea39049fa\",\"name\":\"Reda\u00e7\u00e3o\",\"image\":{\"@type\":\"ImageObject\",\"inLanguage\":\"pt-PT\",\"@id\":\"https:\/\/brasilnoticias.org\/site\/#\/schema\/person\/image\/\",\"url\":\"https:\/\/secure.gravatar.com\/avatar\/9ecaf7327a696cb23ad926fedded5f1f04d7049de9e445375d55b48c001a6e42?s=96&d=mm&r=g\",\"contentUrl\":\"https:\/\/secure.gravatar.com\/avatar\/9ecaf7327a696cb23ad926fedded5f1f04d7049de9e445375d55b48c001a6e42?s=96&d=mm&r=g\",\"caption\":\"Reda\u00e7\u00e3o\"},\"url\":\"https:\/\/brasilnoticias.org\/site\/author\/henrique\/\"}]}<\/script>\n<!-- \/ Yoast SEO plugin. -->","yoast_head_json":{"title":"Voc\u00ea sabe onde deve guardar cada alimento na geladeira? Teste seus conhecimentos - Brasil not\u00edcias","robots":{"index":"index","follow":"follow","max-snippet":"max-snippet:-1","max-image-preview":"max-image-preview:large","max-video-preview":"max-video-preview:-1"},"canonical":"https:\/\/brasilnoticias.org\/site\/voce-sabe-onde-deve-guardar-cada-alimento-na-geladeira-teste-seus-conhecimentos\/","og_locale":"pt_PT","og_type":"article","og_title":"Voc\u00ea sabe onde deve guardar cada alimento na geladeira? Teste seus conhecimentos - Brasil not\u00edcias","og_description":"Ovos na porta ou na parte de dentro? Qual \u00e9 a regulagem ideal de temperatura? Fa\u00e7a o quiz do g1","og_url":"https:\/\/brasilnoticias.org\/site\/voce-sabe-onde-deve-guardar-cada-alimento-na-geladeira-teste-seus-conhecimentos\/","og_site_name":"Brasil not\u00edcias","article_published_time":"2023-08-10T17:37:48+00:00","og_image":[{"width":1200,"height":800,"url":"https:\/\/brasilnoticias.org\/site\/wp-content\/uploads\/2023\/08\/pexels-polina-tankilevitch-4443442.webp","type":"image\/webp"}],"author":"Reda\u00e7\u00e3o","twitter_card":"summary_large_image","twitter_misc":{"Escrito por":"Reda\u00e7\u00e3o"},"schema":{"@context":"https:\/\/schema.org","@graph":[{"@type":"Article","@id":"https:\/\/brasilnoticias.org\/site\/voce-sabe-onde-deve-guardar-cada-alimento-na-geladeira-teste-seus-conhecimentos\/#article","isPartOf":{"@id":"https:\/\/brasilnoticias.org\/site\/voce-sabe-onde-deve-guardar-cada-alimento-na-geladeira-teste-seus-conhecimentos\/"},"author":{"name":"Reda\u00e7\u00e3o","@id":"https:\/\/brasilnoticias.org\/site\/#\/schema\/person\/03bbbfe6c7634ad18c26444ea39049fa"},"headline":"Voc\u00ea sabe onde deve guardar cada alimento na geladeira? Teste seus conhecimentos","datePublished":"2023-08-10T17:37:48+00:00","mainEntityOfPage":{"@id":"https:\/\/brasilnoticias.org\/site\/voce-sabe-onde-deve-guardar-cada-alimento-na-geladeira-teste-seus-conhecimentos\/"},"wordCount":784,"commentCount":0,"publisher":{"@id":"https:\/\/brasilnoticias.org\/site\/#organization"},"image":{"@id":"https:\/\/brasilnoticias.org\/site\/voce-sabe-onde-deve-guardar-cada-alimento-na-geladeira-teste-seus-conhecimentos\/#primaryimage"},"thumbnailUrl":"https:\/\/brasilnoticias.org\/site\/wp-content\/uploads\/2023\/08\/pexels-polina-tankilevitch-4443442.webp","articleSection":["Not\u00edcias","\u00daltimas"],"inLanguage":"pt-PT","potentialAction":[{"@type":"CommentAction","name":"Comment","target":["https:\/\/brasilnoticias.org\/site\/voce-sabe-onde-deve-guardar-cada-alimento-na-geladeira-teste-seus-conhecimentos\/#respond"]}]},{"@type":"WebPage","@id":"https:\/\/brasilnoticias.org\/site\/voce-sabe-onde-deve-guardar-cada-alimento-na-geladeira-teste-seus-conhecimentos\/","url":"https:\/\/brasilnoticias.org\/site\/voce-sabe-onde-deve-guardar-cada-alimento-na-geladeira-teste-seus-conhecimentos\/","name":"Voc\u00ea sabe onde deve guardar cada alimento na geladeira? Teste seus conhecimentos - Brasil not\u00edcias","isPartOf":{"@id":"https:\/\/brasilnoticias.org\/site\/#website"},"primaryImageOfPage":{"@id":"https:\/\/brasilnoticias.org\/site\/voce-sabe-onde-deve-guardar-cada-alimento-na-geladeira-teste-seus-conhecimentos\/#primaryimage"},"image":{"@id":"https:\/\/brasilnoticias.org\/site\/voce-sabe-onde-deve-guardar-cada-alimento-na-geladeira-teste-seus-conhecimentos\/#primaryimage"},"thumbnailUrl":"https:\/\/brasilnoticias.org\/site\/wp-content\/uploads\/2023\/08\/pexels-polina-tankilevitch-4443442.webp","datePublished":"2023-08-10T17:37:48+00:00","breadcrumb":{"@id":"https:\/\/brasilnoticias.org\/site\/voce-sabe-onde-deve-guardar-cada-alimento-na-geladeira-teste-seus-conhecimentos\/#breadcrumb"},"inLanguage":"pt-PT","potentialAction":[{"@type":"ReadAction","target":["https:\/\/brasilnoticias.org\/site\/voce-sabe-onde-deve-guardar-cada-alimento-na-geladeira-teste-seus-conhecimentos\/"]}]},{"@type":"ImageObject","inLanguage":"pt-PT","@id":"https:\/\/brasilnoticias.org\/site\/voce-sabe-onde-deve-guardar-cada-alimento-na-geladeira-teste-seus-conhecimentos\/#primaryimage","url":"https:\/\/brasilnoticias.org\/site\/wp-content\/uploads\/2023\/08\/pexels-polina-tankilevitch-4443442.webp","contentUrl":"https:\/\/brasilnoticias.org\/site\/wp-content\/uploads\/2023\/08\/pexels-polina-tankilevitch-4443442.webp","width":1200,"height":800},{"@type":"BreadcrumbList","@id":"https:\/\/brasilnoticias.org\/site\/voce-sabe-onde-deve-guardar-cada-alimento-na-geladeira-teste-seus-conhecimentos\/#breadcrumb","itemListElement":[{"@type":"ListItem","position":1,"name":"In\u00edcio","item":"https:\/\/brasilnoticias.org\/site\/"},{"@type":"ListItem","position":2,"name":"Voc\u00ea sabe onde deve guardar cada alimento na geladeira? Teste seus conhecimentos"}]},{"@type":"WebSite","@id":"https:\/\/brasilnoticias.org\/site\/#website","url":"https:\/\/brasilnoticias.org\/site\/","name":"Brasil not\u00edcias","description":"Brasil not\u00edcias","publisher":{"@id":"https:\/\/brasilnoticias.org\/site\/#organization"},"potentialAction":[{"@type":"SearchAction","target":{"@type":"EntryPoint","urlTemplate":"https:\/\/brasilnoticias.org\/site\/?s={search_term_string}"},"query-input":{"@type":"PropertyValueSpecification","valueRequired":true,"valueName":"search_term_string"}}],"inLanguage":"pt-PT"},{"@type":"Organization","@id":"https:\/\/brasilnoticias.org\/site\/#organization","name":"Brasil not\u00edcias","url":"https:\/\/brasilnoticias.org\/site\/","logo":{"@type":"ImageObject","inLanguage":"pt-PT","@id":"https:\/\/brasilnoticias.org\/site\/#\/schema\/logo\/image\/","url":"https:\/\/brasilnoticias.org\/site\/wp-content\/uploads\/2022\/05\/cropped-brasilnoticias-mini.jpg","contentUrl":"https:\/\/brasilnoticias.org\/site\/wp-content\/uploads\/2022\/05\/cropped-brasilnoticias-mini.jpg","width":314,"height":86,"caption":"Brasil not\u00edcias"},"image":{"@id":"https:\/\/brasilnoticias.org\/site\/#\/schema\/logo\/image\/"}},{"@type":"Person","@id":"https:\/\/brasilnoticias.org\/site\/#\/schema\/person\/03bbbfe6c7634ad18c26444ea39049fa","name":"Reda\u00e7\u00e3o","image":{"@type":"ImageObject","inLanguage":"pt-PT","@id":"https:\/\/brasilnoticias.org\/site\/#\/schema\/person\/image\/","url":"https:\/\/secure.gravatar.com\/avatar\/9ecaf7327a696cb23ad926fedded5f1f04d7049de9e445375d55b48c001a6e42?s=96&d=mm&r=g","contentUrl":"https:\/\/secure.gravatar.com\/avatar\/9ecaf7327a696cb23ad926fedded5f1f04d7049de9e445375d55b48c001a6e42?s=96&d=mm&r=g","caption":"Reda\u00e7\u00e3o"},"url":"https:\/\/brasilnoticias.org\/site\/author\/henrique\/"}]}},"_links":{"self":[{"href":"https:\/\/brasilnoticias.org\/site\/wp-json\/wp\/v2\/posts\/8133","targetHints":{"allow":["GET"]}}],"collection":[{"href":"https:\/\/brasilnoticias.org\/site\/wp-json\/wp\/v2\/posts"}],"about":[{"href":"https:\/\/brasilnoticias.org\/site\/wp-json\/wp\/v2\/types\/post"}],"author":[{"embeddable":true,"href":"https:\/\/brasilnoticias.org\/site\/wp-json\/wp\/v2\/users\/4"}],"replies":[{"embeddable":true,"href":"https:\/\/brasilnoticias.org\/site\/wp-json\/wp\/v2\/comments?post=8133"}],"version-history":[{"count":1,"href":"https:\/\/brasilnoticias.org\/site\/wp-json\/wp\/v2\/posts\/8133\/revisions"}],"predecessor-version":[{"id":8135,"href":"https:\/\/brasilnoticias.org\/site\/wp-json\/wp\/v2\/posts\/8133\/revisions\/8135"}],"wp:featuredmedia":[{"embeddable":true,"href":"https:\/\/brasilnoticias.org\/site\/wp-json\/wp\/v2\/media\/8134"}],"wp:attachment":[{"href":"https:\/\/brasilnoticias.org\/site\/wp-json\/wp\/v2\/media?parent=8133"}],"wp:term":[{"taxonomy":"category","embeddable":true,"href":"https:\/\/brasilnoticias.org\/site\/wp-json\/wp\/v2\/categories?post=8133"},{"taxonomy":"post_tag","embeddable":true,"href":"https:\/\/brasilnoticias.org\/site\/wp-json\/wp\/v2\/tags?post=8133"}],"curies":[{"name":"wp","href":"https:\/\/api.w.org\/{rel}","templated":true}]}}