{"id":8139,"date":"2023-08-10T14:43:25","date_gmt":"2023-08-10T17:43:25","guid":{"rendered":"https:\/\/brasilnoticias.org\/site\/?p=8139"},"modified":"2023-08-10T14:43:25","modified_gmt":"2023-08-10T17:43:25","slug":"anderson-torres-repete-declaracoes-feitas-no-congresso-e-nega-responsabilidade-por-mapeamento-de-eleitores-e-atuacao-da-prf-no-2o-turno","status":"publish","type":"post","link":"https:\/\/brasilnoticias.org\/site\/anderson-torres-repete-declaracoes-feitas-no-congresso-e-nega-responsabilidade-por-mapeamento-de-eleitores-e-atuacao-da-prf-no-2o-turno\/","title":{"rendered":"Anderson Torres repete declara\u00e7\u00f5es feitas no Congresso e nega responsabilidade por mapeamento de eleitores e atua\u00e7\u00e3o da PRF no 2\u00ba turno"},"content":{"rendered":"<p>Segundo ex-secret\u00e1rio de Seguran\u00e7a e ex-ministro, inten\u00e7\u00e3o do Minist\u00e9rio da Justi\u00e7a era reprimir crimes eleitorais.<\/p>\n<p>O ex-secret\u00e1rio de Seguran\u00e7a P\u00fablica do Distrito Federal Anderson Torres repetiu as declara\u00e7\u00f5es feitas durante a CPMI dos Atos Golpistas, no Congresso Nacional, e negou ter pedido mapeamento de eleitores e interfer\u00eancia na atua\u00e7\u00e3o da Pol\u00edcia Rodovi\u00e1ria Federal (PRF) no 2\u00ba turno de 2022.<\/p>\n<p>A declara\u00e7\u00e3o foi feita durante reuni\u00e3o da CPI dos Atos Antidemocr\u00e1ticos, na C\u00e2mara Legislativa do DF, nesta quinta-feira (10). O mapeamento mostrava os locais onde Lula e Bolsonaro tiveram mais de 75% de votos no primeiro turno das elei\u00e7\u00f5es do ano passado.<\/p>\n<p>&#8220;N\u00e3o fui eu [que determinou o levantamento]. A intelig\u00eancia [do Minist\u00e9rio da Justi\u00e7a] tem como uma das fun\u00e7\u00f5es fomentar discuss\u00e3o. Ali naquele momento, nossa inten\u00e7\u00e3o era reprimir os crimes eleitorais, independente do partido&#8221;, disse Torres.<br \/>\nSegundo ele, durante a entrega, o mapeamento foi descartado. &#8220;N\u00e3o dei andamento porque n\u00e3o vi conex\u00e3o disso com crime. Questionei como, atrav\u00e9s disso, a gente ia chegar a um crime eleitoral e n\u00e3o tive resposta&#8221;, afirmou o ex-secret\u00e1rio, ent\u00e3o ministro da Justi\u00e7a, no governo de Jair Bolsonaro.<\/p>\n<p>Assim como afirmou durante a CPMI, Anderson Torres disse que o relat\u00f3rio foi iniciativa da delegada Mar\u00edlia Alencar. Ela era diretora de Intelig\u00eancia (DINT) da Secretaria de Opera\u00e7\u00f5es Integradas (SEOPI), do Minist\u00e9rio da Justi\u00e7a. A ex-diretora foi ouvida pela PF no dia 13 de abril e afirmou que o levantamento teria sido um pedido de Torres, seu chefe na \u00e9poca.<\/p>\n<p>No dia do segundo turno das elei\u00e7\u00f5es, Pol\u00edcia Rodovi\u00e1ria Federal (PRF) \u2013 tamb\u00e9m subordinada a Torres \u2013 parou 2 mil \u00f4nibus em blitze no Nordeste, interferindo na movimenta\u00e7\u00e3o de eleitores (para compara\u00e7\u00e3o, 571 \u00f4nibus foram parados no Sudeste).<\/p>\n<p>A Pol\u00edcia Federal abriu um inqu\u00e9rito para investigar o caso e prendeu o ex-diretor da Pol\u00edcia Rodovi\u00e1ria Federal (PRF) Silvinei Vasques, na manh\u00e3 desta quarta-feira (9).<\/p>\n<p>Celulares, computador e passaporte do ex-diretor-geral foram apreendidos. Os mandados foram autorizados pelo ministro do Supremo Tribunal Federal (STF) Alexandre de Moraes.<\/p>\n<p>Ouvido pela CPI dos Atos Golpistas em junho, o ex-diretor da PRF negou irregularidades na atua\u00e7\u00e3o da corpora\u00e7\u00e3o. Em nota, a PRF afirma que colabora com as autoridades na investiga\u00e7\u00e3o e que tr\u00eas processos administrativos disciplinares foram abertos na corpora\u00e7\u00e3o para apurar a conduta de Vasques.<\/p>\n<p>Aumento de efetivo<br \/>\nAnderson Torres tamb\u00e9m negou ter determinado o aumento de efetivos da PRF em cidades do Nordeste, durante o 2\u00ba turno das elei\u00e7\u00f5es. Essa decis\u00e3o teria sido tomada durante uma viagem do ex-ministro \u00e0 Bahia.<\/p>\n<p>&#8220;Fui a convite do diretor da PF para visitar a obra da superintend\u00eancia da PF\/BA. Nessa visita, conversamos sobre elei\u00e7\u00e3o. Ele fez uma reclama\u00e7\u00e3o de que a Bahia era muito grande, que ele n\u00e3o ia conseguir atender o estado com a PF&#8221;, contou Torres.<\/p>\n<p>Ainda de acordo com ele, foi ent\u00e3o feita uma sugest\u00e3o de que a Pol\u00edcia Federal solicitasse aux\u00edlio da PRF nos locais em que n\u00e3o fosse poss\u00edvel atender apenas com o efetivo da corpora\u00e7\u00e3o. &#8220;N\u00e3o determinei [aumento de efetivo em] cidade nenhuma&#8221;, disse.<\/p>\n<p>Foto: TV C\u00e2mara\/Reprodu\u00e7\u00e3o<br \/>\nG1<\/p>\n","protected":false},"excerpt":{"rendered":"<p>Segundo ex-secret\u00e1rio de Seguran\u00e7a e ex-ministro, inten\u00e7\u00e3o do Minist\u00e9rio da Justi\u00e7a era reprimir crimes eleitorais. O ex-secret\u00e1rio de Seguran\u00e7a P\u00fablica<\/p>\n","protected":false},"author":4,"featured_media":8140,"comment_status":"open","ping_status":"open","sticky":false,"template":"","format":"standard","meta":{"colormag_page_container_layout":"default_layout","colormag_page_sidebar_layout":"default_layout","_FSMCFIC_featured_image_caption":"","_FSMCFIC_featured_image_nocaption":"","_FSMCFIC_featured_image_hide":"","footnotes":""},"categories":[5,1],"tags":[],"class_list":["post-8139","post","type-post","status-publish","format-standard","has-post-thumbnail","hentry","category-politica","category-ultimas"],"yoast_head":"<!-- This site is optimized with the Yoast SEO plugin v27.1.1 - https:\/\/yoast.com\/product\/yoast-seo-wordpress\/ -->\n<title>Anderson Torres repete declara\u00e7\u00f5es feitas no Congresso e nega responsabilidade por mapeamento de eleitores e atua\u00e7\u00e3o da PRF no 2\u00ba turno - Brasil not\u00edcias<\/title>\n<meta name=\"robots\" content=\"index, follow, max-snippet:-1, max-image-preview:large, max-video-preview:-1\" \/>\n<link rel=\"canonical\" href=\"https:\/\/brasilnoticias.org\/site\/anderson-torres-repete-declaracoes-feitas-no-congresso-e-nega-responsabilidade-por-mapeamento-de-eleitores-e-atuacao-da-prf-no-2o-turno\/\" \/>\n<meta property=\"og:locale\" content=\"pt_PT\" \/>\n<meta property=\"og:type\" content=\"article\" \/>\n<meta property=\"og:title\" content=\"Anderson Torres repete declara\u00e7\u00f5es feitas no Congresso e nega responsabilidade por mapeamento de eleitores e atua\u00e7\u00e3o da PRF no 2\u00ba turno - Brasil not\u00edcias\" \/>\n<meta property=\"og:description\" content=\"Segundo ex-secret\u00e1rio de Seguran\u00e7a e ex-ministro, inten\u00e7\u00e3o do Minist\u00e9rio da Justi\u00e7a era reprimir crimes eleitorais. O ex-secret\u00e1rio de Seguran\u00e7a P\u00fablica\" \/>\n<meta property=\"og:url\" content=\"https:\/\/brasilnoticias.org\/site\/anderson-torres-repete-declaracoes-feitas-no-congresso-e-nega-responsabilidade-por-mapeamento-de-eleitores-e-atuacao-da-prf-no-2o-turno\/\" \/>\n<meta property=\"og:site_name\" content=\"Brasil not\u00edcias\" \/>\n<meta property=\"article:published_time\" content=\"2023-08-10T17:43:25+00:00\" \/>\n<meta property=\"og:image\" content=\"https:\/\/brasilnoticias.org\/site\/wp-content\/uploads\/2023\/08\/whatsapp-image-2023-08-10-at-10.27.48.webp\" \/>\n\t<meta property=\"og:image:width\" content=\"984\" \/>\n\t<meta property=\"og:image:height\" content=\"616\" \/>\n\t<meta property=\"og:image:type\" content=\"image\/webp\" \/>\n<meta name=\"author\" content=\"Reda\u00e7\u00e3o\" \/>\n<meta name=\"twitter:card\" content=\"summary_large_image\" \/>\n<meta name=\"twitter:label1\" content=\"Escrito por\" \/>\n\t<meta name=\"twitter:data1\" content=\"Reda\u00e7\u00e3o\" \/>\n<script type=\"application\/ld+json\" class=\"yoast-schema-graph\">{\"@context\":\"https:\/\/schema.org\",\"@graph\":[{\"@type\":\"Article\",\"@id\":\"https:\/\/brasilnoticias.org\/site\/anderson-torres-repete-declaracoes-feitas-no-congresso-e-nega-responsabilidade-por-mapeamento-de-eleitores-e-atuacao-da-prf-no-2o-turno\/#article\",\"isPartOf\":{\"@id\":\"https:\/\/brasilnoticias.org\/site\/anderson-torres-repete-declaracoes-feitas-no-congresso-e-nega-responsabilidade-por-mapeamento-de-eleitores-e-atuacao-da-prf-no-2o-turno\/\"},\"author\":{\"name\":\"Reda\u00e7\u00e3o\",\"@id\":\"https:\/\/brasilnoticias.org\/site\/#\/schema\/person\/03bbbfe6c7634ad18c26444ea39049fa\"},\"headline\":\"Anderson Torres repete declara\u00e7\u00f5es feitas no Congresso e nega responsabilidade por mapeamento de eleitores e atua\u00e7\u00e3o da PRF no 2\u00ba turno\",\"datePublished\":\"2023-08-10T17:43:25+00:00\",\"mainEntityOfPage\":{\"@id\":\"https:\/\/brasilnoticias.org\/site\/anderson-torres-repete-declaracoes-feitas-no-congresso-e-nega-responsabilidade-por-mapeamento-de-eleitores-e-atuacao-da-prf-no-2o-turno\/\"},\"wordCount\":585,\"commentCount\":0,\"publisher\":{\"@id\":\"https:\/\/brasilnoticias.org\/site\/#organization\"},\"image\":{\"@id\":\"https:\/\/brasilnoticias.org\/site\/anderson-torres-repete-declaracoes-feitas-no-congresso-e-nega-responsabilidade-por-mapeamento-de-eleitores-e-atuacao-da-prf-no-2o-turno\/#primaryimage\"},\"thumbnailUrl\":\"https:\/\/brasilnoticias.org\/site\/wp-content\/uploads\/2023\/08\/whatsapp-image-2023-08-10-at-10.27.48.webp\",\"articleSection\":[\"Pol\u00edtica\",\"\u00daltimas\"],\"inLanguage\":\"pt-PT\",\"potentialAction\":[{\"@type\":\"CommentAction\",\"name\":\"Comment\",\"target\":[\"https:\/\/brasilnoticias.org\/site\/anderson-torres-repete-declaracoes-feitas-no-congresso-e-nega-responsabilidade-por-mapeamento-de-eleitores-e-atuacao-da-prf-no-2o-turno\/#respond\"]}]},{\"@type\":\"WebPage\",\"@id\":\"https:\/\/brasilnoticias.org\/site\/anderson-torres-repete-declaracoes-feitas-no-congresso-e-nega-responsabilidade-por-mapeamento-de-eleitores-e-atuacao-da-prf-no-2o-turno\/\",\"url\":\"https:\/\/brasilnoticias.org\/site\/anderson-torres-repete-declaracoes-feitas-no-congresso-e-nega-responsabilidade-por-mapeamento-de-eleitores-e-atuacao-da-prf-no-2o-turno\/\",\"name\":\"Anderson Torres repete declara\u00e7\u00f5es feitas no Congresso e nega responsabilidade por mapeamento de eleitores e atua\u00e7\u00e3o da PRF no 2\u00ba turno - Brasil not\u00edcias\",\"isPartOf\":{\"@id\":\"https:\/\/brasilnoticias.org\/site\/#website\"},\"primaryImageOfPage\":{\"@id\":\"https:\/\/brasilnoticias.org\/site\/anderson-torres-repete-declaracoes-feitas-no-congresso-e-nega-responsabilidade-por-mapeamento-de-eleitores-e-atuacao-da-prf-no-2o-turno\/#primaryimage\"},\"image\":{\"@id\":\"https:\/\/brasilnoticias.org\/site\/anderson-torres-repete-declaracoes-feitas-no-congresso-e-nega-responsabilidade-por-mapeamento-de-eleitores-e-atuacao-da-prf-no-2o-turno\/#primaryimage\"},\"thumbnailUrl\":\"https:\/\/brasilnoticias.org\/site\/wp-content\/uploads\/2023\/08\/whatsapp-image-2023-08-10-at-10.27.48.webp\",\"datePublished\":\"2023-08-10T17:43:25+00:00\",\"breadcrumb\":{\"@id\":\"https:\/\/brasilnoticias.org\/site\/anderson-torres-repete-declaracoes-feitas-no-congresso-e-nega-responsabilidade-por-mapeamento-de-eleitores-e-atuacao-da-prf-no-2o-turno\/#breadcrumb\"},\"inLanguage\":\"pt-PT\",\"potentialAction\":[{\"@type\":\"ReadAction\",\"target\":[\"https:\/\/brasilnoticias.org\/site\/anderson-torres-repete-declaracoes-feitas-no-congresso-e-nega-responsabilidade-por-mapeamento-de-eleitores-e-atuacao-da-prf-no-2o-turno\/\"]}]},{\"@type\":\"ImageObject\",\"inLanguage\":\"pt-PT\",\"@id\":\"https:\/\/brasilnoticias.org\/site\/anderson-torres-repete-declaracoes-feitas-no-congresso-e-nega-responsabilidade-por-mapeamento-de-eleitores-e-atuacao-da-prf-no-2o-turno\/#primaryimage\",\"url\":\"https:\/\/brasilnoticias.org\/site\/wp-content\/uploads\/2023\/08\/whatsapp-image-2023-08-10-at-10.27.48.webp\",\"contentUrl\":\"https:\/\/brasilnoticias.org\/site\/wp-content\/uploads\/2023\/08\/whatsapp-image-2023-08-10-at-10.27.48.webp\",\"width\":984,\"height\":616},{\"@type\":\"BreadcrumbList\",\"@id\":\"https:\/\/brasilnoticias.org\/site\/anderson-torres-repete-declaracoes-feitas-no-congresso-e-nega-responsabilidade-por-mapeamento-de-eleitores-e-atuacao-da-prf-no-2o-turno\/#breadcrumb\",\"itemListElement\":[{\"@type\":\"ListItem\",\"position\":1,\"name\":\"In\u00edcio\",\"item\":\"https:\/\/brasilnoticias.org\/site\/\"},{\"@type\":\"ListItem\",\"position\":2,\"name\":\"Anderson Torres repete declara\u00e7\u00f5es feitas no Congresso e nega responsabilidade por mapeamento de eleitores e atua\u00e7\u00e3o da PRF no 2\u00ba turno\"}]},{\"@type\":\"WebSite\",\"@id\":\"https:\/\/brasilnoticias.org\/site\/#website\",\"url\":\"https:\/\/brasilnoticias.org\/site\/\",\"name\":\"Brasil not\u00edcias\",\"description\":\"Brasil not\u00edcias\",\"publisher\":{\"@id\":\"https:\/\/brasilnoticias.org\/site\/#organization\"},\"potentialAction\":[{\"@type\":\"SearchAction\",\"target\":{\"@type\":\"EntryPoint\",\"urlTemplate\":\"https:\/\/brasilnoticias.org\/site\/?s={search_term_string}\"},\"query-input\":{\"@type\":\"PropertyValueSpecification\",\"valueRequired\":true,\"valueName\":\"search_term_string\"}}],\"inLanguage\":\"pt-PT\"},{\"@type\":\"Organization\",\"@id\":\"https:\/\/brasilnoticias.org\/site\/#organization\",\"name\":\"Brasil not\u00edcias\",\"url\":\"https:\/\/brasilnoticias.org\/site\/\",\"logo\":{\"@type\":\"ImageObject\",\"inLanguage\":\"pt-PT\",\"@id\":\"https:\/\/brasilnoticias.org\/site\/#\/schema\/logo\/image\/\",\"url\":\"https:\/\/brasilnoticias.org\/site\/wp-content\/uploads\/2022\/05\/cropped-brasilnoticias-mini.jpg\",\"contentUrl\":\"https:\/\/brasilnoticias.org\/site\/wp-content\/uploads\/2022\/05\/cropped-brasilnoticias-mini.jpg\",\"width\":314,\"height\":86,\"caption\":\"Brasil not\u00edcias\"},\"image\":{\"@id\":\"https:\/\/brasilnoticias.org\/site\/#\/schema\/logo\/image\/\"}},{\"@type\":\"Person\",\"@id\":\"https:\/\/brasilnoticias.org\/site\/#\/schema\/person\/03bbbfe6c7634ad18c26444ea39049fa\",\"name\":\"Reda\u00e7\u00e3o\",\"image\":{\"@type\":\"ImageObject\",\"inLanguage\":\"pt-PT\",\"@id\":\"https:\/\/brasilnoticias.org\/site\/#\/schema\/person\/image\/\",\"url\":\"https:\/\/secure.gravatar.com\/avatar\/9ecaf7327a696cb23ad926fedded5f1f04d7049de9e445375d55b48c001a6e42?s=96&d=mm&r=g\",\"contentUrl\":\"https:\/\/secure.gravatar.com\/avatar\/9ecaf7327a696cb23ad926fedded5f1f04d7049de9e445375d55b48c001a6e42?s=96&d=mm&r=g\",\"caption\":\"Reda\u00e7\u00e3o\"},\"url\":\"https:\/\/brasilnoticias.org\/site\/author\/henrique\/\"}]}<\/script>\n<!-- \/ Yoast SEO plugin. -->","yoast_head_json":{"title":"Anderson Torres repete declara\u00e7\u00f5es feitas no Congresso e nega responsabilidade por mapeamento de eleitores e atua\u00e7\u00e3o da PRF no 2\u00ba turno - Brasil not\u00edcias","robots":{"index":"index","follow":"follow","max-snippet":"max-snippet:-1","max-image-preview":"max-image-preview:large","max-video-preview":"max-video-preview:-1"},"canonical":"https:\/\/brasilnoticias.org\/site\/anderson-torres-repete-declaracoes-feitas-no-congresso-e-nega-responsabilidade-por-mapeamento-de-eleitores-e-atuacao-da-prf-no-2o-turno\/","og_locale":"pt_PT","og_type":"article","og_title":"Anderson Torres repete declara\u00e7\u00f5es feitas no Congresso e nega responsabilidade por mapeamento de eleitores e atua\u00e7\u00e3o da PRF no 2\u00ba turno - Brasil not\u00edcias","og_description":"Segundo ex-secret\u00e1rio de Seguran\u00e7a e ex-ministro, inten\u00e7\u00e3o do Minist\u00e9rio da Justi\u00e7a era reprimir crimes eleitorais. O ex-secret\u00e1rio de Seguran\u00e7a P\u00fablica","og_url":"https:\/\/brasilnoticias.org\/site\/anderson-torres-repete-declaracoes-feitas-no-congresso-e-nega-responsabilidade-por-mapeamento-de-eleitores-e-atuacao-da-prf-no-2o-turno\/","og_site_name":"Brasil not\u00edcias","article_published_time":"2023-08-10T17:43:25+00:00","og_image":[{"width":984,"height":616,"url":"https:\/\/brasilnoticias.org\/site\/wp-content\/uploads\/2023\/08\/whatsapp-image-2023-08-10-at-10.27.48.webp","type":"image\/webp"}],"author":"Reda\u00e7\u00e3o","twitter_card":"summary_large_image","twitter_misc":{"Escrito por":"Reda\u00e7\u00e3o"},"schema":{"@context":"https:\/\/schema.org","@graph":[{"@type":"Article","@id":"https:\/\/brasilnoticias.org\/site\/anderson-torres-repete-declaracoes-feitas-no-congresso-e-nega-responsabilidade-por-mapeamento-de-eleitores-e-atuacao-da-prf-no-2o-turno\/#article","isPartOf":{"@id":"https:\/\/brasilnoticias.org\/site\/anderson-torres-repete-declaracoes-feitas-no-congresso-e-nega-responsabilidade-por-mapeamento-de-eleitores-e-atuacao-da-prf-no-2o-turno\/"},"author":{"name":"Reda\u00e7\u00e3o","@id":"https:\/\/brasilnoticias.org\/site\/#\/schema\/person\/03bbbfe6c7634ad18c26444ea39049fa"},"headline":"Anderson Torres repete declara\u00e7\u00f5es feitas no Congresso e nega responsabilidade por mapeamento de eleitores e atua\u00e7\u00e3o da PRF no 2\u00ba turno","datePublished":"2023-08-10T17:43:25+00:00","mainEntityOfPage":{"@id":"https:\/\/brasilnoticias.org\/site\/anderson-torres-repete-declaracoes-feitas-no-congresso-e-nega-responsabilidade-por-mapeamento-de-eleitores-e-atuacao-da-prf-no-2o-turno\/"},"wordCount":585,"commentCount":0,"publisher":{"@id":"https:\/\/brasilnoticias.org\/site\/#organization"},"image":{"@id":"https:\/\/brasilnoticias.org\/site\/anderson-torres-repete-declaracoes-feitas-no-congresso-e-nega-responsabilidade-por-mapeamento-de-eleitores-e-atuacao-da-prf-no-2o-turno\/#primaryimage"},"thumbnailUrl":"https:\/\/brasilnoticias.org\/site\/wp-content\/uploads\/2023\/08\/whatsapp-image-2023-08-10-at-10.27.48.webp","articleSection":["Pol\u00edtica","\u00daltimas"],"inLanguage":"pt-PT","potentialAction":[{"@type":"CommentAction","name":"Comment","target":["https:\/\/brasilnoticias.org\/site\/anderson-torres-repete-declaracoes-feitas-no-congresso-e-nega-responsabilidade-por-mapeamento-de-eleitores-e-atuacao-da-prf-no-2o-turno\/#respond"]}]},{"@type":"WebPage","@id":"https:\/\/brasilnoticias.org\/site\/anderson-torres-repete-declaracoes-feitas-no-congresso-e-nega-responsabilidade-por-mapeamento-de-eleitores-e-atuacao-da-prf-no-2o-turno\/","url":"https:\/\/brasilnoticias.org\/site\/anderson-torres-repete-declaracoes-feitas-no-congresso-e-nega-responsabilidade-por-mapeamento-de-eleitores-e-atuacao-da-prf-no-2o-turno\/","name":"Anderson Torres repete declara\u00e7\u00f5es feitas no Congresso e nega responsabilidade por mapeamento de eleitores e atua\u00e7\u00e3o da PRF no 2\u00ba turno - Brasil not\u00edcias","isPartOf":{"@id":"https:\/\/brasilnoticias.org\/site\/#website"},"primaryImageOfPage":{"@id":"https:\/\/brasilnoticias.org\/site\/anderson-torres-repete-declaracoes-feitas-no-congresso-e-nega-responsabilidade-por-mapeamento-de-eleitores-e-atuacao-da-prf-no-2o-turno\/#primaryimage"},"image":{"@id":"https:\/\/brasilnoticias.org\/site\/anderson-torres-repete-declaracoes-feitas-no-congresso-e-nega-responsabilidade-por-mapeamento-de-eleitores-e-atuacao-da-prf-no-2o-turno\/#primaryimage"},"thumbnailUrl":"https:\/\/brasilnoticias.org\/site\/wp-content\/uploads\/2023\/08\/whatsapp-image-2023-08-10-at-10.27.48.webp","datePublished":"2023-08-10T17:43:25+00:00","breadcrumb":{"@id":"https:\/\/brasilnoticias.org\/site\/anderson-torres-repete-declaracoes-feitas-no-congresso-e-nega-responsabilidade-por-mapeamento-de-eleitores-e-atuacao-da-prf-no-2o-turno\/#breadcrumb"},"inLanguage":"pt-PT","potentialAction":[{"@type":"ReadAction","target":["https:\/\/brasilnoticias.org\/site\/anderson-torres-repete-declaracoes-feitas-no-congresso-e-nega-responsabilidade-por-mapeamento-de-eleitores-e-atuacao-da-prf-no-2o-turno\/"]}]},{"@type":"ImageObject","inLanguage":"pt-PT","@id":"https:\/\/brasilnoticias.org\/site\/anderson-torres-repete-declaracoes-feitas-no-congresso-e-nega-responsabilidade-por-mapeamento-de-eleitores-e-atuacao-da-prf-no-2o-turno\/#primaryimage","url":"https:\/\/brasilnoticias.org\/site\/wp-content\/uploads\/2023\/08\/whatsapp-image-2023-08-10-at-10.27.48.webp","contentUrl":"https:\/\/brasilnoticias.org\/site\/wp-content\/uploads\/2023\/08\/whatsapp-image-2023-08-10-at-10.27.48.webp","width":984,"height":616},{"@type":"BreadcrumbList","@id":"https:\/\/brasilnoticias.org\/site\/anderson-torres-repete-declaracoes-feitas-no-congresso-e-nega-responsabilidade-por-mapeamento-de-eleitores-e-atuacao-da-prf-no-2o-turno\/#breadcrumb","itemListElement":[{"@type":"ListItem","position":1,"name":"In\u00edcio","item":"https:\/\/brasilnoticias.org\/site\/"},{"@type":"ListItem","position":2,"name":"Anderson Torres repete declara\u00e7\u00f5es feitas no Congresso e nega responsabilidade por mapeamento de eleitores e atua\u00e7\u00e3o da PRF no 2\u00ba turno"}]},{"@type":"WebSite","@id":"https:\/\/brasilnoticias.org\/site\/#website","url":"https:\/\/brasilnoticias.org\/site\/","name":"Brasil not\u00edcias","description":"Brasil not\u00edcias","publisher":{"@id":"https:\/\/brasilnoticias.org\/site\/#organization"},"potentialAction":[{"@type":"SearchAction","target":{"@type":"EntryPoint","urlTemplate":"https:\/\/brasilnoticias.org\/site\/?s={search_term_string}"},"query-input":{"@type":"PropertyValueSpecification","valueRequired":true,"valueName":"search_term_string"}}],"inLanguage":"pt-PT"},{"@type":"Organization","@id":"https:\/\/brasilnoticias.org\/site\/#organization","name":"Brasil not\u00edcias","url":"https:\/\/brasilnoticias.org\/site\/","logo":{"@type":"ImageObject","inLanguage":"pt-PT","@id":"https:\/\/brasilnoticias.org\/site\/#\/schema\/logo\/image\/","url":"https:\/\/brasilnoticias.org\/site\/wp-content\/uploads\/2022\/05\/cropped-brasilnoticias-mini.jpg","contentUrl":"https:\/\/brasilnoticias.org\/site\/wp-content\/uploads\/2022\/05\/cropped-brasilnoticias-mini.jpg","width":314,"height":86,"caption":"Brasil not\u00edcias"},"image":{"@id":"https:\/\/brasilnoticias.org\/site\/#\/schema\/logo\/image\/"}},{"@type":"Person","@id":"https:\/\/brasilnoticias.org\/site\/#\/schema\/person\/03bbbfe6c7634ad18c26444ea39049fa","name":"Reda\u00e7\u00e3o","image":{"@type":"ImageObject","inLanguage":"pt-PT","@id":"https:\/\/brasilnoticias.org\/site\/#\/schema\/person\/image\/","url":"https:\/\/secure.gravatar.com\/avatar\/9ecaf7327a696cb23ad926fedded5f1f04d7049de9e445375d55b48c001a6e42?s=96&d=mm&r=g","contentUrl":"https:\/\/secure.gravatar.com\/avatar\/9ecaf7327a696cb23ad926fedded5f1f04d7049de9e445375d55b48c001a6e42?s=96&d=mm&r=g","caption":"Reda\u00e7\u00e3o"},"url":"https:\/\/brasilnoticias.org\/site\/author\/henrique\/"}]}},"_links":{"self":[{"href":"https:\/\/brasilnoticias.org\/site\/wp-json\/wp\/v2\/posts\/8139","targetHints":{"allow":["GET"]}}],"collection":[{"href":"https:\/\/brasilnoticias.org\/site\/wp-json\/wp\/v2\/posts"}],"about":[{"href":"https:\/\/brasilnoticias.org\/site\/wp-json\/wp\/v2\/types\/post"}],"author":[{"embeddable":true,"href":"https:\/\/brasilnoticias.org\/site\/wp-json\/wp\/v2\/users\/4"}],"replies":[{"embeddable":true,"href":"https:\/\/brasilnoticias.org\/site\/wp-json\/wp\/v2\/comments?post=8139"}],"version-history":[{"count":1,"href":"https:\/\/brasilnoticias.org\/site\/wp-json\/wp\/v2\/posts\/8139\/revisions"}],"predecessor-version":[{"id":8141,"href":"https:\/\/brasilnoticias.org\/site\/wp-json\/wp\/v2\/posts\/8139\/revisions\/8141"}],"wp:featuredmedia":[{"embeddable":true,"href":"https:\/\/brasilnoticias.org\/site\/wp-json\/wp\/v2\/media\/8140"}],"wp:attachment":[{"href":"https:\/\/brasilnoticias.org\/site\/wp-json\/wp\/v2\/media?parent=8139"}],"wp:term":[{"taxonomy":"category","embeddable":true,"href":"https:\/\/brasilnoticias.org\/site\/wp-json\/wp\/v2\/categories?post=8139"},{"taxonomy":"post_tag","embeddable":true,"href":"https:\/\/brasilnoticias.org\/site\/wp-json\/wp\/v2\/tags?post=8139"}],"curies":[{"name":"wp","href":"https:\/\/api.w.org\/{rel}","templated":true}]}}