{"id":8142,"date":"2023-08-10T14:45:14","date_gmt":"2023-08-10T17:45:14","guid":{"rendered":"https:\/\/brasilnoticias.org\/site\/?p=8142"},"modified":"2023-08-10T14:45:14","modified_gmt":"2023-08-10T17:45:14","slug":"viatura-da-pm-e-atacada-por-bandidos-na-orla-de-salvador-veja-o-que-aconteceu","status":"publish","type":"post","link":"https:\/\/brasilnoticias.org\/site\/viatura-da-pm-e-atacada-por-bandidos-na-orla-de-salvador-veja-o-que-aconteceu\/","title":{"rendered":"Viatura da PM \u00e9 atacada por bandidos na orla de Salvador; veja o que aconteceu"},"content":{"rendered":"<p>Bandidos fortemente armados deram um ataque em uma viatura padronizada da pol\u00edcia Militar na noite de quarta-feira (9) em frente ao Sesc de Piat\u00e3. De acordo com informa\u00e7\u00f5es obtidas pelo site Al\u00f4 Juca, ele atiraram na guarni\u00e7\u00e3o comandada por um tenente que fazia ronda nos postos de servi\u00e7o extra do comando Geral.<\/p>\n<p>A viatura da Coordena\u00e7\u00e3o de Servi\u00e7os Extraordin\u00e1rios pertence ao Comando de Opera\u00e7\u00f5es Policiais Militares (Coppm) e estava na pista quando foi surpreendida pelos criminosos em um ve\u00edculo modelo Corolla. Os policiais Militares conseguiram revidar e tamb\u00e9m atirar nos bandidos.<\/p>\n<p>Todos os policiais est\u00e3o bem. Imagens das c\u00e2meras de seguran\u00e7a podem ajudar no trabalho de investiga\u00e7\u00e3o da Pol\u00edcia Civil para identificar os autores do ataque que conseguiram fugir.<\/p>\n<p>Al\u00f4 Juca<\/p>\n","protected":false},"excerpt":{"rendered":"<p>Bandidos fortemente armados deram um ataque em uma viatura padronizada da pol\u00edcia Militar na noite de quarta-feira (9) em frente<\/p>\n","protected":false},"author":4,"featured_media":8143,"comment_status":"open","ping_status":"open","sticky":false,"template":"","format":"standard","meta":{"colormag_page_container_layout":"default_layout","colormag_page_sidebar_layout":"default_layout","_FSMCFIC_featured_image_caption":"","_FSMCFIC_featured_image_nocaption":"","_FSMCFIC_featured_image_hide":"","footnotes":""},"categories":[3,1],"tags":[],"class_list":["post-8142","post","type-post","status-publish","format-standard","has-post-thumbnail","hentry","category-policia","category-ultimas"],"yoast_head":"<!-- This site is optimized with the Yoast SEO plugin v27.1.1 - https:\/\/yoast.com\/product\/yoast-seo-wordpress\/ -->\n<title>Viatura da PM \u00e9 atacada por bandidos na orla de Salvador; veja o que aconteceu - Brasil not\u00edcias<\/title>\n<meta name=\"robots\" content=\"index, follow, max-snippet:-1, max-image-preview:large, max-video-preview:-1\" \/>\n<link rel=\"canonical\" href=\"https:\/\/brasilnoticias.org\/site\/viatura-da-pm-e-atacada-por-bandidos-na-orla-de-salvador-veja-o-que-aconteceu\/\" \/>\n<meta property=\"og:locale\" content=\"pt_PT\" \/>\n<meta property=\"og:type\" content=\"article\" \/>\n<meta property=\"og:title\" content=\"Viatura da PM \u00e9 atacada por bandidos na orla de Salvador; veja o que aconteceu - Brasil not\u00edcias\" \/>\n<meta property=\"og:description\" content=\"Bandidos fortemente armados deram um ataque em uma viatura padronizada da pol\u00edcia Militar na noite de quarta-feira (9) em frente\" \/>\n<meta property=\"og:url\" content=\"https:\/\/brasilnoticias.org\/site\/viatura-da-pm-e-atacada-por-bandidos-na-orla-de-salvador-veja-o-que-aconteceu\/\" \/>\n<meta property=\"og:site_name\" content=\"Brasil not\u00edcias\" \/>\n<meta property=\"article:published_time\" content=\"2023-08-10T17:45:14+00:00\" \/>\n<meta property=\"og:image\" content=\"https:\/\/brasilnoticias.org\/site\/wp-content\/uploads\/2023\/08\/IMG_9480-696x399-1.jpeg\" \/>\n\t<meta property=\"og:image:width\" content=\"696\" \/>\n\t<meta property=\"og:image:height\" content=\"399\" \/>\n\t<meta property=\"og:image:type\" content=\"image\/jpeg\" \/>\n<meta name=\"author\" content=\"Reda\u00e7\u00e3o\" \/>\n<meta name=\"twitter:card\" content=\"summary_large_image\" \/>\n<meta name=\"twitter:label1\" content=\"Escrito por\" \/>\n\t<meta name=\"twitter:data1\" content=\"Reda\u00e7\u00e3o\" \/>\n<script type=\"application\/ld+json\" class=\"yoast-schema-graph\">{\"@context\":\"https:\/\/schema.org\",\"@graph\":[{\"@type\":\"Article\",\"@id\":\"https:\/\/brasilnoticias.org\/site\/viatura-da-pm-e-atacada-por-bandidos-na-orla-de-salvador-veja-o-que-aconteceu\/#article\",\"isPartOf\":{\"@id\":\"https:\/\/brasilnoticias.org\/site\/viatura-da-pm-e-atacada-por-bandidos-na-orla-de-salvador-veja-o-que-aconteceu\/\"},\"author\":{\"name\":\"Reda\u00e7\u00e3o\",\"@id\":\"https:\/\/brasilnoticias.org\/site\/#\/schema\/person\/03bbbfe6c7634ad18c26444ea39049fa\"},\"headline\":\"Viatura da PM \u00e9 atacada por bandidos na orla de Salvador; veja o que aconteceu\",\"datePublished\":\"2023-08-10T17:45:14+00:00\",\"mainEntityOfPage\":{\"@id\":\"https:\/\/brasilnoticias.org\/site\/viatura-da-pm-e-atacada-por-bandidos-na-orla-de-salvador-veja-o-que-aconteceu\/\"},\"wordCount\":149,\"commentCount\":0,\"publisher\":{\"@id\":\"https:\/\/brasilnoticias.org\/site\/#organization\"},\"image\":{\"@id\":\"https:\/\/brasilnoticias.org\/site\/viatura-da-pm-e-atacada-por-bandidos-na-orla-de-salvador-veja-o-que-aconteceu\/#primaryimage\"},\"thumbnailUrl\":\"https:\/\/brasilnoticias.org\/site\/wp-content\/uploads\/2023\/08\/IMG_9480-696x399-1.jpeg\",\"articleSection\":[\"Pol\u00edcia\",\"\u00daltimas\"],\"inLanguage\":\"pt-PT\",\"potentialAction\":[{\"@type\":\"CommentAction\",\"name\":\"Comment\",\"target\":[\"https:\/\/brasilnoticias.org\/site\/viatura-da-pm-e-atacada-por-bandidos-na-orla-de-salvador-veja-o-que-aconteceu\/#respond\"]}]},{\"@type\":\"WebPage\",\"@id\":\"https:\/\/brasilnoticias.org\/site\/viatura-da-pm-e-atacada-por-bandidos-na-orla-de-salvador-veja-o-que-aconteceu\/\",\"url\":\"https:\/\/brasilnoticias.org\/site\/viatura-da-pm-e-atacada-por-bandidos-na-orla-de-salvador-veja-o-que-aconteceu\/\",\"name\":\"Viatura da PM \u00e9 atacada por bandidos na orla de Salvador; veja o que aconteceu - Brasil not\u00edcias\",\"isPartOf\":{\"@id\":\"https:\/\/brasilnoticias.org\/site\/#website\"},\"primaryImageOfPage\":{\"@id\":\"https:\/\/brasilnoticias.org\/site\/viatura-da-pm-e-atacada-por-bandidos-na-orla-de-salvador-veja-o-que-aconteceu\/#primaryimage\"},\"image\":{\"@id\":\"https:\/\/brasilnoticias.org\/site\/viatura-da-pm-e-atacada-por-bandidos-na-orla-de-salvador-veja-o-que-aconteceu\/#primaryimage\"},\"thumbnailUrl\":\"https:\/\/brasilnoticias.org\/site\/wp-content\/uploads\/2023\/08\/IMG_9480-696x399-1.jpeg\",\"datePublished\":\"2023-08-10T17:45:14+00:00\",\"breadcrumb\":{\"@id\":\"https:\/\/brasilnoticias.org\/site\/viatura-da-pm-e-atacada-por-bandidos-na-orla-de-salvador-veja-o-que-aconteceu\/#breadcrumb\"},\"inLanguage\":\"pt-PT\",\"potentialAction\":[{\"@type\":\"ReadAction\",\"target\":[\"https:\/\/brasilnoticias.org\/site\/viatura-da-pm-e-atacada-por-bandidos-na-orla-de-salvador-veja-o-que-aconteceu\/\"]}]},{\"@type\":\"ImageObject\",\"inLanguage\":\"pt-PT\",\"@id\":\"https:\/\/brasilnoticias.org\/site\/viatura-da-pm-e-atacada-por-bandidos-na-orla-de-salvador-veja-o-que-aconteceu\/#primaryimage\",\"url\":\"https:\/\/brasilnoticias.org\/site\/wp-content\/uploads\/2023\/08\/IMG_9480-696x399-1.jpeg\",\"contentUrl\":\"https:\/\/brasilnoticias.org\/site\/wp-content\/uploads\/2023\/08\/IMG_9480-696x399-1.jpeg\",\"width\":696,\"height\":399},{\"@type\":\"BreadcrumbList\",\"@id\":\"https:\/\/brasilnoticias.org\/site\/viatura-da-pm-e-atacada-por-bandidos-na-orla-de-salvador-veja-o-que-aconteceu\/#breadcrumb\",\"itemListElement\":[{\"@type\":\"ListItem\",\"position\":1,\"name\":\"In\u00edcio\",\"item\":\"https:\/\/brasilnoticias.org\/site\/\"},{\"@type\":\"ListItem\",\"position\":2,\"name\":\"Viatura da PM \u00e9 atacada por bandidos na orla de Salvador; veja o que aconteceu\"}]},{\"@type\":\"WebSite\",\"@id\":\"https:\/\/brasilnoticias.org\/site\/#website\",\"url\":\"https:\/\/brasilnoticias.org\/site\/\",\"name\":\"Brasil not\u00edcias\",\"description\":\"Brasil not\u00edcias\",\"publisher\":{\"@id\":\"https:\/\/brasilnoticias.org\/site\/#organization\"},\"potentialAction\":[{\"@type\":\"SearchAction\",\"target\":{\"@type\":\"EntryPoint\",\"urlTemplate\":\"https:\/\/brasilnoticias.org\/site\/?s={search_term_string}\"},\"query-input\":{\"@type\":\"PropertyValueSpecification\",\"valueRequired\":true,\"valueName\":\"search_term_string\"}}],\"inLanguage\":\"pt-PT\"},{\"@type\":\"Organization\",\"@id\":\"https:\/\/brasilnoticias.org\/site\/#organization\",\"name\":\"Brasil not\u00edcias\",\"url\":\"https:\/\/brasilnoticias.org\/site\/\",\"logo\":{\"@type\":\"ImageObject\",\"inLanguage\":\"pt-PT\",\"@id\":\"https:\/\/brasilnoticias.org\/site\/#\/schema\/logo\/image\/\",\"url\":\"https:\/\/brasilnoticias.org\/site\/wp-content\/uploads\/2022\/05\/cropped-brasilnoticias-mini.jpg\",\"contentUrl\":\"https:\/\/brasilnoticias.org\/site\/wp-content\/uploads\/2022\/05\/cropped-brasilnoticias-mini.jpg\",\"width\":314,\"height\":86,\"caption\":\"Brasil not\u00edcias\"},\"image\":{\"@id\":\"https:\/\/brasilnoticias.org\/site\/#\/schema\/logo\/image\/\"}},{\"@type\":\"Person\",\"@id\":\"https:\/\/brasilnoticias.org\/site\/#\/schema\/person\/03bbbfe6c7634ad18c26444ea39049fa\",\"name\":\"Reda\u00e7\u00e3o\",\"image\":{\"@type\":\"ImageObject\",\"inLanguage\":\"pt-PT\",\"@id\":\"https:\/\/brasilnoticias.org\/site\/#\/schema\/person\/image\/\",\"url\":\"https:\/\/secure.gravatar.com\/avatar\/9ecaf7327a696cb23ad926fedded5f1f04d7049de9e445375d55b48c001a6e42?s=96&d=mm&r=g\",\"contentUrl\":\"https:\/\/secure.gravatar.com\/avatar\/9ecaf7327a696cb23ad926fedded5f1f04d7049de9e445375d55b48c001a6e42?s=96&d=mm&r=g\",\"caption\":\"Reda\u00e7\u00e3o\"},\"url\":\"https:\/\/brasilnoticias.org\/site\/author\/henrique\/\"}]}<\/script>\n<!-- \/ Yoast SEO plugin. -->","yoast_head_json":{"title":"Viatura da PM \u00e9 atacada por bandidos na orla de Salvador; veja o que aconteceu - Brasil not\u00edcias","robots":{"index":"index","follow":"follow","max-snippet":"max-snippet:-1","max-image-preview":"max-image-preview:large","max-video-preview":"max-video-preview:-1"},"canonical":"https:\/\/brasilnoticias.org\/site\/viatura-da-pm-e-atacada-por-bandidos-na-orla-de-salvador-veja-o-que-aconteceu\/","og_locale":"pt_PT","og_type":"article","og_title":"Viatura da PM \u00e9 atacada por bandidos na orla de Salvador; veja o que aconteceu - Brasil not\u00edcias","og_description":"Bandidos fortemente armados deram um ataque em uma viatura padronizada da pol\u00edcia Militar na noite de quarta-feira (9) em frente","og_url":"https:\/\/brasilnoticias.org\/site\/viatura-da-pm-e-atacada-por-bandidos-na-orla-de-salvador-veja-o-que-aconteceu\/","og_site_name":"Brasil not\u00edcias","article_published_time":"2023-08-10T17:45:14+00:00","og_image":[{"width":696,"height":399,"url":"https:\/\/brasilnoticias.org\/site\/wp-content\/uploads\/2023\/08\/IMG_9480-696x399-1.jpeg","type":"image\/jpeg"}],"author":"Reda\u00e7\u00e3o","twitter_card":"summary_large_image","twitter_misc":{"Escrito por":"Reda\u00e7\u00e3o"},"schema":{"@context":"https:\/\/schema.org","@graph":[{"@type":"Article","@id":"https:\/\/brasilnoticias.org\/site\/viatura-da-pm-e-atacada-por-bandidos-na-orla-de-salvador-veja-o-que-aconteceu\/#article","isPartOf":{"@id":"https:\/\/brasilnoticias.org\/site\/viatura-da-pm-e-atacada-por-bandidos-na-orla-de-salvador-veja-o-que-aconteceu\/"},"author":{"name":"Reda\u00e7\u00e3o","@id":"https:\/\/brasilnoticias.org\/site\/#\/schema\/person\/03bbbfe6c7634ad18c26444ea39049fa"},"headline":"Viatura da PM \u00e9 atacada por bandidos na orla de Salvador; veja o que aconteceu","datePublished":"2023-08-10T17:45:14+00:00","mainEntityOfPage":{"@id":"https:\/\/brasilnoticias.org\/site\/viatura-da-pm-e-atacada-por-bandidos-na-orla-de-salvador-veja-o-que-aconteceu\/"},"wordCount":149,"commentCount":0,"publisher":{"@id":"https:\/\/brasilnoticias.org\/site\/#organization"},"image":{"@id":"https:\/\/brasilnoticias.org\/site\/viatura-da-pm-e-atacada-por-bandidos-na-orla-de-salvador-veja-o-que-aconteceu\/#primaryimage"},"thumbnailUrl":"https:\/\/brasilnoticias.org\/site\/wp-content\/uploads\/2023\/08\/IMG_9480-696x399-1.jpeg","articleSection":["Pol\u00edcia","\u00daltimas"],"inLanguage":"pt-PT","potentialAction":[{"@type":"CommentAction","name":"Comment","target":["https:\/\/brasilnoticias.org\/site\/viatura-da-pm-e-atacada-por-bandidos-na-orla-de-salvador-veja-o-que-aconteceu\/#respond"]}]},{"@type":"WebPage","@id":"https:\/\/brasilnoticias.org\/site\/viatura-da-pm-e-atacada-por-bandidos-na-orla-de-salvador-veja-o-que-aconteceu\/","url":"https:\/\/brasilnoticias.org\/site\/viatura-da-pm-e-atacada-por-bandidos-na-orla-de-salvador-veja-o-que-aconteceu\/","name":"Viatura da PM \u00e9 atacada por bandidos na orla de Salvador; veja o que aconteceu - Brasil not\u00edcias","isPartOf":{"@id":"https:\/\/brasilnoticias.org\/site\/#website"},"primaryImageOfPage":{"@id":"https:\/\/brasilnoticias.org\/site\/viatura-da-pm-e-atacada-por-bandidos-na-orla-de-salvador-veja-o-que-aconteceu\/#primaryimage"},"image":{"@id":"https:\/\/brasilnoticias.org\/site\/viatura-da-pm-e-atacada-por-bandidos-na-orla-de-salvador-veja-o-que-aconteceu\/#primaryimage"},"thumbnailUrl":"https:\/\/brasilnoticias.org\/site\/wp-content\/uploads\/2023\/08\/IMG_9480-696x399-1.jpeg","datePublished":"2023-08-10T17:45:14+00:00","breadcrumb":{"@id":"https:\/\/brasilnoticias.org\/site\/viatura-da-pm-e-atacada-por-bandidos-na-orla-de-salvador-veja-o-que-aconteceu\/#breadcrumb"},"inLanguage":"pt-PT","potentialAction":[{"@type":"ReadAction","target":["https:\/\/brasilnoticias.org\/site\/viatura-da-pm-e-atacada-por-bandidos-na-orla-de-salvador-veja-o-que-aconteceu\/"]}]},{"@type":"ImageObject","inLanguage":"pt-PT","@id":"https:\/\/brasilnoticias.org\/site\/viatura-da-pm-e-atacada-por-bandidos-na-orla-de-salvador-veja-o-que-aconteceu\/#primaryimage","url":"https:\/\/brasilnoticias.org\/site\/wp-content\/uploads\/2023\/08\/IMG_9480-696x399-1.jpeg","contentUrl":"https:\/\/brasilnoticias.org\/site\/wp-content\/uploads\/2023\/08\/IMG_9480-696x399-1.jpeg","width":696,"height":399},{"@type":"BreadcrumbList","@id":"https:\/\/brasilnoticias.org\/site\/viatura-da-pm-e-atacada-por-bandidos-na-orla-de-salvador-veja-o-que-aconteceu\/#breadcrumb","itemListElement":[{"@type":"ListItem","position":1,"name":"In\u00edcio","item":"https:\/\/brasilnoticias.org\/site\/"},{"@type":"ListItem","position":2,"name":"Viatura da PM \u00e9 atacada por bandidos na orla de Salvador; veja o que aconteceu"}]},{"@type":"WebSite","@id":"https:\/\/brasilnoticias.org\/site\/#website","url":"https:\/\/brasilnoticias.org\/site\/","name":"Brasil not\u00edcias","description":"Brasil not\u00edcias","publisher":{"@id":"https:\/\/brasilnoticias.org\/site\/#organization"},"potentialAction":[{"@type":"SearchAction","target":{"@type":"EntryPoint","urlTemplate":"https:\/\/brasilnoticias.org\/site\/?s={search_term_string}"},"query-input":{"@type":"PropertyValueSpecification","valueRequired":true,"valueName":"search_term_string"}}],"inLanguage":"pt-PT"},{"@type":"Organization","@id":"https:\/\/brasilnoticias.org\/site\/#organization","name":"Brasil not\u00edcias","url":"https:\/\/brasilnoticias.org\/site\/","logo":{"@type":"ImageObject","inLanguage":"pt-PT","@id":"https:\/\/brasilnoticias.org\/site\/#\/schema\/logo\/image\/","url":"https:\/\/brasilnoticias.org\/site\/wp-content\/uploads\/2022\/05\/cropped-brasilnoticias-mini.jpg","contentUrl":"https:\/\/brasilnoticias.org\/site\/wp-content\/uploads\/2022\/05\/cropped-brasilnoticias-mini.jpg","width":314,"height":86,"caption":"Brasil not\u00edcias"},"image":{"@id":"https:\/\/brasilnoticias.org\/site\/#\/schema\/logo\/image\/"}},{"@type":"Person","@id":"https:\/\/brasilnoticias.org\/site\/#\/schema\/person\/03bbbfe6c7634ad18c26444ea39049fa","name":"Reda\u00e7\u00e3o","image":{"@type":"ImageObject","inLanguage":"pt-PT","@id":"https:\/\/brasilnoticias.org\/site\/#\/schema\/person\/image\/","url":"https:\/\/secure.gravatar.com\/avatar\/9ecaf7327a696cb23ad926fedded5f1f04d7049de9e445375d55b48c001a6e42?s=96&d=mm&r=g","contentUrl":"https:\/\/secure.gravatar.com\/avatar\/9ecaf7327a696cb23ad926fedded5f1f04d7049de9e445375d55b48c001a6e42?s=96&d=mm&r=g","caption":"Reda\u00e7\u00e3o"},"url":"https:\/\/brasilnoticias.org\/site\/author\/henrique\/"}]}},"_links":{"self":[{"href":"https:\/\/brasilnoticias.org\/site\/wp-json\/wp\/v2\/posts\/8142","targetHints":{"allow":["GET"]}}],"collection":[{"href":"https:\/\/brasilnoticias.org\/site\/wp-json\/wp\/v2\/posts"}],"about":[{"href":"https:\/\/brasilnoticias.org\/site\/wp-json\/wp\/v2\/types\/post"}],"author":[{"embeddable":true,"href":"https:\/\/brasilnoticias.org\/site\/wp-json\/wp\/v2\/users\/4"}],"replies":[{"embeddable":true,"href":"https:\/\/brasilnoticias.org\/site\/wp-json\/wp\/v2\/comments?post=8142"}],"version-history":[{"count":1,"href":"https:\/\/brasilnoticias.org\/site\/wp-json\/wp\/v2\/posts\/8142\/revisions"}],"predecessor-version":[{"id":8144,"href":"https:\/\/brasilnoticias.org\/site\/wp-json\/wp\/v2\/posts\/8142\/revisions\/8144"}],"wp:featuredmedia":[{"embeddable":true,"href":"https:\/\/brasilnoticias.org\/site\/wp-json\/wp\/v2\/media\/8143"}],"wp:attachment":[{"href":"https:\/\/brasilnoticias.org\/site\/wp-json\/wp\/v2\/media?parent=8142"}],"wp:term":[{"taxonomy":"category","embeddable":true,"href":"https:\/\/brasilnoticias.org\/site\/wp-json\/wp\/v2\/categories?post=8142"},{"taxonomy":"post_tag","embeddable":true,"href":"https:\/\/brasilnoticias.org\/site\/wp-json\/wp\/v2\/tags?post=8142"}],"curies":[{"name":"wp","href":"https:\/\/api.w.org\/{rel}","templated":true}]}}