{"id":8164,"date":"2023-08-11T15:27:20","date_gmt":"2023-08-11T18:27:20","guid":{"rendered":"https:\/\/brasilnoticias.org\/site\/?p=8164"},"modified":"2023-08-11T15:27:20","modified_gmt":"2023-08-11T18:27:20","slug":"novo-pac-inclui-fiol-e-ampliacao-de-metro-e-brt-de-salvador-ponte-salvador-itaparica-fica-de-fora","status":"publish","type":"post","link":"https:\/\/brasilnoticias.org\/site\/novo-pac-inclui-fiol-e-ampliacao-de-metro-e-brt-de-salvador-ponte-salvador-itaparica-fica-de-fora\/","title":{"rendered":"Novo PAC inclui Fiol e amplia\u00e7\u00e3o de metr\u00f4 e BRT de Salvador; Ponte Salvador-Itaparica fica de fora"},"content":{"rendered":"<p>Segundo o governo federal, ser\u00e3o investidos na Bahia R$ 119,4 bilh\u00f5es em obras; \u00e9 o quinto estado com mais recursos<\/p>\n<p>O novo Programa de Acelera\u00e7\u00e3o do Crescimento (PAC), lan\u00e7ado nesta sexta-feira (11\/8), inclui projetos para a Bahia como obras do metr\u00f4 de Salvador, amplia\u00e7\u00e3o da Ferrovia Oeste-Leste e expans\u00e3o do BRT soteropolitano. J\u00e1 a Ponte Salvador-Itaparica ficou de fora da lista. No total, segundo o governo federal, ser\u00e3o investidos R$ 119,4 bilh\u00f5es em obras na Bahia.<\/p>\n<p>Com isso, a Bahia \u00e9 o quinto estado com a maior fatia do programa, que soma R$ 1,7 trilh\u00e3o em recursos para todo o pa\u00eds.  Os maiores investimentos foram para Rio de Janeiro (R$ 342,6 bilh\u00f5es), S\u00e3o Paulo (R$ 179,6 bilh\u00f5es), Minas Gerais (R$ 171,9 bilh\u00f5es) e Sergipe (R$ 136,6 bilh\u00f5es).<\/p>\n<p>O programa, conhecido como \u201cNovo PAC\u201d, foi lan\u00e7ado em cerim\u00f4nia no Rio de Janeiro, com a presen\u00e7a do presidente Luiz In\u00e1cio Lula da Silva (PT), e do chefe da Casa Civil, pasta que ser\u00e1 respons\u00e1vel pelo projeto, Rui Costa, al\u00e9m de outros ministros. Na Bahia, os programas s\u00e3o para transporte, infraestrutura, sa\u00fade, educa\u00e7\u00e3o, inova\u00e7\u00e3o, ci\u00eancia, tecnologia e saneamento.<\/p>\n<p>Governador do estado, Jer\u00f4nimo Rodrigues (PT), j\u00e1 havia dito que reivindicaria a Lula a inclus\u00e3o da Ponte Salvador-Itaparica no Novo PAC, o que n\u00e3o se viabilizou. O projeto vive imbr\u00f3glio, uma vez que pode ter o contrato anulado pelo governo. <\/p>\n<p>Foto: Divulga\u00e7\u00e3o\/CCR<br \/>\nAratu On<\/p>\n","protected":false},"excerpt":{"rendered":"<p>Segundo o governo federal, ser\u00e3o investidos na Bahia R$ 119,4 bilh\u00f5es em obras; \u00e9 o quinto estado com mais recursos<\/p>\n","protected":false},"author":4,"featured_media":8166,"comment_status":"open","ping_status":"open","sticky":false,"template":"","format":"standard","meta":{"colormag_page_container_layout":"default_layout","colormag_page_sidebar_layout":"default_layout","_FSMCFIC_featured_image_caption":"","_FSMCFIC_featured_image_nocaption":"","_FSMCFIC_featured_image_hide":"","footnotes":""},"categories":[2,1],"tags":[],"class_list":["post-8164","post","type-post","status-publish","format-standard","has-post-thumbnail","hentry","category-noticias","category-ultimas"],"yoast_head":"<!-- This site is optimized with the Yoast SEO plugin v27.1.1 - https:\/\/yoast.com\/product\/yoast-seo-wordpress\/ -->\n<title>Novo PAC inclui Fiol e amplia\u00e7\u00e3o de metr\u00f4 e BRT de Salvador; Ponte Salvador-Itaparica fica de fora - Brasil not\u00edcias<\/title>\n<meta name=\"robots\" content=\"index, follow, max-snippet:-1, max-image-preview:large, max-video-preview:-1\" \/>\n<link rel=\"canonical\" href=\"https:\/\/brasilnoticias.org\/site\/novo-pac-inclui-fiol-e-ampliacao-de-metro-e-brt-de-salvador-ponte-salvador-itaparica-fica-de-fora\/\" \/>\n<meta property=\"og:locale\" content=\"pt_PT\" \/>\n<meta property=\"og:type\" content=\"article\" \/>\n<meta property=\"og:title\" content=\"Novo PAC inclui Fiol e amplia\u00e7\u00e3o de metr\u00f4 e BRT de Salvador; Ponte Salvador-Itaparica fica de fora - Brasil not\u00edcias\" \/>\n<meta property=\"og:description\" content=\"Segundo o governo federal, ser\u00e3o investidos na Bahia R$ 119,4 bilh\u00f5es em obras; \u00e9 o quinto estado com mais recursos\" \/>\n<meta property=\"og:url\" content=\"https:\/\/brasilnoticias.org\/site\/novo-pac-inclui-fiol-e-ampliacao-de-metro-e-brt-de-salvador-ponte-salvador-itaparica-fica-de-fora\/\" \/>\n<meta property=\"og:site_name\" content=\"Brasil not\u00edcias\" \/>\n<meta property=\"article:published_time\" content=\"2023-08-11T18:27:20+00:00\" \/>\n<meta property=\"og:image\" content=\"https:\/\/brasilnoticias.org\/site\/wp-content\/uploads\/2023\/08\/IMG_4634.jpeg\" \/>\n\t<meta property=\"og:image:width\" content=\"740\" \/>\n\t<meta property=\"og:image:height\" content=\"470\" \/>\n\t<meta property=\"og:image:type\" content=\"image\/jpeg\" \/>\n<meta name=\"author\" content=\"Reda\u00e7\u00e3o\" \/>\n<meta name=\"twitter:card\" content=\"summary_large_image\" \/>\n<meta name=\"twitter:label1\" content=\"Escrito por\" \/>\n\t<meta name=\"twitter:data1\" content=\"Reda\u00e7\u00e3o\" \/>\n<script type=\"application\/ld+json\" class=\"yoast-schema-graph\">{\"@context\":\"https:\/\/schema.org\",\"@graph\":[{\"@type\":\"Article\",\"@id\":\"https:\/\/brasilnoticias.org\/site\/novo-pac-inclui-fiol-e-ampliacao-de-metro-e-brt-de-salvador-ponte-salvador-itaparica-fica-de-fora\/#article\",\"isPartOf\":{\"@id\":\"https:\/\/brasilnoticias.org\/site\/novo-pac-inclui-fiol-e-ampliacao-de-metro-e-brt-de-salvador-ponte-salvador-itaparica-fica-de-fora\/\"},\"author\":{\"name\":\"Reda\u00e7\u00e3o\",\"@id\":\"https:\/\/brasilnoticias.org\/site\/#\/schema\/person\/03bbbfe6c7634ad18c26444ea39049fa\"},\"headline\":\"Novo PAC inclui Fiol e amplia\u00e7\u00e3o de metr\u00f4 e BRT de Salvador; Ponte Salvador-Itaparica fica de fora\",\"datePublished\":\"2023-08-11T18:27:20+00:00\",\"mainEntityOfPage\":{\"@id\":\"https:\/\/brasilnoticias.org\/site\/novo-pac-inclui-fiol-e-ampliacao-de-metro-e-brt-de-salvador-ponte-salvador-itaparica-fica-de-fora\/\"},\"wordCount\":269,\"commentCount\":0,\"publisher\":{\"@id\":\"https:\/\/brasilnoticias.org\/site\/#organization\"},\"image\":{\"@id\":\"https:\/\/brasilnoticias.org\/site\/novo-pac-inclui-fiol-e-ampliacao-de-metro-e-brt-de-salvador-ponte-salvador-itaparica-fica-de-fora\/#primaryimage\"},\"thumbnailUrl\":\"https:\/\/brasilnoticias.org\/site\/wp-content\/uploads\/2023\/08\/IMG_4634.jpeg\",\"articleSection\":[\"Not\u00edcias\",\"\u00daltimas\"],\"inLanguage\":\"pt-PT\",\"potentialAction\":[{\"@type\":\"CommentAction\",\"name\":\"Comment\",\"target\":[\"https:\/\/brasilnoticias.org\/site\/novo-pac-inclui-fiol-e-ampliacao-de-metro-e-brt-de-salvador-ponte-salvador-itaparica-fica-de-fora\/#respond\"]}]},{\"@type\":\"WebPage\",\"@id\":\"https:\/\/brasilnoticias.org\/site\/novo-pac-inclui-fiol-e-ampliacao-de-metro-e-brt-de-salvador-ponte-salvador-itaparica-fica-de-fora\/\",\"url\":\"https:\/\/brasilnoticias.org\/site\/novo-pac-inclui-fiol-e-ampliacao-de-metro-e-brt-de-salvador-ponte-salvador-itaparica-fica-de-fora\/\",\"name\":\"Novo PAC inclui Fiol e amplia\u00e7\u00e3o de metr\u00f4 e BRT de Salvador; Ponte Salvador-Itaparica fica de fora - Brasil not\u00edcias\",\"isPartOf\":{\"@id\":\"https:\/\/brasilnoticias.org\/site\/#website\"},\"primaryImageOfPage\":{\"@id\":\"https:\/\/brasilnoticias.org\/site\/novo-pac-inclui-fiol-e-ampliacao-de-metro-e-brt-de-salvador-ponte-salvador-itaparica-fica-de-fora\/#primaryimage\"},\"image\":{\"@id\":\"https:\/\/brasilnoticias.org\/site\/novo-pac-inclui-fiol-e-ampliacao-de-metro-e-brt-de-salvador-ponte-salvador-itaparica-fica-de-fora\/#primaryimage\"},\"thumbnailUrl\":\"https:\/\/brasilnoticias.org\/site\/wp-content\/uploads\/2023\/08\/IMG_4634.jpeg\",\"datePublished\":\"2023-08-11T18:27:20+00:00\",\"breadcrumb\":{\"@id\":\"https:\/\/brasilnoticias.org\/site\/novo-pac-inclui-fiol-e-ampliacao-de-metro-e-brt-de-salvador-ponte-salvador-itaparica-fica-de-fora\/#breadcrumb\"},\"inLanguage\":\"pt-PT\",\"potentialAction\":[{\"@type\":\"ReadAction\",\"target\":[\"https:\/\/brasilnoticias.org\/site\/novo-pac-inclui-fiol-e-ampliacao-de-metro-e-brt-de-salvador-ponte-salvador-itaparica-fica-de-fora\/\"]}]},{\"@type\":\"ImageObject\",\"inLanguage\":\"pt-PT\",\"@id\":\"https:\/\/brasilnoticias.org\/site\/novo-pac-inclui-fiol-e-ampliacao-de-metro-e-brt-de-salvador-ponte-salvador-itaparica-fica-de-fora\/#primaryimage\",\"url\":\"https:\/\/brasilnoticias.org\/site\/wp-content\/uploads\/2023\/08\/IMG_4634.jpeg\",\"contentUrl\":\"https:\/\/brasilnoticias.org\/site\/wp-content\/uploads\/2023\/08\/IMG_4634.jpeg\",\"width\":740,\"height\":470},{\"@type\":\"BreadcrumbList\",\"@id\":\"https:\/\/brasilnoticias.org\/site\/novo-pac-inclui-fiol-e-ampliacao-de-metro-e-brt-de-salvador-ponte-salvador-itaparica-fica-de-fora\/#breadcrumb\",\"itemListElement\":[{\"@type\":\"ListItem\",\"position\":1,\"name\":\"In\u00edcio\",\"item\":\"https:\/\/brasilnoticias.org\/site\/\"},{\"@type\":\"ListItem\",\"position\":2,\"name\":\"Novo PAC inclui Fiol e amplia\u00e7\u00e3o de metr\u00f4 e BRT de Salvador; Ponte Salvador-Itaparica fica de fora\"}]},{\"@type\":\"WebSite\",\"@id\":\"https:\/\/brasilnoticias.org\/site\/#website\",\"url\":\"https:\/\/brasilnoticias.org\/site\/\",\"name\":\"Brasil not\u00edcias\",\"description\":\"Brasil not\u00edcias\",\"publisher\":{\"@id\":\"https:\/\/brasilnoticias.org\/site\/#organization\"},\"potentialAction\":[{\"@type\":\"SearchAction\",\"target\":{\"@type\":\"EntryPoint\",\"urlTemplate\":\"https:\/\/brasilnoticias.org\/site\/?s={search_term_string}\"},\"query-input\":{\"@type\":\"PropertyValueSpecification\",\"valueRequired\":true,\"valueName\":\"search_term_string\"}}],\"inLanguage\":\"pt-PT\"},{\"@type\":\"Organization\",\"@id\":\"https:\/\/brasilnoticias.org\/site\/#organization\",\"name\":\"Brasil not\u00edcias\",\"url\":\"https:\/\/brasilnoticias.org\/site\/\",\"logo\":{\"@type\":\"ImageObject\",\"inLanguage\":\"pt-PT\",\"@id\":\"https:\/\/brasilnoticias.org\/site\/#\/schema\/logo\/image\/\",\"url\":\"https:\/\/brasilnoticias.org\/site\/wp-content\/uploads\/2022\/05\/cropped-brasilnoticias-mini.jpg\",\"contentUrl\":\"https:\/\/brasilnoticias.org\/site\/wp-content\/uploads\/2022\/05\/cropped-brasilnoticias-mini.jpg\",\"width\":314,\"height\":86,\"caption\":\"Brasil not\u00edcias\"},\"image\":{\"@id\":\"https:\/\/brasilnoticias.org\/site\/#\/schema\/logo\/image\/\"}},{\"@type\":\"Person\",\"@id\":\"https:\/\/brasilnoticias.org\/site\/#\/schema\/person\/03bbbfe6c7634ad18c26444ea39049fa\",\"name\":\"Reda\u00e7\u00e3o\",\"image\":{\"@type\":\"ImageObject\",\"inLanguage\":\"pt-PT\",\"@id\":\"https:\/\/brasilnoticias.org\/site\/#\/schema\/person\/image\/\",\"url\":\"https:\/\/secure.gravatar.com\/avatar\/9ecaf7327a696cb23ad926fedded5f1f04d7049de9e445375d55b48c001a6e42?s=96&d=mm&r=g\",\"contentUrl\":\"https:\/\/secure.gravatar.com\/avatar\/9ecaf7327a696cb23ad926fedded5f1f04d7049de9e445375d55b48c001a6e42?s=96&d=mm&r=g\",\"caption\":\"Reda\u00e7\u00e3o\"},\"url\":\"https:\/\/brasilnoticias.org\/site\/author\/henrique\/\"}]}<\/script>\n<!-- \/ Yoast SEO plugin. -->","yoast_head_json":{"title":"Novo PAC inclui Fiol e amplia\u00e7\u00e3o de metr\u00f4 e BRT de Salvador; Ponte Salvador-Itaparica fica de fora - Brasil not\u00edcias","robots":{"index":"index","follow":"follow","max-snippet":"max-snippet:-1","max-image-preview":"max-image-preview:large","max-video-preview":"max-video-preview:-1"},"canonical":"https:\/\/brasilnoticias.org\/site\/novo-pac-inclui-fiol-e-ampliacao-de-metro-e-brt-de-salvador-ponte-salvador-itaparica-fica-de-fora\/","og_locale":"pt_PT","og_type":"article","og_title":"Novo PAC inclui Fiol e amplia\u00e7\u00e3o de metr\u00f4 e BRT de Salvador; Ponte Salvador-Itaparica fica de fora - Brasil not\u00edcias","og_description":"Segundo o governo federal, ser\u00e3o investidos na Bahia R$ 119,4 bilh\u00f5es em obras; \u00e9 o quinto estado com mais recursos","og_url":"https:\/\/brasilnoticias.org\/site\/novo-pac-inclui-fiol-e-ampliacao-de-metro-e-brt-de-salvador-ponte-salvador-itaparica-fica-de-fora\/","og_site_name":"Brasil not\u00edcias","article_published_time":"2023-08-11T18:27:20+00:00","og_image":[{"width":740,"height":470,"url":"https:\/\/brasilnoticias.org\/site\/wp-content\/uploads\/2023\/08\/IMG_4634.jpeg","type":"image\/jpeg"}],"author":"Reda\u00e7\u00e3o","twitter_card":"summary_large_image","twitter_misc":{"Escrito por":"Reda\u00e7\u00e3o"},"schema":{"@context":"https:\/\/schema.org","@graph":[{"@type":"Article","@id":"https:\/\/brasilnoticias.org\/site\/novo-pac-inclui-fiol-e-ampliacao-de-metro-e-brt-de-salvador-ponte-salvador-itaparica-fica-de-fora\/#article","isPartOf":{"@id":"https:\/\/brasilnoticias.org\/site\/novo-pac-inclui-fiol-e-ampliacao-de-metro-e-brt-de-salvador-ponte-salvador-itaparica-fica-de-fora\/"},"author":{"name":"Reda\u00e7\u00e3o","@id":"https:\/\/brasilnoticias.org\/site\/#\/schema\/person\/03bbbfe6c7634ad18c26444ea39049fa"},"headline":"Novo PAC inclui Fiol e amplia\u00e7\u00e3o de metr\u00f4 e BRT de Salvador; Ponte Salvador-Itaparica fica de fora","datePublished":"2023-08-11T18:27:20+00:00","mainEntityOfPage":{"@id":"https:\/\/brasilnoticias.org\/site\/novo-pac-inclui-fiol-e-ampliacao-de-metro-e-brt-de-salvador-ponte-salvador-itaparica-fica-de-fora\/"},"wordCount":269,"commentCount":0,"publisher":{"@id":"https:\/\/brasilnoticias.org\/site\/#organization"},"image":{"@id":"https:\/\/brasilnoticias.org\/site\/novo-pac-inclui-fiol-e-ampliacao-de-metro-e-brt-de-salvador-ponte-salvador-itaparica-fica-de-fora\/#primaryimage"},"thumbnailUrl":"https:\/\/brasilnoticias.org\/site\/wp-content\/uploads\/2023\/08\/IMG_4634.jpeg","articleSection":["Not\u00edcias","\u00daltimas"],"inLanguage":"pt-PT","potentialAction":[{"@type":"CommentAction","name":"Comment","target":["https:\/\/brasilnoticias.org\/site\/novo-pac-inclui-fiol-e-ampliacao-de-metro-e-brt-de-salvador-ponte-salvador-itaparica-fica-de-fora\/#respond"]}]},{"@type":"WebPage","@id":"https:\/\/brasilnoticias.org\/site\/novo-pac-inclui-fiol-e-ampliacao-de-metro-e-brt-de-salvador-ponte-salvador-itaparica-fica-de-fora\/","url":"https:\/\/brasilnoticias.org\/site\/novo-pac-inclui-fiol-e-ampliacao-de-metro-e-brt-de-salvador-ponte-salvador-itaparica-fica-de-fora\/","name":"Novo PAC inclui Fiol e amplia\u00e7\u00e3o de metr\u00f4 e BRT de Salvador; Ponte Salvador-Itaparica fica de fora - Brasil not\u00edcias","isPartOf":{"@id":"https:\/\/brasilnoticias.org\/site\/#website"},"primaryImageOfPage":{"@id":"https:\/\/brasilnoticias.org\/site\/novo-pac-inclui-fiol-e-ampliacao-de-metro-e-brt-de-salvador-ponte-salvador-itaparica-fica-de-fora\/#primaryimage"},"image":{"@id":"https:\/\/brasilnoticias.org\/site\/novo-pac-inclui-fiol-e-ampliacao-de-metro-e-brt-de-salvador-ponte-salvador-itaparica-fica-de-fora\/#primaryimage"},"thumbnailUrl":"https:\/\/brasilnoticias.org\/site\/wp-content\/uploads\/2023\/08\/IMG_4634.jpeg","datePublished":"2023-08-11T18:27:20+00:00","breadcrumb":{"@id":"https:\/\/brasilnoticias.org\/site\/novo-pac-inclui-fiol-e-ampliacao-de-metro-e-brt-de-salvador-ponte-salvador-itaparica-fica-de-fora\/#breadcrumb"},"inLanguage":"pt-PT","potentialAction":[{"@type":"ReadAction","target":["https:\/\/brasilnoticias.org\/site\/novo-pac-inclui-fiol-e-ampliacao-de-metro-e-brt-de-salvador-ponte-salvador-itaparica-fica-de-fora\/"]}]},{"@type":"ImageObject","inLanguage":"pt-PT","@id":"https:\/\/brasilnoticias.org\/site\/novo-pac-inclui-fiol-e-ampliacao-de-metro-e-brt-de-salvador-ponte-salvador-itaparica-fica-de-fora\/#primaryimage","url":"https:\/\/brasilnoticias.org\/site\/wp-content\/uploads\/2023\/08\/IMG_4634.jpeg","contentUrl":"https:\/\/brasilnoticias.org\/site\/wp-content\/uploads\/2023\/08\/IMG_4634.jpeg","width":740,"height":470},{"@type":"BreadcrumbList","@id":"https:\/\/brasilnoticias.org\/site\/novo-pac-inclui-fiol-e-ampliacao-de-metro-e-brt-de-salvador-ponte-salvador-itaparica-fica-de-fora\/#breadcrumb","itemListElement":[{"@type":"ListItem","position":1,"name":"In\u00edcio","item":"https:\/\/brasilnoticias.org\/site\/"},{"@type":"ListItem","position":2,"name":"Novo PAC inclui Fiol e amplia\u00e7\u00e3o de metr\u00f4 e BRT de Salvador; Ponte Salvador-Itaparica fica de fora"}]},{"@type":"WebSite","@id":"https:\/\/brasilnoticias.org\/site\/#website","url":"https:\/\/brasilnoticias.org\/site\/","name":"Brasil not\u00edcias","description":"Brasil not\u00edcias","publisher":{"@id":"https:\/\/brasilnoticias.org\/site\/#organization"},"potentialAction":[{"@type":"SearchAction","target":{"@type":"EntryPoint","urlTemplate":"https:\/\/brasilnoticias.org\/site\/?s={search_term_string}"},"query-input":{"@type":"PropertyValueSpecification","valueRequired":true,"valueName":"search_term_string"}}],"inLanguage":"pt-PT"},{"@type":"Organization","@id":"https:\/\/brasilnoticias.org\/site\/#organization","name":"Brasil not\u00edcias","url":"https:\/\/brasilnoticias.org\/site\/","logo":{"@type":"ImageObject","inLanguage":"pt-PT","@id":"https:\/\/brasilnoticias.org\/site\/#\/schema\/logo\/image\/","url":"https:\/\/brasilnoticias.org\/site\/wp-content\/uploads\/2022\/05\/cropped-brasilnoticias-mini.jpg","contentUrl":"https:\/\/brasilnoticias.org\/site\/wp-content\/uploads\/2022\/05\/cropped-brasilnoticias-mini.jpg","width":314,"height":86,"caption":"Brasil not\u00edcias"},"image":{"@id":"https:\/\/brasilnoticias.org\/site\/#\/schema\/logo\/image\/"}},{"@type":"Person","@id":"https:\/\/brasilnoticias.org\/site\/#\/schema\/person\/03bbbfe6c7634ad18c26444ea39049fa","name":"Reda\u00e7\u00e3o","image":{"@type":"ImageObject","inLanguage":"pt-PT","@id":"https:\/\/brasilnoticias.org\/site\/#\/schema\/person\/image\/","url":"https:\/\/secure.gravatar.com\/avatar\/9ecaf7327a696cb23ad926fedded5f1f04d7049de9e445375d55b48c001a6e42?s=96&d=mm&r=g","contentUrl":"https:\/\/secure.gravatar.com\/avatar\/9ecaf7327a696cb23ad926fedded5f1f04d7049de9e445375d55b48c001a6e42?s=96&d=mm&r=g","caption":"Reda\u00e7\u00e3o"},"url":"https:\/\/brasilnoticias.org\/site\/author\/henrique\/"}]}},"_links":{"self":[{"href":"https:\/\/brasilnoticias.org\/site\/wp-json\/wp\/v2\/posts\/8164","targetHints":{"allow":["GET"]}}],"collection":[{"href":"https:\/\/brasilnoticias.org\/site\/wp-json\/wp\/v2\/posts"}],"about":[{"href":"https:\/\/brasilnoticias.org\/site\/wp-json\/wp\/v2\/types\/post"}],"author":[{"embeddable":true,"href":"https:\/\/brasilnoticias.org\/site\/wp-json\/wp\/v2\/users\/4"}],"replies":[{"embeddable":true,"href":"https:\/\/brasilnoticias.org\/site\/wp-json\/wp\/v2\/comments?post=8164"}],"version-history":[{"count":2,"href":"https:\/\/brasilnoticias.org\/site\/wp-json\/wp\/v2\/posts\/8164\/revisions"}],"predecessor-version":[{"id":8167,"href":"https:\/\/brasilnoticias.org\/site\/wp-json\/wp\/v2\/posts\/8164\/revisions\/8167"}],"wp:featuredmedia":[{"embeddable":true,"href":"https:\/\/brasilnoticias.org\/site\/wp-json\/wp\/v2\/media\/8166"}],"wp:attachment":[{"href":"https:\/\/brasilnoticias.org\/site\/wp-json\/wp\/v2\/media?parent=8164"}],"wp:term":[{"taxonomy":"category","embeddable":true,"href":"https:\/\/brasilnoticias.org\/site\/wp-json\/wp\/v2\/categories?post=8164"},{"taxonomy":"post_tag","embeddable":true,"href":"https:\/\/brasilnoticias.org\/site\/wp-json\/wp\/v2\/tags?post=8164"}],"curies":[{"name":"wp","href":"https:\/\/api.w.org\/{rel}","templated":true}]}}