{"id":8192,"date":"2023-08-12T10:00:39","date_gmt":"2023-08-12T13:00:39","guid":{"rendered":"https:\/\/brasilnoticias.org\/site\/?p=8192"},"modified":"2023-08-12T08:45:07","modified_gmt":"2023-08-12T11:45:07","slug":"turistas-aproveitam-atrativos-do-pelourinho-durante-festa-literaria","status":"publish","type":"post","link":"https:\/\/brasilnoticias.org\/site\/turistas-aproveitam-atrativos-do-pelourinho-durante-festa-literaria\/","title":{"rendered":"Turistas aproveitam atrativos do Pelourinho durante festa liter\u00e1ria"},"content":{"rendered":"<p>At\u00e9 domingo (13), baianos e turistas que visitarem o Centro Hist\u00f3rico de Salvador poder\u00e3o participar da 7\u00aa edi\u00e7\u00e3o da Festa Liter\u00e1ria Internacional do Pelourinho (Flipel\u00f4). O ponto tur\u00edstico mais famoso da cidade deve receber mais de 200 mil pessoas, em cinco dias de programa\u00e7\u00e3o, que inclui rota gastron\u00f4mica, exposi\u00e7\u00f5es, lan\u00e7amentos de livros, palestras, recitais de poesia e apresenta\u00e7\u00f5es musicais. O evento tem apoio do Governo da Bahia.<\/p>\n<p>\u201cO Pelourinho carrega a ess\u00eancia da hist\u00f3ria e da cultura da capital da Bahia e a Flipel\u00f4 ajuda a projetar ainda mais o nosso patrim\u00f4nio, que atrai gente do mundo todo\u201d, destacou o secret\u00e1rio estadual de turismo, Maur\u00edcio Bacelar.<\/p>\n<p>Encantada, a escritora Taiane Martins visita o estado pela primeira vez. \u201cAcho incr\u00edvel a iniciativa. \u00c9 lindo estar aqui divulgando o meu trabalho e conhecendo Salvador. Quero conhecer tudo! Se der tempo, irei at\u00e9 a Praia do Forte\u201d, disse a ga\u00facha.<\/p>\n<p>J\u00e1 a mineira Denise Nogueira foi surpreendida com a realiza\u00e7\u00e3o do festival. \u201dVim aqui conhecer o restaurante do Senac para experimentar um pouco da culin\u00e1ria e acabei ficando. Achei \u00f3tima a ideia de uma feira liter\u00e1ria dentro do Pelourinho. Estamos curtindo bastante\u201d, contou a analista de sistemas.<\/p>\n<p>\u201cA Flipel\u00f4 sempre gera um significativo aumento no n\u00famero de clientes no nosso empreendimento. Eventos assim ajudam os setores de hotelaria, restaurantes e o com\u00e9rcio em geral, incrementando a economia do turismo\u201d, comemorou o peruano Stephan Hiroo Ito, propriet\u00e1rio de um hotel no Centro Hist\u00f3rico.<\/p>\n<p>Foto: Fernando Vivas\/GOVBA<br \/>\nAscom\/Setur<\/p>\n","protected":false},"excerpt":{"rendered":"<p>At\u00e9 domingo (13), baianos e turistas que visitarem o Centro Hist\u00f3rico de Salvador poder\u00e3o participar da 7\u00aa edi\u00e7\u00e3o da Festa<\/p>\n","protected":false},"author":4,"featured_media":8193,"comment_status":"open","ping_status":"open","sticky":false,"template":"","format":"standard","meta":{"colormag_page_container_layout":"default_layout","colormag_page_sidebar_layout":"default_layout","_FSMCFIC_featured_image_caption":"","_FSMCFIC_featured_image_nocaption":"","_FSMCFIC_featured_image_hide":"","footnotes":""},"categories":[2,1],"tags":[],"class_list":["post-8192","post","type-post","status-publish","format-standard","has-post-thumbnail","hentry","category-noticias","category-ultimas"],"yoast_head":"<!-- This site is optimized with the Yoast SEO plugin v27.1.1 - https:\/\/yoast.com\/product\/yoast-seo-wordpress\/ -->\n<title>Turistas aproveitam atrativos do Pelourinho durante festa liter\u00e1ria - Brasil not\u00edcias<\/title>\n<meta name=\"robots\" content=\"index, follow, max-snippet:-1, max-image-preview:large, max-video-preview:-1\" \/>\n<link rel=\"canonical\" href=\"https:\/\/brasilnoticias.org\/site\/turistas-aproveitam-atrativos-do-pelourinho-durante-festa-literaria\/\" \/>\n<meta property=\"og:locale\" content=\"pt_PT\" \/>\n<meta property=\"og:type\" content=\"article\" \/>\n<meta property=\"og:title\" content=\"Turistas aproveitam atrativos do Pelourinho durante festa liter\u00e1ria - Brasil not\u00edcias\" \/>\n<meta property=\"og:description\" content=\"At\u00e9 domingo (13), baianos e turistas que visitarem o Centro Hist\u00f3rico de Salvador poder\u00e3o participar da 7\u00aa edi\u00e7\u00e3o da Festa\" \/>\n<meta property=\"og:url\" content=\"https:\/\/brasilnoticias.org\/site\/turistas-aproveitam-atrativos-do-pelourinho-durante-festa-literaria\/\" \/>\n<meta property=\"og:site_name\" content=\"Brasil not\u00edcias\" \/>\n<meta property=\"article:published_time\" content=\"2023-08-12T13:00:39+00:00\" \/>\n<meta property=\"og:image\" content=\"https:\/\/brasilnoticias.org\/site\/wp-content\/uploads\/2023\/08\/Pelourinho-durante-festa-literaria_flipelo-Foto-Fernando-Vivas-GovBA-696x464-1.jpg\" \/>\n\t<meta property=\"og:image:width\" content=\"696\" \/>\n\t<meta property=\"og:image:height\" content=\"464\" \/>\n\t<meta property=\"og:image:type\" content=\"image\/jpeg\" \/>\n<meta name=\"author\" content=\"Reda\u00e7\u00e3o\" \/>\n<meta name=\"twitter:card\" content=\"summary_large_image\" \/>\n<meta name=\"twitter:label1\" content=\"Escrito por\" \/>\n\t<meta name=\"twitter:data1\" content=\"Reda\u00e7\u00e3o\" \/>\n<script type=\"application\/ld+json\" class=\"yoast-schema-graph\">{\"@context\":\"https:\/\/schema.org\",\"@graph\":[{\"@type\":\"Article\",\"@id\":\"https:\/\/brasilnoticias.org\/site\/turistas-aproveitam-atrativos-do-pelourinho-durante-festa-literaria\/#article\",\"isPartOf\":{\"@id\":\"https:\/\/brasilnoticias.org\/site\/turistas-aproveitam-atrativos-do-pelourinho-durante-festa-literaria\/\"},\"author\":{\"name\":\"Reda\u00e7\u00e3o\",\"@id\":\"https:\/\/brasilnoticias.org\/site\/#\/schema\/person\/03bbbfe6c7634ad18c26444ea39049fa\"},\"headline\":\"Turistas aproveitam atrativos do Pelourinho durante festa liter\u00e1ria\",\"datePublished\":\"2023-08-12T13:00:39+00:00\",\"mainEntityOfPage\":{\"@id\":\"https:\/\/brasilnoticias.org\/site\/turistas-aproveitam-atrativos-do-pelourinho-durante-festa-literaria\/\"},\"wordCount\":274,\"commentCount\":0,\"publisher\":{\"@id\":\"https:\/\/brasilnoticias.org\/site\/#organization\"},\"image\":{\"@id\":\"https:\/\/brasilnoticias.org\/site\/turistas-aproveitam-atrativos-do-pelourinho-durante-festa-literaria\/#primaryimage\"},\"thumbnailUrl\":\"https:\/\/brasilnoticias.org\/site\/wp-content\/uploads\/2023\/08\/Pelourinho-durante-festa-literaria_flipelo-Foto-Fernando-Vivas-GovBA-696x464-1.jpg\",\"articleSection\":[\"Not\u00edcias\",\"\u00daltimas\"],\"inLanguage\":\"pt-PT\",\"potentialAction\":[{\"@type\":\"CommentAction\",\"name\":\"Comment\",\"target\":[\"https:\/\/brasilnoticias.org\/site\/turistas-aproveitam-atrativos-do-pelourinho-durante-festa-literaria\/#respond\"]}]},{\"@type\":\"WebPage\",\"@id\":\"https:\/\/brasilnoticias.org\/site\/turistas-aproveitam-atrativos-do-pelourinho-durante-festa-literaria\/\",\"url\":\"https:\/\/brasilnoticias.org\/site\/turistas-aproveitam-atrativos-do-pelourinho-durante-festa-literaria\/\",\"name\":\"Turistas aproveitam atrativos do Pelourinho durante festa liter\u00e1ria - Brasil not\u00edcias\",\"isPartOf\":{\"@id\":\"https:\/\/brasilnoticias.org\/site\/#website\"},\"primaryImageOfPage\":{\"@id\":\"https:\/\/brasilnoticias.org\/site\/turistas-aproveitam-atrativos-do-pelourinho-durante-festa-literaria\/#primaryimage\"},\"image\":{\"@id\":\"https:\/\/brasilnoticias.org\/site\/turistas-aproveitam-atrativos-do-pelourinho-durante-festa-literaria\/#primaryimage\"},\"thumbnailUrl\":\"https:\/\/brasilnoticias.org\/site\/wp-content\/uploads\/2023\/08\/Pelourinho-durante-festa-literaria_flipelo-Foto-Fernando-Vivas-GovBA-696x464-1.jpg\",\"datePublished\":\"2023-08-12T13:00:39+00:00\",\"breadcrumb\":{\"@id\":\"https:\/\/brasilnoticias.org\/site\/turistas-aproveitam-atrativos-do-pelourinho-durante-festa-literaria\/#breadcrumb\"},\"inLanguage\":\"pt-PT\",\"potentialAction\":[{\"@type\":\"ReadAction\",\"target\":[\"https:\/\/brasilnoticias.org\/site\/turistas-aproveitam-atrativos-do-pelourinho-durante-festa-literaria\/\"]}]},{\"@type\":\"ImageObject\",\"inLanguage\":\"pt-PT\",\"@id\":\"https:\/\/brasilnoticias.org\/site\/turistas-aproveitam-atrativos-do-pelourinho-durante-festa-literaria\/#primaryimage\",\"url\":\"https:\/\/brasilnoticias.org\/site\/wp-content\/uploads\/2023\/08\/Pelourinho-durante-festa-literaria_flipelo-Foto-Fernando-Vivas-GovBA-696x464-1.jpg\",\"contentUrl\":\"https:\/\/brasilnoticias.org\/site\/wp-content\/uploads\/2023\/08\/Pelourinho-durante-festa-literaria_flipelo-Foto-Fernando-Vivas-GovBA-696x464-1.jpg\",\"width\":696,\"height\":464},{\"@type\":\"BreadcrumbList\",\"@id\":\"https:\/\/brasilnoticias.org\/site\/turistas-aproveitam-atrativos-do-pelourinho-durante-festa-literaria\/#breadcrumb\",\"itemListElement\":[{\"@type\":\"ListItem\",\"position\":1,\"name\":\"In\u00edcio\",\"item\":\"https:\/\/brasilnoticias.org\/site\/\"},{\"@type\":\"ListItem\",\"position\":2,\"name\":\"Turistas aproveitam atrativos do Pelourinho durante festa liter\u00e1ria\"}]},{\"@type\":\"WebSite\",\"@id\":\"https:\/\/brasilnoticias.org\/site\/#website\",\"url\":\"https:\/\/brasilnoticias.org\/site\/\",\"name\":\"Brasil not\u00edcias\",\"description\":\"Brasil not\u00edcias\",\"publisher\":{\"@id\":\"https:\/\/brasilnoticias.org\/site\/#organization\"},\"potentialAction\":[{\"@type\":\"SearchAction\",\"target\":{\"@type\":\"EntryPoint\",\"urlTemplate\":\"https:\/\/brasilnoticias.org\/site\/?s={search_term_string}\"},\"query-input\":{\"@type\":\"PropertyValueSpecification\",\"valueRequired\":true,\"valueName\":\"search_term_string\"}}],\"inLanguage\":\"pt-PT\"},{\"@type\":\"Organization\",\"@id\":\"https:\/\/brasilnoticias.org\/site\/#organization\",\"name\":\"Brasil not\u00edcias\",\"url\":\"https:\/\/brasilnoticias.org\/site\/\",\"logo\":{\"@type\":\"ImageObject\",\"inLanguage\":\"pt-PT\",\"@id\":\"https:\/\/brasilnoticias.org\/site\/#\/schema\/logo\/image\/\",\"url\":\"https:\/\/brasilnoticias.org\/site\/wp-content\/uploads\/2022\/05\/cropped-brasilnoticias-mini.jpg\",\"contentUrl\":\"https:\/\/brasilnoticias.org\/site\/wp-content\/uploads\/2022\/05\/cropped-brasilnoticias-mini.jpg\",\"width\":314,\"height\":86,\"caption\":\"Brasil not\u00edcias\"},\"image\":{\"@id\":\"https:\/\/brasilnoticias.org\/site\/#\/schema\/logo\/image\/\"}},{\"@type\":\"Person\",\"@id\":\"https:\/\/brasilnoticias.org\/site\/#\/schema\/person\/03bbbfe6c7634ad18c26444ea39049fa\",\"name\":\"Reda\u00e7\u00e3o\",\"image\":{\"@type\":\"ImageObject\",\"inLanguage\":\"pt-PT\",\"@id\":\"https:\/\/brasilnoticias.org\/site\/#\/schema\/person\/image\/\",\"url\":\"https:\/\/secure.gravatar.com\/avatar\/9ecaf7327a696cb23ad926fedded5f1f04d7049de9e445375d55b48c001a6e42?s=96&d=mm&r=g\",\"contentUrl\":\"https:\/\/secure.gravatar.com\/avatar\/9ecaf7327a696cb23ad926fedded5f1f04d7049de9e445375d55b48c001a6e42?s=96&d=mm&r=g\",\"caption\":\"Reda\u00e7\u00e3o\"},\"url\":\"https:\/\/brasilnoticias.org\/site\/author\/henrique\/\"}]}<\/script>\n<!-- \/ Yoast SEO plugin. -->","yoast_head_json":{"title":"Turistas aproveitam atrativos do Pelourinho durante festa liter\u00e1ria - Brasil not\u00edcias","robots":{"index":"index","follow":"follow","max-snippet":"max-snippet:-1","max-image-preview":"max-image-preview:large","max-video-preview":"max-video-preview:-1"},"canonical":"https:\/\/brasilnoticias.org\/site\/turistas-aproveitam-atrativos-do-pelourinho-durante-festa-literaria\/","og_locale":"pt_PT","og_type":"article","og_title":"Turistas aproveitam atrativos do Pelourinho durante festa liter\u00e1ria - Brasil not\u00edcias","og_description":"At\u00e9 domingo (13), baianos e turistas que visitarem o Centro Hist\u00f3rico de Salvador poder\u00e3o participar da 7\u00aa edi\u00e7\u00e3o da Festa","og_url":"https:\/\/brasilnoticias.org\/site\/turistas-aproveitam-atrativos-do-pelourinho-durante-festa-literaria\/","og_site_name":"Brasil not\u00edcias","article_published_time":"2023-08-12T13:00:39+00:00","og_image":[{"width":696,"height":464,"url":"https:\/\/brasilnoticias.org\/site\/wp-content\/uploads\/2023\/08\/Pelourinho-durante-festa-literaria_flipelo-Foto-Fernando-Vivas-GovBA-696x464-1.jpg","type":"image\/jpeg"}],"author":"Reda\u00e7\u00e3o","twitter_card":"summary_large_image","twitter_misc":{"Escrito por":"Reda\u00e7\u00e3o"},"schema":{"@context":"https:\/\/schema.org","@graph":[{"@type":"Article","@id":"https:\/\/brasilnoticias.org\/site\/turistas-aproveitam-atrativos-do-pelourinho-durante-festa-literaria\/#article","isPartOf":{"@id":"https:\/\/brasilnoticias.org\/site\/turistas-aproveitam-atrativos-do-pelourinho-durante-festa-literaria\/"},"author":{"name":"Reda\u00e7\u00e3o","@id":"https:\/\/brasilnoticias.org\/site\/#\/schema\/person\/03bbbfe6c7634ad18c26444ea39049fa"},"headline":"Turistas aproveitam atrativos do Pelourinho durante festa liter\u00e1ria","datePublished":"2023-08-12T13:00:39+00:00","mainEntityOfPage":{"@id":"https:\/\/brasilnoticias.org\/site\/turistas-aproveitam-atrativos-do-pelourinho-durante-festa-literaria\/"},"wordCount":274,"commentCount":0,"publisher":{"@id":"https:\/\/brasilnoticias.org\/site\/#organization"},"image":{"@id":"https:\/\/brasilnoticias.org\/site\/turistas-aproveitam-atrativos-do-pelourinho-durante-festa-literaria\/#primaryimage"},"thumbnailUrl":"https:\/\/brasilnoticias.org\/site\/wp-content\/uploads\/2023\/08\/Pelourinho-durante-festa-literaria_flipelo-Foto-Fernando-Vivas-GovBA-696x464-1.jpg","articleSection":["Not\u00edcias","\u00daltimas"],"inLanguage":"pt-PT","potentialAction":[{"@type":"CommentAction","name":"Comment","target":["https:\/\/brasilnoticias.org\/site\/turistas-aproveitam-atrativos-do-pelourinho-durante-festa-literaria\/#respond"]}]},{"@type":"WebPage","@id":"https:\/\/brasilnoticias.org\/site\/turistas-aproveitam-atrativos-do-pelourinho-durante-festa-literaria\/","url":"https:\/\/brasilnoticias.org\/site\/turistas-aproveitam-atrativos-do-pelourinho-durante-festa-literaria\/","name":"Turistas aproveitam atrativos do Pelourinho durante festa liter\u00e1ria - Brasil not\u00edcias","isPartOf":{"@id":"https:\/\/brasilnoticias.org\/site\/#website"},"primaryImageOfPage":{"@id":"https:\/\/brasilnoticias.org\/site\/turistas-aproveitam-atrativos-do-pelourinho-durante-festa-literaria\/#primaryimage"},"image":{"@id":"https:\/\/brasilnoticias.org\/site\/turistas-aproveitam-atrativos-do-pelourinho-durante-festa-literaria\/#primaryimage"},"thumbnailUrl":"https:\/\/brasilnoticias.org\/site\/wp-content\/uploads\/2023\/08\/Pelourinho-durante-festa-literaria_flipelo-Foto-Fernando-Vivas-GovBA-696x464-1.jpg","datePublished":"2023-08-12T13:00:39+00:00","breadcrumb":{"@id":"https:\/\/brasilnoticias.org\/site\/turistas-aproveitam-atrativos-do-pelourinho-durante-festa-literaria\/#breadcrumb"},"inLanguage":"pt-PT","potentialAction":[{"@type":"ReadAction","target":["https:\/\/brasilnoticias.org\/site\/turistas-aproveitam-atrativos-do-pelourinho-durante-festa-literaria\/"]}]},{"@type":"ImageObject","inLanguage":"pt-PT","@id":"https:\/\/brasilnoticias.org\/site\/turistas-aproveitam-atrativos-do-pelourinho-durante-festa-literaria\/#primaryimage","url":"https:\/\/brasilnoticias.org\/site\/wp-content\/uploads\/2023\/08\/Pelourinho-durante-festa-literaria_flipelo-Foto-Fernando-Vivas-GovBA-696x464-1.jpg","contentUrl":"https:\/\/brasilnoticias.org\/site\/wp-content\/uploads\/2023\/08\/Pelourinho-durante-festa-literaria_flipelo-Foto-Fernando-Vivas-GovBA-696x464-1.jpg","width":696,"height":464},{"@type":"BreadcrumbList","@id":"https:\/\/brasilnoticias.org\/site\/turistas-aproveitam-atrativos-do-pelourinho-durante-festa-literaria\/#breadcrumb","itemListElement":[{"@type":"ListItem","position":1,"name":"In\u00edcio","item":"https:\/\/brasilnoticias.org\/site\/"},{"@type":"ListItem","position":2,"name":"Turistas aproveitam atrativos do Pelourinho durante festa liter\u00e1ria"}]},{"@type":"WebSite","@id":"https:\/\/brasilnoticias.org\/site\/#website","url":"https:\/\/brasilnoticias.org\/site\/","name":"Brasil not\u00edcias","description":"Brasil not\u00edcias","publisher":{"@id":"https:\/\/brasilnoticias.org\/site\/#organization"},"potentialAction":[{"@type":"SearchAction","target":{"@type":"EntryPoint","urlTemplate":"https:\/\/brasilnoticias.org\/site\/?s={search_term_string}"},"query-input":{"@type":"PropertyValueSpecification","valueRequired":true,"valueName":"search_term_string"}}],"inLanguage":"pt-PT"},{"@type":"Organization","@id":"https:\/\/brasilnoticias.org\/site\/#organization","name":"Brasil not\u00edcias","url":"https:\/\/brasilnoticias.org\/site\/","logo":{"@type":"ImageObject","inLanguage":"pt-PT","@id":"https:\/\/brasilnoticias.org\/site\/#\/schema\/logo\/image\/","url":"https:\/\/brasilnoticias.org\/site\/wp-content\/uploads\/2022\/05\/cropped-brasilnoticias-mini.jpg","contentUrl":"https:\/\/brasilnoticias.org\/site\/wp-content\/uploads\/2022\/05\/cropped-brasilnoticias-mini.jpg","width":314,"height":86,"caption":"Brasil not\u00edcias"},"image":{"@id":"https:\/\/brasilnoticias.org\/site\/#\/schema\/logo\/image\/"}},{"@type":"Person","@id":"https:\/\/brasilnoticias.org\/site\/#\/schema\/person\/03bbbfe6c7634ad18c26444ea39049fa","name":"Reda\u00e7\u00e3o","image":{"@type":"ImageObject","inLanguage":"pt-PT","@id":"https:\/\/brasilnoticias.org\/site\/#\/schema\/person\/image\/","url":"https:\/\/secure.gravatar.com\/avatar\/9ecaf7327a696cb23ad926fedded5f1f04d7049de9e445375d55b48c001a6e42?s=96&d=mm&r=g","contentUrl":"https:\/\/secure.gravatar.com\/avatar\/9ecaf7327a696cb23ad926fedded5f1f04d7049de9e445375d55b48c001a6e42?s=96&d=mm&r=g","caption":"Reda\u00e7\u00e3o"},"url":"https:\/\/brasilnoticias.org\/site\/author\/henrique\/"}]}},"_links":{"self":[{"href":"https:\/\/brasilnoticias.org\/site\/wp-json\/wp\/v2\/posts\/8192","targetHints":{"allow":["GET"]}}],"collection":[{"href":"https:\/\/brasilnoticias.org\/site\/wp-json\/wp\/v2\/posts"}],"about":[{"href":"https:\/\/brasilnoticias.org\/site\/wp-json\/wp\/v2\/types\/post"}],"author":[{"embeddable":true,"href":"https:\/\/brasilnoticias.org\/site\/wp-json\/wp\/v2\/users\/4"}],"replies":[{"embeddable":true,"href":"https:\/\/brasilnoticias.org\/site\/wp-json\/wp\/v2\/comments?post=8192"}],"version-history":[{"count":1,"href":"https:\/\/brasilnoticias.org\/site\/wp-json\/wp\/v2\/posts\/8192\/revisions"}],"predecessor-version":[{"id":8194,"href":"https:\/\/brasilnoticias.org\/site\/wp-json\/wp\/v2\/posts\/8192\/revisions\/8194"}],"wp:featuredmedia":[{"embeddable":true,"href":"https:\/\/brasilnoticias.org\/site\/wp-json\/wp\/v2\/media\/8193"}],"wp:attachment":[{"href":"https:\/\/brasilnoticias.org\/site\/wp-json\/wp\/v2\/media?parent=8192"}],"wp:term":[{"taxonomy":"category","embeddable":true,"href":"https:\/\/brasilnoticias.org\/site\/wp-json\/wp\/v2\/categories?post=8192"},{"taxonomy":"post_tag","embeddable":true,"href":"https:\/\/brasilnoticias.org\/site\/wp-json\/wp\/v2\/tags?post=8192"}],"curies":[{"name":"wp","href":"https:\/\/api.w.org\/{rel}","templated":true}]}}