{"id":8195,"date":"2023-08-12T11:00:00","date_gmt":"2023-08-12T14:00:00","guid":{"rendered":"https:\/\/brasilnoticias.org\/site\/?p=8195"},"modified":"2023-08-12T08:48:10","modified_gmt":"2023-08-12T11:48:10","slug":"fiscalizacao-ambiental-em-porto-seguro-resulta-em-autuacoes-resgates-de-fauna-e-apreensoes-de-madeira-nativa","status":"publish","type":"post","link":"https:\/\/brasilnoticias.org\/site\/fiscalizacao-ambiental-em-porto-seguro-resulta-em-autuacoes-resgates-de-fauna-e-apreensoes-de-madeira-nativa\/","title":{"rendered":"Fiscaliza\u00e7\u00e3o ambiental em Porto Seguro resulta em autua\u00e7\u00f5es, resgates de fauna e apreens\u00f5es de madeira nativa"},"content":{"rendered":"<p>O Instituto do Meio Ambiente e Recursos H\u00eddricos (Inema) conduziu uma opera\u00e7\u00e3o de fiscaliza\u00e7\u00e3o municipalizada na cidade de Porto Seguro, resultando na autua\u00e7\u00e3o de constru\u00e7\u00f5es ilegais em \u00c1reas de Prote\u00e7\u00e3o Ambiental (APP), resgates de animais silvestres e apreens\u00f5es de madeira beneficiada em \u00e1rea de Mata Atl\u00e2ntica. A a\u00e7\u00e3o foi realizada na Unidade de Conserva\u00e7\u00e3o Estadual Cara\u00edva\/Trancoso, entre os dias 01 e 11 de agosto, e contou com a participa\u00e7\u00e3o de t\u00e9cnicos do Inema e da Secretaria Municipal de Meio Ambiente, com apoio da Companhia Independente de Pol\u00edcia Ambiental (CIPPA) Extremo Sul.<\/p>\n<p>A opera\u00e7\u00e3o atendeu mais de 16 processos registrados no Inema e 58 den\u00fancias registradas pela comunidade. Como irregularidades ambientais em propriedades rurais, aterramento de manguezais e restingas, queimadas, desmatamento, al\u00e9m de extra\u00e7\u00e3o de areia e loteamentos sem licenciamento ambiental. Foram aplicadas mais de 17 notifica\u00e7\u00f5es pelo Estado e o munic\u00edpio, al\u00e9m de apreens\u00e3o de motosserras. As notifica\u00e7\u00f5es visam promover a regulariza\u00e7\u00e3o ambiental e o Cadastro Estadual Florestal de Im\u00f3veis Rurais (Cefir).<\/p>\n<p>Em rela\u00e7\u00e3o \u00e0 fiscaliza\u00e7\u00e3o da fauna, foram aplicados cinco autos de apreens\u00e3o em criadores amadores irregulares, e apreendido 25 p\u00e1ssaros, entre eles, 14 anilhados, um com selo p\u00fablico violado, nove mantidos em cativeiros ilegalmente e um um infrator foi conduzido para a delegacia. O Inema destaca que os criadores amadores mantenham seus cadastros no Sistema de Controle e Monitoramento da Atividade de Cria\u00e7\u00e3o Amadora de P\u00e1ssaros (SisPass) atualizados. Ocorreu ainda o resgate de 01 primata da esp\u00e9cie Guig\u00f3, encaminhados, com os passeriformes, ao Centro de Triagem de Animais Silvestres (CETAS) para receberem os cuidados necess\u00e1rios.<\/p>\n<p>Fab\u00edola Cotrim, coordenadora de Fiscaliza\u00e7\u00e3o do Inema, enfatizou a import\u00e2ncia da opera\u00e7\u00e3o na luta contra crimes ambientais na regi\u00e3o. \u201cA colabora\u00e7\u00e3o com a pol\u00edcia ambiental e a prefeitura foi crucial para a atividade de preserva\u00e7\u00e3o ambiental e a prote\u00e7\u00e3o da fauna e flora\u201d, explica. Cotrim tamb\u00e9m ressaltou que foram realizadas a\u00e7\u00f5es de educa\u00e7\u00e3o ambiental em colabora\u00e7\u00e3o com os munic\u00edpios, engajando diversos grupos da comunidade, como sindicatos, associa\u00e7\u00f5es, brigadistas, centros religiosos, professores e estudantes.<\/p>\n<p>Durante a opera\u00e7\u00e3o na \u00e1rea urbana, a equipe de fiscaliza\u00e7\u00e3o atendeu mais de 16 demandas, tais como saneamento b\u00e1sico, gest\u00e3o de res\u00edduos s\u00f3lidos e o aprimoramento dos sistemas de esgotamento sanit\u00e1rio. \u201cEssas a\u00e7\u00f5es n\u00e3o apenas focaram no munic\u00edpio de Porto Seguro, mas tamb\u00e9m se estenderam ao territ\u00f3rio da Unidade de Conserva\u00e7\u00e3o Estadual Cara\u00edva\/Trancoso, garantindo uma abordagem abrangente para a melhoria ambiental e bem-estar da regi\u00e3o\u201d, explicou Lucas Ventin, t\u00e9cnico do Inema.<\/p>\n<p>Segundo Max, diretor de fiscaliza\u00e7\u00e3o da prefeitura de Porto Seguro, a realiza\u00e7\u00e3o da Opera\u00e7\u00e3o de Fiscaliza\u00e7\u00e3o Municipalizada det\u00e9m um valor significativo. \u201c\u00c9 inquestion\u00e1vel que tais iniciativas desencadear\u00e3o desdobramentos, englobando inspe\u00e7\u00f5es planejadas. Isso ocorrer\u00e1 com o monitoramento das requisi\u00e7\u00f5es efetuadas durante essa opera\u00e7\u00e3o, resultando, sem d\u00favida, em respostas mais eficazes \u00e0s aspira\u00e7\u00f5es da comunidade no que tange \u00e0 salvaguarda e preserva\u00e7\u00e3o do meio ambiente\u201d, pontuou.<\/p>\n<p>Foto: Divulga\u00e7\u00e3o\/Inema<br \/>\nAscom\/Inema<\/p>\n","protected":false},"excerpt":{"rendered":"<p>O Instituto do Meio Ambiente e Recursos H\u00eddricos (Inema) conduziu uma opera\u00e7\u00e3o de fiscaliza\u00e7\u00e3o municipalizada na cidade de Porto Seguro,<\/p>\n","protected":false},"author":4,"featured_media":8196,"comment_status":"open","ping_status":"open","sticky":false,"template":"","format":"standard","meta":{"colormag_page_container_layout":"default_layout","colormag_page_sidebar_layout":"default_layout","_FSMCFIC_featured_image_caption":"","_FSMCFIC_featured_image_nocaption":"","_FSMCFIC_featured_image_hide":"","footnotes":""},"categories":[3,1],"tags":[],"class_list":["post-8195","post","type-post","status-publish","format-standard","has-post-thumbnail","hentry","category-policia","category-ultimas"],"yoast_head":"<!-- This site is optimized with the Yoast SEO plugin v27.1.1 - https:\/\/yoast.com\/product\/yoast-seo-wordpress\/ -->\n<title>Fiscaliza\u00e7\u00e3o ambiental em Porto Seguro resulta em autua\u00e7\u00f5es, resgates de fauna e apreens\u00f5es de madeira nativa - Brasil not\u00edcias<\/title>\n<meta name=\"robots\" content=\"index, follow, max-snippet:-1, max-image-preview:large, max-video-preview:-1\" \/>\n<link rel=\"canonical\" href=\"https:\/\/brasilnoticias.org\/site\/fiscalizacao-ambiental-em-porto-seguro-resulta-em-autuacoes-resgates-de-fauna-e-apreensoes-de-madeira-nativa\/\" \/>\n<meta property=\"og:locale\" content=\"pt_PT\" \/>\n<meta property=\"og:type\" content=\"article\" \/>\n<meta property=\"og:title\" content=\"Fiscaliza\u00e7\u00e3o ambiental em Porto Seguro resulta em autua\u00e7\u00f5es, resgates de fauna e apreens\u00f5es de madeira nativa - Brasil not\u00edcias\" \/>\n<meta property=\"og:description\" content=\"O Instituto do Meio Ambiente e Recursos H\u00eddricos (Inema) conduziu uma opera\u00e7\u00e3o de fiscaliza\u00e7\u00e3o municipalizada na cidade de Porto Seguro,\" \/>\n<meta property=\"og:url\" content=\"https:\/\/brasilnoticias.org\/site\/fiscalizacao-ambiental-em-porto-seguro-resulta-em-autuacoes-resgates-de-fauna-e-apreensoes-de-madeira-nativa\/\" \/>\n<meta property=\"og:site_name\" content=\"Brasil not\u00edcias\" \/>\n<meta property=\"article:published_time\" content=\"2023-08-12T14:00:00+00:00\" \/>\n<meta property=\"og:image\" content=\"https:\/\/brasilnoticias.org\/site\/wp-content\/uploads\/2023\/08\/fiscalizacao-inema-1-696x465-1.jpeg\" \/>\n\t<meta property=\"og:image:width\" content=\"696\" \/>\n\t<meta property=\"og:image:height\" content=\"465\" \/>\n\t<meta property=\"og:image:type\" content=\"image\/jpeg\" \/>\n<meta name=\"author\" content=\"Reda\u00e7\u00e3o\" \/>\n<meta name=\"twitter:card\" content=\"summary_large_image\" \/>\n<meta name=\"twitter:label1\" content=\"Escrito por\" \/>\n\t<meta name=\"twitter:data1\" content=\"Reda\u00e7\u00e3o\" \/>\n<script type=\"application\/ld+json\" class=\"yoast-schema-graph\">{\"@context\":\"https:\/\/schema.org\",\"@graph\":[{\"@type\":\"Article\",\"@id\":\"https:\/\/brasilnoticias.org\/site\/fiscalizacao-ambiental-em-porto-seguro-resulta-em-autuacoes-resgates-de-fauna-e-apreensoes-de-madeira-nativa\/#article\",\"isPartOf\":{\"@id\":\"https:\/\/brasilnoticias.org\/site\/fiscalizacao-ambiental-em-porto-seguro-resulta-em-autuacoes-resgates-de-fauna-e-apreensoes-de-madeira-nativa\/\"},\"author\":{\"name\":\"Reda\u00e7\u00e3o\",\"@id\":\"https:\/\/brasilnoticias.org\/site\/#\/schema\/person\/03bbbfe6c7634ad18c26444ea39049fa\"},\"headline\":\"Fiscaliza\u00e7\u00e3o ambiental em Porto Seguro resulta em autua\u00e7\u00f5es, resgates de fauna e apreens\u00f5es de madeira nativa\",\"datePublished\":\"2023-08-12T14:00:00+00:00\",\"mainEntityOfPage\":{\"@id\":\"https:\/\/brasilnoticias.org\/site\/fiscalizacao-ambiental-em-porto-seguro-resulta-em-autuacoes-resgates-de-fauna-e-apreensoes-de-madeira-nativa\/\"},\"wordCount\":558,\"commentCount\":0,\"publisher\":{\"@id\":\"https:\/\/brasilnoticias.org\/site\/#organization\"},\"image\":{\"@id\":\"https:\/\/brasilnoticias.org\/site\/fiscalizacao-ambiental-em-porto-seguro-resulta-em-autuacoes-resgates-de-fauna-e-apreensoes-de-madeira-nativa\/#primaryimage\"},\"thumbnailUrl\":\"https:\/\/brasilnoticias.org\/site\/wp-content\/uploads\/2023\/08\/fiscalizacao-inema-1-696x465-1.jpeg\",\"articleSection\":[\"Pol\u00edcia\",\"\u00daltimas\"],\"inLanguage\":\"pt-PT\",\"potentialAction\":[{\"@type\":\"CommentAction\",\"name\":\"Comment\",\"target\":[\"https:\/\/brasilnoticias.org\/site\/fiscalizacao-ambiental-em-porto-seguro-resulta-em-autuacoes-resgates-de-fauna-e-apreensoes-de-madeira-nativa\/#respond\"]}]},{\"@type\":\"WebPage\",\"@id\":\"https:\/\/brasilnoticias.org\/site\/fiscalizacao-ambiental-em-porto-seguro-resulta-em-autuacoes-resgates-de-fauna-e-apreensoes-de-madeira-nativa\/\",\"url\":\"https:\/\/brasilnoticias.org\/site\/fiscalizacao-ambiental-em-porto-seguro-resulta-em-autuacoes-resgates-de-fauna-e-apreensoes-de-madeira-nativa\/\",\"name\":\"Fiscaliza\u00e7\u00e3o ambiental em Porto Seguro resulta em autua\u00e7\u00f5es, resgates de fauna e apreens\u00f5es de madeira nativa - Brasil not\u00edcias\",\"isPartOf\":{\"@id\":\"https:\/\/brasilnoticias.org\/site\/#website\"},\"primaryImageOfPage\":{\"@id\":\"https:\/\/brasilnoticias.org\/site\/fiscalizacao-ambiental-em-porto-seguro-resulta-em-autuacoes-resgates-de-fauna-e-apreensoes-de-madeira-nativa\/#primaryimage\"},\"image\":{\"@id\":\"https:\/\/brasilnoticias.org\/site\/fiscalizacao-ambiental-em-porto-seguro-resulta-em-autuacoes-resgates-de-fauna-e-apreensoes-de-madeira-nativa\/#primaryimage\"},\"thumbnailUrl\":\"https:\/\/brasilnoticias.org\/site\/wp-content\/uploads\/2023\/08\/fiscalizacao-inema-1-696x465-1.jpeg\",\"datePublished\":\"2023-08-12T14:00:00+00:00\",\"breadcrumb\":{\"@id\":\"https:\/\/brasilnoticias.org\/site\/fiscalizacao-ambiental-em-porto-seguro-resulta-em-autuacoes-resgates-de-fauna-e-apreensoes-de-madeira-nativa\/#breadcrumb\"},\"inLanguage\":\"pt-PT\",\"potentialAction\":[{\"@type\":\"ReadAction\",\"target\":[\"https:\/\/brasilnoticias.org\/site\/fiscalizacao-ambiental-em-porto-seguro-resulta-em-autuacoes-resgates-de-fauna-e-apreensoes-de-madeira-nativa\/\"]}]},{\"@type\":\"ImageObject\",\"inLanguage\":\"pt-PT\",\"@id\":\"https:\/\/brasilnoticias.org\/site\/fiscalizacao-ambiental-em-porto-seguro-resulta-em-autuacoes-resgates-de-fauna-e-apreensoes-de-madeira-nativa\/#primaryimage\",\"url\":\"https:\/\/brasilnoticias.org\/site\/wp-content\/uploads\/2023\/08\/fiscalizacao-inema-1-696x465-1.jpeg\",\"contentUrl\":\"https:\/\/brasilnoticias.org\/site\/wp-content\/uploads\/2023\/08\/fiscalizacao-inema-1-696x465-1.jpeg\",\"width\":696,\"height\":465},{\"@type\":\"BreadcrumbList\",\"@id\":\"https:\/\/brasilnoticias.org\/site\/fiscalizacao-ambiental-em-porto-seguro-resulta-em-autuacoes-resgates-de-fauna-e-apreensoes-de-madeira-nativa\/#breadcrumb\",\"itemListElement\":[{\"@type\":\"ListItem\",\"position\":1,\"name\":\"In\u00edcio\",\"item\":\"https:\/\/brasilnoticias.org\/site\/\"},{\"@type\":\"ListItem\",\"position\":2,\"name\":\"Fiscaliza\u00e7\u00e3o ambiental em Porto Seguro resulta em autua\u00e7\u00f5es, resgates de fauna e apreens\u00f5es de madeira nativa\"}]},{\"@type\":\"WebSite\",\"@id\":\"https:\/\/brasilnoticias.org\/site\/#website\",\"url\":\"https:\/\/brasilnoticias.org\/site\/\",\"name\":\"Brasil not\u00edcias\",\"description\":\"Brasil not\u00edcias\",\"publisher\":{\"@id\":\"https:\/\/brasilnoticias.org\/site\/#organization\"},\"potentialAction\":[{\"@type\":\"SearchAction\",\"target\":{\"@type\":\"EntryPoint\",\"urlTemplate\":\"https:\/\/brasilnoticias.org\/site\/?s={search_term_string}\"},\"query-input\":{\"@type\":\"PropertyValueSpecification\",\"valueRequired\":true,\"valueName\":\"search_term_string\"}}],\"inLanguage\":\"pt-PT\"},{\"@type\":\"Organization\",\"@id\":\"https:\/\/brasilnoticias.org\/site\/#organization\",\"name\":\"Brasil not\u00edcias\",\"url\":\"https:\/\/brasilnoticias.org\/site\/\",\"logo\":{\"@type\":\"ImageObject\",\"inLanguage\":\"pt-PT\",\"@id\":\"https:\/\/brasilnoticias.org\/site\/#\/schema\/logo\/image\/\",\"url\":\"https:\/\/brasilnoticias.org\/site\/wp-content\/uploads\/2022\/05\/cropped-brasilnoticias-mini.jpg\",\"contentUrl\":\"https:\/\/brasilnoticias.org\/site\/wp-content\/uploads\/2022\/05\/cropped-brasilnoticias-mini.jpg\",\"width\":314,\"height\":86,\"caption\":\"Brasil not\u00edcias\"},\"image\":{\"@id\":\"https:\/\/brasilnoticias.org\/site\/#\/schema\/logo\/image\/\"}},{\"@type\":\"Person\",\"@id\":\"https:\/\/brasilnoticias.org\/site\/#\/schema\/person\/03bbbfe6c7634ad18c26444ea39049fa\",\"name\":\"Reda\u00e7\u00e3o\",\"image\":{\"@type\":\"ImageObject\",\"inLanguage\":\"pt-PT\",\"@id\":\"https:\/\/brasilnoticias.org\/site\/#\/schema\/person\/image\/\",\"url\":\"https:\/\/secure.gravatar.com\/avatar\/9ecaf7327a696cb23ad926fedded5f1f04d7049de9e445375d55b48c001a6e42?s=96&d=mm&r=g\",\"contentUrl\":\"https:\/\/secure.gravatar.com\/avatar\/9ecaf7327a696cb23ad926fedded5f1f04d7049de9e445375d55b48c001a6e42?s=96&d=mm&r=g\",\"caption\":\"Reda\u00e7\u00e3o\"},\"url\":\"https:\/\/brasilnoticias.org\/site\/author\/henrique\/\"}]}<\/script>\n<!-- \/ Yoast SEO plugin. -->","yoast_head_json":{"title":"Fiscaliza\u00e7\u00e3o ambiental em Porto Seguro resulta em autua\u00e7\u00f5es, resgates de fauna e apreens\u00f5es de madeira nativa - Brasil not\u00edcias","robots":{"index":"index","follow":"follow","max-snippet":"max-snippet:-1","max-image-preview":"max-image-preview:large","max-video-preview":"max-video-preview:-1"},"canonical":"https:\/\/brasilnoticias.org\/site\/fiscalizacao-ambiental-em-porto-seguro-resulta-em-autuacoes-resgates-de-fauna-e-apreensoes-de-madeira-nativa\/","og_locale":"pt_PT","og_type":"article","og_title":"Fiscaliza\u00e7\u00e3o ambiental em Porto Seguro resulta em autua\u00e7\u00f5es, resgates de fauna e apreens\u00f5es de madeira nativa - Brasil not\u00edcias","og_description":"O Instituto do Meio Ambiente e Recursos H\u00eddricos (Inema) conduziu uma opera\u00e7\u00e3o de fiscaliza\u00e7\u00e3o municipalizada na cidade de Porto Seguro,","og_url":"https:\/\/brasilnoticias.org\/site\/fiscalizacao-ambiental-em-porto-seguro-resulta-em-autuacoes-resgates-de-fauna-e-apreensoes-de-madeira-nativa\/","og_site_name":"Brasil not\u00edcias","article_published_time":"2023-08-12T14:00:00+00:00","og_image":[{"width":696,"height":465,"url":"https:\/\/brasilnoticias.org\/site\/wp-content\/uploads\/2023\/08\/fiscalizacao-inema-1-696x465-1.jpeg","type":"image\/jpeg"}],"author":"Reda\u00e7\u00e3o","twitter_card":"summary_large_image","twitter_misc":{"Escrito por":"Reda\u00e7\u00e3o"},"schema":{"@context":"https:\/\/schema.org","@graph":[{"@type":"Article","@id":"https:\/\/brasilnoticias.org\/site\/fiscalizacao-ambiental-em-porto-seguro-resulta-em-autuacoes-resgates-de-fauna-e-apreensoes-de-madeira-nativa\/#article","isPartOf":{"@id":"https:\/\/brasilnoticias.org\/site\/fiscalizacao-ambiental-em-porto-seguro-resulta-em-autuacoes-resgates-de-fauna-e-apreensoes-de-madeira-nativa\/"},"author":{"name":"Reda\u00e7\u00e3o","@id":"https:\/\/brasilnoticias.org\/site\/#\/schema\/person\/03bbbfe6c7634ad18c26444ea39049fa"},"headline":"Fiscaliza\u00e7\u00e3o ambiental em Porto Seguro resulta em autua\u00e7\u00f5es, resgates de fauna e apreens\u00f5es de madeira nativa","datePublished":"2023-08-12T14:00:00+00:00","mainEntityOfPage":{"@id":"https:\/\/brasilnoticias.org\/site\/fiscalizacao-ambiental-em-porto-seguro-resulta-em-autuacoes-resgates-de-fauna-e-apreensoes-de-madeira-nativa\/"},"wordCount":558,"commentCount":0,"publisher":{"@id":"https:\/\/brasilnoticias.org\/site\/#organization"},"image":{"@id":"https:\/\/brasilnoticias.org\/site\/fiscalizacao-ambiental-em-porto-seguro-resulta-em-autuacoes-resgates-de-fauna-e-apreensoes-de-madeira-nativa\/#primaryimage"},"thumbnailUrl":"https:\/\/brasilnoticias.org\/site\/wp-content\/uploads\/2023\/08\/fiscalizacao-inema-1-696x465-1.jpeg","articleSection":["Pol\u00edcia","\u00daltimas"],"inLanguage":"pt-PT","potentialAction":[{"@type":"CommentAction","name":"Comment","target":["https:\/\/brasilnoticias.org\/site\/fiscalizacao-ambiental-em-porto-seguro-resulta-em-autuacoes-resgates-de-fauna-e-apreensoes-de-madeira-nativa\/#respond"]}]},{"@type":"WebPage","@id":"https:\/\/brasilnoticias.org\/site\/fiscalizacao-ambiental-em-porto-seguro-resulta-em-autuacoes-resgates-de-fauna-e-apreensoes-de-madeira-nativa\/","url":"https:\/\/brasilnoticias.org\/site\/fiscalizacao-ambiental-em-porto-seguro-resulta-em-autuacoes-resgates-de-fauna-e-apreensoes-de-madeira-nativa\/","name":"Fiscaliza\u00e7\u00e3o ambiental em Porto Seguro resulta em autua\u00e7\u00f5es, resgates de fauna e apreens\u00f5es de madeira nativa - Brasil not\u00edcias","isPartOf":{"@id":"https:\/\/brasilnoticias.org\/site\/#website"},"primaryImageOfPage":{"@id":"https:\/\/brasilnoticias.org\/site\/fiscalizacao-ambiental-em-porto-seguro-resulta-em-autuacoes-resgates-de-fauna-e-apreensoes-de-madeira-nativa\/#primaryimage"},"image":{"@id":"https:\/\/brasilnoticias.org\/site\/fiscalizacao-ambiental-em-porto-seguro-resulta-em-autuacoes-resgates-de-fauna-e-apreensoes-de-madeira-nativa\/#primaryimage"},"thumbnailUrl":"https:\/\/brasilnoticias.org\/site\/wp-content\/uploads\/2023\/08\/fiscalizacao-inema-1-696x465-1.jpeg","datePublished":"2023-08-12T14:00:00+00:00","breadcrumb":{"@id":"https:\/\/brasilnoticias.org\/site\/fiscalizacao-ambiental-em-porto-seguro-resulta-em-autuacoes-resgates-de-fauna-e-apreensoes-de-madeira-nativa\/#breadcrumb"},"inLanguage":"pt-PT","potentialAction":[{"@type":"ReadAction","target":["https:\/\/brasilnoticias.org\/site\/fiscalizacao-ambiental-em-porto-seguro-resulta-em-autuacoes-resgates-de-fauna-e-apreensoes-de-madeira-nativa\/"]}]},{"@type":"ImageObject","inLanguage":"pt-PT","@id":"https:\/\/brasilnoticias.org\/site\/fiscalizacao-ambiental-em-porto-seguro-resulta-em-autuacoes-resgates-de-fauna-e-apreensoes-de-madeira-nativa\/#primaryimage","url":"https:\/\/brasilnoticias.org\/site\/wp-content\/uploads\/2023\/08\/fiscalizacao-inema-1-696x465-1.jpeg","contentUrl":"https:\/\/brasilnoticias.org\/site\/wp-content\/uploads\/2023\/08\/fiscalizacao-inema-1-696x465-1.jpeg","width":696,"height":465},{"@type":"BreadcrumbList","@id":"https:\/\/brasilnoticias.org\/site\/fiscalizacao-ambiental-em-porto-seguro-resulta-em-autuacoes-resgates-de-fauna-e-apreensoes-de-madeira-nativa\/#breadcrumb","itemListElement":[{"@type":"ListItem","position":1,"name":"In\u00edcio","item":"https:\/\/brasilnoticias.org\/site\/"},{"@type":"ListItem","position":2,"name":"Fiscaliza\u00e7\u00e3o ambiental em Porto Seguro resulta em autua\u00e7\u00f5es, resgates de fauna e apreens\u00f5es de madeira nativa"}]},{"@type":"WebSite","@id":"https:\/\/brasilnoticias.org\/site\/#website","url":"https:\/\/brasilnoticias.org\/site\/","name":"Brasil not\u00edcias","description":"Brasil not\u00edcias","publisher":{"@id":"https:\/\/brasilnoticias.org\/site\/#organization"},"potentialAction":[{"@type":"SearchAction","target":{"@type":"EntryPoint","urlTemplate":"https:\/\/brasilnoticias.org\/site\/?s={search_term_string}"},"query-input":{"@type":"PropertyValueSpecification","valueRequired":true,"valueName":"search_term_string"}}],"inLanguage":"pt-PT"},{"@type":"Organization","@id":"https:\/\/brasilnoticias.org\/site\/#organization","name":"Brasil not\u00edcias","url":"https:\/\/brasilnoticias.org\/site\/","logo":{"@type":"ImageObject","inLanguage":"pt-PT","@id":"https:\/\/brasilnoticias.org\/site\/#\/schema\/logo\/image\/","url":"https:\/\/brasilnoticias.org\/site\/wp-content\/uploads\/2022\/05\/cropped-brasilnoticias-mini.jpg","contentUrl":"https:\/\/brasilnoticias.org\/site\/wp-content\/uploads\/2022\/05\/cropped-brasilnoticias-mini.jpg","width":314,"height":86,"caption":"Brasil not\u00edcias"},"image":{"@id":"https:\/\/brasilnoticias.org\/site\/#\/schema\/logo\/image\/"}},{"@type":"Person","@id":"https:\/\/brasilnoticias.org\/site\/#\/schema\/person\/03bbbfe6c7634ad18c26444ea39049fa","name":"Reda\u00e7\u00e3o","image":{"@type":"ImageObject","inLanguage":"pt-PT","@id":"https:\/\/brasilnoticias.org\/site\/#\/schema\/person\/image\/","url":"https:\/\/secure.gravatar.com\/avatar\/9ecaf7327a696cb23ad926fedded5f1f04d7049de9e445375d55b48c001a6e42?s=96&d=mm&r=g","contentUrl":"https:\/\/secure.gravatar.com\/avatar\/9ecaf7327a696cb23ad926fedded5f1f04d7049de9e445375d55b48c001a6e42?s=96&d=mm&r=g","caption":"Reda\u00e7\u00e3o"},"url":"https:\/\/brasilnoticias.org\/site\/author\/henrique\/"}]}},"_links":{"self":[{"href":"https:\/\/brasilnoticias.org\/site\/wp-json\/wp\/v2\/posts\/8195","targetHints":{"allow":["GET"]}}],"collection":[{"href":"https:\/\/brasilnoticias.org\/site\/wp-json\/wp\/v2\/posts"}],"about":[{"href":"https:\/\/brasilnoticias.org\/site\/wp-json\/wp\/v2\/types\/post"}],"author":[{"embeddable":true,"href":"https:\/\/brasilnoticias.org\/site\/wp-json\/wp\/v2\/users\/4"}],"replies":[{"embeddable":true,"href":"https:\/\/brasilnoticias.org\/site\/wp-json\/wp\/v2\/comments?post=8195"}],"version-history":[{"count":1,"href":"https:\/\/brasilnoticias.org\/site\/wp-json\/wp\/v2\/posts\/8195\/revisions"}],"predecessor-version":[{"id":8197,"href":"https:\/\/brasilnoticias.org\/site\/wp-json\/wp\/v2\/posts\/8195\/revisions\/8197"}],"wp:featuredmedia":[{"embeddable":true,"href":"https:\/\/brasilnoticias.org\/site\/wp-json\/wp\/v2\/media\/8196"}],"wp:attachment":[{"href":"https:\/\/brasilnoticias.org\/site\/wp-json\/wp\/v2\/media?parent=8195"}],"wp:term":[{"taxonomy":"category","embeddable":true,"href":"https:\/\/brasilnoticias.org\/site\/wp-json\/wp\/v2\/categories?post=8195"},{"taxonomy":"post_tag","embeddable":true,"href":"https:\/\/brasilnoticias.org\/site\/wp-json\/wp\/v2\/tags?post=8195"}],"curies":[{"name":"wp","href":"https:\/\/api.w.org\/{rel}","templated":true}]}}