{"id":82,"date":"2022-01-04T15:41:11","date_gmt":"2022-01-04T18:41:11","guid":{"rendered":"https:\/\/brasilnoticias.org\/site\/?p=82"},"modified":"2022-05-03T15:41:27","modified_gmt":"2022-05-03T18:41:27","slug":"tecnico-do-time-sub-13-ex-jogador-marcelo-ramos-anuncia-saida-do-bahia","status":"publish","type":"post","link":"https:\/\/brasilnoticias.org\/site\/tecnico-do-time-sub-13-ex-jogador-marcelo-ramos-anuncia-saida-do-bahia\/","title":{"rendered":"T\u00c9CNICO DO TIME SUB-13, EX-JOGADOR MARCELO RAMOS ANUNCIA SA\u00cdDA DO BAHIA"},"content":{"rendered":"<div id=\"content\" class=\"clearfix\">\n<article id=\"post-14278\" class=\"post-14278 post type-post status-publish format-standard has-post-thumbnail hentry category-esporte category-ultimas\">\n<div class=\"article-content clearfix\">\n<div class=\"entry-content clearfix\">\n<p>Al\u00e9m da\u00a0sa\u00edda de jogadores do elenco principal\u00a0do Bahia, o clube tamb\u00e9m tem mudan\u00e7as no comando t\u00e9cnico. Nesta segunda-feira (3), o ex-atacante \u00eddolo do tricolor\u00a0Marcelo Ramos, que treinava o time sub-13, anunciou que n\u00e3o faz mais parte da equipe.<\/p>\n<p>\u201cQueria agradecer a todos pelo per\u00edodo que passei na base do clube que me formou como atleta e cidad\u00e3o. E queria agradecer principalmente \u00e0 todos os atletas do sub-13\/14, que me fizeram voltar a me emocionar com o futebol depois de tantos anos\u201d, publicou ele em seu Instagram.<\/p>\n<\/div>\n<\/div>\n<\/article>\n<\/div>\n","protected":false},"excerpt":{"rendered":"<p>Al\u00e9m da\u00a0sa\u00edda de jogadores do elenco principal\u00a0do Bahia, o clube tamb\u00e9m tem mudan\u00e7as no comando t\u00e9cnico. Nesta segunda-feira (3), o<\/p>\n","protected":false},"author":1,"featured_media":83,"comment_status":"open","ping_status":"open","sticky":false,"template":"","format":"standard","meta":{"colormag_page_container_layout":"default_layout","colormag_page_sidebar_layout":"default_layout","_FSMCFIC_featured_image_caption":"","_FSMCFIC_featured_image_nocaption":"","_FSMCFIC_featured_image_hide":"","footnotes":""},"categories":[4,1],"tags":[],"class_list":["post-82","post","type-post","status-publish","format-standard","has-post-thumbnail","hentry","category-esporte","category-ultimas"],"yoast_head":"<!-- This site is optimized with the Yoast SEO plugin v27.1.1 - https:\/\/yoast.com\/product\/yoast-seo-wordpress\/ -->\n<title>T\u00c9CNICO DO TIME SUB-13, EX-JOGADOR MARCELO RAMOS ANUNCIA SA\u00cdDA DO BAHIA - Brasil not\u00edcias<\/title>\n<meta name=\"robots\" content=\"index, follow, max-snippet:-1, max-image-preview:large, max-video-preview:-1\" \/>\n<link rel=\"canonical\" href=\"https:\/\/brasilnoticias.org\/site\/tecnico-do-time-sub-13-ex-jogador-marcelo-ramos-anuncia-saida-do-bahia\/\" \/>\n<meta property=\"og:locale\" content=\"pt_PT\" \/>\n<meta property=\"og:type\" content=\"article\" \/>\n<meta property=\"og:title\" content=\"T\u00c9CNICO DO TIME SUB-13, EX-JOGADOR MARCELO RAMOS ANUNCIA SA\u00cdDA DO BAHIA - Brasil not\u00edcias\" \/>\n<meta property=\"og:description\" content=\"Al\u00e9m da\u00a0sa\u00edda de jogadores do elenco principal\u00a0do Bahia, o clube tamb\u00e9m tem mudan\u00e7as no comando t\u00e9cnico. Nesta segunda-feira (3), o\" \/>\n<meta property=\"og:url\" content=\"https:\/\/brasilnoticias.org\/site\/tecnico-do-time-sub-13-ex-jogador-marcelo-ramos-anuncia-saida-do-bahia\/\" \/>\n<meta property=\"og:site_name\" content=\"Brasil not\u00edcias\" \/>\n<meta property=\"article:published_time\" content=\"2022-01-04T18:41:11+00:00\" \/>\n<meta property=\"article:modified_time\" content=\"2022-05-03T18:41:27+00:00\" \/>\n<meta property=\"og:image\" content=\"https:\/\/brasilnoticias.org\/site\/wp-content\/uploads\/2022\/05\/bahiaco.com_.br-marcelo-ramos-novo-treinador-das-divisoes-de-base-do-bahia-596x381_widelg.png\" \/>\n\t<meta property=\"og:image:width\" content=\"596\" \/>\n\t<meta property=\"og:image:height\" content=\"381\" \/>\n\t<meta property=\"og:image:type\" content=\"image\/png\" \/>\n<meta name=\"author\" content=\"Reda\u00e7\u00e3o\" \/>\n<meta name=\"twitter:card\" content=\"summary_large_image\" \/>\n<meta name=\"twitter:label1\" content=\"Escrito por\" \/>\n\t<meta name=\"twitter:data1\" content=\"Reda\u00e7\u00e3o\" \/>\n<script type=\"application\/ld+json\" class=\"yoast-schema-graph\">{\"@context\":\"https:\/\/schema.org\",\"@graph\":[{\"@type\":\"Article\",\"@id\":\"https:\/\/brasilnoticias.org\/site\/tecnico-do-time-sub-13-ex-jogador-marcelo-ramos-anuncia-saida-do-bahia\/#article\",\"isPartOf\":{\"@id\":\"https:\/\/brasilnoticias.org\/site\/tecnico-do-time-sub-13-ex-jogador-marcelo-ramos-anuncia-saida-do-bahia\/\"},\"author\":{\"name\":\"Reda\u00e7\u00e3o\",\"@id\":\"https:\/\/brasilnoticias.org\/site\/#\/schema\/person\/a0e05b973ec4d15c658d51911e53507b\"},\"headline\":\"T\u00c9CNICO DO TIME SUB-13, EX-JOGADOR MARCELO RAMOS ANUNCIA SA\u00cdDA DO BAHIA\",\"datePublished\":\"2022-01-04T18:41:11+00:00\",\"dateModified\":\"2022-05-03T18:41:27+00:00\",\"mainEntityOfPage\":{\"@id\":\"https:\/\/brasilnoticias.org\/site\/tecnico-do-time-sub-13-ex-jogador-marcelo-ramos-anuncia-saida-do-bahia\/\"},\"wordCount\":108,\"commentCount\":0,\"publisher\":{\"@id\":\"https:\/\/brasilnoticias.org\/site\/#organization\"},\"image\":{\"@id\":\"https:\/\/brasilnoticias.org\/site\/tecnico-do-time-sub-13-ex-jogador-marcelo-ramos-anuncia-saida-do-bahia\/#primaryimage\"},\"thumbnailUrl\":\"https:\/\/brasilnoticias.org\/site\/wp-content\/uploads\/2022\/05\/bahiaco.com_.br-marcelo-ramos-novo-treinador-das-divisoes-de-base-do-bahia-596x381_widelg.png\",\"articleSection\":[\"Esporte\",\"\u00daltimas\"],\"inLanguage\":\"pt-PT\",\"potentialAction\":[{\"@type\":\"CommentAction\",\"name\":\"Comment\",\"target\":[\"https:\/\/brasilnoticias.org\/site\/tecnico-do-time-sub-13-ex-jogador-marcelo-ramos-anuncia-saida-do-bahia\/#respond\"]}]},{\"@type\":\"WebPage\",\"@id\":\"https:\/\/brasilnoticias.org\/site\/tecnico-do-time-sub-13-ex-jogador-marcelo-ramos-anuncia-saida-do-bahia\/\",\"url\":\"https:\/\/brasilnoticias.org\/site\/tecnico-do-time-sub-13-ex-jogador-marcelo-ramos-anuncia-saida-do-bahia\/\",\"name\":\"T\u00c9CNICO DO TIME SUB-13, EX-JOGADOR MARCELO RAMOS ANUNCIA SA\u00cdDA DO BAHIA - Brasil not\u00edcias\",\"isPartOf\":{\"@id\":\"https:\/\/brasilnoticias.org\/site\/#website\"},\"primaryImageOfPage\":{\"@id\":\"https:\/\/brasilnoticias.org\/site\/tecnico-do-time-sub-13-ex-jogador-marcelo-ramos-anuncia-saida-do-bahia\/#primaryimage\"},\"image\":{\"@id\":\"https:\/\/brasilnoticias.org\/site\/tecnico-do-time-sub-13-ex-jogador-marcelo-ramos-anuncia-saida-do-bahia\/#primaryimage\"},\"thumbnailUrl\":\"https:\/\/brasilnoticias.org\/site\/wp-content\/uploads\/2022\/05\/bahiaco.com_.br-marcelo-ramos-novo-treinador-das-divisoes-de-base-do-bahia-596x381_widelg.png\",\"datePublished\":\"2022-01-04T18:41:11+00:00\",\"dateModified\":\"2022-05-03T18:41:27+00:00\",\"breadcrumb\":{\"@id\":\"https:\/\/brasilnoticias.org\/site\/tecnico-do-time-sub-13-ex-jogador-marcelo-ramos-anuncia-saida-do-bahia\/#breadcrumb\"},\"inLanguage\":\"pt-PT\",\"potentialAction\":[{\"@type\":\"ReadAction\",\"target\":[\"https:\/\/brasilnoticias.org\/site\/tecnico-do-time-sub-13-ex-jogador-marcelo-ramos-anuncia-saida-do-bahia\/\"]}]},{\"@type\":\"ImageObject\",\"inLanguage\":\"pt-PT\",\"@id\":\"https:\/\/brasilnoticias.org\/site\/tecnico-do-time-sub-13-ex-jogador-marcelo-ramos-anuncia-saida-do-bahia\/#primaryimage\",\"url\":\"https:\/\/brasilnoticias.org\/site\/wp-content\/uploads\/2022\/05\/bahiaco.com_.br-marcelo-ramos-novo-treinador-das-divisoes-de-base-do-bahia-596x381_widelg.png\",\"contentUrl\":\"https:\/\/brasilnoticias.org\/site\/wp-content\/uploads\/2022\/05\/bahiaco.com_.br-marcelo-ramos-novo-treinador-das-divisoes-de-base-do-bahia-596x381_widelg.png\",\"width\":596,\"height\":381},{\"@type\":\"BreadcrumbList\",\"@id\":\"https:\/\/brasilnoticias.org\/site\/tecnico-do-time-sub-13-ex-jogador-marcelo-ramos-anuncia-saida-do-bahia\/#breadcrumb\",\"itemListElement\":[{\"@type\":\"ListItem\",\"position\":1,\"name\":\"In\u00edcio\",\"item\":\"https:\/\/brasilnoticias.org\/site\/\"},{\"@type\":\"ListItem\",\"position\":2,\"name\":\"T\u00c9CNICO DO TIME SUB-13, EX-JOGADOR MARCELO RAMOS ANUNCIA SA\u00cdDA DO BAHIA\"}]},{\"@type\":\"WebSite\",\"@id\":\"https:\/\/brasilnoticias.org\/site\/#website\",\"url\":\"https:\/\/brasilnoticias.org\/site\/\",\"name\":\"Brasil not\u00edcias\",\"description\":\"Brasil not\u00edcias\",\"publisher\":{\"@id\":\"https:\/\/brasilnoticias.org\/site\/#organization\"},\"potentialAction\":[{\"@type\":\"SearchAction\",\"target\":{\"@type\":\"EntryPoint\",\"urlTemplate\":\"https:\/\/brasilnoticias.org\/site\/?s={search_term_string}\"},\"query-input\":{\"@type\":\"PropertyValueSpecification\",\"valueRequired\":true,\"valueName\":\"search_term_string\"}}],\"inLanguage\":\"pt-PT\"},{\"@type\":\"Organization\",\"@id\":\"https:\/\/brasilnoticias.org\/site\/#organization\",\"name\":\"Brasil not\u00edcias\",\"url\":\"https:\/\/brasilnoticias.org\/site\/\",\"logo\":{\"@type\":\"ImageObject\",\"inLanguage\":\"pt-PT\",\"@id\":\"https:\/\/brasilnoticias.org\/site\/#\/schema\/logo\/image\/\",\"url\":\"https:\/\/brasilnoticias.org\/site\/wp-content\/uploads\/2022\/05\/cropped-brasilnoticias-mini.jpg\",\"contentUrl\":\"https:\/\/brasilnoticias.org\/site\/wp-content\/uploads\/2022\/05\/cropped-brasilnoticias-mini.jpg\",\"width\":314,\"height\":86,\"caption\":\"Brasil not\u00edcias\"},\"image\":{\"@id\":\"https:\/\/brasilnoticias.org\/site\/#\/schema\/logo\/image\/\"}},{\"@type\":\"Person\",\"@id\":\"https:\/\/brasilnoticias.org\/site\/#\/schema\/person\/a0e05b973ec4d15c658d51911e53507b\",\"name\":\"Reda\u00e7\u00e3o\",\"image\":{\"@type\":\"ImageObject\",\"inLanguage\":\"pt-PT\",\"@id\":\"https:\/\/brasilnoticias.org\/site\/#\/schema\/person\/image\/\",\"url\":\"https:\/\/secure.gravatar.com\/avatar\/75d8b050df2de108b08ae78dfb8e374892df24a383c67db9c46a9c604f6aee9c?s=96&d=mm&r=g\",\"contentUrl\":\"https:\/\/secure.gravatar.com\/avatar\/75d8b050df2de108b08ae78dfb8e374892df24a383c67db9c46a9c604f6aee9c?s=96&d=mm&r=g\",\"caption\":\"Reda\u00e7\u00e3o\"},\"sameAs\":[\"https:\/\/brasilnoticias.org\/site\"],\"url\":\"https:\/\/brasilnoticias.org\/site\/author\/fernandozsngmail-com\/\"}]}<\/script>\n<!-- \/ Yoast SEO plugin. -->","yoast_head_json":{"title":"T\u00c9CNICO DO TIME SUB-13, EX-JOGADOR MARCELO RAMOS ANUNCIA SA\u00cdDA DO BAHIA - Brasil not\u00edcias","robots":{"index":"index","follow":"follow","max-snippet":"max-snippet:-1","max-image-preview":"max-image-preview:large","max-video-preview":"max-video-preview:-1"},"canonical":"https:\/\/brasilnoticias.org\/site\/tecnico-do-time-sub-13-ex-jogador-marcelo-ramos-anuncia-saida-do-bahia\/","og_locale":"pt_PT","og_type":"article","og_title":"T\u00c9CNICO DO TIME SUB-13, EX-JOGADOR MARCELO RAMOS ANUNCIA SA\u00cdDA DO BAHIA - Brasil not\u00edcias","og_description":"Al\u00e9m da\u00a0sa\u00edda de jogadores do elenco principal\u00a0do Bahia, o clube tamb\u00e9m tem mudan\u00e7as no comando t\u00e9cnico. Nesta segunda-feira (3), o","og_url":"https:\/\/brasilnoticias.org\/site\/tecnico-do-time-sub-13-ex-jogador-marcelo-ramos-anuncia-saida-do-bahia\/","og_site_name":"Brasil not\u00edcias","article_published_time":"2022-01-04T18:41:11+00:00","article_modified_time":"2022-05-03T18:41:27+00:00","og_image":[{"width":596,"height":381,"url":"https:\/\/brasilnoticias.org\/site\/wp-content\/uploads\/2022\/05\/bahiaco.com_.br-marcelo-ramos-novo-treinador-das-divisoes-de-base-do-bahia-596x381_widelg.png","type":"image\/png"}],"author":"Reda\u00e7\u00e3o","twitter_card":"summary_large_image","twitter_misc":{"Escrito por":"Reda\u00e7\u00e3o"},"schema":{"@context":"https:\/\/schema.org","@graph":[{"@type":"Article","@id":"https:\/\/brasilnoticias.org\/site\/tecnico-do-time-sub-13-ex-jogador-marcelo-ramos-anuncia-saida-do-bahia\/#article","isPartOf":{"@id":"https:\/\/brasilnoticias.org\/site\/tecnico-do-time-sub-13-ex-jogador-marcelo-ramos-anuncia-saida-do-bahia\/"},"author":{"name":"Reda\u00e7\u00e3o","@id":"https:\/\/brasilnoticias.org\/site\/#\/schema\/person\/a0e05b973ec4d15c658d51911e53507b"},"headline":"T\u00c9CNICO DO TIME SUB-13, EX-JOGADOR MARCELO RAMOS ANUNCIA SA\u00cdDA DO BAHIA","datePublished":"2022-01-04T18:41:11+00:00","dateModified":"2022-05-03T18:41:27+00:00","mainEntityOfPage":{"@id":"https:\/\/brasilnoticias.org\/site\/tecnico-do-time-sub-13-ex-jogador-marcelo-ramos-anuncia-saida-do-bahia\/"},"wordCount":108,"commentCount":0,"publisher":{"@id":"https:\/\/brasilnoticias.org\/site\/#organization"},"image":{"@id":"https:\/\/brasilnoticias.org\/site\/tecnico-do-time-sub-13-ex-jogador-marcelo-ramos-anuncia-saida-do-bahia\/#primaryimage"},"thumbnailUrl":"https:\/\/brasilnoticias.org\/site\/wp-content\/uploads\/2022\/05\/bahiaco.com_.br-marcelo-ramos-novo-treinador-das-divisoes-de-base-do-bahia-596x381_widelg.png","articleSection":["Esporte","\u00daltimas"],"inLanguage":"pt-PT","potentialAction":[{"@type":"CommentAction","name":"Comment","target":["https:\/\/brasilnoticias.org\/site\/tecnico-do-time-sub-13-ex-jogador-marcelo-ramos-anuncia-saida-do-bahia\/#respond"]}]},{"@type":"WebPage","@id":"https:\/\/brasilnoticias.org\/site\/tecnico-do-time-sub-13-ex-jogador-marcelo-ramos-anuncia-saida-do-bahia\/","url":"https:\/\/brasilnoticias.org\/site\/tecnico-do-time-sub-13-ex-jogador-marcelo-ramos-anuncia-saida-do-bahia\/","name":"T\u00c9CNICO DO TIME SUB-13, EX-JOGADOR MARCELO RAMOS ANUNCIA SA\u00cdDA DO BAHIA - Brasil not\u00edcias","isPartOf":{"@id":"https:\/\/brasilnoticias.org\/site\/#website"},"primaryImageOfPage":{"@id":"https:\/\/brasilnoticias.org\/site\/tecnico-do-time-sub-13-ex-jogador-marcelo-ramos-anuncia-saida-do-bahia\/#primaryimage"},"image":{"@id":"https:\/\/brasilnoticias.org\/site\/tecnico-do-time-sub-13-ex-jogador-marcelo-ramos-anuncia-saida-do-bahia\/#primaryimage"},"thumbnailUrl":"https:\/\/brasilnoticias.org\/site\/wp-content\/uploads\/2022\/05\/bahiaco.com_.br-marcelo-ramos-novo-treinador-das-divisoes-de-base-do-bahia-596x381_widelg.png","datePublished":"2022-01-04T18:41:11+00:00","dateModified":"2022-05-03T18:41:27+00:00","breadcrumb":{"@id":"https:\/\/brasilnoticias.org\/site\/tecnico-do-time-sub-13-ex-jogador-marcelo-ramos-anuncia-saida-do-bahia\/#breadcrumb"},"inLanguage":"pt-PT","potentialAction":[{"@type":"ReadAction","target":["https:\/\/brasilnoticias.org\/site\/tecnico-do-time-sub-13-ex-jogador-marcelo-ramos-anuncia-saida-do-bahia\/"]}]},{"@type":"ImageObject","inLanguage":"pt-PT","@id":"https:\/\/brasilnoticias.org\/site\/tecnico-do-time-sub-13-ex-jogador-marcelo-ramos-anuncia-saida-do-bahia\/#primaryimage","url":"https:\/\/brasilnoticias.org\/site\/wp-content\/uploads\/2022\/05\/bahiaco.com_.br-marcelo-ramos-novo-treinador-das-divisoes-de-base-do-bahia-596x381_widelg.png","contentUrl":"https:\/\/brasilnoticias.org\/site\/wp-content\/uploads\/2022\/05\/bahiaco.com_.br-marcelo-ramos-novo-treinador-das-divisoes-de-base-do-bahia-596x381_widelg.png","width":596,"height":381},{"@type":"BreadcrumbList","@id":"https:\/\/brasilnoticias.org\/site\/tecnico-do-time-sub-13-ex-jogador-marcelo-ramos-anuncia-saida-do-bahia\/#breadcrumb","itemListElement":[{"@type":"ListItem","position":1,"name":"In\u00edcio","item":"https:\/\/brasilnoticias.org\/site\/"},{"@type":"ListItem","position":2,"name":"T\u00c9CNICO DO TIME SUB-13, EX-JOGADOR MARCELO RAMOS ANUNCIA SA\u00cdDA DO BAHIA"}]},{"@type":"WebSite","@id":"https:\/\/brasilnoticias.org\/site\/#website","url":"https:\/\/brasilnoticias.org\/site\/","name":"Brasil not\u00edcias","description":"Brasil not\u00edcias","publisher":{"@id":"https:\/\/brasilnoticias.org\/site\/#organization"},"potentialAction":[{"@type":"SearchAction","target":{"@type":"EntryPoint","urlTemplate":"https:\/\/brasilnoticias.org\/site\/?s={search_term_string}"},"query-input":{"@type":"PropertyValueSpecification","valueRequired":true,"valueName":"search_term_string"}}],"inLanguage":"pt-PT"},{"@type":"Organization","@id":"https:\/\/brasilnoticias.org\/site\/#organization","name":"Brasil not\u00edcias","url":"https:\/\/brasilnoticias.org\/site\/","logo":{"@type":"ImageObject","inLanguage":"pt-PT","@id":"https:\/\/brasilnoticias.org\/site\/#\/schema\/logo\/image\/","url":"https:\/\/brasilnoticias.org\/site\/wp-content\/uploads\/2022\/05\/cropped-brasilnoticias-mini.jpg","contentUrl":"https:\/\/brasilnoticias.org\/site\/wp-content\/uploads\/2022\/05\/cropped-brasilnoticias-mini.jpg","width":314,"height":86,"caption":"Brasil not\u00edcias"},"image":{"@id":"https:\/\/brasilnoticias.org\/site\/#\/schema\/logo\/image\/"}},{"@type":"Person","@id":"https:\/\/brasilnoticias.org\/site\/#\/schema\/person\/a0e05b973ec4d15c658d51911e53507b","name":"Reda\u00e7\u00e3o","image":{"@type":"ImageObject","inLanguage":"pt-PT","@id":"https:\/\/brasilnoticias.org\/site\/#\/schema\/person\/image\/","url":"https:\/\/secure.gravatar.com\/avatar\/75d8b050df2de108b08ae78dfb8e374892df24a383c67db9c46a9c604f6aee9c?s=96&d=mm&r=g","contentUrl":"https:\/\/secure.gravatar.com\/avatar\/75d8b050df2de108b08ae78dfb8e374892df24a383c67db9c46a9c604f6aee9c?s=96&d=mm&r=g","caption":"Reda\u00e7\u00e3o"},"sameAs":["https:\/\/brasilnoticias.org\/site"],"url":"https:\/\/brasilnoticias.org\/site\/author\/fernandozsngmail-com\/"}]}},"_links":{"self":[{"href":"https:\/\/brasilnoticias.org\/site\/wp-json\/wp\/v2\/posts\/82","targetHints":{"allow":["GET"]}}],"collection":[{"href":"https:\/\/brasilnoticias.org\/site\/wp-json\/wp\/v2\/posts"}],"about":[{"href":"https:\/\/brasilnoticias.org\/site\/wp-json\/wp\/v2\/types\/post"}],"author":[{"embeddable":true,"href":"https:\/\/brasilnoticias.org\/site\/wp-json\/wp\/v2\/users\/1"}],"replies":[{"embeddable":true,"href":"https:\/\/brasilnoticias.org\/site\/wp-json\/wp\/v2\/comments?post=82"}],"version-history":[{"count":1,"href":"https:\/\/brasilnoticias.org\/site\/wp-json\/wp\/v2\/posts\/82\/revisions"}],"predecessor-version":[{"id":84,"href":"https:\/\/brasilnoticias.org\/site\/wp-json\/wp\/v2\/posts\/82\/revisions\/84"}],"wp:featuredmedia":[{"embeddable":true,"href":"https:\/\/brasilnoticias.org\/site\/wp-json\/wp\/v2\/media\/83"}],"wp:attachment":[{"href":"https:\/\/brasilnoticias.org\/site\/wp-json\/wp\/v2\/media?parent=82"}],"wp:term":[{"taxonomy":"category","embeddable":true,"href":"https:\/\/brasilnoticias.org\/site\/wp-json\/wp\/v2\/categories?post=82"},{"taxonomy":"post_tag","embeddable":true,"href":"https:\/\/brasilnoticias.org\/site\/wp-json\/wp\/v2\/tags?post=82"}],"curies":[{"name":"wp","href":"https:\/\/api.w.org\/{rel}","templated":true}]}}