{"id":8204,"date":"2023-08-12T20:12:58","date_gmt":"2023-08-12T23:12:58","guid":{"rendered":"https:\/\/brasilnoticias.org\/site\/?p=8204"},"modified":"2023-08-14T16:48:32","modified_gmt":"2023-08-14T19:48:32","slug":"passageiros-processam-tap-por-operar-voos-de-salvador-com-avioes-terceirizados-e-de-baixa-qualidade","status":"publish","type":"post","link":"https:\/\/brasilnoticias.org\/site\/passageiros-processam-tap-por-operar-voos-de-salvador-com-avioes-terceirizados-e-de-baixa-qualidade\/","title":{"rendered":"Passageiros processam TAP por operar voos de Salvador com avi\u00f5es terceirizados e de \u2018baixa qualidade\u2019"},"content":{"rendered":"<p>Uma das duas linhas a\u00e9reas que realizam o transporte direto entre Salvador e Europa, a Tap Air Portugal, tem acumulado queixas entre os baianos sobre sua qualidade do servi\u00e7o. Isso porque os voos t\u00eam sido feitos em aeronaves terceirizadas, antigas e com o padr\u00e3o inferior ao pacote comprado pelos clientes. A empresa est\u00e1 envolvida em 1.452 processos, de acordo com o JusBrasil.<\/p>\n<p>Segundo os clientes, a Tap Air Portugal vende os voos fretados sem especificar posteriormente qual aeronave realizar\u00e1 a conex\u00e3o internacional. Ainda de acordo com os relatos, apenas um m\u00eas antes os passageiros tomam conhecimento por qual aeronave ser\u00e1 feito o deslocamento. Na maioria dos casos, a gravidade \u00e9 ainda maior: \u201cVende uma coisa e entrega outra\u201d, disse um passageiro, em um site de an\u00e1lise de qualidade do servi\u00e7o de empresas, cuja avalia\u00e7\u00e3o geral do perfil da TAP Air Portugal \u00e9 desaprovada.<\/p>\n<p>\u201cA minha ida foi na executiva em voo operado pela TAP, conforme contratado. J\u00e1 no retorno ocorreu que a passagem era da TAP em avi\u00e3o moderno Airbus 330-900Neo, at\u00e9 o check-in constava voo operado pela TAP. Para a nossa surpresa, na hora de entrar no avi\u00e3o ficamos sabendo que seria operado pela WAMOS Air, companhia espanhola de voos fretados, o avi\u00e3o um antigo Airbus 330-300, bastante inferior ao que hav\u00edamos comprado\u201d, relatou outra cliente, que saiu de Salvador para Lisboa, em Portugal.<\/p>\n<p>Outro queixa registrada diretamente \u00e0 reportagem do Metro1 \u00e9 que a linha a\u00e9rea n\u00e3o prov\u00e9m os servi\u00e7os comprados pelos clientes. \u201cEu voltei com um grupo de 48 pessoas de Lisboa e o voo era fretado. Muitos idosos tinham comprado aquele assento com mais espa\u00e7o e o avi\u00e3o n\u00e3o tinha esse tipo de assento. Foi bem complicado\u201d, disse um cliente, que n\u00e3o quis relevar a identidade.<\/p>\n<p>Ao Metro1, o advogado Jo\u00e3o Passos afirmou que a pr\u00e1tica configuraria viola\u00e7\u00e3o ao direito do consumidor: \u201cAo pagar pela passagem, o cliente espera um n\u00edvel de qualidade e conforto que n\u00e3o \u00e9 entregue pela empresa ao final. Essa conduta frustra a expectativa do passageiro e pode ser considerada publicidade enganosa, j\u00e1 que induz o consumidor ao erro\u201d, afirmou.<\/p>\n<p>A Wamos Air, anteriormente conhecida como Pullmantur Air, \u00e9 uma cia a\u00e9rea charter espanhola, com sede em Madrid. De acordo com levantamento do portal Bahia Econ\u00f4mica entre os principais aeroportos do Nordeste, as sa\u00eddas de Recife e Fortaleza seguem operadas pelos avi\u00f5es da pr\u00f3pria TAP, e somente os voos da rota Salvador-Lisboa teriam sido afetados com a mudan\u00e7a.<\/p>\n<p>Foto: Divulga\u00e7\u00e3o\/Tap Air Portugal<br \/>\nPor: Metro1<\/p>\n","protected":false},"excerpt":{"rendered":"<p>Uma das duas linhas a\u00e9reas que realizam o transporte direto entre Salvador e Europa, a Tap Air Portugal, tem acumulado<\/p>\n","protected":false},"author":4,"featured_media":8205,"comment_status":"open","ping_status":"open","sticky":false,"template":"","format":"standard","meta":{"colormag_page_container_layout":"default_layout","colormag_page_sidebar_layout":"default_layout","_FSMCFIC_featured_image_caption":"","_FSMCFIC_featured_image_nocaption":"","_FSMCFIC_featured_image_hide":"","footnotes":""},"categories":[7,1],"tags":[],"class_list":["post-8204","post","type-post","status-publish","format-standard","has-post-thumbnail","hentry","category-justica","category-ultimas"],"yoast_head":"<!-- This site is optimized with the Yoast SEO plugin v27.1.1 - https:\/\/yoast.com\/product\/yoast-seo-wordpress\/ -->\n<title>Passageiros processam TAP por operar voos de Salvador com avi\u00f5es terceirizados e de \u2018baixa qualidade\u2019 - Brasil not\u00edcias<\/title>\n<meta name=\"robots\" content=\"index, follow, max-snippet:-1, max-image-preview:large, max-video-preview:-1\" \/>\n<link rel=\"canonical\" href=\"https:\/\/brasilnoticias.org\/site\/passageiros-processam-tap-por-operar-voos-de-salvador-com-avioes-terceirizados-e-de-baixa-qualidade\/\" \/>\n<meta property=\"og:locale\" content=\"pt_PT\" \/>\n<meta property=\"og:type\" content=\"article\" \/>\n<meta property=\"og:title\" content=\"Passageiros processam TAP por operar voos de Salvador com avi\u00f5es terceirizados e de \u2018baixa qualidade\u2019 - Brasil not\u00edcias\" \/>\n<meta property=\"og:description\" content=\"Uma das duas linhas a\u00e9reas que realizam o transporte direto entre Salvador e Europa, a Tap Air Portugal, tem acumulado\" \/>\n<meta property=\"og:url\" content=\"https:\/\/brasilnoticias.org\/site\/passageiros-processam-tap-por-operar-voos-de-salvador-com-avioes-terceirizados-e-de-baixa-qualidade\/\" \/>\n<meta property=\"og:site_name\" content=\"Brasil not\u00edcias\" \/>\n<meta property=\"article:published_time\" content=\"2023-08-12T23:12:58+00:00\" \/>\n<meta property=\"article:modified_time\" content=\"2023-08-14T19:48:32+00:00\" \/>\n<meta property=\"og:image\" content=\"https:\/\/brasilnoticias.org\/site\/wp-content\/uploads\/2023\/08\/139686passageiros-processam-tap-por-operar-voos-de-salvador-com-avioes-terceirizados-e-de-baixa-qualidade-3-800x445-1.jpg\" \/>\n\t<meta property=\"og:image:width\" content=\"800\" \/>\n\t<meta property=\"og:image:height\" content=\"445\" \/>\n\t<meta property=\"og:image:type\" content=\"image\/jpeg\" \/>\n<meta name=\"author\" content=\"Reda\u00e7\u00e3o\" \/>\n<meta name=\"twitter:card\" content=\"summary_large_image\" \/>\n<meta name=\"twitter:label1\" content=\"Escrito por\" \/>\n\t<meta name=\"twitter:data1\" content=\"Reda\u00e7\u00e3o\" \/>\n\t<meta name=\"twitter:label2\" content=\"Tempo estimado de leitura\" \/>\n\t<meta name=\"twitter:data2\" content=\"3 minutos\" \/>\n<script type=\"application\/ld+json\" class=\"yoast-schema-graph\">{\"@context\":\"https:\/\/schema.org\",\"@graph\":[{\"@type\":\"Article\",\"@id\":\"https:\/\/brasilnoticias.org\/site\/passageiros-processam-tap-por-operar-voos-de-salvador-com-avioes-terceirizados-e-de-baixa-qualidade\/#article\",\"isPartOf\":{\"@id\":\"https:\/\/brasilnoticias.org\/site\/passageiros-processam-tap-por-operar-voos-de-salvador-com-avioes-terceirizados-e-de-baixa-qualidade\/\"},\"author\":{\"name\":\"Reda\u00e7\u00e3o\",\"@id\":\"https:\/\/brasilnoticias.org\/site\/#\/schema\/person\/03bbbfe6c7634ad18c26444ea39049fa\"},\"headline\":\"Passageiros processam TAP por operar voos de Salvador com avi\u00f5es terceirizados e de \u2018baixa qualidade\u2019\",\"datePublished\":\"2023-08-12T23:12:58+00:00\",\"dateModified\":\"2023-08-14T19:48:32+00:00\",\"mainEntityOfPage\":{\"@id\":\"https:\/\/brasilnoticias.org\/site\/passageiros-processam-tap-por-operar-voos-de-salvador-com-avioes-terceirizados-e-de-baixa-qualidade\/\"},\"wordCount\":455,\"commentCount\":0,\"publisher\":{\"@id\":\"https:\/\/brasilnoticias.org\/site\/#organization\"},\"image\":{\"@id\":\"https:\/\/brasilnoticias.org\/site\/passageiros-processam-tap-por-operar-voos-de-salvador-com-avioes-terceirizados-e-de-baixa-qualidade\/#primaryimage\"},\"thumbnailUrl\":\"https:\/\/brasilnoticias.org\/site\/wp-content\/uploads\/2023\/08\/139686passageiros-processam-tap-por-operar-voos-de-salvador-com-avioes-terceirizados-e-de-baixa-qualidade-3-800x445-1.jpg\",\"articleSection\":[\"Justi\u00e7a\",\"\u00daltimas\"],\"inLanguage\":\"pt-PT\",\"potentialAction\":[{\"@type\":\"CommentAction\",\"name\":\"Comment\",\"target\":[\"https:\/\/brasilnoticias.org\/site\/passageiros-processam-tap-por-operar-voos-de-salvador-com-avioes-terceirizados-e-de-baixa-qualidade\/#respond\"]}]},{\"@type\":\"WebPage\",\"@id\":\"https:\/\/brasilnoticias.org\/site\/passageiros-processam-tap-por-operar-voos-de-salvador-com-avioes-terceirizados-e-de-baixa-qualidade\/\",\"url\":\"https:\/\/brasilnoticias.org\/site\/passageiros-processam-tap-por-operar-voos-de-salvador-com-avioes-terceirizados-e-de-baixa-qualidade\/\",\"name\":\"Passageiros processam TAP por operar voos de Salvador com avi\u00f5es terceirizados e de \u2018baixa qualidade\u2019 - Brasil not\u00edcias\",\"isPartOf\":{\"@id\":\"https:\/\/brasilnoticias.org\/site\/#website\"},\"primaryImageOfPage\":{\"@id\":\"https:\/\/brasilnoticias.org\/site\/passageiros-processam-tap-por-operar-voos-de-salvador-com-avioes-terceirizados-e-de-baixa-qualidade\/#primaryimage\"},\"image\":{\"@id\":\"https:\/\/brasilnoticias.org\/site\/passageiros-processam-tap-por-operar-voos-de-salvador-com-avioes-terceirizados-e-de-baixa-qualidade\/#primaryimage\"},\"thumbnailUrl\":\"https:\/\/brasilnoticias.org\/site\/wp-content\/uploads\/2023\/08\/139686passageiros-processam-tap-por-operar-voos-de-salvador-com-avioes-terceirizados-e-de-baixa-qualidade-3-800x445-1.jpg\",\"datePublished\":\"2023-08-12T23:12:58+00:00\",\"dateModified\":\"2023-08-14T19:48:32+00:00\",\"breadcrumb\":{\"@id\":\"https:\/\/brasilnoticias.org\/site\/passageiros-processam-tap-por-operar-voos-de-salvador-com-avioes-terceirizados-e-de-baixa-qualidade\/#breadcrumb\"},\"inLanguage\":\"pt-PT\",\"potentialAction\":[{\"@type\":\"ReadAction\",\"target\":[\"https:\/\/brasilnoticias.org\/site\/passageiros-processam-tap-por-operar-voos-de-salvador-com-avioes-terceirizados-e-de-baixa-qualidade\/\"]}]},{\"@type\":\"ImageObject\",\"inLanguage\":\"pt-PT\",\"@id\":\"https:\/\/brasilnoticias.org\/site\/passageiros-processam-tap-por-operar-voos-de-salvador-com-avioes-terceirizados-e-de-baixa-qualidade\/#primaryimage\",\"url\":\"https:\/\/brasilnoticias.org\/site\/wp-content\/uploads\/2023\/08\/139686passageiros-processam-tap-por-operar-voos-de-salvador-com-avioes-terceirizados-e-de-baixa-qualidade-3-800x445-1.jpg\",\"contentUrl\":\"https:\/\/brasilnoticias.org\/site\/wp-content\/uploads\/2023\/08\/139686passageiros-processam-tap-por-operar-voos-de-salvador-com-avioes-terceirizados-e-de-baixa-qualidade-3-800x445-1.jpg\",\"width\":800,\"height\":445},{\"@type\":\"BreadcrumbList\",\"@id\":\"https:\/\/brasilnoticias.org\/site\/passageiros-processam-tap-por-operar-voos-de-salvador-com-avioes-terceirizados-e-de-baixa-qualidade\/#breadcrumb\",\"itemListElement\":[{\"@type\":\"ListItem\",\"position\":1,\"name\":\"In\u00edcio\",\"item\":\"https:\/\/brasilnoticias.org\/site\/\"},{\"@type\":\"ListItem\",\"position\":2,\"name\":\"Passageiros processam TAP por operar voos de Salvador com avi\u00f5es terceirizados e de \u2018baixa qualidade\u2019\"}]},{\"@type\":\"WebSite\",\"@id\":\"https:\/\/brasilnoticias.org\/site\/#website\",\"url\":\"https:\/\/brasilnoticias.org\/site\/\",\"name\":\"Brasil not\u00edcias\",\"description\":\"Brasil not\u00edcias\",\"publisher\":{\"@id\":\"https:\/\/brasilnoticias.org\/site\/#organization\"},\"potentialAction\":[{\"@type\":\"SearchAction\",\"target\":{\"@type\":\"EntryPoint\",\"urlTemplate\":\"https:\/\/brasilnoticias.org\/site\/?s={search_term_string}\"},\"query-input\":{\"@type\":\"PropertyValueSpecification\",\"valueRequired\":true,\"valueName\":\"search_term_string\"}}],\"inLanguage\":\"pt-PT\"},{\"@type\":\"Organization\",\"@id\":\"https:\/\/brasilnoticias.org\/site\/#organization\",\"name\":\"Brasil not\u00edcias\",\"url\":\"https:\/\/brasilnoticias.org\/site\/\",\"logo\":{\"@type\":\"ImageObject\",\"inLanguage\":\"pt-PT\",\"@id\":\"https:\/\/brasilnoticias.org\/site\/#\/schema\/logo\/image\/\",\"url\":\"https:\/\/brasilnoticias.org\/site\/wp-content\/uploads\/2022\/05\/cropped-brasilnoticias-mini.jpg\",\"contentUrl\":\"https:\/\/brasilnoticias.org\/site\/wp-content\/uploads\/2022\/05\/cropped-brasilnoticias-mini.jpg\",\"width\":314,\"height\":86,\"caption\":\"Brasil not\u00edcias\"},\"image\":{\"@id\":\"https:\/\/brasilnoticias.org\/site\/#\/schema\/logo\/image\/\"}},{\"@type\":\"Person\",\"@id\":\"https:\/\/brasilnoticias.org\/site\/#\/schema\/person\/03bbbfe6c7634ad18c26444ea39049fa\",\"name\":\"Reda\u00e7\u00e3o\",\"image\":{\"@type\":\"ImageObject\",\"inLanguage\":\"pt-PT\",\"@id\":\"https:\/\/brasilnoticias.org\/site\/#\/schema\/person\/image\/\",\"url\":\"https:\/\/secure.gravatar.com\/avatar\/9ecaf7327a696cb23ad926fedded5f1f04d7049de9e445375d55b48c001a6e42?s=96&d=mm&r=g\",\"contentUrl\":\"https:\/\/secure.gravatar.com\/avatar\/9ecaf7327a696cb23ad926fedded5f1f04d7049de9e445375d55b48c001a6e42?s=96&d=mm&r=g\",\"caption\":\"Reda\u00e7\u00e3o\"},\"url\":\"https:\/\/brasilnoticias.org\/site\/author\/henrique\/\"}]}<\/script>\n<!-- \/ Yoast SEO plugin. -->","yoast_head_json":{"title":"Passageiros processam TAP por operar voos de Salvador com avi\u00f5es terceirizados e de \u2018baixa qualidade\u2019 - Brasil not\u00edcias","robots":{"index":"index","follow":"follow","max-snippet":"max-snippet:-1","max-image-preview":"max-image-preview:large","max-video-preview":"max-video-preview:-1"},"canonical":"https:\/\/brasilnoticias.org\/site\/passageiros-processam-tap-por-operar-voos-de-salvador-com-avioes-terceirizados-e-de-baixa-qualidade\/","og_locale":"pt_PT","og_type":"article","og_title":"Passageiros processam TAP por operar voos de Salvador com avi\u00f5es terceirizados e de \u2018baixa qualidade\u2019 - Brasil not\u00edcias","og_description":"Uma das duas linhas a\u00e9reas que realizam o transporte direto entre Salvador e Europa, a Tap Air Portugal, tem acumulado","og_url":"https:\/\/brasilnoticias.org\/site\/passageiros-processam-tap-por-operar-voos-de-salvador-com-avioes-terceirizados-e-de-baixa-qualidade\/","og_site_name":"Brasil not\u00edcias","article_published_time":"2023-08-12T23:12:58+00:00","article_modified_time":"2023-08-14T19:48:32+00:00","og_image":[{"width":800,"height":445,"url":"https:\/\/brasilnoticias.org\/site\/wp-content\/uploads\/2023\/08\/139686passageiros-processam-tap-por-operar-voos-de-salvador-com-avioes-terceirizados-e-de-baixa-qualidade-3-800x445-1.jpg","type":"image\/jpeg"}],"author":"Reda\u00e7\u00e3o","twitter_card":"summary_large_image","twitter_misc":{"Escrito por":"Reda\u00e7\u00e3o","Tempo estimado de leitura":"3 minutos"},"schema":{"@context":"https:\/\/schema.org","@graph":[{"@type":"Article","@id":"https:\/\/brasilnoticias.org\/site\/passageiros-processam-tap-por-operar-voos-de-salvador-com-avioes-terceirizados-e-de-baixa-qualidade\/#article","isPartOf":{"@id":"https:\/\/brasilnoticias.org\/site\/passageiros-processam-tap-por-operar-voos-de-salvador-com-avioes-terceirizados-e-de-baixa-qualidade\/"},"author":{"name":"Reda\u00e7\u00e3o","@id":"https:\/\/brasilnoticias.org\/site\/#\/schema\/person\/03bbbfe6c7634ad18c26444ea39049fa"},"headline":"Passageiros processam TAP por operar voos de Salvador com avi\u00f5es terceirizados e de \u2018baixa qualidade\u2019","datePublished":"2023-08-12T23:12:58+00:00","dateModified":"2023-08-14T19:48:32+00:00","mainEntityOfPage":{"@id":"https:\/\/brasilnoticias.org\/site\/passageiros-processam-tap-por-operar-voos-de-salvador-com-avioes-terceirizados-e-de-baixa-qualidade\/"},"wordCount":455,"commentCount":0,"publisher":{"@id":"https:\/\/brasilnoticias.org\/site\/#organization"},"image":{"@id":"https:\/\/brasilnoticias.org\/site\/passageiros-processam-tap-por-operar-voos-de-salvador-com-avioes-terceirizados-e-de-baixa-qualidade\/#primaryimage"},"thumbnailUrl":"https:\/\/brasilnoticias.org\/site\/wp-content\/uploads\/2023\/08\/139686passageiros-processam-tap-por-operar-voos-de-salvador-com-avioes-terceirizados-e-de-baixa-qualidade-3-800x445-1.jpg","articleSection":["Justi\u00e7a","\u00daltimas"],"inLanguage":"pt-PT","potentialAction":[{"@type":"CommentAction","name":"Comment","target":["https:\/\/brasilnoticias.org\/site\/passageiros-processam-tap-por-operar-voos-de-salvador-com-avioes-terceirizados-e-de-baixa-qualidade\/#respond"]}]},{"@type":"WebPage","@id":"https:\/\/brasilnoticias.org\/site\/passageiros-processam-tap-por-operar-voos-de-salvador-com-avioes-terceirizados-e-de-baixa-qualidade\/","url":"https:\/\/brasilnoticias.org\/site\/passageiros-processam-tap-por-operar-voos-de-salvador-com-avioes-terceirizados-e-de-baixa-qualidade\/","name":"Passageiros processam TAP por operar voos de Salvador com avi\u00f5es terceirizados e de \u2018baixa qualidade\u2019 - Brasil not\u00edcias","isPartOf":{"@id":"https:\/\/brasilnoticias.org\/site\/#website"},"primaryImageOfPage":{"@id":"https:\/\/brasilnoticias.org\/site\/passageiros-processam-tap-por-operar-voos-de-salvador-com-avioes-terceirizados-e-de-baixa-qualidade\/#primaryimage"},"image":{"@id":"https:\/\/brasilnoticias.org\/site\/passageiros-processam-tap-por-operar-voos-de-salvador-com-avioes-terceirizados-e-de-baixa-qualidade\/#primaryimage"},"thumbnailUrl":"https:\/\/brasilnoticias.org\/site\/wp-content\/uploads\/2023\/08\/139686passageiros-processam-tap-por-operar-voos-de-salvador-com-avioes-terceirizados-e-de-baixa-qualidade-3-800x445-1.jpg","datePublished":"2023-08-12T23:12:58+00:00","dateModified":"2023-08-14T19:48:32+00:00","breadcrumb":{"@id":"https:\/\/brasilnoticias.org\/site\/passageiros-processam-tap-por-operar-voos-de-salvador-com-avioes-terceirizados-e-de-baixa-qualidade\/#breadcrumb"},"inLanguage":"pt-PT","potentialAction":[{"@type":"ReadAction","target":["https:\/\/brasilnoticias.org\/site\/passageiros-processam-tap-por-operar-voos-de-salvador-com-avioes-terceirizados-e-de-baixa-qualidade\/"]}]},{"@type":"ImageObject","inLanguage":"pt-PT","@id":"https:\/\/brasilnoticias.org\/site\/passageiros-processam-tap-por-operar-voos-de-salvador-com-avioes-terceirizados-e-de-baixa-qualidade\/#primaryimage","url":"https:\/\/brasilnoticias.org\/site\/wp-content\/uploads\/2023\/08\/139686passageiros-processam-tap-por-operar-voos-de-salvador-com-avioes-terceirizados-e-de-baixa-qualidade-3-800x445-1.jpg","contentUrl":"https:\/\/brasilnoticias.org\/site\/wp-content\/uploads\/2023\/08\/139686passageiros-processam-tap-por-operar-voos-de-salvador-com-avioes-terceirizados-e-de-baixa-qualidade-3-800x445-1.jpg","width":800,"height":445},{"@type":"BreadcrumbList","@id":"https:\/\/brasilnoticias.org\/site\/passageiros-processam-tap-por-operar-voos-de-salvador-com-avioes-terceirizados-e-de-baixa-qualidade\/#breadcrumb","itemListElement":[{"@type":"ListItem","position":1,"name":"In\u00edcio","item":"https:\/\/brasilnoticias.org\/site\/"},{"@type":"ListItem","position":2,"name":"Passageiros processam TAP por operar voos de Salvador com avi\u00f5es terceirizados e de \u2018baixa qualidade\u2019"}]},{"@type":"WebSite","@id":"https:\/\/brasilnoticias.org\/site\/#website","url":"https:\/\/brasilnoticias.org\/site\/","name":"Brasil not\u00edcias","description":"Brasil not\u00edcias","publisher":{"@id":"https:\/\/brasilnoticias.org\/site\/#organization"},"potentialAction":[{"@type":"SearchAction","target":{"@type":"EntryPoint","urlTemplate":"https:\/\/brasilnoticias.org\/site\/?s={search_term_string}"},"query-input":{"@type":"PropertyValueSpecification","valueRequired":true,"valueName":"search_term_string"}}],"inLanguage":"pt-PT"},{"@type":"Organization","@id":"https:\/\/brasilnoticias.org\/site\/#organization","name":"Brasil not\u00edcias","url":"https:\/\/brasilnoticias.org\/site\/","logo":{"@type":"ImageObject","inLanguage":"pt-PT","@id":"https:\/\/brasilnoticias.org\/site\/#\/schema\/logo\/image\/","url":"https:\/\/brasilnoticias.org\/site\/wp-content\/uploads\/2022\/05\/cropped-brasilnoticias-mini.jpg","contentUrl":"https:\/\/brasilnoticias.org\/site\/wp-content\/uploads\/2022\/05\/cropped-brasilnoticias-mini.jpg","width":314,"height":86,"caption":"Brasil not\u00edcias"},"image":{"@id":"https:\/\/brasilnoticias.org\/site\/#\/schema\/logo\/image\/"}},{"@type":"Person","@id":"https:\/\/brasilnoticias.org\/site\/#\/schema\/person\/03bbbfe6c7634ad18c26444ea39049fa","name":"Reda\u00e7\u00e3o","image":{"@type":"ImageObject","inLanguage":"pt-PT","@id":"https:\/\/brasilnoticias.org\/site\/#\/schema\/person\/image\/","url":"https:\/\/secure.gravatar.com\/avatar\/9ecaf7327a696cb23ad926fedded5f1f04d7049de9e445375d55b48c001a6e42?s=96&d=mm&r=g","contentUrl":"https:\/\/secure.gravatar.com\/avatar\/9ecaf7327a696cb23ad926fedded5f1f04d7049de9e445375d55b48c001a6e42?s=96&d=mm&r=g","caption":"Reda\u00e7\u00e3o"},"url":"https:\/\/brasilnoticias.org\/site\/author\/henrique\/"}]}},"_links":{"self":[{"href":"https:\/\/brasilnoticias.org\/site\/wp-json\/wp\/v2\/posts\/8204","targetHints":{"allow":["GET"]}}],"collection":[{"href":"https:\/\/brasilnoticias.org\/site\/wp-json\/wp\/v2\/posts"}],"about":[{"href":"https:\/\/brasilnoticias.org\/site\/wp-json\/wp\/v2\/types\/post"}],"author":[{"embeddable":true,"href":"https:\/\/brasilnoticias.org\/site\/wp-json\/wp\/v2\/users\/4"}],"replies":[{"embeddable":true,"href":"https:\/\/brasilnoticias.org\/site\/wp-json\/wp\/v2\/comments?post=8204"}],"version-history":[{"count":1,"href":"https:\/\/brasilnoticias.org\/site\/wp-json\/wp\/v2\/posts\/8204\/revisions"}],"predecessor-version":[{"id":8206,"href":"https:\/\/brasilnoticias.org\/site\/wp-json\/wp\/v2\/posts\/8204\/revisions\/8206"}],"wp:featuredmedia":[{"embeddable":true,"href":"https:\/\/brasilnoticias.org\/site\/wp-json\/wp\/v2\/media\/8205"}],"wp:attachment":[{"href":"https:\/\/brasilnoticias.org\/site\/wp-json\/wp\/v2\/media?parent=8204"}],"wp:term":[{"taxonomy":"category","embeddable":true,"href":"https:\/\/brasilnoticias.org\/site\/wp-json\/wp\/v2\/categories?post=8204"},{"taxonomy":"post_tag","embeddable":true,"href":"https:\/\/brasilnoticias.org\/site\/wp-json\/wp\/v2\/tags?post=8204"}],"curies":[{"name":"wp","href":"https:\/\/api.w.org\/{rel}","templated":true}]}}