{"id":8210,"date":"2023-08-13T07:00:56","date_gmt":"2023-08-13T10:00:56","guid":{"rendered":"https:\/\/brasilnoticias.org\/site\/?p=8210"},"modified":"2023-08-14T16:48:26","modified_gmt":"2023-08-14T19:48:26","slug":"lula-deve-se-reunir-com-lira-e-indicados-a-ministerios-para-tratar-da-reforma-ministerial","status":"publish","type":"post","link":"https:\/\/brasilnoticias.org\/site\/lula-deve-se-reunir-com-lira-e-indicados-a-ministerios-para-tratar-da-reforma-ministerial\/","title":{"rendered":"Lula deve se reunir com Lira e indicados a minist\u00e9rios para tratar da reforma ministerial"},"content":{"rendered":"<p>Presidente da Rep\u00fablica deve se reunir com os integrantes do centr\u00e3o entre a ter\u00e7a-feira (15) e quarta (16)<\/p>\n<p>O presidente Luiz In\u00e1cio Lula da Silva (PT)  deve se reunir com o presidente da C\u00e2mara dos Deputados, Arthur Lira (PP-AL), o presidente dos Republicanos Marcos Pereira (SP) e os indicados para minist\u00e9rios: Silvio Costa Filho, o Silvinho (Republicanos-PE) e Andr\u00e9 Fufuca (PP-MA) entre a ter\u00e7a-feira (15) e quarta-feira (16). As informa\u00e7\u00f5es foram confirmadas \u00e0 CNN por fontes envolvidas nas negocia\u00e7\u00f5es.<\/p>\n<p>Lula deve apresentar na reuni\u00e3o alternativas para a entrada dos partidos em pastas do governo. Na \u00faltima reuni\u00e3o entre as partes no dia 7 de agosto, Fufuca foi indicado para chefiar o Minist\u00e9rio do Desenvolvimento Social e Silvinho, para o Esporte. Ainda de acordo com a CNN, os partidos j\u00e1 sinalizaram que n\u00e3o v\u00e3o aceitar pastas \u201cfracas\u201d.<\/p>\n<p>Conforme apura\u00e7\u00e3o da coluna Roseann Kennedy no jornal Estad\u00e3o, uma ala ligada ao Partido dos Trabalhadores (PT) defende que sejam criados mais dois minist\u00e9rios para resolver os problemas entre as partes.  Assim Silvinho ficaria com a pasta econ\u00f4mica, e Andr\u00e9 Fufuca ficaria com Aeroportos, que surgiria ap\u00f3s a divis\u00e3o do  minist\u00e9rio dos Portos e Aeroportos.<\/p>\n<p>Foto: Jo\u00e9dson Alves\/Ag\u00eancia Brasil<br \/>\nPor: Metro1<\/p>\n","protected":false},"excerpt":{"rendered":"<p>Presidente da Rep\u00fablica deve se reunir com os integrantes do centr\u00e3o entre a ter\u00e7a-feira (15) e quarta (16) O presidente<\/p>\n","protected":false},"author":4,"featured_media":8211,"comment_status":"open","ping_status":"open","sticky":false,"template":"","format":"standard","meta":{"colormag_page_container_layout":"default_layout","colormag_page_sidebar_layout":"default_layout","_FSMCFIC_featured_image_caption":"","_FSMCFIC_featured_image_nocaption":"","_FSMCFIC_featured_image_hide":"","footnotes":""},"categories":[5,1],"tags":[],"class_list":["post-8210","post","type-post","status-publish","format-standard","has-post-thumbnail","hentry","category-politica","category-ultimas"],"yoast_head":"<!-- This site is optimized with the Yoast SEO plugin v27.1.1 - https:\/\/yoast.com\/product\/yoast-seo-wordpress\/ -->\n<title>Lula deve se reunir com Lira e indicados a minist\u00e9rios para tratar da reforma ministerial - Brasil not\u00edcias<\/title>\n<meta name=\"robots\" content=\"index, follow, max-snippet:-1, max-image-preview:large, max-video-preview:-1\" \/>\n<link rel=\"canonical\" href=\"https:\/\/brasilnoticias.org\/site\/lula-deve-se-reunir-com-lira-e-indicados-a-ministerios-para-tratar-da-reforma-ministerial\/\" \/>\n<meta property=\"og:locale\" content=\"pt_PT\" \/>\n<meta property=\"og:type\" content=\"article\" \/>\n<meta property=\"og:title\" content=\"Lula deve se reunir com Lira e indicados a minist\u00e9rios para tratar da reforma ministerial - Brasil not\u00edcias\" \/>\n<meta property=\"og:description\" content=\"Presidente da Rep\u00fablica deve se reunir com os integrantes do centr\u00e3o entre a ter\u00e7a-feira (15) e quarta (16) O presidente\" \/>\n<meta property=\"og:url\" content=\"https:\/\/brasilnoticias.org\/site\/lula-deve-se-reunir-com-lira-e-indicados-a-ministerios-para-tratar-da-reforma-ministerial\/\" \/>\n<meta property=\"og:site_name\" content=\"Brasil not\u00edcias\" \/>\n<meta property=\"article:published_time\" content=\"2023-08-13T10:00:56+00:00\" \/>\n<meta property=\"article:modified_time\" content=\"2023-08-14T19:48:26+00:00\" \/>\n<meta property=\"og:image\" content=\"https:\/\/brasilnoticias.org\/site\/wp-content\/uploads\/2023\/08\/139782lula-deve-se-reunir-com-lira-e-indicados-a-ministerios-para-tratar-da-reforma-ministerial-3.jpg\" \/>\n\t<meta property=\"og:image:width\" content=\"1600\" \/>\n\t<meta property=\"og:image:height\" content=\"752\" \/>\n\t<meta property=\"og:image:type\" content=\"image\/jpeg\" \/>\n<meta name=\"author\" content=\"Reda\u00e7\u00e3o\" \/>\n<meta name=\"twitter:card\" content=\"summary_large_image\" \/>\n<meta name=\"twitter:label1\" content=\"Escrito por\" \/>\n\t<meta name=\"twitter:data1\" content=\"Reda\u00e7\u00e3o\" \/>\n\t<meta name=\"twitter:label2\" content=\"Tempo estimado de leitura\" \/>\n\t<meta name=\"twitter:data2\" content=\"2 minutos\" \/>\n<script type=\"application\/ld+json\" class=\"yoast-schema-graph\">{\"@context\":\"https:\/\/schema.org\",\"@graph\":[{\"@type\":\"Article\",\"@id\":\"https:\/\/brasilnoticias.org\/site\/lula-deve-se-reunir-com-lira-e-indicados-a-ministerios-para-tratar-da-reforma-ministerial\/#article\",\"isPartOf\":{\"@id\":\"https:\/\/brasilnoticias.org\/site\/lula-deve-se-reunir-com-lira-e-indicados-a-ministerios-para-tratar-da-reforma-ministerial\/\"},\"author\":{\"name\":\"Reda\u00e7\u00e3o\",\"@id\":\"https:\/\/brasilnoticias.org\/site\/#\/schema\/person\/03bbbfe6c7634ad18c26444ea39049fa\"},\"headline\":\"Lula deve se reunir com Lira e indicados a minist\u00e9rios para tratar da reforma ministerial\",\"datePublished\":\"2023-08-13T10:00:56+00:00\",\"dateModified\":\"2023-08-14T19:48:26+00:00\",\"mainEntityOfPage\":{\"@id\":\"https:\/\/brasilnoticias.org\/site\/lula-deve-se-reunir-com-lira-e-indicados-a-ministerios-para-tratar-da-reforma-ministerial\/\"},\"wordCount\":231,\"commentCount\":0,\"publisher\":{\"@id\":\"https:\/\/brasilnoticias.org\/site\/#organization\"},\"image\":{\"@id\":\"https:\/\/brasilnoticias.org\/site\/lula-deve-se-reunir-com-lira-e-indicados-a-ministerios-para-tratar-da-reforma-ministerial\/#primaryimage\"},\"thumbnailUrl\":\"https:\/\/brasilnoticias.org\/site\/wp-content\/uploads\/2023\/08\/139782lula-deve-se-reunir-com-lira-e-indicados-a-ministerios-para-tratar-da-reforma-ministerial-3.jpg\",\"articleSection\":[\"Pol\u00edtica\",\"\u00daltimas\"],\"inLanguage\":\"pt-PT\",\"potentialAction\":[{\"@type\":\"CommentAction\",\"name\":\"Comment\",\"target\":[\"https:\/\/brasilnoticias.org\/site\/lula-deve-se-reunir-com-lira-e-indicados-a-ministerios-para-tratar-da-reforma-ministerial\/#respond\"]}]},{\"@type\":\"WebPage\",\"@id\":\"https:\/\/brasilnoticias.org\/site\/lula-deve-se-reunir-com-lira-e-indicados-a-ministerios-para-tratar-da-reforma-ministerial\/\",\"url\":\"https:\/\/brasilnoticias.org\/site\/lula-deve-se-reunir-com-lira-e-indicados-a-ministerios-para-tratar-da-reforma-ministerial\/\",\"name\":\"Lula deve se reunir com Lira e indicados a minist\u00e9rios para tratar da reforma ministerial - Brasil not\u00edcias\",\"isPartOf\":{\"@id\":\"https:\/\/brasilnoticias.org\/site\/#website\"},\"primaryImageOfPage\":{\"@id\":\"https:\/\/brasilnoticias.org\/site\/lula-deve-se-reunir-com-lira-e-indicados-a-ministerios-para-tratar-da-reforma-ministerial\/#primaryimage\"},\"image\":{\"@id\":\"https:\/\/brasilnoticias.org\/site\/lula-deve-se-reunir-com-lira-e-indicados-a-ministerios-para-tratar-da-reforma-ministerial\/#primaryimage\"},\"thumbnailUrl\":\"https:\/\/brasilnoticias.org\/site\/wp-content\/uploads\/2023\/08\/139782lula-deve-se-reunir-com-lira-e-indicados-a-ministerios-para-tratar-da-reforma-ministerial-3.jpg\",\"datePublished\":\"2023-08-13T10:00:56+00:00\",\"dateModified\":\"2023-08-14T19:48:26+00:00\",\"breadcrumb\":{\"@id\":\"https:\/\/brasilnoticias.org\/site\/lula-deve-se-reunir-com-lira-e-indicados-a-ministerios-para-tratar-da-reforma-ministerial\/#breadcrumb\"},\"inLanguage\":\"pt-PT\",\"potentialAction\":[{\"@type\":\"ReadAction\",\"target\":[\"https:\/\/brasilnoticias.org\/site\/lula-deve-se-reunir-com-lira-e-indicados-a-ministerios-para-tratar-da-reforma-ministerial\/\"]}]},{\"@type\":\"ImageObject\",\"inLanguage\":\"pt-PT\",\"@id\":\"https:\/\/brasilnoticias.org\/site\/lula-deve-se-reunir-com-lira-e-indicados-a-ministerios-para-tratar-da-reforma-ministerial\/#primaryimage\",\"url\":\"https:\/\/brasilnoticias.org\/site\/wp-content\/uploads\/2023\/08\/139782lula-deve-se-reunir-com-lira-e-indicados-a-ministerios-para-tratar-da-reforma-ministerial-3.jpg\",\"contentUrl\":\"https:\/\/brasilnoticias.org\/site\/wp-content\/uploads\/2023\/08\/139782lula-deve-se-reunir-com-lira-e-indicados-a-ministerios-para-tratar-da-reforma-ministerial-3.jpg\",\"width\":1600,\"height\":752},{\"@type\":\"BreadcrumbList\",\"@id\":\"https:\/\/brasilnoticias.org\/site\/lula-deve-se-reunir-com-lira-e-indicados-a-ministerios-para-tratar-da-reforma-ministerial\/#breadcrumb\",\"itemListElement\":[{\"@type\":\"ListItem\",\"position\":1,\"name\":\"In\u00edcio\",\"item\":\"https:\/\/brasilnoticias.org\/site\/\"},{\"@type\":\"ListItem\",\"position\":2,\"name\":\"Lula deve se reunir com Lira e indicados a minist\u00e9rios para tratar da reforma ministerial\"}]},{\"@type\":\"WebSite\",\"@id\":\"https:\/\/brasilnoticias.org\/site\/#website\",\"url\":\"https:\/\/brasilnoticias.org\/site\/\",\"name\":\"Brasil not\u00edcias\",\"description\":\"Brasil not\u00edcias\",\"publisher\":{\"@id\":\"https:\/\/brasilnoticias.org\/site\/#organization\"},\"potentialAction\":[{\"@type\":\"SearchAction\",\"target\":{\"@type\":\"EntryPoint\",\"urlTemplate\":\"https:\/\/brasilnoticias.org\/site\/?s={search_term_string}\"},\"query-input\":{\"@type\":\"PropertyValueSpecification\",\"valueRequired\":true,\"valueName\":\"search_term_string\"}}],\"inLanguage\":\"pt-PT\"},{\"@type\":\"Organization\",\"@id\":\"https:\/\/brasilnoticias.org\/site\/#organization\",\"name\":\"Brasil not\u00edcias\",\"url\":\"https:\/\/brasilnoticias.org\/site\/\",\"logo\":{\"@type\":\"ImageObject\",\"inLanguage\":\"pt-PT\",\"@id\":\"https:\/\/brasilnoticias.org\/site\/#\/schema\/logo\/image\/\",\"url\":\"https:\/\/brasilnoticias.org\/site\/wp-content\/uploads\/2022\/05\/cropped-brasilnoticias-mini.jpg\",\"contentUrl\":\"https:\/\/brasilnoticias.org\/site\/wp-content\/uploads\/2022\/05\/cropped-brasilnoticias-mini.jpg\",\"width\":314,\"height\":86,\"caption\":\"Brasil not\u00edcias\"},\"image\":{\"@id\":\"https:\/\/brasilnoticias.org\/site\/#\/schema\/logo\/image\/\"}},{\"@type\":\"Person\",\"@id\":\"https:\/\/brasilnoticias.org\/site\/#\/schema\/person\/03bbbfe6c7634ad18c26444ea39049fa\",\"name\":\"Reda\u00e7\u00e3o\",\"image\":{\"@type\":\"ImageObject\",\"inLanguage\":\"pt-PT\",\"@id\":\"https:\/\/brasilnoticias.org\/site\/#\/schema\/person\/image\/\",\"url\":\"https:\/\/secure.gravatar.com\/avatar\/9ecaf7327a696cb23ad926fedded5f1f04d7049de9e445375d55b48c001a6e42?s=96&d=mm&r=g\",\"contentUrl\":\"https:\/\/secure.gravatar.com\/avatar\/9ecaf7327a696cb23ad926fedded5f1f04d7049de9e445375d55b48c001a6e42?s=96&d=mm&r=g\",\"caption\":\"Reda\u00e7\u00e3o\"},\"url\":\"https:\/\/brasilnoticias.org\/site\/author\/henrique\/\"}]}<\/script>\n<!-- \/ Yoast SEO plugin. -->","yoast_head_json":{"title":"Lula deve se reunir com Lira e indicados a minist\u00e9rios para tratar da reforma ministerial - Brasil not\u00edcias","robots":{"index":"index","follow":"follow","max-snippet":"max-snippet:-1","max-image-preview":"max-image-preview:large","max-video-preview":"max-video-preview:-1"},"canonical":"https:\/\/brasilnoticias.org\/site\/lula-deve-se-reunir-com-lira-e-indicados-a-ministerios-para-tratar-da-reforma-ministerial\/","og_locale":"pt_PT","og_type":"article","og_title":"Lula deve se reunir com Lira e indicados a minist\u00e9rios para tratar da reforma ministerial - Brasil not\u00edcias","og_description":"Presidente da Rep\u00fablica deve se reunir com os integrantes do centr\u00e3o entre a ter\u00e7a-feira (15) e quarta (16) O presidente","og_url":"https:\/\/brasilnoticias.org\/site\/lula-deve-se-reunir-com-lira-e-indicados-a-ministerios-para-tratar-da-reforma-ministerial\/","og_site_name":"Brasil not\u00edcias","article_published_time":"2023-08-13T10:00:56+00:00","article_modified_time":"2023-08-14T19:48:26+00:00","og_image":[{"width":1600,"height":752,"url":"https:\/\/brasilnoticias.org\/site\/wp-content\/uploads\/2023\/08\/139782lula-deve-se-reunir-com-lira-e-indicados-a-ministerios-para-tratar-da-reforma-ministerial-3.jpg","type":"image\/jpeg"}],"author":"Reda\u00e7\u00e3o","twitter_card":"summary_large_image","twitter_misc":{"Escrito por":"Reda\u00e7\u00e3o","Tempo estimado de leitura":"2 minutos"},"schema":{"@context":"https:\/\/schema.org","@graph":[{"@type":"Article","@id":"https:\/\/brasilnoticias.org\/site\/lula-deve-se-reunir-com-lira-e-indicados-a-ministerios-para-tratar-da-reforma-ministerial\/#article","isPartOf":{"@id":"https:\/\/brasilnoticias.org\/site\/lula-deve-se-reunir-com-lira-e-indicados-a-ministerios-para-tratar-da-reforma-ministerial\/"},"author":{"name":"Reda\u00e7\u00e3o","@id":"https:\/\/brasilnoticias.org\/site\/#\/schema\/person\/03bbbfe6c7634ad18c26444ea39049fa"},"headline":"Lula deve se reunir com Lira e indicados a minist\u00e9rios para tratar da reforma ministerial","datePublished":"2023-08-13T10:00:56+00:00","dateModified":"2023-08-14T19:48:26+00:00","mainEntityOfPage":{"@id":"https:\/\/brasilnoticias.org\/site\/lula-deve-se-reunir-com-lira-e-indicados-a-ministerios-para-tratar-da-reforma-ministerial\/"},"wordCount":231,"commentCount":0,"publisher":{"@id":"https:\/\/brasilnoticias.org\/site\/#organization"},"image":{"@id":"https:\/\/brasilnoticias.org\/site\/lula-deve-se-reunir-com-lira-e-indicados-a-ministerios-para-tratar-da-reforma-ministerial\/#primaryimage"},"thumbnailUrl":"https:\/\/brasilnoticias.org\/site\/wp-content\/uploads\/2023\/08\/139782lula-deve-se-reunir-com-lira-e-indicados-a-ministerios-para-tratar-da-reforma-ministerial-3.jpg","articleSection":["Pol\u00edtica","\u00daltimas"],"inLanguage":"pt-PT","potentialAction":[{"@type":"CommentAction","name":"Comment","target":["https:\/\/brasilnoticias.org\/site\/lula-deve-se-reunir-com-lira-e-indicados-a-ministerios-para-tratar-da-reforma-ministerial\/#respond"]}]},{"@type":"WebPage","@id":"https:\/\/brasilnoticias.org\/site\/lula-deve-se-reunir-com-lira-e-indicados-a-ministerios-para-tratar-da-reforma-ministerial\/","url":"https:\/\/brasilnoticias.org\/site\/lula-deve-se-reunir-com-lira-e-indicados-a-ministerios-para-tratar-da-reforma-ministerial\/","name":"Lula deve se reunir com Lira e indicados a minist\u00e9rios para tratar da reforma ministerial - Brasil not\u00edcias","isPartOf":{"@id":"https:\/\/brasilnoticias.org\/site\/#website"},"primaryImageOfPage":{"@id":"https:\/\/brasilnoticias.org\/site\/lula-deve-se-reunir-com-lira-e-indicados-a-ministerios-para-tratar-da-reforma-ministerial\/#primaryimage"},"image":{"@id":"https:\/\/brasilnoticias.org\/site\/lula-deve-se-reunir-com-lira-e-indicados-a-ministerios-para-tratar-da-reforma-ministerial\/#primaryimage"},"thumbnailUrl":"https:\/\/brasilnoticias.org\/site\/wp-content\/uploads\/2023\/08\/139782lula-deve-se-reunir-com-lira-e-indicados-a-ministerios-para-tratar-da-reforma-ministerial-3.jpg","datePublished":"2023-08-13T10:00:56+00:00","dateModified":"2023-08-14T19:48:26+00:00","breadcrumb":{"@id":"https:\/\/brasilnoticias.org\/site\/lula-deve-se-reunir-com-lira-e-indicados-a-ministerios-para-tratar-da-reforma-ministerial\/#breadcrumb"},"inLanguage":"pt-PT","potentialAction":[{"@type":"ReadAction","target":["https:\/\/brasilnoticias.org\/site\/lula-deve-se-reunir-com-lira-e-indicados-a-ministerios-para-tratar-da-reforma-ministerial\/"]}]},{"@type":"ImageObject","inLanguage":"pt-PT","@id":"https:\/\/brasilnoticias.org\/site\/lula-deve-se-reunir-com-lira-e-indicados-a-ministerios-para-tratar-da-reforma-ministerial\/#primaryimage","url":"https:\/\/brasilnoticias.org\/site\/wp-content\/uploads\/2023\/08\/139782lula-deve-se-reunir-com-lira-e-indicados-a-ministerios-para-tratar-da-reforma-ministerial-3.jpg","contentUrl":"https:\/\/brasilnoticias.org\/site\/wp-content\/uploads\/2023\/08\/139782lula-deve-se-reunir-com-lira-e-indicados-a-ministerios-para-tratar-da-reforma-ministerial-3.jpg","width":1600,"height":752},{"@type":"BreadcrumbList","@id":"https:\/\/brasilnoticias.org\/site\/lula-deve-se-reunir-com-lira-e-indicados-a-ministerios-para-tratar-da-reforma-ministerial\/#breadcrumb","itemListElement":[{"@type":"ListItem","position":1,"name":"In\u00edcio","item":"https:\/\/brasilnoticias.org\/site\/"},{"@type":"ListItem","position":2,"name":"Lula deve se reunir com Lira e indicados a minist\u00e9rios para tratar da reforma ministerial"}]},{"@type":"WebSite","@id":"https:\/\/brasilnoticias.org\/site\/#website","url":"https:\/\/brasilnoticias.org\/site\/","name":"Brasil not\u00edcias","description":"Brasil not\u00edcias","publisher":{"@id":"https:\/\/brasilnoticias.org\/site\/#organization"},"potentialAction":[{"@type":"SearchAction","target":{"@type":"EntryPoint","urlTemplate":"https:\/\/brasilnoticias.org\/site\/?s={search_term_string}"},"query-input":{"@type":"PropertyValueSpecification","valueRequired":true,"valueName":"search_term_string"}}],"inLanguage":"pt-PT"},{"@type":"Organization","@id":"https:\/\/brasilnoticias.org\/site\/#organization","name":"Brasil not\u00edcias","url":"https:\/\/brasilnoticias.org\/site\/","logo":{"@type":"ImageObject","inLanguage":"pt-PT","@id":"https:\/\/brasilnoticias.org\/site\/#\/schema\/logo\/image\/","url":"https:\/\/brasilnoticias.org\/site\/wp-content\/uploads\/2022\/05\/cropped-brasilnoticias-mini.jpg","contentUrl":"https:\/\/brasilnoticias.org\/site\/wp-content\/uploads\/2022\/05\/cropped-brasilnoticias-mini.jpg","width":314,"height":86,"caption":"Brasil not\u00edcias"},"image":{"@id":"https:\/\/brasilnoticias.org\/site\/#\/schema\/logo\/image\/"}},{"@type":"Person","@id":"https:\/\/brasilnoticias.org\/site\/#\/schema\/person\/03bbbfe6c7634ad18c26444ea39049fa","name":"Reda\u00e7\u00e3o","image":{"@type":"ImageObject","inLanguage":"pt-PT","@id":"https:\/\/brasilnoticias.org\/site\/#\/schema\/person\/image\/","url":"https:\/\/secure.gravatar.com\/avatar\/9ecaf7327a696cb23ad926fedded5f1f04d7049de9e445375d55b48c001a6e42?s=96&d=mm&r=g","contentUrl":"https:\/\/secure.gravatar.com\/avatar\/9ecaf7327a696cb23ad926fedded5f1f04d7049de9e445375d55b48c001a6e42?s=96&d=mm&r=g","caption":"Reda\u00e7\u00e3o"},"url":"https:\/\/brasilnoticias.org\/site\/author\/henrique\/"}]}},"_links":{"self":[{"href":"https:\/\/brasilnoticias.org\/site\/wp-json\/wp\/v2\/posts\/8210","targetHints":{"allow":["GET"]}}],"collection":[{"href":"https:\/\/brasilnoticias.org\/site\/wp-json\/wp\/v2\/posts"}],"about":[{"href":"https:\/\/brasilnoticias.org\/site\/wp-json\/wp\/v2\/types\/post"}],"author":[{"embeddable":true,"href":"https:\/\/brasilnoticias.org\/site\/wp-json\/wp\/v2\/users\/4"}],"replies":[{"embeddable":true,"href":"https:\/\/brasilnoticias.org\/site\/wp-json\/wp\/v2\/comments?post=8210"}],"version-history":[{"count":1,"href":"https:\/\/brasilnoticias.org\/site\/wp-json\/wp\/v2\/posts\/8210\/revisions"}],"predecessor-version":[{"id":8212,"href":"https:\/\/brasilnoticias.org\/site\/wp-json\/wp\/v2\/posts\/8210\/revisions\/8212"}],"wp:featuredmedia":[{"embeddable":true,"href":"https:\/\/brasilnoticias.org\/site\/wp-json\/wp\/v2\/media\/8211"}],"wp:attachment":[{"href":"https:\/\/brasilnoticias.org\/site\/wp-json\/wp\/v2\/media?parent=8210"}],"wp:term":[{"taxonomy":"category","embeddable":true,"href":"https:\/\/brasilnoticias.org\/site\/wp-json\/wp\/v2\/categories?post=8210"},{"taxonomy":"post_tag","embeddable":true,"href":"https:\/\/brasilnoticias.org\/site\/wp-json\/wp\/v2\/tags?post=8210"}],"curies":[{"name":"wp","href":"https:\/\/api.w.org\/{rel}","templated":true}]}}