{"id":8223,"date":"2023-08-13T11:00:40","date_gmt":"2023-08-13T14:00:40","guid":{"rendered":"https:\/\/brasilnoticias.org\/site\/?p=8223"},"modified":"2023-08-14T16:52:32","modified_gmt":"2023-08-14T19:52:32","slug":"spm-atua-na-prevencao-e-enfrentamento-a-violencia-domestica","status":"publish","type":"post","link":"https:\/\/brasilnoticias.org\/site\/spm-atua-na-prevencao-e-enfrentamento-a-violencia-domestica\/","title":{"rendered":"SPM atua na preven\u00e7\u00e3o e enfrentamento \u00e0 viol\u00eancia dom\u00e9stica"},"content":{"rendered":"<p>O Agosto Lil\u00e1s \u00e9 o m\u00eas dedicado \u00e0 conscientiza\u00e7\u00e3o e sensibiliza\u00e7\u00e3o da sociedade sobre a viol\u00eancia contra a mulher, especialmente, a viol\u00eancia dom\u00e9stica. A campanha, que \u00e9 nacional, faz refer\u00eancia \u00e0 Lei Maria da Penha, que neste ano, completa 17 anos de vig\u00eancia. A Secretaria de Pol\u00edticas para Mulheres (SPM-BA) ir\u00e1 fazer uma s\u00e9rie de a\u00e7\u00f5es durante esse m\u00eas para alertar da import\u00e2ncia do engajamento das v\u00e1rias institui\u00e7\u00f5es, sejam p\u00fablicas ou privadas, na luta contra os diversos tipos de viol\u00eancia (f\u00edsica, moral, psicol\u00f3gica, patrimonial e sexual.<\/p>\n<p>Entre as atividades propostas pela SPM-BA est\u00e3o o di\u00e1logo e caf\u00e9 da manh\u00e3 com a Rede de enfrentamento \u00e0 Viol\u00eancia do Estado da Bahia, marcado para o dia 14.08, \u00e0s 8h30, no audit\u00f3rio da Secretaria de Planejamento. Foram convidadas para o evento representantes da Secretaria de Seguran\u00e7a P\u00fablica (SSP), Delegacia Especial de Atendimento a Mulher (Deam), Centro de Refer\u00eancia de Assist\u00eancia Social (Cras), Centro de Refer\u00eancia de Atendimento \u00e0 Mulher, Centro de Refer\u00eancia Especializado de Assist\u00eancia Social, Ronda Maria da Penha, Guarda Civil Municipal, das comunidades escolares, dos postos de Sa\u00fade, do Minist\u00e9rio P\u00fablico, do Tribunal de Justi\u00e7a, da Defensoria P\u00fablica, das Casas Abrigos, do Conselho da Mulher, e da sociedade civil organizada. A expectativa \u00e9 reunir 100 pessoas para esse importante col\u00f3quio.<\/p>\n<p>Para a Chefe de Gabinete, Aldinha Sena, \u201co crescente \u00f3dio, que reverbera em forma de viol\u00eancia e feminic\u00eddio, \u00e9 alarmante em todo mundo. A misoginia precisa ser combatida como um fen\u00f4meno hist\u00f3rico e global. Por isso, respeito e igualdade para as mulheres ser\u00e1 nosso compromisso de vida\u201d.<\/p>\n<p>Mobiliza\u00e7\u00e3o<\/p>\n<p>Nos dias 14 e 15.08, a SPM-BA participa da Marcha das Margaridas, em Bras\u00edlia. Realizada desde 2000, a marcha \u00e9 um evento do calend\u00e1rio dos das mulheres do campo e da floresta que integra a agenda permanente do Movimento Sindical de Trabalhadores e Trabalhadoras Rurais (MSTTR) e de movimentos feministas e de mulheres. A organiza\u00e7\u00e3o do evento prev\u00ea participa\u00e7\u00e3o de mais de 150 mil mulheres vindas de todo o pa\u00eds. \u201cEstaremos todas em marcha por direitos e pol\u00edticas p\u00fablicas de inclus\u00e3o socioprodutiva, autonomia econ\u00f4mica, preven\u00e7\u00e3o e enfrentamento \u00e0s viol\u00eancias de g\u00eanero, reforma agr\u00e1ria, por educa\u00e7\u00e3o e justi\u00e7a social, na maior manifesta\u00e7\u00e3o pol\u00edtica de mulheres da Am\u00e9rica Latina. Com a participa\u00e7\u00e3o de mulheres do campo, da floresta, das \u00e1guas, das cidades e at\u00e9 de outros pa\u00edses\u201d, ressalta a Secret\u00e1ria de Pol\u00edtica para as Mulheres da Bahia, Elisangela Ara\u00fajo.<\/p>\n<p>Sempre buscando atender as mulheres da capital e do interior, a SPM-BA tamb\u00e9m criou uma s\u00e9rie de atividades para contemplar as mulheres dos 27 territ\u00f3rios de identidade da Bahia. Destaque para os Encontros Territoriais nos munic\u00edpios de Porto Seguro, Teixeira de Freitas\/ Medeiros Neto e Alagoinhas. A Superintend\u00eancia de Enfrentamento \u00e0 Viol\u00eancia (Suprev) tamb\u00e9m construiu um calend\u00e1rio de a\u00e7\u00f5es para todo m\u00eas de agosto.<\/p>\n<p>Foto: Divulga\u00e7\u00e3o\/SPM<br \/>\nPor: Ascom\/SPM<\/p>\n","protected":false},"excerpt":{"rendered":"<p>O Agosto Lil\u00e1s \u00e9 o m\u00eas dedicado \u00e0 conscientiza\u00e7\u00e3o e sensibiliza\u00e7\u00e3o da sociedade sobre a viol\u00eancia contra a mulher, especialmente,<\/p>\n","protected":false},"author":4,"featured_media":8224,"comment_status":"open","ping_status":"open","sticky":false,"template":"","format":"standard","meta":{"colormag_page_container_layout":"default_layout","colormag_page_sidebar_layout":"default_layout","_FSMCFIC_featured_image_caption":"","_FSMCFIC_featured_image_nocaption":"","_FSMCFIC_featured_image_hide":"","footnotes":""},"categories":[2,1],"tags":[],"class_list":["post-8223","post","type-post","status-publish","format-standard","has-post-thumbnail","hentry","category-noticias","category-ultimas"],"yoast_head":"<!-- This site is optimized with the Yoast SEO plugin v27.1.1 - https:\/\/yoast.com\/product\/yoast-seo-wordpress\/ -->\n<title>SPM atua na preven\u00e7\u00e3o e enfrentamento \u00e0 viol\u00eancia dom\u00e9stica - Brasil not\u00edcias<\/title>\n<meta name=\"robots\" content=\"index, follow, max-snippet:-1, max-image-preview:large, max-video-preview:-1\" \/>\n<link rel=\"canonical\" href=\"https:\/\/brasilnoticias.org\/site\/spm-atua-na-prevencao-e-enfrentamento-a-violencia-domestica\/\" \/>\n<meta property=\"og:locale\" content=\"pt_PT\" \/>\n<meta property=\"og:type\" content=\"article\" \/>\n<meta property=\"og:title\" content=\"SPM atua na preven\u00e7\u00e3o e enfrentamento \u00e0 viol\u00eancia dom\u00e9stica - Brasil not\u00edcias\" \/>\n<meta property=\"og:description\" content=\"O Agosto Lil\u00e1s \u00e9 o m\u00eas dedicado \u00e0 conscientiza\u00e7\u00e3o e sensibiliza\u00e7\u00e3o da sociedade sobre a viol\u00eancia contra a mulher, especialmente,\" \/>\n<meta property=\"og:url\" content=\"https:\/\/brasilnoticias.org\/site\/spm-atua-na-prevencao-e-enfrentamento-a-violencia-domestica\/\" \/>\n<meta property=\"og:site_name\" content=\"Brasil not\u00edcias\" \/>\n<meta property=\"article:published_time\" content=\"2023-08-13T14:00:40+00:00\" \/>\n<meta property=\"article:modified_time\" content=\"2023-08-14T19:52:32+00:00\" \/>\n<meta property=\"og:image\" content=\"https:\/\/brasilnoticias.org\/site\/wp-content\/uploads\/2023\/08\/agosto-lilas-spm-1068x801-1.jpeg\" \/>\n\t<meta property=\"og:image:width\" content=\"1068\" \/>\n\t<meta property=\"og:image:height\" content=\"801\" \/>\n\t<meta property=\"og:image:type\" content=\"image\/jpeg\" \/>\n<meta name=\"author\" content=\"Reda\u00e7\u00e3o\" \/>\n<meta name=\"twitter:card\" content=\"summary_large_image\" \/>\n<meta name=\"twitter:label1\" content=\"Escrito por\" \/>\n\t<meta name=\"twitter:data1\" content=\"Reda\u00e7\u00e3o\" \/>\n\t<meta name=\"twitter:label2\" content=\"Tempo estimado de leitura\" \/>\n\t<meta name=\"twitter:data2\" content=\"3 minutos\" \/>\n<script type=\"application\/ld+json\" class=\"yoast-schema-graph\">{\"@context\":\"https:\/\/schema.org\",\"@graph\":[{\"@type\":\"Article\",\"@id\":\"https:\/\/brasilnoticias.org\/site\/spm-atua-na-prevencao-e-enfrentamento-a-violencia-domestica\/#article\",\"isPartOf\":{\"@id\":\"https:\/\/brasilnoticias.org\/site\/spm-atua-na-prevencao-e-enfrentamento-a-violencia-domestica\/\"},\"author\":{\"name\":\"Reda\u00e7\u00e3o\",\"@id\":\"https:\/\/brasilnoticias.org\/site\/#\/schema\/person\/03bbbfe6c7634ad18c26444ea39049fa\"},\"headline\":\"SPM atua na preven\u00e7\u00e3o e enfrentamento \u00e0 viol\u00eancia dom\u00e9stica\",\"datePublished\":\"2023-08-13T14:00:40+00:00\",\"dateModified\":\"2023-08-14T19:52:32+00:00\",\"mainEntityOfPage\":{\"@id\":\"https:\/\/brasilnoticias.org\/site\/spm-atua-na-prevencao-e-enfrentamento-a-violencia-domestica\/\"},\"wordCount\":533,\"commentCount\":0,\"publisher\":{\"@id\":\"https:\/\/brasilnoticias.org\/site\/#organization\"},\"image\":{\"@id\":\"https:\/\/brasilnoticias.org\/site\/spm-atua-na-prevencao-e-enfrentamento-a-violencia-domestica\/#primaryimage\"},\"thumbnailUrl\":\"https:\/\/brasilnoticias.org\/site\/wp-content\/uploads\/2023\/08\/agosto-lilas-spm-1068x801-1.jpeg\",\"articleSection\":[\"Not\u00edcias\",\"\u00daltimas\"],\"inLanguage\":\"pt-PT\",\"potentialAction\":[{\"@type\":\"CommentAction\",\"name\":\"Comment\",\"target\":[\"https:\/\/brasilnoticias.org\/site\/spm-atua-na-prevencao-e-enfrentamento-a-violencia-domestica\/#respond\"]}]},{\"@type\":\"WebPage\",\"@id\":\"https:\/\/brasilnoticias.org\/site\/spm-atua-na-prevencao-e-enfrentamento-a-violencia-domestica\/\",\"url\":\"https:\/\/brasilnoticias.org\/site\/spm-atua-na-prevencao-e-enfrentamento-a-violencia-domestica\/\",\"name\":\"SPM atua na preven\u00e7\u00e3o e enfrentamento \u00e0 viol\u00eancia dom\u00e9stica - Brasil not\u00edcias\",\"isPartOf\":{\"@id\":\"https:\/\/brasilnoticias.org\/site\/#website\"},\"primaryImageOfPage\":{\"@id\":\"https:\/\/brasilnoticias.org\/site\/spm-atua-na-prevencao-e-enfrentamento-a-violencia-domestica\/#primaryimage\"},\"image\":{\"@id\":\"https:\/\/brasilnoticias.org\/site\/spm-atua-na-prevencao-e-enfrentamento-a-violencia-domestica\/#primaryimage\"},\"thumbnailUrl\":\"https:\/\/brasilnoticias.org\/site\/wp-content\/uploads\/2023\/08\/agosto-lilas-spm-1068x801-1.jpeg\",\"datePublished\":\"2023-08-13T14:00:40+00:00\",\"dateModified\":\"2023-08-14T19:52:32+00:00\",\"breadcrumb\":{\"@id\":\"https:\/\/brasilnoticias.org\/site\/spm-atua-na-prevencao-e-enfrentamento-a-violencia-domestica\/#breadcrumb\"},\"inLanguage\":\"pt-PT\",\"potentialAction\":[{\"@type\":\"ReadAction\",\"target\":[\"https:\/\/brasilnoticias.org\/site\/spm-atua-na-prevencao-e-enfrentamento-a-violencia-domestica\/\"]}]},{\"@type\":\"ImageObject\",\"inLanguage\":\"pt-PT\",\"@id\":\"https:\/\/brasilnoticias.org\/site\/spm-atua-na-prevencao-e-enfrentamento-a-violencia-domestica\/#primaryimage\",\"url\":\"https:\/\/brasilnoticias.org\/site\/wp-content\/uploads\/2023\/08\/agosto-lilas-spm-1068x801-1.jpeg\",\"contentUrl\":\"https:\/\/brasilnoticias.org\/site\/wp-content\/uploads\/2023\/08\/agosto-lilas-spm-1068x801-1.jpeg\",\"width\":1068,\"height\":801},{\"@type\":\"BreadcrumbList\",\"@id\":\"https:\/\/brasilnoticias.org\/site\/spm-atua-na-prevencao-e-enfrentamento-a-violencia-domestica\/#breadcrumb\",\"itemListElement\":[{\"@type\":\"ListItem\",\"position\":1,\"name\":\"In\u00edcio\",\"item\":\"https:\/\/brasilnoticias.org\/site\/\"},{\"@type\":\"ListItem\",\"position\":2,\"name\":\"SPM atua na preven\u00e7\u00e3o e enfrentamento \u00e0 viol\u00eancia dom\u00e9stica\"}]},{\"@type\":\"WebSite\",\"@id\":\"https:\/\/brasilnoticias.org\/site\/#website\",\"url\":\"https:\/\/brasilnoticias.org\/site\/\",\"name\":\"Brasil not\u00edcias\",\"description\":\"Brasil not\u00edcias\",\"publisher\":{\"@id\":\"https:\/\/brasilnoticias.org\/site\/#organization\"},\"potentialAction\":[{\"@type\":\"SearchAction\",\"target\":{\"@type\":\"EntryPoint\",\"urlTemplate\":\"https:\/\/brasilnoticias.org\/site\/?s={search_term_string}\"},\"query-input\":{\"@type\":\"PropertyValueSpecification\",\"valueRequired\":true,\"valueName\":\"search_term_string\"}}],\"inLanguage\":\"pt-PT\"},{\"@type\":\"Organization\",\"@id\":\"https:\/\/brasilnoticias.org\/site\/#organization\",\"name\":\"Brasil not\u00edcias\",\"url\":\"https:\/\/brasilnoticias.org\/site\/\",\"logo\":{\"@type\":\"ImageObject\",\"inLanguage\":\"pt-PT\",\"@id\":\"https:\/\/brasilnoticias.org\/site\/#\/schema\/logo\/image\/\",\"url\":\"https:\/\/brasilnoticias.org\/site\/wp-content\/uploads\/2022\/05\/cropped-brasilnoticias-mini.jpg\",\"contentUrl\":\"https:\/\/brasilnoticias.org\/site\/wp-content\/uploads\/2022\/05\/cropped-brasilnoticias-mini.jpg\",\"width\":314,\"height\":86,\"caption\":\"Brasil not\u00edcias\"},\"image\":{\"@id\":\"https:\/\/brasilnoticias.org\/site\/#\/schema\/logo\/image\/\"}},{\"@type\":\"Person\",\"@id\":\"https:\/\/brasilnoticias.org\/site\/#\/schema\/person\/03bbbfe6c7634ad18c26444ea39049fa\",\"name\":\"Reda\u00e7\u00e3o\",\"image\":{\"@type\":\"ImageObject\",\"inLanguage\":\"pt-PT\",\"@id\":\"https:\/\/brasilnoticias.org\/site\/#\/schema\/person\/image\/\",\"url\":\"https:\/\/secure.gravatar.com\/avatar\/9ecaf7327a696cb23ad926fedded5f1f04d7049de9e445375d55b48c001a6e42?s=96&d=mm&r=g\",\"contentUrl\":\"https:\/\/secure.gravatar.com\/avatar\/9ecaf7327a696cb23ad926fedded5f1f04d7049de9e445375d55b48c001a6e42?s=96&d=mm&r=g\",\"caption\":\"Reda\u00e7\u00e3o\"},\"url\":\"https:\/\/brasilnoticias.org\/site\/author\/henrique\/\"}]}<\/script>\n<!-- \/ Yoast SEO plugin. -->","yoast_head_json":{"title":"SPM atua na preven\u00e7\u00e3o e enfrentamento \u00e0 viol\u00eancia dom\u00e9stica - Brasil not\u00edcias","robots":{"index":"index","follow":"follow","max-snippet":"max-snippet:-1","max-image-preview":"max-image-preview:large","max-video-preview":"max-video-preview:-1"},"canonical":"https:\/\/brasilnoticias.org\/site\/spm-atua-na-prevencao-e-enfrentamento-a-violencia-domestica\/","og_locale":"pt_PT","og_type":"article","og_title":"SPM atua na preven\u00e7\u00e3o e enfrentamento \u00e0 viol\u00eancia dom\u00e9stica - Brasil not\u00edcias","og_description":"O Agosto Lil\u00e1s \u00e9 o m\u00eas dedicado \u00e0 conscientiza\u00e7\u00e3o e sensibiliza\u00e7\u00e3o da sociedade sobre a viol\u00eancia contra a mulher, especialmente,","og_url":"https:\/\/brasilnoticias.org\/site\/spm-atua-na-prevencao-e-enfrentamento-a-violencia-domestica\/","og_site_name":"Brasil not\u00edcias","article_published_time":"2023-08-13T14:00:40+00:00","article_modified_time":"2023-08-14T19:52:32+00:00","og_image":[{"width":1068,"height":801,"url":"https:\/\/brasilnoticias.org\/site\/wp-content\/uploads\/2023\/08\/agosto-lilas-spm-1068x801-1.jpeg","type":"image\/jpeg"}],"author":"Reda\u00e7\u00e3o","twitter_card":"summary_large_image","twitter_misc":{"Escrito por":"Reda\u00e7\u00e3o","Tempo estimado de leitura":"3 minutos"},"schema":{"@context":"https:\/\/schema.org","@graph":[{"@type":"Article","@id":"https:\/\/brasilnoticias.org\/site\/spm-atua-na-prevencao-e-enfrentamento-a-violencia-domestica\/#article","isPartOf":{"@id":"https:\/\/brasilnoticias.org\/site\/spm-atua-na-prevencao-e-enfrentamento-a-violencia-domestica\/"},"author":{"name":"Reda\u00e7\u00e3o","@id":"https:\/\/brasilnoticias.org\/site\/#\/schema\/person\/03bbbfe6c7634ad18c26444ea39049fa"},"headline":"SPM atua na preven\u00e7\u00e3o e enfrentamento \u00e0 viol\u00eancia dom\u00e9stica","datePublished":"2023-08-13T14:00:40+00:00","dateModified":"2023-08-14T19:52:32+00:00","mainEntityOfPage":{"@id":"https:\/\/brasilnoticias.org\/site\/spm-atua-na-prevencao-e-enfrentamento-a-violencia-domestica\/"},"wordCount":533,"commentCount":0,"publisher":{"@id":"https:\/\/brasilnoticias.org\/site\/#organization"},"image":{"@id":"https:\/\/brasilnoticias.org\/site\/spm-atua-na-prevencao-e-enfrentamento-a-violencia-domestica\/#primaryimage"},"thumbnailUrl":"https:\/\/brasilnoticias.org\/site\/wp-content\/uploads\/2023\/08\/agosto-lilas-spm-1068x801-1.jpeg","articleSection":["Not\u00edcias","\u00daltimas"],"inLanguage":"pt-PT","potentialAction":[{"@type":"CommentAction","name":"Comment","target":["https:\/\/brasilnoticias.org\/site\/spm-atua-na-prevencao-e-enfrentamento-a-violencia-domestica\/#respond"]}]},{"@type":"WebPage","@id":"https:\/\/brasilnoticias.org\/site\/spm-atua-na-prevencao-e-enfrentamento-a-violencia-domestica\/","url":"https:\/\/brasilnoticias.org\/site\/spm-atua-na-prevencao-e-enfrentamento-a-violencia-domestica\/","name":"SPM atua na preven\u00e7\u00e3o e enfrentamento \u00e0 viol\u00eancia dom\u00e9stica - Brasil not\u00edcias","isPartOf":{"@id":"https:\/\/brasilnoticias.org\/site\/#website"},"primaryImageOfPage":{"@id":"https:\/\/brasilnoticias.org\/site\/spm-atua-na-prevencao-e-enfrentamento-a-violencia-domestica\/#primaryimage"},"image":{"@id":"https:\/\/brasilnoticias.org\/site\/spm-atua-na-prevencao-e-enfrentamento-a-violencia-domestica\/#primaryimage"},"thumbnailUrl":"https:\/\/brasilnoticias.org\/site\/wp-content\/uploads\/2023\/08\/agosto-lilas-spm-1068x801-1.jpeg","datePublished":"2023-08-13T14:00:40+00:00","dateModified":"2023-08-14T19:52:32+00:00","breadcrumb":{"@id":"https:\/\/brasilnoticias.org\/site\/spm-atua-na-prevencao-e-enfrentamento-a-violencia-domestica\/#breadcrumb"},"inLanguage":"pt-PT","potentialAction":[{"@type":"ReadAction","target":["https:\/\/brasilnoticias.org\/site\/spm-atua-na-prevencao-e-enfrentamento-a-violencia-domestica\/"]}]},{"@type":"ImageObject","inLanguage":"pt-PT","@id":"https:\/\/brasilnoticias.org\/site\/spm-atua-na-prevencao-e-enfrentamento-a-violencia-domestica\/#primaryimage","url":"https:\/\/brasilnoticias.org\/site\/wp-content\/uploads\/2023\/08\/agosto-lilas-spm-1068x801-1.jpeg","contentUrl":"https:\/\/brasilnoticias.org\/site\/wp-content\/uploads\/2023\/08\/agosto-lilas-spm-1068x801-1.jpeg","width":1068,"height":801},{"@type":"BreadcrumbList","@id":"https:\/\/brasilnoticias.org\/site\/spm-atua-na-prevencao-e-enfrentamento-a-violencia-domestica\/#breadcrumb","itemListElement":[{"@type":"ListItem","position":1,"name":"In\u00edcio","item":"https:\/\/brasilnoticias.org\/site\/"},{"@type":"ListItem","position":2,"name":"SPM atua na preven\u00e7\u00e3o e enfrentamento \u00e0 viol\u00eancia dom\u00e9stica"}]},{"@type":"WebSite","@id":"https:\/\/brasilnoticias.org\/site\/#website","url":"https:\/\/brasilnoticias.org\/site\/","name":"Brasil not\u00edcias","description":"Brasil not\u00edcias","publisher":{"@id":"https:\/\/brasilnoticias.org\/site\/#organization"},"potentialAction":[{"@type":"SearchAction","target":{"@type":"EntryPoint","urlTemplate":"https:\/\/brasilnoticias.org\/site\/?s={search_term_string}"},"query-input":{"@type":"PropertyValueSpecification","valueRequired":true,"valueName":"search_term_string"}}],"inLanguage":"pt-PT"},{"@type":"Organization","@id":"https:\/\/brasilnoticias.org\/site\/#organization","name":"Brasil not\u00edcias","url":"https:\/\/brasilnoticias.org\/site\/","logo":{"@type":"ImageObject","inLanguage":"pt-PT","@id":"https:\/\/brasilnoticias.org\/site\/#\/schema\/logo\/image\/","url":"https:\/\/brasilnoticias.org\/site\/wp-content\/uploads\/2022\/05\/cropped-brasilnoticias-mini.jpg","contentUrl":"https:\/\/brasilnoticias.org\/site\/wp-content\/uploads\/2022\/05\/cropped-brasilnoticias-mini.jpg","width":314,"height":86,"caption":"Brasil not\u00edcias"},"image":{"@id":"https:\/\/brasilnoticias.org\/site\/#\/schema\/logo\/image\/"}},{"@type":"Person","@id":"https:\/\/brasilnoticias.org\/site\/#\/schema\/person\/03bbbfe6c7634ad18c26444ea39049fa","name":"Reda\u00e7\u00e3o","image":{"@type":"ImageObject","inLanguage":"pt-PT","@id":"https:\/\/brasilnoticias.org\/site\/#\/schema\/person\/image\/","url":"https:\/\/secure.gravatar.com\/avatar\/9ecaf7327a696cb23ad926fedded5f1f04d7049de9e445375d55b48c001a6e42?s=96&d=mm&r=g","contentUrl":"https:\/\/secure.gravatar.com\/avatar\/9ecaf7327a696cb23ad926fedded5f1f04d7049de9e445375d55b48c001a6e42?s=96&d=mm&r=g","caption":"Reda\u00e7\u00e3o"},"url":"https:\/\/brasilnoticias.org\/site\/author\/henrique\/"}]}},"_links":{"self":[{"href":"https:\/\/brasilnoticias.org\/site\/wp-json\/wp\/v2\/posts\/8223","targetHints":{"allow":["GET"]}}],"collection":[{"href":"https:\/\/brasilnoticias.org\/site\/wp-json\/wp\/v2\/posts"}],"about":[{"href":"https:\/\/brasilnoticias.org\/site\/wp-json\/wp\/v2\/types\/post"}],"author":[{"embeddable":true,"href":"https:\/\/brasilnoticias.org\/site\/wp-json\/wp\/v2\/users\/4"}],"replies":[{"embeddable":true,"href":"https:\/\/brasilnoticias.org\/site\/wp-json\/wp\/v2\/comments?post=8223"}],"version-history":[{"count":1,"href":"https:\/\/brasilnoticias.org\/site\/wp-json\/wp\/v2\/posts\/8223\/revisions"}],"predecessor-version":[{"id":8225,"href":"https:\/\/brasilnoticias.org\/site\/wp-json\/wp\/v2\/posts\/8223\/revisions\/8225"}],"wp:featuredmedia":[{"embeddable":true,"href":"https:\/\/brasilnoticias.org\/site\/wp-json\/wp\/v2\/media\/8224"}],"wp:attachment":[{"href":"https:\/\/brasilnoticias.org\/site\/wp-json\/wp\/v2\/media?parent=8223"}],"wp:term":[{"taxonomy":"category","embeddable":true,"href":"https:\/\/brasilnoticias.org\/site\/wp-json\/wp\/v2\/categories?post=8223"},{"taxonomy":"post_tag","embeddable":true,"href":"https:\/\/brasilnoticias.org\/site\/wp-json\/wp\/v2\/tags?post=8223"}],"curies":[{"name":"wp","href":"https:\/\/api.w.org\/{rel}","templated":true}]}}