{"id":8239,"date":"2023-08-13T19:00:26","date_gmt":"2023-08-13T22:00:26","guid":{"rendered":"https:\/\/brasilnoticias.org\/site\/?p=8239"},"modified":"2023-08-14T16:48:16","modified_gmt":"2023-08-14T19:48:16","slug":"vice-de-villavicencio-vai-ser-nova-candidata-para-presidencia-do-equador","status":"publish","type":"post","link":"https:\/\/brasilnoticias.org\/site\/vice-de-villavicencio-vai-ser-nova-candidata-para-presidencia-do-equador\/","title":{"rendered":"Vice de Villavicencio vai ser nova candidata para presid\u00eancia do Equador"},"content":{"rendered":"<p>Na \u00faltima quarta-feira (9), Fernando Villavicencio foi morto em Quito, capital do Equador, ao ir embora de com\u00edcio<\/p>\n<p>O partido Movimento Construye divulgou neste s\u00e1bado (12) que Andrea Gonz\u00e1lez N\u00e1der ser\u00e1 nova candidata \u00e0 presid\u00eancia do Equador, em substitui\u00e7\u00e3o a Fernando Villavicencio, que foi assassinato a tiros nesta quarta-feira (9). Ela ocupava o cargo de vice do candidato.<\/p>\n<p>Segundo o comunicado divulgado \u00e0 imprensa, N\u00e1der foi \u201ca pessoa escolhida por Fernando Villavicencio e pelo Movimento Construye para substituir o presidente em sua aus\u00eancia\u201d. Ainda de acordo com o partido, o seu vice ser\u00e1 anunciado em poucas horas e seria algu\u00e9m que compartilhava das \u201clutas de nosso camarada Fernando Villavicencio\u201d. As elei\u00e7\u00f5es est\u00e3o marcadas para o domingo (20).<\/p>\n<p>Villavicencio foi morto ao sair de um evento na Anderson College, em Quito, capital do Equador. Durante sua sa\u00edda, ele foi baleado diversas vezes. Antes de ser morto, o candidato j\u00e1 havia denunciado amea\u00e7as de fac\u00e7\u00e3o criminosa, mas mesmo com a situa\u00e7\u00e3o se recusava a utilizar coletes de balas em com\u00edcios.<\/p>\n<p>Foto: Reprodu\u00e7\u00e3o\/Facebook\/Andrea Gonzalez Nader<br \/>\nPor: Metro1<\/p>\n","protected":false},"excerpt":{"rendered":"<p>Na \u00faltima quarta-feira (9), Fernando Villavicencio foi morto em Quito, capital do Equador, ao ir embora de com\u00edcio O partido<\/p>\n","protected":false},"author":4,"featured_media":8240,"comment_status":"open","ping_status":"open","sticky":false,"template":"","format":"standard","meta":{"colormag_page_container_layout":"default_layout","colormag_page_sidebar_layout":"default_layout","_FSMCFIC_featured_image_caption":"","_FSMCFIC_featured_image_nocaption":"","_FSMCFIC_featured_image_hide":"","footnotes":""},"categories":[2,1],"tags":[],"class_list":["post-8239","post","type-post","status-publish","format-standard","has-post-thumbnail","hentry","category-noticias","category-ultimas"],"yoast_head":"<!-- This site is optimized with the Yoast SEO plugin v27.1.1 - https:\/\/yoast.com\/product\/yoast-seo-wordpress\/ -->\n<title>Vice de Villavicencio vai ser nova candidata para presid\u00eancia do Equador - Brasil not\u00edcias<\/title>\n<meta name=\"robots\" content=\"index, follow, max-snippet:-1, max-image-preview:large, max-video-preview:-1\" \/>\n<link rel=\"canonical\" href=\"https:\/\/brasilnoticias.org\/site\/vice-de-villavicencio-vai-ser-nova-candidata-para-presidencia-do-equador\/\" \/>\n<meta property=\"og:locale\" content=\"pt_PT\" \/>\n<meta property=\"og:type\" content=\"article\" \/>\n<meta property=\"og:title\" content=\"Vice de Villavicencio vai ser nova candidata para presid\u00eancia do Equador - Brasil not\u00edcias\" \/>\n<meta property=\"og:description\" content=\"Na \u00faltima quarta-feira (9), Fernando Villavicencio foi morto em Quito, capital do Equador, ao ir embora de com\u00edcio O partido\" \/>\n<meta property=\"og:url\" content=\"https:\/\/brasilnoticias.org\/site\/vice-de-villavicencio-vai-ser-nova-candidata-para-presidencia-do-equador\/\" \/>\n<meta property=\"og:site_name\" content=\"Brasil not\u00edcias\" \/>\n<meta property=\"article:published_time\" content=\"2023-08-13T22:00:26+00:00\" \/>\n<meta property=\"article:modified_time\" content=\"2023-08-14T19:48:16+00:00\" \/>\n<meta property=\"og:image\" content=\"https:\/\/brasilnoticias.org\/site\/wp-content\/uploads\/2023\/08\/139781vice-de-villavicencio-vai-ser-nova-candidata-para-presidencia-do-equador-3.jpg\" \/>\n\t<meta property=\"og:image:width\" content=\"1600\" \/>\n\t<meta property=\"og:image:height\" content=\"752\" \/>\n\t<meta property=\"og:image:type\" content=\"image\/jpeg\" \/>\n<meta name=\"author\" content=\"Reda\u00e7\u00e3o\" \/>\n<meta name=\"twitter:card\" content=\"summary_large_image\" \/>\n<meta name=\"twitter:label1\" content=\"Escrito por\" \/>\n\t<meta name=\"twitter:data1\" content=\"Reda\u00e7\u00e3o\" \/>\n\t<meta name=\"twitter:label2\" content=\"Tempo estimado de leitura\" \/>\n\t<meta name=\"twitter:data2\" content=\"1 minuto\" \/>\n<script type=\"application\/ld+json\" class=\"yoast-schema-graph\">{\"@context\":\"https:\/\/schema.org\",\"@graph\":[{\"@type\":\"Article\",\"@id\":\"https:\/\/brasilnoticias.org\/site\/vice-de-villavicencio-vai-ser-nova-candidata-para-presidencia-do-equador\/#article\",\"isPartOf\":{\"@id\":\"https:\/\/brasilnoticias.org\/site\/vice-de-villavicencio-vai-ser-nova-candidata-para-presidencia-do-equador\/\"},\"author\":{\"name\":\"Reda\u00e7\u00e3o\",\"@id\":\"https:\/\/brasilnoticias.org\/site\/#\/schema\/person\/03bbbfe6c7634ad18c26444ea39049fa\"},\"headline\":\"Vice de Villavicencio vai ser nova candidata para presid\u00eancia do Equador\",\"datePublished\":\"2023-08-13T22:00:26+00:00\",\"dateModified\":\"2023-08-14T19:48:16+00:00\",\"mainEntityOfPage\":{\"@id\":\"https:\/\/brasilnoticias.org\/site\/vice-de-villavicencio-vai-ser-nova-candidata-para-presidencia-do-equador\/\"},\"wordCount\":199,\"commentCount\":0,\"publisher\":{\"@id\":\"https:\/\/brasilnoticias.org\/site\/#organization\"},\"image\":{\"@id\":\"https:\/\/brasilnoticias.org\/site\/vice-de-villavicencio-vai-ser-nova-candidata-para-presidencia-do-equador\/#primaryimage\"},\"thumbnailUrl\":\"https:\/\/brasilnoticias.org\/site\/wp-content\/uploads\/2023\/08\/139781vice-de-villavicencio-vai-ser-nova-candidata-para-presidencia-do-equador-3.jpg\",\"articleSection\":[\"Not\u00edcias\",\"\u00daltimas\"],\"inLanguage\":\"pt-PT\",\"potentialAction\":[{\"@type\":\"CommentAction\",\"name\":\"Comment\",\"target\":[\"https:\/\/brasilnoticias.org\/site\/vice-de-villavicencio-vai-ser-nova-candidata-para-presidencia-do-equador\/#respond\"]}]},{\"@type\":\"WebPage\",\"@id\":\"https:\/\/brasilnoticias.org\/site\/vice-de-villavicencio-vai-ser-nova-candidata-para-presidencia-do-equador\/\",\"url\":\"https:\/\/brasilnoticias.org\/site\/vice-de-villavicencio-vai-ser-nova-candidata-para-presidencia-do-equador\/\",\"name\":\"Vice de Villavicencio vai ser nova candidata para presid\u00eancia do Equador - Brasil not\u00edcias\",\"isPartOf\":{\"@id\":\"https:\/\/brasilnoticias.org\/site\/#website\"},\"primaryImageOfPage\":{\"@id\":\"https:\/\/brasilnoticias.org\/site\/vice-de-villavicencio-vai-ser-nova-candidata-para-presidencia-do-equador\/#primaryimage\"},\"image\":{\"@id\":\"https:\/\/brasilnoticias.org\/site\/vice-de-villavicencio-vai-ser-nova-candidata-para-presidencia-do-equador\/#primaryimage\"},\"thumbnailUrl\":\"https:\/\/brasilnoticias.org\/site\/wp-content\/uploads\/2023\/08\/139781vice-de-villavicencio-vai-ser-nova-candidata-para-presidencia-do-equador-3.jpg\",\"datePublished\":\"2023-08-13T22:00:26+00:00\",\"dateModified\":\"2023-08-14T19:48:16+00:00\",\"breadcrumb\":{\"@id\":\"https:\/\/brasilnoticias.org\/site\/vice-de-villavicencio-vai-ser-nova-candidata-para-presidencia-do-equador\/#breadcrumb\"},\"inLanguage\":\"pt-PT\",\"potentialAction\":[{\"@type\":\"ReadAction\",\"target\":[\"https:\/\/brasilnoticias.org\/site\/vice-de-villavicencio-vai-ser-nova-candidata-para-presidencia-do-equador\/\"]}]},{\"@type\":\"ImageObject\",\"inLanguage\":\"pt-PT\",\"@id\":\"https:\/\/brasilnoticias.org\/site\/vice-de-villavicencio-vai-ser-nova-candidata-para-presidencia-do-equador\/#primaryimage\",\"url\":\"https:\/\/brasilnoticias.org\/site\/wp-content\/uploads\/2023\/08\/139781vice-de-villavicencio-vai-ser-nova-candidata-para-presidencia-do-equador-3.jpg\",\"contentUrl\":\"https:\/\/brasilnoticias.org\/site\/wp-content\/uploads\/2023\/08\/139781vice-de-villavicencio-vai-ser-nova-candidata-para-presidencia-do-equador-3.jpg\",\"width\":1600,\"height\":752},{\"@type\":\"BreadcrumbList\",\"@id\":\"https:\/\/brasilnoticias.org\/site\/vice-de-villavicencio-vai-ser-nova-candidata-para-presidencia-do-equador\/#breadcrumb\",\"itemListElement\":[{\"@type\":\"ListItem\",\"position\":1,\"name\":\"In\u00edcio\",\"item\":\"https:\/\/brasilnoticias.org\/site\/\"},{\"@type\":\"ListItem\",\"position\":2,\"name\":\"Vice de Villavicencio vai ser nova candidata para presid\u00eancia do Equador\"}]},{\"@type\":\"WebSite\",\"@id\":\"https:\/\/brasilnoticias.org\/site\/#website\",\"url\":\"https:\/\/brasilnoticias.org\/site\/\",\"name\":\"Brasil not\u00edcias\",\"description\":\"Brasil not\u00edcias\",\"publisher\":{\"@id\":\"https:\/\/brasilnoticias.org\/site\/#organization\"},\"potentialAction\":[{\"@type\":\"SearchAction\",\"target\":{\"@type\":\"EntryPoint\",\"urlTemplate\":\"https:\/\/brasilnoticias.org\/site\/?s={search_term_string}\"},\"query-input\":{\"@type\":\"PropertyValueSpecification\",\"valueRequired\":true,\"valueName\":\"search_term_string\"}}],\"inLanguage\":\"pt-PT\"},{\"@type\":\"Organization\",\"@id\":\"https:\/\/brasilnoticias.org\/site\/#organization\",\"name\":\"Brasil not\u00edcias\",\"url\":\"https:\/\/brasilnoticias.org\/site\/\",\"logo\":{\"@type\":\"ImageObject\",\"inLanguage\":\"pt-PT\",\"@id\":\"https:\/\/brasilnoticias.org\/site\/#\/schema\/logo\/image\/\",\"url\":\"https:\/\/brasilnoticias.org\/site\/wp-content\/uploads\/2022\/05\/cropped-brasilnoticias-mini.jpg\",\"contentUrl\":\"https:\/\/brasilnoticias.org\/site\/wp-content\/uploads\/2022\/05\/cropped-brasilnoticias-mini.jpg\",\"width\":314,\"height\":86,\"caption\":\"Brasil not\u00edcias\"},\"image\":{\"@id\":\"https:\/\/brasilnoticias.org\/site\/#\/schema\/logo\/image\/\"}},{\"@type\":\"Person\",\"@id\":\"https:\/\/brasilnoticias.org\/site\/#\/schema\/person\/03bbbfe6c7634ad18c26444ea39049fa\",\"name\":\"Reda\u00e7\u00e3o\",\"image\":{\"@type\":\"ImageObject\",\"inLanguage\":\"pt-PT\",\"@id\":\"https:\/\/brasilnoticias.org\/site\/#\/schema\/person\/image\/\",\"url\":\"https:\/\/secure.gravatar.com\/avatar\/9ecaf7327a696cb23ad926fedded5f1f04d7049de9e445375d55b48c001a6e42?s=96&d=mm&r=g\",\"contentUrl\":\"https:\/\/secure.gravatar.com\/avatar\/9ecaf7327a696cb23ad926fedded5f1f04d7049de9e445375d55b48c001a6e42?s=96&d=mm&r=g\",\"caption\":\"Reda\u00e7\u00e3o\"},\"url\":\"https:\/\/brasilnoticias.org\/site\/author\/henrique\/\"}]}<\/script>\n<!-- \/ Yoast SEO plugin. -->","yoast_head_json":{"title":"Vice de Villavicencio vai ser nova candidata para presid\u00eancia do Equador - Brasil not\u00edcias","robots":{"index":"index","follow":"follow","max-snippet":"max-snippet:-1","max-image-preview":"max-image-preview:large","max-video-preview":"max-video-preview:-1"},"canonical":"https:\/\/brasilnoticias.org\/site\/vice-de-villavicencio-vai-ser-nova-candidata-para-presidencia-do-equador\/","og_locale":"pt_PT","og_type":"article","og_title":"Vice de Villavicencio vai ser nova candidata para presid\u00eancia do Equador - Brasil not\u00edcias","og_description":"Na \u00faltima quarta-feira (9), Fernando Villavicencio foi morto em Quito, capital do Equador, ao ir embora de com\u00edcio O partido","og_url":"https:\/\/brasilnoticias.org\/site\/vice-de-villavicencio-vai-ser-nova-candidata-para-presidencia-do-equador\/","og_site_name":"Brasil not\u00edcias","article_published_time":"2023-08-13T22:00:26+00:00","article_modified_time":"2023-08-14T19:48:16+00:00","og_image":[{"width":1600,"height":752,"url":"https:\/\/brasilnoticias.org\/site\/wp-content\/uploads\/2023\/08\/139781vice-de-villavicencio-vai-ser-nova-candidata-para-presidencia-do-equador-3.jpg","type":"image\/jpeg"}],"author":"Reda\u00e7\u00e3o","twitter_card":"summary_large_image","twitter_misc":{"Escrito por":"Reda\u00e7\u00e3o","Tempo estimado de leitura":"1 minuto"},"schema":{"@context":"https:\/\/schema.org","@graph":[{"@type":"Article","@id":"https:\/\/brasilnoticias.org\/site\/vice-de-villavicencio-vai-ser-nova-candidata-para-presidencia-do-equador\/#article","isPartOf":{"@id":"https:\/\/brasilnoticias.org\/site\/vice-de-villavicencio-vai-ser-nova-candidata-para-presidencia-do-equador\/"},"author":{"name":"Reda\u00e7\u00e3o","@id":"https:\/\/brasilnoticias.org\/site\/#\/schema\/person\/03bbbfe6c7634ad18c26444ea39049fa"},"headline":"Vice de Villavicencio vai ser nova candidata para presid\u00eancia do Equador","datePublished":"2023-08-13T22:00:26+00:00","dateModified":"2023-08-14T19:48:16+00:00","mainEntityOfPage":{"@id":"https:\/\/brasilnoticias.org\/site\/vice-de-villavicencio-vai-ser-nova-candidata-para-presidencia-do-equador\/"},"wordCount":199,"commentCount":0,"publisher":{"@id":"https:\/\/brasilnoticias.org\/site\/#organization"},"image":{"@id":"https:\/\/brasilnoticias.org\/site\/vice-de-villavicencio-vai-ser-nova-candidata-para-presidencia-do-equador\/#primaryimage"},"thumbnailUrl":"https:\/\/brasilnoticias.org\/site\/wp-content\/uploads\/2023\/08\/139781vice-de-villavicencio-vai-ser-nova-candidata-para-presidencia-do-equador-3.jpg","articleSection":["Not\u00edcias","\u00daltimas"],"inLanguage":"pt-PT","potentialAction":[{"@type":"CommentAction","name":"Comment","target":["https:\/\/brasilnoticias.org\/site\/vice-de-villavicencio-vai-ser-nova-candidata-para-presidencia-do-equador\/#respond"]}]},{"@type":"WebPage","@id":"https:\/\/brasilnoticias.org\/site\/vice-de-villavicencio-vai-ser-nova-candidata-para-presidencia-do-equador\/","url":"https:\/\/brasilnoticias.org\/site\/vice-de-villavicencio-vai-ser-nova-candidata-para-presidencia-do-equador\/","name":"Vice de Villavicencio vai ser nova candidata para presid\u00eancia do Equador - Brasil not\u00edcias","isPartOf":{"@id":"https:\/\/brasilnoticias.org\/site\/#website"},"primaryImageOfPage":{"@id":"https:\/\/brasilnoticias.org\/site\/vice-de-villavicencio-vai-ser-nova-candidata-para-presidencia-do-equador\/#primaryimage"},"image":{"@id":"https:\/\/brasilnoticias.org\/site\/vice-de-villavicencio-vai-ser-nova-candidata-para-presidencia-do-equador\/#primaryimage"},"thumbnailUrl":"https:\/\/brasilnoticias.org\/site\/wp-content\/uploads\/2023\/08\/139781vice-de-villavicencio-vai-ser-nova-candidata-para-presidencia-do-equador-3.jpg","datePublished":"2023-08-13T22:00:26+00:00","dateModified":"2023-08-14T19:48:16+00:00","breadcrumb":{"@id":"https:\/\/brasilnoticias.org\/site\/vice-de-villavicencio-vai-ser-nova-candidata-para-presidencia-do-equador\/#breadcrumb"},"inLanguage":"pt-PT","potentialAction":[{"@type":"ReadAction","target":["https:\/\/brasilnoticias.org\/site\/vice-de-villavicencio-vai-ser-nova-candidata-para-presidencia-do-equador\/"]}]},{"@type":"ImageObject","inLanguage":"pt-PT","@id":"https:\/\/brasilnoticias.org\/site\/vice-de-villavicencio-vai-ser-nova-candidata-para-presidencia-do-equador\/#primaryimage","url":"https:\/\/brasilnoticias.org\/site\/wp-content\/uploads\/2023\/08\/139781vice-de-villavicencio-vai-ser-nova-candidata-para-presidencia-do-equador-3.jpg","contentUrl":"https:\/\/brasilnoticias.org\/site\/wp-content\/uploads\/2023\/08\/139781vice-de-villavicencio-vai-ser-nova-candidata-para-presidencia-do-equador-3.jpg","width":1600,"height":752},{"@type":"BreadcrumbList","@id":"https:\/\/brasilnoticias.org\/site\/vice-de-villavicencio-vai-ser-nova-candidata-para-presidencia-do-equador\/#breadcrumb","itemListElement":[{"@type":"ListItem","position":1,"name":"In\u00edcio","item":"https:\/\/brasilnoticias.org\/site\/"},{"@type":"ListItem","position":2,"name":"Vice de Villavicencio vai ser nova candidata para presid\u00eancia do Equador"}]},{"@type":"WebSite","@id":"https:\/\/brasilnoticias.org\/site\/#website","url":"https:\/\/brasilnoticias.org\/site\/","name":"Brasil not\u00edcias","description":"Brasil not\u00edcias","publisher":{"@id":"https:\/\/brasilnoticias.org\/site\/#organization"},"potentialAction":[{"@type":"SearchAction","target":{"@type":"EntryPoint","urlTemplate":"https:\/\/brasilnoticias.org\/site\/?s={search_term_string}"},"query-input":{"@type":"PropertyValueSpecification","valueRequired":true,"valueName":"search_term_string"}}],"inLanguage":"pt-PT"},{"@type":"Organization","@id":"https:\/\/brasilnoticias.org\/site\/#organization","name":"Brasil not\u00edcias","url":"https:\/\/brasilnoticias.org\/site\/","logo":{"@type":"ImageObject","inLanguage":"pt-PT","@id":"https:\/\/brasilnoticias.org\/site\/#\/schema\/logo\/image\/","url":"https:\/\/brasilnoticias.org\/site\/wp-content\/uploads\/2022\/05\/cropped-brasilnoticias-mini.jpg","contentUrl":"https:\/\/brasilnoticias.org\/site\/wp-content\/uploads\/2022\/05\/cropped-brasilnoticias-mini.jpg","width":314,"height":86,"caption":"Brasil not\u00edcias"},"image":{"@id":"https:\/\/brasilnoticias.org\/site\/#\/schema\/logo\/image\/"}},{"@type":"Person","@id":"https:\/\/brasilnoticias.org\/site\/#\/schema\/person\/03bbbfe6c7634ad18c26444ea39049fa","name":"Reda\u00e7\u00e3o","image":{"@type":"ImageObject","inLanguage":"pt-PT","@id":"https:\/\/brasilnoticias.org\/site\/#\/schema\/person\/image\/","url":"https:\/\/secure.gravatar.com\/avatar\/9ecaf7327a696cb23ad926fedded5f1f04d7049de9e445375d55b48c001a6e42?s=96&d=mm&r=g","contentUrl":"https:\/\/secure.gravatar.com\/avatar\/9ecaf7327a696cb23ad926fedded5f1f04d7049de9e445375d55b48c001a6e42?s=96&d=mm&r=g","caption":"Reda\u00e7\u00e3o"},"url":"https:\/\/brasilnoticias.org\/site\/author\/henrique\/"}]}},"_links":{"self":[{"href":"https:\/\/brasilnoticias.org\/site\/wp-json\/wp\/v2\/posts\/8239","targetHints":{"allow":["GET"]}}],"collection":[{"href":"https:\/\/brasilnoticias.org\/site\/wp-json\/wp\/v2\/posts"}],"about":[{"href":"https:\/\/brasilnoticias.org\/site\/wp-json\/wp\/v2\/types\/post"}],"author":[{"embeddable":true,"href":"https:\/\/brasilnoticias.org\/site\/wp-json\/wp\/v2\/users\/4"}],"replies":[{"embeddable":true,"href":"https:\/\/brasilnoticias.org\/site\/wp-json\/wp\/v2\/comments?post=8239"}],"version-history":[{"count":1,"href":"https:\/\/brasilnoticias.org\/site\/wp-json\/wp\/v2\/posts\/8239\/revisions"}],"predecessor-version":[{"id":8241,"href":"https:\/\/brasilnoticias.org\/site\/wp-json\/wp\/v2\/posts\/8239\/revisions\/8241"}],"wp:featuredmedia":[{"embeddable":true,"href":"https:\/\/brasilnoticias.org\/site\/wp-json\/wp\/v2\/media\/8240"}],"wp:attachment":[{"href":"https:\/\/brasilnoticias.org\/site\/wp-json\/wp\/v2\/media?parent=8239"}],"wp:term":[{"taxonomy":"category","embeddable":true,"href":"https:\/\/brasilnoticias.org\/site\/wp-json\/wp\/v2\/categories?post=8239"},{"taxonomy":"post_tag","embeddable":true,"href":"https:\/\/brasilnoticias.org\/site\/wp-json\/wp\/v2\/tags?post=8239"}],"curies":[{"name":"wp","href":"https:\/\/api.w.org\/{rel}","templated":true}]}}