{"id":8243,"date":"2023-08-14T06:00:29","date_gmt":"2023-08-14T09:00:29","guid":{"rendered":"https:\/\/brasilnoticias.org\/site\/?p=8243"},"modified":"2023-08-14T16:52:01","modified_gmt":"2023-08-14T19:52:01","slug":"vitoria-segura-pressao-em-casa-derrota-o-ceara-e-retoma-vice-lideranca-da-serie-b","status":"publish","type":"post","link":"https:\/\/brasilnoticias.org\/site\/vitoria-segura-pressao-em-casa-derrota-o-ceara-e-retoma-vice-lideranca-da-serie-b\/","title":{"rendered":"Vit\u00f3ria segura press\u00e3o em casa, derrota o Cear\u00e1 e retoma vice-lideran\u00e7a da S\u00e9rie B"},"content":{"rendered":"<p>L\u00e9o Gamalho marcou, de p\u00eanalti, o \u00fanico gol da partida no Barrad\u00e3o; Le\u00e3o manteve boa campanha como mandante e foi a 44 pontos, um atr\u00e1s do Sport<\/p>\n<p>O Vit\u00f3ria fez valer a \u00f3tima campanha como mandante na S\u00e9rie B ao vencer a quinta partida seguida em casa. Na noite deste domingo (13), o Rubro-Negro se segurou diante do volume de jogo do Cear\u00e1 e retomou a vice-lideran\u00e7a na 23\u00aa rodada do campeonato.<\/p>\n<p>L\u00e9o Gamalho que marcou &#8211; de p\u00eanalti &#8211; o \u00fanico gol da partida no come\u00e7o do primeiro tempo e Lucas Arcanjo &#8211; dono de defesas providenciais &#8211; foram os nomes no Barrad\u00e3o. O jogo foi dram\u00e1tico at\u00e9 o fim, quando o Le\u00e3o ainda perdeu dois jogadores por expuls\u00e3o.<\/p>\n<p>Com o resultado positivo, o time comandado por L\u00e9o Cond\u00e9 chegou aos 44 pontos na tabela, atr\u00e1s do Sport, que lidera com um a mais. <\/p>\n<p>A 24\u00aa rodada do campeonato chega para o Vit\u00f3ria na pr\u00f3xima sexta-feira (18). Desta vez, o Le\u00e3o recebe o Botafogo-SP, \u00e0s 19h, no Barrad\u00e3o.<\/p>\n<p>O JOGO<\/p>\n<p>Primeiro tempo<\/p>\n<p>As equipes entraram com uma postura ofensiva num jogo bastante movimentado. Melhor distribu\u00eddo em campo, o Cear\u00e1 come\u00e7ou com mais perigo nas jogadas em profundidade, mas foi o Vit\u00f3ria quem abriu o placar em cobran\u00e7a de p\u00eanalti &#8211; L\u00e9o Gamalho converteu para os donos da casa aos 12 minutos. O Voz\u00e3o, por outro lado, sentiu o gol e viu o Rubro-Negro controlar o jogo at\u00e9 os 30. Em seguida, o visitante reagiu e teve chance de empatar o marcador, principalmente em blitz na reta final da primeira etapa. Destaque para Lucas Arcanjo, que fez \u00f3timas defesas nas chegadas do time alvinegro.<\/p>\n<p>Aos quatro minutos, Jean Carlos bateu escanteio fechadinho para boa defesa de Lucas Arcanjo. No rebote, o Cear\u00e1 ainda tentou o chute, mas foi travado pela defesa rubro-negra.<\/p>\n<p>Na bola de seguran\u00e7a &#8211; forte e alta -, L\u00e9o Gamalho abriu o placar para o Vit\u00f3ria em cobran\u00e7a de p\u00eanalti aos 12 minutos. O \u00e1rbitro marcou a penalidade ap\u00f3s Erick cal\u00e7ar e derrubar Iury Castilho dentro da \u00e1rea, ap\u00f3s jogada na ponta esquerda. <\/p>\n<p>Aos 23, quase o empate do Voz\u00e3o. Saulo Mineiro ganhou de Wagner Leonardo, avan\u00e7ou, chutou cruzado e mandou pertinho do gol de Arcanjo.<\/p>\n<p>Iury Castilho fez boa jogada na esquerda, passou pela marca\u00e7\u00e3o e cruzou na \u00e1rea para L\u00e9o Gamalho. Antes de a bola encontrar o camisa 9 rubro-negro, por\u00e9m, tocou na defesa alvinegra e desviou no atacante, saindo pela linha de fundo.<\/p>\n<p>Aos 37, \u00f3timo contra-ataque do Cear\u00e1. Erick chegou pela direita, dominou, escolheu o canto e bateu. Lucas Arcanjo fez \u00f3tima defesa para evitar o primeiro gol do Voz\u00e3o. Na sequ\u00eancia, Jean Carlos resolveu arriscar de longe e Arcanjo apareceu bem novamente. <\/p>\n<p>Jean Carlos, aos 41, entrou sozinho na grande \u00e1rea e chutou rasteiro para mais uma interven\u00e7\u00e3o do goleiro rubro-negro.<\/p>\n<p>Segundo tempo<\/p>\n<p>Assim como no primeiro tempo, o Cear\u00e1 voltou do intervalo com press\u00e3o em cima do Vit\u00f3ria e em busca do empate. Tanto que, at\u00e9 a metade da etapa final, o Rubro-Negro n\u00e3o havia conseguido encaixar uma jogada de ataque para amea\u00e7ar o Voz\u00e3o. A chance mais clara de gol, por\u00e9m, veio dos donos da casa aos 24. Gra\u00e7as ao goleiro do time alvinegro, Z\u00e9 Hugo n\u00e3o ampliou a vantagem. Do outro lado, Lucas Arcanjo continuou em alto n\u00edvel para segurar o resultado. A reta final foi de intensidade para as duas equipes &#8211; recuado, o Le\u00e3o se desdobrou para frear as chegadas do Cear\u00e1 e apostou nos contra-ataques. Ainda enfrentou um fim dram\u00e1tico, com dois expulsos ap\u00f3s os 50. Ap\u00f3s o apito, vit\u00f3ria do Vit\u00f3ria no Barrad\u00e3o.<\/p>\n<p>No minuto inicial, Jean Carlos chutou de longe, rasteiro, e mandou para fora na primeira chegada do Cear\u00e1.<\/p>\n<p>Aos 24, lance inacredit\u00e1vel. Wellington Nem cruzou na \u00e1rea e Z\u00e9 Hugo cabeceou para baixo. Bruno Ferreira defendeu \u00e0 queima-roupa para evitar o segundo gol do Vit\u00f3ria.<\/p>\n<p>Dois minutos depois, Saulo Mineiro aproveitou a sobra na \u00e1rea e saiu na cara do gol. De novo, a estrela de Lucas Arcanjo brilhou para salvar o Rubro-Negro. Na sequ\u00eancia, a arbitragem marcou posi\u00e7\u00e3o de impedimento.<\/p>\n<p>Zeca cobrou escanteio aos 31, L\u00e9o Gamalho subiu para cabecear e colocou a bola perto do gol de Bruno Ferreira.<\/p>\n<p>Aos 37, Barletta finalizou de fora da \u00e1rea e Lucas Arcanjo fez mais uma bela defesa. Bonito lance aos 44. Guilherme Castilho tentou um voleio dentro da \u00e1rea e mandou por cima da meta rubro-negra.<\/p>\n<p>Aos 51, o Vit\u00f3ria perdeu dois jogadores expulsos: Jhonny Lucas &#8211; recebeu vermelho direto ap\u00f3s carrinho em Guilherme Castilho &#8211; e Wellington Nem &#8211; tomou o segundo amarelo por falta.<\/p>\n<p>FICHA T\u00c9CNICA<\/p>\n<p>Vit\u00f3ria 1 x 0 Cear\u00e1<br \/>\nS\u00e9rie B &#8211; 23\u00aa rodada<br \/>\nLocal: Est\u00e1dio Barrad\u00e3o, em Salvador (BA)<br \/>\nData: 13\/08\/2023 (domingo)<br \/>\nHor\u00e1rio: 18h<br \/>\n\u00c1rbitro: Bruno Arleu de Ara\u00fajo (FIFA-RJ)<br \/>\nAssistentes: Victor Hugo Imazu dos Santos (PR) e Gustavo Mota Correia (RJ)<br \/>\nQuarto \u00e1rbitro: Bruno Pereira Vasconcelos (BA)<br \/>\nVAR: Philip Georg Bennett (RJ)<\/p>\n<p>Gol: L\u00e9o Gamalho (Vit\u00f3ria)<br \/>\nCart\u00f5es amarelos: Camutanga, Dudu, Yan Souto, Wellington Nem (2x), Mateus Gon\u00e7alves (Vit\u00f3ria) \/ Breno, Paulo Victor, Bissoli, Warley (Cear\u00e1)<br \/>\nCart\u00e3o vermelho: Jhonny Lucas, Wellington Nem (Vit\u00f3ria)<\/p>\n<p>Vit\u00f3ria: Lucas Arcanjo; Yan Souto, Camutanga (Zeca), Wagner Leonardo \u00a9 e Felipe Vieira; Matheus Trindade (Jhonny Lucas), Dudu e Giovanni Augusto (Wellington Nem); Mateus Gon\u00e7alves, Iury Castilho (Z\u00e9 Hugo) e L\u00e9o Gamalho (Welder). T\u00e9cnico: L\u00e9o Cond\u00e9 <\/p>\n<p>Cear\u00e1: Bruno Ferreira; Warley, Luiz Ot\u00e1vio \u00a9, David Ricardo e Paulo Victor (Willian Formiga); Willian Maranh\u00e3o, Breno (Z\u00e9 Ricardo) e Jean Carlos (Guilherme Castilho); Saulo Mineiro, Erick (Chrystian Barletta) e Nicolas (Bissoli). T\u00e9cnico: Guto Ferreira <\/p>\n<p>Foto: Victor Ferreira\/EC Vit\u00f3ria<br \/>\nMetro1<\/p>\n","protected":false},"excerpt":{"rendered":"<p>L\u00e9o Gamalho marcou, de p\u00eanalti, o \u00fanico gol da partida no Barrad\u00e3o; Le\u00e3o manteve boa campanha como mandante e foi<\/p>\n","protected":false},"author":4,"featured_media":8244,"comment_status":"open","ping_status":"open","sticky":false,"template":"","format":"standard","meta":{"colormag_page_container_layout":"default_layout","colormag_page_sidebar_layout":"default_layout","_FSMCFIC_featured_image_caption":"","_FSMCFIC_featured_image_nocaption":"","_FSMCFIC_featured_image_hide":"","footnotes":""},"categories":[4,1],"tags":[],"class_list":["post-8243","post","type-post","status-publish","format-standard","has-post-thumbnail","hentry","category-esporte","category-ultimas"],"yoast_head":"<!-- This site is optimized with the Yoast SEO plugin v27.1.1 - https:\/\/yoast.com\/product\/yoast-seo-wordpress\/ -->\n<title>Vit\u00f3ria segura press\u00e3o em casa, derrota o Cear\u00e1 e retoma vice-lideran\u00e7a da S\u00e9rie B - Brasil not\u00edcias<\/title>\n<meta name=\"robots\" content=\"index, follow, max-snippet:-1, max-image-preview:large, max-video-preview:-1\" \/>\n<link rel=\"canonical\" href=\"https:\/\/brasilnoticias.org\/site\/vitoria-segura-pressao-em-casa-derrota-o-ceara-e-retoma-vice-lideranca-da-serie-b\/\" \/>\n<meta property=\"og:locale\" content=\"pt_PT\" \/>\n<meta property=\"og:type\" content=\"article\" \/>\n<meta property=\"og:title\" content=\"Vit\u00f3ria segura press\u00e3o em casa, derrota o Cear\u00e1 e retoma vice-lideran\u00e7a da S\u00e9rie B - Brasil not\u00edcias\" \/>\n<meta property=\"og:description\" content=\"L\u00e9o Gamalho marcou, de p\u00eanalti, o \u00fanico gol da partida no Barrad\u00e3o; Le\u00e3o manteve boa campanha como mandante e foi\" \/>\n<meta property=\"og:url\" content=\"https:\/\/brasilnoticias.org\/site\/vitoria-segura-pressao-em-casa-derrota-o-ceara-e-retoma-vice-lideranca-da-serie-b\/\" \/>\n<meta property=\"og:site_name\" content=\"Brasil not\u00edcias\" \/>\n<meta property=\"article:published_time\" content=\"2023-08-14T09:00:29+00:00\" \/>\n<meta property=\"article:modified_time\" content=\"2023-08-14T19:52:01+00:00\" \/>\n<meta property=\"og:image\" content=\"https:\/\/brasilnoticias.org\/site\/wp-content\/uploads\/2023\/08\/IMG_4695.jpeg\" \/>\n\t<meta property=\"og:image:width\" content=\"1600\" \/>\n\t<meta property=\"og:image:height\" content=\"752\" \/>\n\t<meta property=\"og:image:type\" content=\"image\/jpeg\" \/>\n<meta name=\"author\" content=\"Reda\u00e7\u00e3o\" \/>\n<meta name=\"twitter:card\" content=\"summary_large_image\" \/>\n<meta name=\"twitter:label1\" content=\"Escrito por\" \/>\n\t<meta name=\"twitter:data1\" content=\"Reda\u00e7\u00e3o\" \/>\n\t<meta name=\"twitter:label2\" content=\"Tempo estimado de leitura\" \/>\n\t<meta name=\"twitter:data2\" content=\"6 minutos\" \/>\n<script type=\"application\/ld+json\" class=\"yoast-schema-graph\">{\"@context\":\"https:\/\/schema.org\",\"@graph\":[{\"@type\":\"Article\",\"@id\":\"https:\/\/brasilnoticias.org\/site\/vitoria-segura-pressao-em-casa-derrota-o-ceara-e-retoma-vice-lideranca-da-serie-b\/#article\",\"isPartOf\":{\"@id\":\"https:\/\/brasilnoticias.org\/site\/vitoria-segura-pressao-em-casa-derrota-o-ceara-e-retoma-vice-lideranca-da-serie-b\/\"},\"author\":{\"name\":\"Reda\u00e7\u00e3o\",\"@id\":\"https:\/\/brasilnoticias.org\/site\/#\/schema\/person\/03bbbfe6c7634ad18c26444ea39049fa\"},\"headline\":\"Vit\u00f3ria segura press\u00e3o em casa, derrota o Cear\u00e1 e retoma vice-lideran\u00e7a da S\u00e9rie B\",\"datePublished\":\"2023-08-14T09:00:29+00:00\",\"dateModified\":\"2023-08-14T19:52:01+00:00\",\"mainEntityOfPage\":{\"@id\":\"https:\/\/brasilnoticias.org\/site\/vitoria-segura-pressao-em-casa-derrota-o-ceara-e-retoma-vice-lideranca-da-serie-b\/\"},\"wordCount\":1003,\"commentCount\":0,\"publisher\":{\"@id\":\"https:\/\/brasilnoticias.org\/site\/#organization\"},\"image\":{\"@id\":\"https:\/\/brasilnoticias.org\/site\/vitoria-segura-pressao-em-casa-derrota-o-ceara-e-retoma-vice-lideranca-da-serie-b\/#primaryimage\"},\"thumbnailUrl\":\"https:\/\/brasilnoticias.org\/site\/wp-content\/uploads\/2023\/08\/IMG_4695.jpeg\",\"articleSection\":[\"Esporte\",\"\u00daltimas\"],\"inLanguage\":\"pt-PT\",\"potentialAction\":[{\"@type\":\"CommentAction\",\"name\":\"Comment\",\"target\":[\"https:\/\/brasilnoticias.org\/site\/vitoria-segura-pressao-em-casa-derrota-o-ceara-e-retoma-vice-lideranca-da-serie-b\/#respond\"]}]},{\"@type\":\"WebPage\",\"@id\":\"https:\/\/brasilnoticias.org\/site\/vitoria-segura-pressao-em-casa-derrota-o-ceara-e-retoma-vice-lideranca-da-serie-b\/\",\"url\":\"https:\/\/brasilnoticias.org\/site\/vitoria-segura-pressao-em-casa-derrota-o-ceara-e-retoma-vice-lideranca-da-serie-b\/\",\"name\":\"Vit\u00f3ria segura press\u00e3o em casa, derrota o Cear\u00e1 e retoma vice-lideran\u00e7a da S\u00e9rie B - Brasil not\u00edcias\",\"isPartOf\":{\"@id\":\"https:\/\/brasilnoticias.org\/site\/#website\"},\"primaryImageOfPage\":{\"@id\":\"https:\/\/brasilnoticias.org\/site\/vitoria-segura-pressao-em-casa-derrota-o-ceara-e-retoma-vice-lideranca-da-serie-b\/#primaryimage\"},\"image\":{\"@id\":\"https:\/\/brasilnoticias.org\/site\/vitoria-segura-pressao-em-casa-derrota-o-ceara-e-retoma-vice-lideranca-da-serie-b\/#primaryimage\"},\"thumbnailUrl\":\"https:\/\/brasilnoticias.org\/site\/wp-content\/uploads\/2023\/08\/IMG_4695.jpeg\",\"datePublished\":\"2023-08-14T09:00:29+00:00\",\"dateModified\":\"2023-08-14T19:52:01+00:00\",\"breadcrumb\":{\"@id\":\"https:\/\/brasilnoticias.org\/site\/vitoria-segura-pressao-em-casa-derrota-o-ceara-e-retoma-vice-lideranca-da-serie-b\/#breadcrumb\"},\"inLanguage\":\"pt-PT\",\"potentialAction\":[{\"@type\":\"ReadAction\",\"target\":[\"https:\/\/brasilnoticias.org\/site\/vitoria-segura-pressao-em-casa-derrota-o-ceara-e-retoma-vice-lideranca-da-serie-b\/\"]}]},{\"@type\":\"ImageObject\",\"inLanguage\":\"pt-PT\",\"@id\":\"https:\/\/brasilnoticias.org\/site\/vitoria-segura-pressao-em-casa-derrota-o-ceara-e-retoma-vice-lideranca-da-serie-b\/#primaryimage\",\"url\":\"https:\/\/brasilnoticias.org\/site\/wp-content\/uploads\/2023\/08\/IMG_4695.jpeg\",\"contentUrl\":\"https:\/\/brasilnoticias.org\/site\/wp-content\/uploads\/2023\/08\/IMG_4695.jpeg\",\"width\":1600,\"height\":752},{\"@type\":\"BreadcrumbList\",\"@id\":\"https:\/\/brasilnoticias.org\/site\/vitoria-segura-pressao-em-casa-derrota-o-ceara-e-retoma-vice-lideranca-da-serie-b\/#breadcrumb\",\"itemListElement\":[{\"@type\":\"ListItem\",\"position\":1,\"name\":\"In\u00edcio\",\"item\":\"https:\/\/brasilnoticias.org\/site\/\"},{\"@type\":\"ListItem\",\"position\":2,\"name\":\"Vit\u00f3ria segura press\u00e3o em casa, derrota o Cear\u00e1 e retoma vice-lideran\u00e7a da S\u00e9rie B\"}]},{\"@type\":\"WebSite\",\"@id\":\"https:\/\/brasilnoticias.org\/site\/#website\",\"url\":\"https:\/\/brasilnoticias.org\/site\/\",\"name\":\"Brasil not\u00edcias\",\"description\":\"Brasil not\u00edcias\",\"publisher\":{\"@id\":\"https:\/\/brasilnoticias.org\/site\/#organization\"},\"potentialAction\":[{\"@type\":\"SearchAction\",\"target\":{\"@type\":\"EntryPoint\",\"urlTemplate\":\"https:\/\/brasilnoticias.org\/site\/?s={search_term_string}\"},\"query-input\":{\"@type\":\"PropertyValueSpecification\",\"valueRequired\":true,\"valueName\":\"search_term_string\"}}],\"inLanguage\":\"pt-PT\"},{\"@type\":\"Organization\",\"@id\":\"https:\/\/brasilnoticias.org\/site\/#organization\",\"name\":\"Brasil not\u00edcias\",\"url\":\"https:\/\/brasilnoticias.org\/site\/\",\"logo\":{\"@type\":\"ImageObject\",\"inLanguage\":\"pt-PT\",\"@id\":\"https:\/\/brasilnoticias.org\/site\/#\/schema\/logo\/image\/\",\"url\":\"https:\/\/brasilnoticias.org\/site\/wp-content\/uploads\/2022\/05\/cropped-brasilnoticias-mini.jpg\",\"contentUrl\":\"https:\/\/brasilnoticias.org\/site\/wp-content\/uploads\/2022\/05\/cropped-brasilnoticias-mini.jpg\",\"width\":314,\"height\":86,\"caption\":\"Brasil not\u00edcias\"},\"image\":{\"@id\":\"https:\/\/brasilnoticias.org\/site\/#\/schema\/logo\/image\/\"}},{\"@type\":\"Person\",\"@id\":\"https:\/\/brasilnoticias.org\/site\/#\/schema\/person\/03bbbfe6c7634ad18c26444ea39049fa\",\"name\":\"Reda\u00e7\u00e3o\",\"image\":{\"@type\":\"ImageObject\",\"inLanguage\":\"pt-PT\",\"@id\":\"https:\/\/brasilnoticias.org\/site\/#\/schema\/person\/image\/\",\"url\":\"https:\/\/secure.gravatar.com\/avatar\/9ecaf7327a696cb23ad926fedded5f1f04d7049de9e445375d55b48c001a6e42?s=96&d=mm&r=g\",\"contentUrl\":\"https:\/\/secure.gravatar.com\/avatar\/9ecaf7327a696cb23ad926fedded5f1f04d7049de9e445375d55b48c001a6e42?s=96&d=mm&r=g\",\"caption\":\"Reda\u00e7\u00e3o\"},\"url\":\"https:\/\/brasilnoticias.org\/site\/author\/henrique\/\"}]}<\/script>\n<!-- \/ Yoast SEO plugin. -->","yoast_head_json":{"title":"Vit\u00f3ria segura press\u00e3o em casa, derrota o Cear\u00e1 e retoma vice-lideran\u00e7a da S\u00e9rie B - Brasil not\u00edcias","robots":{"index":"index","follow":"follow","max-snippet":"max-snippet:-1","max-image-preview":"max-image-preview:large","max-video-preview":"max-video-preview:-1"},"canonical":"https:\/\/brasilnoticias.org\/site\/vitoria-segura-pressao-em-casa-derrota-o-ceara-e-retoma-vice-lideranca-da-serie-b\/","og_locale":"pt_PT","og_type":"article","og_title":"Vit\u00f3ria segura press\u00e3o em casa, derrota o Cear\u00e1 e retoma vice-lideran\u00e7a da S\u00e9rie B - Brasil not\u00edcias","og_description":"L\u00e9o Gamalho marcou, de p\u00eanalti, o \u00fanico gol da partida no Barrad\u00e3o; Le\u00e3o manteve boa campanha como mandante e foi","og_url":"https:\/\/brasilnoticias.org\/site\/vitoria-segura-pressao-em-casa-derrota-o-ceara-e-retoma-vice-lideranca-da-serie-b\/","og_site_name":"Brasil not\u00edcias","article_published_time":"2023-08-14T09:00:29+00:00","article_modified_time":"2023-08-14T19:52:01+00:00","og_image":[{"width":1600,"height":752,"url":"https:\/\/brasilnoticias.org\/site\/wp-content\/uploads\/2023\/08\/IMG_4695.jpeg","type":"image\/jpeg"}],"author":"Reda\u00e7\u00e3o","twitter_card":"summary_large_image","twitter_misc":{"Escrito por":"Reda\u00e7\u00e3o","Tempo estimado de leitura":"6 minutos"},"schema":{"@context":"https:\/\/schema.org","@graph":[{"@type":"Article","@id":"https:\/\/brasilnoticias.org\/site\/vitoria-segura-pressao-em-casa-derrota-o-ceara-e-retoma-vice-lideranca-da-serie-b\/#article","isPartOf":{"@id":"https:\/\/brasilnoticias.org\/site\/vitoria-segura-pressao-em-casa-derrota-o-ceara-e-retoma-vice-lideranca-da-serie-b\/"},"author":{"name":"Reda\u00e7\u00e3o","@id":"https:\/\/brasilnoticias.org\/site\/#\/schema\/person\/03bbbfe6c7634ad18c26444ea39049fa"},"headline":"Vit\u00f3ria segura press\u00e3o em casa, derrota o Cear\u00e1 e retoma vice-lideran\u00e7a da S\u00e9rie B","datePublished":"2023-08-14T09:00:29+00:00","dateModified":"2023-08-14T19:52:01+00:00","mainEntityOfPage":{"@id":"https:\/\/brasilnoticias.org\/site\/vitoria-segura-pressao-em-casa-derrota-o-ceara-e-retoma-vice-lideranca-da-serie-b\/"},"wordCount":1003,"commentCount":0,"publisher":{"@id":"https:\/\/brasilnoticias.org\/site\/#organization"},"image":{"@id":"https:\/\/brasilnoticias.org\/site\/vitoria-segura-pressao-em-casa-derrota-o-ceara-e-retoma-vice-lideranca-da-serie-b\/#primaryimage"},"thumbnailUrl":"https:\/\/brasilnoticias.org\/site\/wp-content\/uploads\/2023\/08\/IMG_4695.jpeg","articleSection":["Esporte","\u00daltimas"],"inLanguage":"pt-PT","potentialAction":[{"@type":"CommentAction","name":"Comment","target":["https:\/\/brasilnoticias.org\/site\/vitoria-segura-pressao-em-casa-derrota-o-ceara-e-retoma-vice-lideranca-da-serie-b\/#respond"]}]},{"@type":"WebPage","@id":"https:\/\/brasilnoticias.org\/site\/vitoria-segura-pressao-em-casa-derrota-o-ceara-e-retoma-vice-lideranca-da-serie-b\/","url":"https:\/\/brasilnoticias.org\/site\/vitoria-segura-pressao-em-casa-derrota-o-ceara-e-retoma-vice-lideranca-da-serie-b\/","name":"Vit\u00f3ria segura press\u00e3o em casa, derrota o Cear\u00e1 e retoma vice-lideran\u00e7a da S\u00e9rie B - Brasil not\u00edcias","isPartOf":{"@id":"https:\/\/brasilnoticias.org\/site\/#website"},"primaryImageOfPage":{"@id":"https:\/\/brasilnoticias.org\/site\/vitoria-segura-pressao-em-casa-derrota-o-ceara-e-retoma-vice-lideranca-da-serie-b\/#primaryimage"},"image":{"@id":"https:\/\/brasilnoticias.org\/site\/vitoria-segura-pressao-em-casa-derrota-o-ceara-e-retoma-vice-lideranca-da-serie-b\/#primaryimage"},"thumbnailUrl":"https:\/\/brasilnoticias.org\/site\/wp-content\/uploads\/2023\/08\/IMG_4695.jpeg","datePublished":"2023-08-14T09:00:29+00:00","dateModified":"2023-08-14T19:52:01+00:00","breadcrumb":{"@id":"https:\/\/brasilnoticias.org\/site\/vitoria-segura-pressao-em-casa-derrota-o-ceara-e-retoma-vice-lideranca-da-serie-b\/#breadcrumb"},"inLanguage":"pt-PT","potentialAction":[{"@type":"ReadAction","target":["https:\/\/brasilnoticias.org\/site\/vitoria-segura-pressao-em-casa-derrota-o-ceara-e-retoma-vice-lideranca-da-serie-b\/"]}]},{"@type":"ImageObject","inLanguage":"pt-PT","@id":"https:\/\/brasilnoticias.org\/site\/vitoria-segura-pressao-em-casa-derrota-o-ceara-e-retoma-vice-lideranca-da-serie-b\/#primaryimage","url":"https:\/\/brasilnoticias.org\/site\/wp-content\/uploads\/2023\/08\/IMG_4695.jpeg","contentUrl":"https:\/\/brasilnoticias.org\/site\/wp-content\/uploads\/2023\/08\/IMG_4695.jpeg","width":1600,"height":752},{"@type":"BreadcrumbList","@id":"https:\/\/brasilnoticias.org\/site\/vitoria-segura-pressao-em-casa-derrota-o-ceara-e-retoma-vice-lideranca-da-serie-b\/#breadcrumb","itemListElement":[{"@type":"ListItem","position":1,"name":"In\u00edcio","item":"https:\/\/brasilnoticias.org\/site\/"},{"@type":"ListItem","position":2,"name":"Vit\u00f3ria segura press\u00e3o em casa, derrota o Cear\u00e1 e retoma vice-lideran\u00e7a da S\u00e9rie B"}]},{"@type":"WebSite","@id":"https:\/\/brasilnoticias.org\/site\/#website","url":"https:\/\/brasilnoticias.org\/site\/","name":"Brasil not\u00edcias","description":"Brasil not\u00edcias","publisher":{"@id":"https:\/\/brasilnoticias.org\/site\/#organization"},"potentialAction":[{"@type":"SearchAction","target":{"@type":"EntryPoint","urlTemplate":"https:\/\/brasilnoticias.org\/site\/?s={search_term_string}"},"query-input":{"@type":"PropertyValueSpecification","valueRequired":true,"valueName":"search_term_string"}}],"inLanguage":"pt-PT"},{"@type":"Organization","@id":"https:\/\/brasilnoticias.org\/site\/#organization","name":"Brasil not\u00edcias","url":"https:\/\/brasilnoticias.org\/site\/","logo":{"@type":"ImageObject","inLanguage":"pt-PT","@id":"https:\/\/brasilnoticias.org\/site\/#\/schema\/logo\/image\/","url":"https:\/\/brasilnoticias.org\/site\/wp-content\/uploads\/2022\/05\/cropped-brasilnoticias-mini.jpg","contentUrl":"https:\/\/brasilnoticias.org\/site\/wp-content\/uploads\/2022\/05\/cropped-brasilnoticias-mini.jpg","width":314,"height":86,"caption":"Brasil not\u00edcias"},"image":{"@id":"https:\/\/brasilnoticias.org\/site\/#\/schema\/logo\/image\/"}},{"@type":"Person","@id":"https:\/\/brasilnoticias.org\/site\/#\/schema\/person\/03bbbfe6c7634ad18c26444ea39049fa","name":"Reda\u00e7\u00e3o","image":{"@type":"ImageObject","inLanguage":"pt-PT","@id":"https:\/\/brasilnoticias.org\/site\/#\/schema\/person\/image\/","url":"https:\/\/secure.gravatar.com\/avatar\/9ecaf7327a696cb23ad926fedded5f1f04d7049de9e445375d55b48c001a6e42?s=96&d=mm&r=g","contentUrl":"https:\/\/secure.gravatar.com\/avatar\/9ecaf7327a696cb23ad926fedded5f1f04d7049de9e445375d55b48c001a6e42?s=96&d=mm&r=g","caption":"Reda\u00e7\u00e3o"},"url":"https:\/\/brasilnoticias.org\/site\/author\/henrique\/"}]}},"_links":{"self":[{"href":"https:\/\/brasilnoticias.org\/site\/wp-json\/wp\/v2\/posts\/8243","targetHints":{"allow":["GET"]}}],"collection":[{"href":"https:\/\/brasilnoticias.org\/site\/wp-json\/wp\/v2\/posts"}],"about":[{"href":"https:\/\/brasilnoticias.org\/site\/wp-json\/wp\/v2\/types\/post"}],"author":[{"embeddable":true,"href":"https:\/\/brasilnoticias.org\/site\/wp-json\/wp\/v2\/users\/4"}],"replies":[{"embeddable":true,"href":"https:\/\/brasilnoticias.org\/site\/wp-json\/wp\/v2\/comments?post=8243"}],"version-history":[{"count":1,"href":"https:\/\/brasilnoticias.org\/site\/wp-json\/wp\/v2\/posts\/8243\/revisions"}],"predecessor-version":[{"id":8245,"href":"https:\/\/brasilnoticias.org\/site\/wp-json\/wp\/v2\/posts\/8243\/revisions\/8245"}],"wp:featuredmedia":[{"embeddable":true,"href":"https:\/\/brasilnoticias.org\/site\/wp-json\/wp\/v2\/media\/8244"}],"wp:attachment":[{"href":"https:\/\/brasilnoticias.org\/site\/wp-json\/wp\/v2\/media?parent=8243"}],"wp:term":[{"taxonomy":"category","embeddable":true,"href":"https:\/\/brasilnoticias.org\/site\/wp-json\/wp\/v2\/categories?post=8243"},{"taxonomy":"post_tag","embeddable":true,"href":"https:\/\/brasilnoticias.org\/site\/wp-json\/wp\/v2\/tags?post=8243"}],"curies":[{"name":"wp","href":"https:\/\/api.w.org\/{rel}","templated":true}]}}