{"id":825,"date":"2022-06-09T18:32:47","date_gmt":"2022-06-09T21:32:47","guid":{"rendered":"https:\/\/brasilnoticias.org\/site\/?p=825"},"modified":"2022-06-09T18:32:47","modified_gmt":"2022-06-09T21:32:47","slug":"bolsonaro-apela-para-que-supermercados-cortem-lucros","status":"publish","type":"post","link":"https:\/\/brasilnoticias.org\/site\/bolsonaro-apela-para-que-supermercados-cortem-lucros\/","title":{"rendered":"Bolsonaro apela para que supermercados cortem lucros"},"content":{"rendered":"<p>O presidente\u00a0<a href=\"https:\/\/www.bnews.com.br\/tags\/jair-bolsonaro\">Jair Bolsonaro<\/a>\u00a0participou por videoconf\u00eancia,\u00a0<a href=\"https:\/\/www.bnews.com.br\/noticias\/politica\/bolsonaro-se-encontra-com-biden-nos-estados-unidos.html\">durante a sua viagem aos Estados Unidos<\/a>, de um evento da Associa\u00e7\u00e3o Brasileira de Supermercados (Abras), em S\u00e3o Paulo. Ele sugeriu que empres\u00e1rios do ramo de alimentos diminuam a margem de lucro na produ\u00e7\u00e3o e na venda de produtos da cesta b\u00e1sica.<\/p>\n<p>Na vis\u00e3o dele, essa seria uma forma de ajudar a combater os altos \u00edndices de infla\u00e7\u00e3o no pa\u00eds.<\/p>\n<p>&#8220;N\u00f3s devemos em momentos dif\u00edceis como esses, entendo, todos n\u00f3s colaborarmos. Ent\u00e3o o apelo que eu fa\u00e7o aos senhores, para toda a cadeia produtiva, para que os produtos da cesta b\u00e1sica, cada um obtenha o menor lucro poss\u00edvel para a gente poder dar uma satisfa\u00e7\u00e3o a uma parte consider\u00e1vel da popula\u00e7\u00e3o, em especial os mais humildes&#8221;, afirmou o presidente.<\/p>\n<blockquote class=\"citacao\"><p>&#8220;Esse \u00e9 o apelo que eu fa\u00e7o aos senhores. Eu sei que a margem de lucro tem cada vez diminu\u00eddo mais tamb\u00e9m, os senhores j\u00e1 v\u00eam colaborando dessa forma, mas colaborem um pouco mais na margem de lucro dos produtos da cesta b\u00e1sica. Esse \u00e9 o apelo que eu fa\u00e7o aos senhores e, se for atendido, eu agrade\u00e7o e muito. E se n\u00e3o for, \u00e9 porque realmente n\u00e3o \u00e9 poss\u00edvel&#8221;, disse.<\/p><\/blockquote>\n<p>O Instituto Brasileiro de Geografia e Estat\u00edstica (IBGE) divulgou que o IPCA, considerado a infla\u00e7\u00e3o oficial do pa\u00eds, desacelerou para 0,47% em maio, ap\u00f3s alta de 1,06% em abril. O acumulado em 12 meses \u00e9 de 11,73%, segundo informa\u00e7\u00f5es divulgadas nesta quinta.<\/p>\n<p>&nbsp;<\/p>\n<p>&nbsp;<\/p>\n<p>&nbsp;<\/p>\n<p>Bnews<\/p>\n","protected":false},"excerpt":{"rendered":"<p>O presidente\u00a0Jair Bolsonaro\u00a0participou por videoconf\u00eancia,\u00a0durante a sua viagem aos Estados Unidos, de um evento da Associa\u00e7\u00e3o Brasileira de Supermercados (Abras),<\/p>\n","protected":false},"author":2,"featured_media":826,"comment_status":"open","ping_status":"open","sticky":false,"template":"","format":"standard","meta":{"colormag_page_container_layout":"default_layout","colormag_page_sidebar_layout":"default_layout","_FSMCFIC_featured_image_caption":"","_FSMCFIC_featured_image_nocaption":"","_FSMCFIC_featured_image_hide":"","footnotes":""},"categories":[5,1],"tags":[],"class_list":["post-825","post","type-post","status-publish","format-standard","has-post-thumbnail","hentry","category-politica","category-ultimas"],"yoast_head":"<!-- This site is optimized with the Yoast SEO plugin v27.1.1 - https:\/\/yoast.com\/product\/yoast-seo-wordpress\/ -->\n<title>Bolsonaro apela para que supermercados cortem lucros - Brasil not\u00edcias<\/title>\n<meta name=\"robots\" content=\"index, follow, max-snippet:-1, max-image-preview:large, max-video-preview:-1\" \/>\n<link rel=\"canonical\" href=\"https:\/\/brasilnoticias.org\/site\/bolsonaro-apela-para-que-supermercados-cortem-lucros\/\" \/>\n<meta property=\"og:locale\" content=\"pt_PT\" \/>\n<meta property=\"og:type\" content=\"article\" \/>\n<meta property=\"og:title\" content=\"Bolsonaro apela para que supermercados cortem lucros - Brasil not\u00edcias\" \/>\n<meta property=\"og:description\" content=\"O presidente\u00a0Jair Bolsonaro\u00a0participou por videoconf\u00eancia,\u00a0durante a sua viagem aos Estados Unidos, de um evento da Associa\u00e7\u00e3o Brasileira de Supermercados (Abras),\" \/>\n<meta property=\"og:url\" content=\"https:\/\/brasilnoticias.org\/site\/bolsonaro-apela-para-que-supermercados-cortem-lucros\/\" \/>\n<meta property=\"og:site_name\" content=\"Brasil not\u00edcias\" \/>\n<meta property=\"article:published_time\" content=\"2022-06-09T21:32:47+00:00\" \/>\n<meta property=\"og:image\" content=\"https:\/\/brasilnoticias.org\/site\/wp-content\/uploads\/2022\/06\/jair-bolsonaro-josedias-pr_widelg.jpg\" \/>\n\t<meta property=\"og:image:width\" content=\"800\" \/>\n\t<meta property=\"og:image:height\" content=\"450\" \/>\n\t<meta property=\"og:image:type\" content=\"image\/jpeg\" \/>\n<meta name=\"author\" content=\"Reda\u00e7\u00e3o\" \/>\n<meta name=\"twitter:card\" content=\"summary_large_image\" \/>\n<meta name=\"twitter:label1\" content=\"Escrito por\" \/>\n\t<meta name=\"twitter:data1\" content=\"Reda\u00e7\u00e3o\" \/>\n\t<meta name=\"twitter:label2\" content=\"Tempo estimado de leitura\" \/>\n\t<meta name=\"twitter:data2\" content=\"1 minuto\" \/>\n<script type=\"application\/ld+json\" class=\"yoast-schema-graph\">{\"@context\":\"https:\/\/schema.org\",\"@graph\":[{\"@type\":\"Article\",\"@id\":\"https:\/\/brasilnoticias.org\/site\/bolsonaro-apela-para-que-supermercados-cortem-lucros\/#article\",\"isPartOf\":{\"@id\":\"https:\/\/brasilnoticias.org\/site\/bolsonaro-apela-para-que-supermercados-cortem-lucros\/\"},\"author\":{\"name\":\"Reda\u00e7\u00e3o\",\"@id\":\"https:\/\/brasilnoticias.org\/site\/#\/schema\/person\/f609fa847b5314f1c8b983342f34c798\"},\"headline\":\"Bolsonaro apela para que supermercados cortem lucros\",\"datePublished\":\"2022-06-09T21:32:47+00:00\",\"mainEntityOfPage\":{\"@id\":\"https:\/\/brasilnoticias.org\/site\/bolsonaro-apela-para-que-supermercados-cortem-lucros\/\"},\"wordCount\":275,\"commentCount\":0,\"publisher\":{\"@id\":\"https:\/\/brasilnoticias.org\/site\/#organization\"},\"image\":{\"@id\":\"https:\/\/brasilnoticias.org\/site\/bolsonaro-apela-para-que-supermercados-cortem-lucros\/#primaryimage\"},\"thumbnailUrl\":\"https:\/\/brasilnoticias.org\/site\/wp-content\/uploads\/2022\/06\/jair-bolsonaro-josedias-pr_widelg.jpg\",\"articleSection\":[\"Pol\u00edtica\",\"\u00daltimas\"],\"inLanguage\":\"pt-PT\",\"potentialAction\":[{\"@type\":\"CommentAction\",\"name\":\"Comment\",\"target\":[\"https:\/\/brasilnoticias.org\/site\/bolsonaro-apela-para-que-supermercados-cortem-lucros\/#respond\"]}]},{\"@type\":\"WebPage\",\"@id\":\"https:\/\/brasilnoticias.org\/site\/bolsonaro-apela-para-que-supermercados-cortem-lucros\/\",\"url\":\"https:\/\/brasilnoticias.org\/site\/bolsonaro-apela-para-que-supermercados-cortem-lucros\/\",\"name\":\"Bolsonaro apela para que supermercados cortem lucros - Brasil not\u00edcias\",\"isPartOf\":{\"@id\":\"https:\/\/brasilnoticias.org\/site\/#website\"},\"primaryImageOfPage\":{\"@id\":\"https:\/\/brasilnoticias.org\/site\/bolsonaro-apela-para-que-supermercados-cortem-lucros\/#primaryimage\"},\"image\":{\"@id\":\"https:\/\/brasilnoticias.org\/site\/bolsonaro-apela-para-que-supermercados-cortem-lucros\/#primaryimage\"},\"thumbnailUrl\":\"https:\/\/brasilnoticias.org\/site\/wp-content\/uploads\/2022\/06\/jair-bolsonaro-josedias-pr_widelg.jpg\",\"datePublished\":\"2022-06-09T21:32:47+00:00\",\"breadcrumb\":{\"@id\":\"https:\/\/brasilnoticias.org\/site\/bolsonaro-apela-para-que-supermercados-cortem-lucros\/#breadcrumb\"},\"inLanguage\":\"pt-PT\",\"potentialAction\":[{\"@type\":\"ReadAction\",\"target\":[\"https:\/\/brasilnoticias.org\/site\/bolsonaro-apela-para-que-supermercados-cortem-lucros\/\"]}]},{\"@type\":\"ImageObject\",\"inLanguage\":\"pt-PT\",\"@id\":\"https:\/\/brasilnoticias.org\/site\/bolsonaro-apela-para-que-supermercados-cortem-lucros\/#primaryimage\",\"url\":\"https:\/\/brasilnoticias.org\/site\/wp-content\/uploads\/2022\/06\/jair-bolsonaro-josedias-pr_widelg.jpg\",\"contentUrl\":\"https:\/\/brasilnoticias.org\/site\/wp-content\/uploads\/2022\/06\/jair-bolsonaro-josedias-pr_widelg.jpg\",\"width\":800,\"height\":450},{\"@type\":\"BreadcrumbList\",\"@id\":\"https:\/\/brasilnoticias.org\/site\/bolsonaro-apela-para-que-supermercados-cortem-lucros\/#breadcrumb\",\"itemListElement\":[{\"@type\":\"ListItem\",\"position\":1,\"name\":\"In\u00edcio\",\"item\":\"https:\/\/brasilnoticias.org\/site\/\"},{\"@type\":\"ListItem\",\"position\":2,\"name\":\"Bolsonaro apela para que supermercados cortem lucros\"}]},{\"@type\":\"WebSite\",\"@id\":\"https:\/\/brasilnoticias.org\/site\/#website\",\"url\":\"https:\/\/brasilnoticias.org\/site\/\",\"name\":\"Brasil not\u00edcias\",\"description\":\"Brasil not\u00edcias\",\"publisher\":{\"@id\":\"https:\/\/brasilnoticias.org\/site\/#organization\"},\"potentialAction\":[{\"@type\":\"SearchAction\",\"target\":{\"@type\":\"EntryPoint\",\"urlTemplate\":\"https:\/\/brasilnoticias.org\/site\/?s={search_term_string}\"},\"query-input\":{\"@type\":\"PropertyValueSpecification\",\"valueRequired\":true,\"valueName\":\"search_term_string\"}}],\"inLanguage\":\"pt-PT\"},{\"@type\":\"Organization\",\"@id\":\"https:\/\/brasilnoticias.org\/site\/#organization\",\"name\":\"Brasil not\u00edcias\",\"url\":\"https:\/\/brasilnoticias.org\/site\/\",\"logo\":{\"@type\":\"ImageObject\",\"inLanguage\":\"pt-PT\",\"@id\":\"https:\/\/brasilnoticias.org\/site\/#\/schema\/logo\/image\/\",\"url\":\"https:\/\/brasilnoticias.org\/site\/wp-content\/uploads\/2022\/05\/cropped-brasilnoticias-mini.jpg\",\"contentUrl\":\"https:\/\/brasilnoticias.org\/site\/wp-content\/uploads\/2022\/05\/cropped-brasilnoticias-mini.jpg\",\"width\":314,\"height\":86,\"caption\":\"Brasil not\u00edcias\"},\"image\":{\"@id\":\"https:\/\/brasilnoticias.org\/site\/#\/schema\/logo\/image\/\"}},{\"@type\":\"Person\",\"@id\":\"https:\/\/brasilnoticias.org\/site\/#\/schema\/person\/f609fa847b5314f1c8b983342f34c798\",\"name\":\"Reda\u00e7\u00e3o\",\"image\":{\"@type\":\"ImageObject\",\"inLanguage\":\"pt-PT\",\"@id\":\"https:\/\/brasilnoticias.org\/site\/#\/schema\/person\/image\/\",\"url\":\"https:\/\/secure.gravatar.com\/avatar\/447284c06c1ad8b46465a36de9cd0d8326b73387a22799b8b1ffb1fbcff2ed0c?s=96&d=mm&r=g\",\"contentUrl\":\"https:\/\/secure.gravatar.com\/avatar\/447284c06c1ad8b46465a36de9cd0d8326b73387a22799b8b1ffb1fbcff2ed0c?s=96&d=mm&r=g\",\"caption\":\"Reda\u00e7\u00e3o\"},\"url\":\"https:\/\/brasilnoticias.org\/site\/author\/redacao\/\"}]}<\/script>\n<!-- \/ Yoast SEO plugin. -->","yoast_head_json":{"title":"Bolsonaro apela para que supermercados cortem lucros - Brasil not\u00edcias","robots":{"index":"index","follow":"follow","max-snippet":"max-snippet:-1","max-image-preview":"max-image-preview:large","max-video-preview":"max-video-preview:-1"},"canonical":"https:\/\/brasilnoticias.org\/site\/bolsonaro-apela-para-que-supermercados-cortem-lucros\/","og_locale":"pt_PT","og_type":"article","og_title":"Bolsonaro apela para que supermercados cortem lucros - Brasil not\u00edcias","og_description":"O presidente\u00a0Jair Bolsonaro\u00a0participou por videoconf\u00eancia,\u00a0durante a sua viagem aos Estados Unidos, de um evento da Associa\u00e7\u00e3o Brasileira de Supermercados (Abras),","og_url":"https:\/\/brasilnoticias.org\/site\/bolsonaro-apela-para-que-supermercados-cortem-lucros\/","og_site_name":"Brasil not\u00edcias","article_published_time":"2022-06-09T21:32:47+00:00","og_image":[{"width":800,"height":450,"url":"https:\/\/brasilnoticias.org\/site\/wp-content\/uploads\/2022\/06\/jair-bolsonaro-josedias-pr_widelg.jpg","type":"image\/jpeg"}],"author":"Reda\u00e7\u00e3o","twitter_card":"summary_large_image","twitter_misc":{"Escrito por":"Reda\u00e7\u00e3o","Tempo estimado de leitura":"1 minuto"},"schema":{"@context":"https:\/\/schema.org","@graph":[{"@type":"Article","@id":"https:\/\/brasilnoticias.org\/site\/bolsonaro-apela-para-que-supermercados-cortem-lucros\/#article","isPartOf":{"@id":"https:\/\/brasilnoticias.org\/site\/bolsonaro-apela-para-que-supermercados-cortem-lucros\/"},"author":{"name":"Reda\u00e7\u00e3o","@id":"https:\/\/brasilnoticias.org\/site\/#\/schema\/person\/f609fa847b5314f1c8b983342f34c798"},"headline":"Bolsonaro apela para que supermercados cortem lucros","datePublished":"2022-06-09T21:32:47+00:00","mainEntityOfPage":{"@id":"https:\/\/brasilnoticias.org\/site\/bolsonaro-apela-para-que-supermercados-cortem-lucros\/"},"wordCount":275,"commentCount":0,"publisher":{"@id":"https:\/\/brasilnoticias.org\/site\/#organization"},"image":{"@id":"https:\/\/brasilnoticias.org\/site\/bolsonaro-apela-para-que-supermercados-cortem-lucros\/#primaryimage"},"thumbnailUrl":"https:\/\/brasilnoticias.org\/site\/wp-content\/uploads\/2022\/06\/jair-bolsonaro-josedias-pr_widelg.jpg","articleSection":["Pol\u00edtica","\u00daltimas"],"inLanguage":"pt-PT","potentialAction":[{"@type":"CommentAction","name":"Comment","target":["https:\/\/brasilnoticias.org\/site\/bolsonaro-apela-para-que-supermercados-cortem-lucros\/#respond"]}]},{"@type":"WebPage","@id":"https:\/\/brasilnoticias.org\/site\/bolsonaro-apela-para-que-supermercados-cortem-lucros\/","url":"https:\/\/brasilnoticias.org\/site\/bolsonaro-apela-para-que-supermercados-cortem-lucros\/","name":"Bolsonaro apela para que supermercados cortem lucros - Brasil not\u00edcias","isPartOf":{"@id":"https:\/\/brasilnoticias.org\/site\/#website"},"primaryImageOfPage":{"@id":"https:\/\/brasilnoticias.org\/site\/bolsonaro-apela-para-que-supermercados-cortem-lucros\/#primaryimage"},"image":{"@id":"https:\/\/brasilnoticias.org\/site\/bolsonaro-apela-para-que-supermercados-cortem-lucros\/#primaryimage"},"thumbnailUrl":"https:\/\/brasilnoticias.org\/site\/wp-content\/uploads\/2022\/06\/jair-bolsonaro-josedias-pr_widelg.jpg","datePublished":"2022-06-09T21:32:47+00:00","breadcrumb":{"@id":"https:\/\/brasilnoticias.org\/site\/bolsonaro-apela-para-que-supermercados-cortem-lucros\/#breadcrumb"},"inLanguage":"pt-PT","potentialAction":[{"@type":"ReadAction","target":["https:\/\/brasilnoticias.org\/site\/bolsonaro-apela-para-que-supermercados-cortem-lucros\/"]}]},{"@type":"ImageObject","inLanguage":"pt-PT","@id":"https:\/\/brasilnoticias.org\/site\/bolsonaro-apela-para-que-supermercados-cortem-lucros\/#primaryimage","url":"https:\/\/brasilnoticias.org\/site\/wp-content\/uploads\/2022\/06\/jair-bolsonaro-josedias-pr_widelg.jpg","contentUrl":"https:\/\/brasilnoticias.org\/site\/wp-content\/uploads\/2022\/06\/jair-bolsonaro-josedias-pr_widelg.jpg","width":800,"height":450},{"@type":"BreadcrumbList","@id":"https:\/\/brasilnoticias.org\/site\/bolsonaro-apela-para-que-supermercados-cortem-lucros\/#breadcrumb","itemListElement":[{"@type":"ListItem","position":1,"name":"In\u00edcio","item":"https:\/\/brasilnoticias.org\/site\/"},{"@type":"ListItem","position":2,"name":"Bolsonaro apela para que supermercados cortem lucros"}]},{"@type":"WebSite","@id":"https:\/\/brasilnoticias.org\/site\/#website","url":"https:\/\/brasilnoticias.org\/site\/","name":"Brasil not\u00edcias","description":"Brasil not\u00edcias","publisher":{"@id":"https:\/\/brasilnoticias.org\/site\/#organization"},"potentialAction":[{"@type":"SearchAction","target":{"@type":"EntryPoint","urlTemplate":"https:\/\/brasilnoticias.org\/site\/?s={search_term_string}"},"query-input":{"@type":"PropertyValueSpecification","valueRequired":true,"valueName":"search_term_string"}}],"inLanguage":"pt-PT"},{"@type":"Organization","@id":"https:\/\/brasilnoticias.org\/site\/#organization","name":"Brasil not\u00edcias","url":"https:\/\/brasilnoticias.org\/site\/","logo":{"@type":"ImageObject","inLanguage":"pt-PT","@id":"https:\/\/brasilnoticias.org\/site\/#\/schema\/logo\/image\/","url":"https:\/\/brasilnoticias.org\/site\/wp-content\/uploads\/2022\/05\/cropped-brasilnoticias-mini.jpg","contentUrl":"https:\/\/brasilnoticias.org\/site\/wp-content\/uploads\/2022\/05\/cropped-brasilnoticias-mini.jpg","width":314,"height":86,"caption":"Brasil not\u00edcias"},"image":{"@id":"https:\/\/brasilnoticias.org\/site\/#\/schema\/logo\/image\/"}},{"@type":"Person","@id":"https:\/\/brasilnoticias.org\/site\/#\/schema\/person\/f609fa847b5314f1c8b983342f34c798","name":"Reda\u00e7\u00e3o","image":{"@type":"ImageObject","inLanguage":"pt-PT","@id":"https:\/\/brasilnoticias.org\/site\/#\/schema\/person\/image\/","url":"https:\/\/secure.gravatar.com\/avatar\/447284c06c1ad8b46465a36de9cd0d8326b73387a22799b8b1ffb1fbcff2ed0c?s=96&d=mm&r=g","contentUrl":"https:\/\/secure.gravatar.com\/avatar\/447284c06c1ad8b46465a36de9cd0d8326b73387a22799b8b1ffb1fbcff2ed0c?s=96&d=mm&r=g","caption":"Reda\u00e7\u00e3o"},"url":"https:\/\/brasilnoticias.org\/site\/author\/redacao\/"}]}},"_links":{"self":[{"href":"https:\/\/brasilnoticias.org\/site\/wp-json\/wp\/v2\/posts\/825","targetHints":{"allow":["GET"]}}],"collection":[{"href":"https:\/\/brasilnoticias.org\/site\/wp-json\/wp\/v2\/posts"}],"about":[{"href":"https:\/\/brasilnoticias.org\/site\/wp-json\/wp\/v2\/types\/post"}],"author":[{"embeddable":true,"href":"https:\/\/brasilnoticias.org\/site\/wp-json\/wp\/v2\/users\/2"}],"replies":[{"embeddable":true,"href":"https:\/\/brasilnoticias.org\/site\/wp-json\/wp\/v2\/comments?post=825"}],"version-history":[{"count":1,"href":"https:\/\/brasilnoticias.org\/site\/wp-json\/wp\/v2\/posts\/825\/revisions"}],"predecessor-version":[{"id":827,"href":"https:\/\/brasilnoticias.org\/site\/wp-json\/wp\/v2\/posts\/825\/revisions\/827"}],"wp:featuredmedia":[{"embeddable":true,"href":"https:\/\/brasilnoticias.org\/site\/wp-json\/wp\/v2\/media\/826"}],"wp:attachment":[{"href":"https:\/\/brasilnoticias.org\/site\/wp-json\/wp\/v2\/media?parent=825"}],"wp:term":[{"taxonomy":"category","embeddable":true,"href":"https:\/\/brasilnoticias.org\/site\/wp-json\/wp\/v2\/categories?post=825"},{"taxonomy":"post_tag","embeddable":true,"href":"https:\/\/brasilnoticias.org\/site\/wp-json\/wp\/v2\/tags?post=825"}],"curies":[{"name":"wp","href":"https:\/\/api.w.org\/{rel}","templated":true}]}}