{"id":8255,"date":"2023-08-14T11:41:07","date_gmt":"2023-08-14T14:41:07","guid":{"rendered":"https:\/\/brasilnoticias.org\/site\/?p=8255"},"modified":"2023-08-14T16:50:22","modified_gmt":"2023-08-14T19:50:22","slug":"adversarios-do-bahia-de-feira-jogadores-do-nacional-debocham-de-morte-de-jogador-baiano","status":"publish","type":"post","link":"https:\/\/brasilnoticias.org\/site\/adversarios-do-bahia-de-feira-jogadores-do-nacional-debocham-de-morte-de-jogador-baiano\/","title":{"rendered":"Advers\u00e1rios do Bahia de Feira, jogadores do Nacional &#8220;debocham&#8221; de morte de jogador baiano"},"content":{"rendered":"<p>O Nacional-AM, advers\u00e1rio do Bahia de Feira nesta segunda-feira (14), pelas oitavas de final da S\u00e9rie D do Campeonato Brasileiro, publicou uma foto no perfil oficial do clube com seus jogadores &#8220;debochando&#8221; da morte do atacande Deon, do time feirense, que morreu nesta semana ap\u00f3s sofrer um infarto num treino da equipe. <\/p>\n<p>A equipe amazonense treinava na Arena Cajueiro, palco da partida, cedida pelo pr\u00f3prio Bahia de Feira para reconhecimento do gramado. Ap\u00f3s a repercuss\u00e3o, a foto foi exclu\u00edda do perfil do clube. Na imagem, um dos jogadores simula uma cena de vel\u00f3rio, deitado e com as m\u00e3os postadas sobre o corpo.<\/p>\n<p>&#8220;Reconhecimento feito e prepara\u00e7\u00e3o encerrada! O treinamento deste domingo foi no palco da partida de amanh\u00e3, a Arena Cajueiro, em Feira de Santana (BA)&#8221;, escreveu o clube na publica\u00e7\u00e3o. <\/p>\n<p>Por conta da morte de Deon, a partida, que inicialmente estava marcada para esta semana, precisou ser adiada pela Confedera\u00e7\u00e3o Brasileira de Futebol (CBF).<\/p>\n<p>Ap\u00f3s o epis\u00f3dio, a Federa\u00e7\u00e3o Baiana de Futebol (FBF) repudiou o ocorrido e reiterou que o fato do clube ter apagado a postagem n\u00e3o o isenta do ato de desrespeito \u00e0 fam\u00edlia do atleta, que sofre com a sua recente perda. &#8220;N\u00e3o h\u00e1 espa\u00e7o para brincadeiras como essa no nosso futebol&#8221;.<\/p>\n<p>Foto: Reprodu\u00e7\u00e3o\/Twitter<br \/>\nBnews <\/p>\n","protected":false},"excerpt":{"rendered":"<p>O Nacional-AM, advers\u00e1rio do Bahia de Feira nesta segunda-feira (14), pelas oitavas de final da S\u00e9rie D do Campeonato Brasileiro,<\/p>\n","protected":false},"author":4,"featured_media":8256,"comment_status":"open","ping_status":"open","sticky":false,"template":"","format":"standard","meta":{"colormag_page_container_layout":"default_layout","colormag_page_sidebar_layout":"default_layout","_FSMCFIC_featured_image_caption":"","_FSMCFIC_featured_image_nocaption":"","_FSMCFIC_featured_image_hide":"","footnotes":""},"categories":[2,1],"tags":[],"class_list":["post-8255","post","type-post","status-publish","format-standard","has-post-thumbnail","hentry","category-noticias","category-ultimas"],"yoast_head":"<!-- This site is optimized with the Yoast SEO plugin v27.1.1 - https:\/\/yoast.com\/product\/yoast-seo-wordpress\/ -->\n<title>Advers\u00e1rios do Bahia de Feira, jogadores do Nacional &quot;debocham&quot; de morte de jogador baiano - Brasil not\u00edcias<\/title>\n<meta name=\"robots\" content=\"index, follow, max-snippet:-1, max-image-preview:large, max-video-preview:-1\" \/>\n<link rel=\"canonical\" href=\"https:\/\/brasilnoticias.org\/site\/adversarios-do-bahia-de-feira-jogadores-do-nacional-debocham-de-morte-de-jogador-baiano\/\" \/>\n<meta property=\"og:locale\" content=\"pt_PT\" \/>\n<meta property=\"og:type\" content=\"article\" \/>\n<meta property=\"og:title\" content=\"Advers\u00e1rios do Bahia de Feira, jogadores do Nacional &quot;debocham&quot; de morte de jogador baiano - Brasil not\u00edcias\" \/>\n<meta property=\"og:description\" content=\"O Nacional-AM, advers\u00e1rio do Bahia de Feira nesta segunda-feira (14), pelas oitavas de final da S\u00e9rie D do Campeonato Brasileiro,\" \/>\n<meta property=\"og:url\" content=\"https:\/\/brasilnoticias.org\/site\/adversarios-do-bahia-de-feira-jogadores-do-nacional-debocham-de-morte-de-jogador-baiano\/\" \/>\n<meta property=\"og:site_name\" content=\"Brasil not\u00edcias\" \/>\n<meta property=\"article:published_time\" content=\"2023-08-14T14:41:07+00:00\" \/>\n<meta property=\"article:modified_time\" content=\"2023-08-14T19:50:22+00:00\" \/>\n<meta property=\"og:image\" content=\"https:\/\/brasilnoticias.org\/site\/wp-content\/uploads\/2023\/08\/IMG_4707.jpeg\" \/>\n\t<meta property=\"og:image:width\" content=\"597\" \/>\n\t<meta property=\"og:image:height\" content=\"380\" \/>\n\t<meta property=\"og:image:type\" content=\"image\/jpeg\" \/>\n<meta name=\"author\" content=\"Reda\u00e7\u00e3o\" \/>\n<meta name=\"twitter:card\" content=\"summary_large_image\" \/>\n<meta name=\"twitter:label1\" content=\"Escrito por\" \/>\n\t<meta name=\"twitter:data1\" content=\"Reda\u00e7\u00e3o\" \/>\n<script type=\"application\/ld+json\" class=\"yoast-schema-graph\">{\"@context\":\"https:\/\/schema.org\",\"@graph\":[{\"@type\":\"Article\",\"@id\":\"https:\/\/brasilnoticias.org\/site\/adversarios-do-bahia-de-feira-jogadores-do-nacional-debocham-de-morte-de-jogador-baiano\/#article\",\"isPartOf\":{\"@id\":\"https:\/\/brasilnoticias.org\/site\/adversarios-do-bahia-de-feira-jogadores-do-nacional-debocham-de-morte-de-jogador-baiano\/\"},\"author\":{\"name\":\"Reda\u00e7\u00e3o\",\"@id\":\"https:\/\/brasilnoticias.org\/site\/#\/schema\/person\/03bbbfe6c7634ad18c26444ea39049fa\"},\"headline\":\"Advers\u00e1rios do Bahia de Feira, jogadores do Nacional &#8220;debocham&#8221; de morte de jogador baiano\",\"datePublished\":\"2023-08-14T14:41:07+00:00\",\"dateModified\":\"2023-08-14T19:50:22+00:00\",\"mainEntityOfPage\":{\"@id\":\"https:\/\/brasilnoticias.org\/site\/adversarios-do-bahia-de-feira-jogadores-do-nacional-debocham-de-morte-de-jogador-baiano\/\"},\"wordCount\":243,\"commentCount\":0,\"publisher\":{\"@id\":\"https:\/\/brasilnoticias.org\/site\/#organization\"},\"image\":{\"@id\":\"https:\/\/brasilnoticias.org\/site\/adversarios-do-bahia-de-feira-jogadores-do-nacional-debocham-de-morte-de-jogador-baiano\/#primaryimage\"},\"thumbnailUrl\":\"https:\/\/brasilnoticias.org\/site\/wp-content\/uploads\/2023\/08\/IMG_4707.jpeg\",\"articleSection\":[\"Not\u00edcias\",\"\u00daltimas\"],\"inLanguage\":\"pt-PT\",\"potentialAction\":[{\"@type\":\"CommentAction\",\"name\":\"Comment\",\"target\":[\"https:\/\/brasilnoticias.org\/site\/adversarios-do-bahia-de-feira-jogadores-do-nacional-debocham-de-morte-de-jogador-baiano\/#respond\"]}]},{\"@type\":\"WebPage\",\"@id\":\"https:\/\/brasilnoticias.org\/site\/adversarios-do-bahia-de-feira-jogadores-do-nacional-debocham-de-morte-de-jogador-baiano\/\",\"url\":\"https:\/\/brasilnoticias.org\/site\/adversarios-do-bahia-de-feira-jogadores-do-nacional-debocham-de-morte-de-jogador-baiano\/\",\"name\":\"Advers\u00e1rios do Bahia de Feira, jogadores do Nacional \\\"debocham\\\" de morte de jogador baiano - Brasil not\u00edcias\",\"isPartOf\":{\"@id\":\"https:\/\/brasilnoticias.org\/site\/#website\"},\"primaryImageOfPage\":{\"@id\":\"https:\/\/brasilnoticias.org\/site\/adversarios-do-bahia-de-feira-jogadores-do-nacional-debocham-de-morte-de-jogador-baiano\/#primaryimage\"},\"image\":{\"@id\":\"https:\/\/brasilnoticias.org\/site\/adversarios-do-bahia-de-feira-jogadores-do-nacional-debocham-de-morte-de-jogador-baiano\/#primaryimage\"},\"thumbnailUrl\":\"https:\/\/brasilnoticias.org\/site\/wp-content\/uploads\/2023\/08\/IMG_4707.jpeg\",\"datePublished\":\"2023-08-14T14:41:07+00:00\",\"dateModified\":\"2023-08-14T19:50:22+00:00\",\"breadcrumb\":{\"@id\":\"https:\/\/brasilnoticias.org\/site\/adversarios-do-bahia-de-feira-jogadores-do-nacional-debocham-de-morte-de-jogador-baiano\/#breadcrumb\"},\"inLanguage\":\"pt-PT\",\"potentialAction\":[{\"@type\":\"ReadAction\",\"target\":[\"https:\/\/brasilnoticias.org\/site\/adversarios-do-bahia-de-feira-jogadores-do-nacional-debocham-de-morte-de-jogador-baiano\/\"]}]},{\"@type\":\"ImageObject\",\"inLanguage\":\"pt-PT\",\"@id\":\"https:\/\/brasilnoticias.org\/site\/adversarios-do-bahia-de-feira-jogadores-do-nacional-debocham-de-morte-de-jogador-baiano\/#primaryimage\",\"url\":\"https:\/\/brasilnoticias.org\/site\/wp-content\/uploads\/2023\/08\/IMG_4707.jpeg\",\"contentUrl\":\"https:\/\/brasilnoticias.org\/site\/wp-content\/uploads\/2023\/08\/IMG_4707.jpeg\",\"width\":597,\"height\":380},{\"@type\":\"BreadcrumbList\",\"@id\":\"https:\/\/brasilnoticias.org\/site\/adversarios-do-bahia-de-feira-jogadores-do-nacional-debocham-de-morte-de-jogador-baiano\/#breadcrumb\",\"itemListElement\":[{\"@type\":\"ListItem\",\"position\":1,\"name\":\"In\u00edcio\",\"item\":\"https:\/\/brasilnoticias.org\/site\/\"},{\"@type\":\"ListItem\",\"position\":2,\"name\":\"Advers\u00e1rios do Bahia de Feira, jogadores do Nacional &#8220;debocham&#8221; de morte de jogador baiano\"}]},{\"@type\":\"WebSite\",\"@id\":\"https:\/\/brasilnoticias.org\/site\/#website\",\"url\":\"https:\/\/brasilnoticias.org\/site\/\",\"name\":\"Brasil not\u00edcias\",\"description\":\"Brasil not\u00edcias\",\"publisher\":{\"@id\":\"https:\/\/brasilnoticias.org\/site\/#organization\"},\"potentialAction\":[{\"@type\":\"SearchAction\",\"target\":{\"@type\":\"EntryPoint\",\"urlTemplate\":\"https:\/\/brasilnoticias.org\/site\/?s={search_term_string}\"},\"query-input\":{\"@type\":\"PropertyValueSpecification\",\"valueRequired\":true,\"valueName\":\"search_term_string\"}}],\"inLanguage\":\"pt-PT\"},{\"@type\":\"Organization\",\"@id\":\"https:\/\/brasilnoticias.org\/site\/#organization\",\"name\":\"Brasil not\u00edcias\",\"url\":\"https:\/\/brasilnoticias.org\/site\/\",\"logo\":{\"@type\":\"ImageObject\",\"inLanguage\":\"pt-PT\",\"@id\":\"https:\/\/brasilnoticias.org\/site\/#\/schema\/logo\/image\/\",\"url\":\"https:\/\/brasilnoticias.org\/site\/wp-content\/uploads\/2022\/05\/cropped-brasilnoticias-mini.jpg\",\"contentUrl\":\"https:\/\/brasilnoticias.org\/site\/wp-content\/uploads\/2022\/05\/cropped-brasilnoticias-mini.jpg\",\"width\":314,\"height\":86,\"caption\":\"Brasil not\u00edcias\"},\"image\":{\"@id\":\"https:\/\/brasilnoticias.org\/site\/#\/schema\/logo\/image\/\"}},{\"@type\":\"Person\",\"@id\":\"https:\/\/brasilnoticias.org\/site\/#\/schema\/person\/03bbbfe6c7634ad18c26444ea39049fa\",\"name\":\"Reda\u00e7\u00e3o\",\"image\":{\"@type\":\"ImageObject\",\"inLanguage\":\"pt-PT\",\"@id\":\"https:\/\/brasilnoticias.org\/site\/#\/schema\/person\/image\/\",\"url\":\"https:\/\/secure.gravatar.com\/avatar\/9ecaf7327a696cb23ad926fedded5f1f04d7049de9e445375d55b48c001a6e42?s=96&d=mm&r=g\",\"contentUrl\":\"https:\/\/secure.gravatar.com\/avatar\/9ecaf7327a696cb23ad926fedded5f1f04d7049de9e445375d55b48c001a6e42?s=96&d=mm&r=g\",\"caption\":\"Reda\u00e7\u00e3o\"},\"url\":\"https:\/\/brasilnoticias.org\/site\/author\/henrique\/\"}]}<\/script>\n<!-- \/ Yoast SEO plugin. -->","yoast_head_json":{"title":"Advers\u00e1rios do Bahia de Feira, jogadores do Nacional \"debocham\" de morte de jogador baiano - Brasil not\u00edcias","robots":{"index":"index","follow":"follow","max-snippet":"max-snippet:-1","max-image-preview":"max-image-preview:large","max-video-preview":"max-video-preview:-1"},"canonical":"https:\/\/brasilnoticias.org\/site\/adversarios-do-bahia-de-feira-jogadores-do-nacional-debocham-de-morte-de-jogador-baiano\/","og_locale":"pt_PT","og_type":"article","og_title":"Advers\u00e1rios do Bahia de Feira, jogadores do Nacional \"debocham\" de morte de jogador baiano - Brasil not\u00edcias","og_description":"O Nacional-AM, advers\u00e1rio do Bahia de Feira nesta segunda-feira (14), pelas oitavas de final da S\u00e9rie D do Campeonato Brasileiro,","og_url":"https:\/\/brasilnoticias.org\/site\/adversarios-do-bahia-de-feira-jogadores-do-nacional-debocham-de-morte-de-jogador-baiano\/","og_site_name":"Brasil not\u00edcias","article_published_time":"2023-08-14T14:41:07+00:00","article_modified_time":"2023-08-14T19:50:22+00:00","og_image":[{"width":597,"height":380,"url":"https:\/\/brasilnoticias.org\/site\/wp-content\/uploads\/2023\/08\/IMG_4707.jpeg","type":"image\/jpeg"}],"author":"Reda\u00e7\u00e3o","twitter_card":"summary_large_image","twitter_misc":{"Escrito por":"Reda\u00e7\u00e3o"},"schema":{"@context":"https:\/\/schema.org","@graph":[{"@type":"Article","@id":"https:\/\/brasilnoticias.org\/site\/adversarios-do-bahia-de-feira-jogadores-do-nacional-debocham-de-morte-de-jogador-baiano\/#article","isPartOf":{"@id":"https:\/\/brasilnoticias.org\/site\/adversarios-do-bahia-de-feira-jogadores-do-nacional-debocham-de-morte-de-jogador-baiano\/"},"author":{"name":"Reda\u00e7\u00e3o","@id":"https:\/\/brasilnoticias.org\/site\/#\/schema\/person\/03bbbfe6c7634ad18c26444ea39049fa"},"headline":"Advers\u00e1rios do Bahia de Feira, jogadores do Nacional &#8220;debocham&#8221; de morte de jogador baiano","datePublished":"2023-08-14T14:41:07+00:00","dateModified":"2023-08-14T19:50:22+00:00","mainEntityOfPage":{"@id":"https:\/\/brasilnoticias.org\/site\/adversarios-do-bahia-de-feira-jogadores-do-nacional-debocham-de-morte-de-jogador-baiano\/"},"wordCount":243,"commentCount":0,"publisher":{"@id":"https:\/\/brasilnoticias.org\/site\/#organization"},"image":{"@id":"https:\/\/brasilnoticias.org\/site\/adversarios-do-bahia-de-feira-jogadores-do-nacional-debocham-de-morte-de-jogador-baiano\/#primaryimage"},"thumbnailUrl":"https:\/\/brasilnoticias.org\/site\/wp-content\/uploads\/2023\/08\/IMG_4707.jpeg","articleSection":["Not\u00edcias","\u00daltimas"],"inLanguage":"pt-PT","potentialAction":[{"@type":"CommentAction","name":"Comment","target":["https:\/\/brasilnoticias.org\/site\/adversarios-do-bahia-de-feira-jogadores-do-nacional-debocham-de-morte-de-jogador-baiano\/#respond"]}]},{"@type":"WebPage","@id":"https:\/\/brasilnoticias.org\/site\/adversarios-do-bahia-de-feira-jogadores-do-nacional-debocham-de-morte-de-jogador-baiano\/","url":"https:\/\/brasilnoticias.org\/site\/adversarios-do-bahia-de-feira-jogadores-do-nacional-debocham-de-morte-de-jogador-baiano\/","name":"Advers\u00e1rios do Bahia de Feira, jogadores do Nacional \"debocham\" de morte de jogador baiano - Brasil not\u00edcias","isPartOf":{"@id":"https:\/\/brasilnoticias.org\/site\/#website"},"primaryImageOfPage":{"@id":"https:\/\/brasilnoticias.org\/site\/adversarios-do-bahia-de-feira-jogadores-do-nacional-debocham-de-morte-de-jogador-baiano\/#primaryimage"},"image":{"@id":"https:\/\/brasilnoticias.org\/site\/adversarios-do-bahia-de-feira-jogadores-do-nacional-debocham-de-morte-de-jogador-baiano\/#primaryimage"},"thumbnailUrl":"https:\/\/brasilnoticias.org\/site\/wp-content\/uploads\/2023\/08\/IMG_4707.jpeg","datePublished":"2023-08-14T14:41:07+00:00","dateModified":"2023-08-14T19:50:22+00:00","breadcrumb":{"@id":"https:\/\/brasilnoticias.org\/site\/adversarios-do-bahia-de-feira-jogadores-do-nacional-debocham-de-morte-de-jogador-baiano\/#breadcrumb"},"inLanguage":"pt-PT","potentialAction":[{"@type":"ReadAction","target":["https:\/\/brasilnoticias.org\/site\/adversarios-do-bahia-de-feira-jogadores-do-nacional-debocham-de-morte-de-jogador-baiano\/"]}]},{"@type":"ImageObject","inLanguage":"pt-PT","@id":"https:\/\/brasilnoticias.org\/site\/adversarios-do-bahia-de-feira-jogadores-do-nacional-debocham-de-morte-de-jogador-baiano\/#primaryimage","url":"https:\/\/brasilnoticias.org\/site\/wp-content\/uploads\/2023\/08\/IMG_4707.jpeg","contentUrl":"https:\/\/brasilnoticias.org\/site\/wp-content\/uploads\/2023\/08\/IMG_4707.jpeg","width":597,"height":380},{"@type":"BreadcrumbList","@id":"https:\/\/brasilnoticias.org\/site\/adversarios-do-bahia-de-feira-jogadores-do-nacional-debocham-de-morte-de-jogador-baiano\/#breadcrumb","itemListElement":[{"@type":"ListItem","position":1,"name":"In\u00edcio","item":"https:\/\/brasilnoticias.org\/site\/"},{"@type":"ListItem","position":2,"name":"Advers\u00e1rios do Bahia de Feira, jogadores do Nacional &#8220;debocham&#8221; de morte de jogador baiano"}]},{"@type":"WebSite","@id":"https:\/\/brasilnoticias.org\/site\/#website","url":"https:\/\/brasilnoticias.org\/site\/","name":"Brasil not\u00edcias","description":"Brasil not\u00edcias","publisher":{"@id":"https:\/\/brasilnoticias.org\/site\/#organization"},"potentialAction":[{"@type":"SearchAction","target":{"@type":"EntryPoint","urlTemplate":"https:\/\/brasilnoticias.org\/site\/?s={search_term_string}"},"query-input":{"@type":"PropertyValueSpecification","valueRequired":true,"valueName":"search_term_string"}}],"inLanguage":"pt-PT"},{"@type":"Organization","@id":"https:\/\/brasilnoticias.org\/site\/#organization","name":"Brasil not\u00edcias","url":"https:\/\/brasilnoticias.org\/site\/","logo":{"@type":"ImageObject","inLanguage":"pt-PT","@id":"https:\/\/brasilnoticias.org\/site\/#\/schema\/logo\/image\/","url":"https:\/\/brasilnoticias.org\/site\/wp-content\/uploads\/2022\/05\/cropped-brasilnoticias-mini.jpg","contentUrl":"https:\/\/brasilnoticias.org\/site\/wp-content\/uploads\/2022\/05\/cropped-brasilnoticias-mini.jpg","width":314,"height":86,"caption":"Brasil not\u00edcias"},"image":{"@id":"https:\/\/brasilnoticias.org\/site\/#\/schema\/logo\/image\/"}},{"@type":"Person","@id":"https:\/\/brasilnoticias.org\/site\/#\/schema\/person\/03bbbfe6c7634ad18c26444ea39049fa","name":"Reda\u00e7\u00e3o","image":{"@type":"ImageObject","inLanguage":"pt-PT","@id":"https:\/\/brasilnoticias.org\/site\/#\/schema\/person\/image\/","url":"https:\/\/secure.gravatar.com\/avatar\/9ecaf7327a696cb23ad926fedded5f1f04d7049de9e445375d55b48c001a6e42?s=96&d=mm&r=g","contentUrl":"https:\/\/secure.gravatar.com\/avatar\/9ecaf7327a696cb23ad926fedded5f1f04d7049de9e445375d55b48c001a6e42?s=96&d=mm&r=g","caption":"Reda\u00e7\u00e3o"},"url":"https:\/\/brasilnoticias.org\/site\/author\/henrique\/"}]}},"_links":{"self":[{"href":"https:\/\/brasilnoticias.org\/site\/wp-json\/wp\/v2\/posts\/8255","targetHints":{"allow":["GET"]}}],"collection":[{"href":"https:\/\/brasilnoticias.org\/site\/wp-json\/wp\/v2\/posts"}],"about":[{"href":"https:\/\/brasilnoticias.org\/site\/wp-json\/wp\/v2\/types\/post"}],"author":[{"embeddable":true,"href":"https:\/\/brasilnoticias.org\/site\/wp-json\/wp\/v2\/users\/4"}],"replies":[{"embeddable":true,"href":"https:\/\/brasilnoticias.org\/site\/wp-json\/wp\/v2\/comments?post=8255"}],"version-history":[{"count":1,"href":"https:\/\/brasilnoticias.org\/site\/wp-json\/wp\/v2\/posts\/8255\/revisions"}],"predecessor-version":[{"id":8257,"href":"https:\/\/brasilnoticias.org\/site\/wp-json\/wp\/v2\/posts\/8255\/revisions\/8257"}],"wp:featuredmedia":[{"embeddable":true,"href":"https:\/\/brasilnoticias.org\/site\/wp-json\/wp\/v2\/media\/8256"}],"wp:attachment":[{"href":"https:\/\/brasilnoticias.org\/site\/wp-json\/wp\/v2\/media?parent=8255"}],"wp:term":[{"taxonomy":"category","embeddable":true,"href":"https:\/\/brasilnoticias.org\/site\/wp-json\/wp\/v2\/categories?post=8255"},{"taxonomy":"post_tag","embeddable":true,"href":"https:\/\/brasilnoticias.org\/site\/wp-json\/wp\/v2\/tags?post=8255"}],"curies":[{"name":"wp","href":"https:\/\/api.w.org\/{rel}","templated":true}]}}