{"id":8258,"date":"2023-08-14T16:36:19","date_gmt":"2023-08-14T19:36:19","guid":{"rendered":"https:\/\/brasilnoticias.org\/site\/?p=8258"},"modified":"2023-08-14T16:48:12","modified_gmt":"2023-08-14T19:48:12","slug":"larissa-manoela-abre-mao-de-patrimonio-de-r-18-milhoes-entenda-a-polemica","status":"publish","type":"post","link":"https:\/\/brasilnoticias.org\/site\/larissa-manoela-abre-mao-de-patrimonio-de-r-18-milhoes-entenda-a-polemica\/","title":{"rendered":"Larissa Manoela abre m\u00e3o de patrim\u00f4nio de R$ 18 milh\u00f5es; entenda a pol\u00eamica"},"content":{"rendered":"<p>A atriz Larissa Manoela, de 22 anos, decidiu abrir m\u00e3o de seu patrim\u00f4nio de R$ 18 milh\u00f5es ap\u00f3s briga com seus pais. Em 18 anos de carreira, eram seus pais Silvana e Gilberto quem administravam os bens da atriz.<\/p>\n<p>Em entrevista ao Fant\u00e1stico, da TV Globo, Larissa Manoela relatou o rompimento com os pais ap\u00f3s diverg\u00eancias em rela\u00e7\u00e3o \u00e0 administra\u00e7\u00e3o de sua carreira e seu patrim\u00f4nio.<\/p>\n<p>\u201c[Come\u00e7aram as diverg\u00eancias] a partir do momento em que fiz 18 anos e que entendi que era o m\u00ednimo saber um pouco do meu neg\u00f3cio, do que eu estava provendo durante todos esses anos\u201d, relata a atriz.<\/p>\n<p>Larissa Manoela iniciou sua carreira ainda crian\u00e7a, aos 4 anos de idade. A atriz relata que mesmo ap\u00f3s atingir maioridade, n\u00e3o sabia quanto ganhava e quais eram os seus bens.<\/p>\n<p>A partir de ent\u00e3o, passou a questionar seus pais e buscar mais informa\u00e7\u00f5es. Em uma conversa divulgada durante a entrevista, a m\u00e3e de Larissa reclama dessas cobran\u00e7as.<\/p>\n<p>\u201cQuer me chamar de mercen\u00e1ria, pode chamar. Mas o que eu n\u00e3o vou abrir m\u00e3o de um centavo e cuidar do seu dinheiro. O resto, voc\u00ea pode fazer aquilo que voc\u00ea quer\u201d, diz a m\u00e3e no \u00e1udio.<\/p>\n<p>Larissa afirma que recebia uma mesada e n\u00e3o tinha acesso ao seu patrim\u00f4nio. \u201cQualquer tipo de pagamento, fosse uma passagem a\u00e9rea, a compra de algo mais sup\u00e9rfluo, eu tinha que pedir autoriza\u00e7\u00e3o\u201d, revela.<\/p>\n<p>Em uma conversa com seu pai em novembro de 2022, a atriz pede dinheiro em um \u00e1udio.  \u201cPai, voc\u00ea consegue fazer uma transfer\u00eancia pra minha conta para eu pagar um milho, um sorvete, um mate aqui na praia, por favor?\u201d, diz Larissa.<\/p>\n<p>O Patrim\u00f4nio<\/p>\n<p>Larissa Manoela buscou apoio para rever os contratos das empresas das quais era s\u00f3cia. Sua primeira empresa, \u201cDalari\u201d foi aberta em 2014, quando a atriz tinha 13 anos.<\/p>\n<p>A empresa concentra a maior parte do patrim\u00f4nio adquirido ao longo da vida profissional da atriz. Em grava\u00e7\u00e3o feita por Larissa no fim de 2022, os pais relatam que os tr\u00eas tinham cotas iguais, de 33%, nesta empresa.<\/p>\n<p>No entanto, Larissa descobriu que sua participa\u00e7\u00e3o \u00e9 de 2% e os pais possuem 98%. A segunda empresa foi aberta em 2020, quando ela tinha 19 anos.<\/p>\n<p>Desta vez, a empresa pertencia s\u00f3 \u00e0 Larissa. No entanto, uma cl\u00e1usula dizia que os pais tinham plenos poderes para tomar decis\u00f5es sem pr\u00e9via autoriza\u00e7\u00e3o da filha.<\/p>\n<p>Larissa conta que decidiu abrir m\u00e3o de um patrim\u00f4nio estimado em R$ 18 milh\u00f5es e que deixou tudo para os pais. Eles at\u00e9 agora n\u00e3o assinaram o distrato das sociedades nas duas empresas. A atriz teve que notific\u00e1-los extrajudicialmente.<\/p>\n<p>\u201cA minha decis\u00e3o de abrir m\u00e3o de todo o meu neg\u00f3cio \u00e9 porque eu tenho a plena certeza de que o meu caminho, ele vai me trazer grandes conquistas. Eu tenho s\u00f3 22 anos. Eu tenho a plena consci\u00eancia de que essa minha escolha \u00e9 para dar o conforto necess\u00e1rio para os meus pais\u201d, pondera.<\/p>\n<p>Os pais<\/p>\n<p>Em nota, a defesa de Gilberto e Silvana Elias dos Santos, pais da atriz, afirma que Larissa Manoela falta com a verdade quando diz que n\u00e3o sabia qual era o percentual dela na empresa Dalari. Segundo eles, a atriz assinou uma altera\u00e7\u00e3o contratual em janeiro de 2020 na qual constava clara e expressamente o percentual de 2%.<\/p>\n<p>Segundo o advogado, tamb\u00e9m n\u00e3o \u00e9 verdade que Larissa n\u00e3o tinha acesso a dinheiro no dia a dia, porque ela sempre teve e utilizou seus cart\u00f5es de cr\u00e9dito com os quais sempre p\u00f4de comprar tudo que desejou.<\/p>\n<p>De acordo ainda com a nota, a atriz distorce a realidade quando diz que tem dificuldade para negociar a sa\u00edda das sociedades com os pais, uma vez que as notifica\u00e7\u00f5es formais s\u00f3 foram recebidas por eles no in\u00edcio de agosto. E que os pais est\u00e3o dentro do prazo para as provid\u00eancias legais.<\/p>\n<p>Imagem: Reprodu\u00e7\u00e3o\/ Instagram<br \/>\nPor Laura Pereira<\/p>\n","protected":false},"excerpt":{"rendered":"<p>A atriz Larissa Manoela, de 22 anos, decidiu abrir m\u00e3o de seu patrim\u00f4nio de R$ 18 milh\u00f5es ap\u00f3s briga com<\/p>\n","protected":false},"author":4,"featured_media":8259,"comment_status":"open","ping_status":"open","sticky":false,"template":"","format":"standard","meta":{"colormag_page_container_layout":"default_layout","colormag_page_sidebar_layout":"default_layout","_FSMCFIC_featured_image_caption":"","_FSMCFIC_featured_image_nocaption":"","_FSMCFIC_featured_image_hide":"","footnotes":""},"categories":[2,1],"tags":[],"class_list":["post-8258","post","type-post","status-publish","format-standard","has-post-thumbnail","hentry","category-noticias","category-ultimas"],"yoast_head":"<!-- This site is optimized with the Yoast SEO plugin v27.1.1 - https:\/\/yoast.com\/product\/yoast-seo-wordpress\/ -->\n<title>Larissa Manoela abre m\u00e3o de patrim\u00f4nio de R$ 18 milh\u00f5es; entenda a pol\u00eamica - Brasil not\u00edcias<\/title>\n<meta name=\"robots\" content=\"index, follow, max-snippet:-1, max-image-preview:large, max-video-preview:-1\" \/>\n<link rel=\"canonical\" href=\"https:\/\/brasilnoticias.org\/site\/larissa-manoela-abre-mao-de-patrimonio-de-r-18-milhoes-entenda-a-polemica\/\" \/>\n<meta property=\"og:locale\" content=\"pt_PT\" \/>\n<meta property=\"og:type\" content=\"article\" \/>\n<meta property=\"og:title\" content=\"Larissa Manoela abre m\u00e3o de patrim\u00f4nio de R$ 18 milh\u00f5es; entenda a pol\u00eamica - Brasil not\u00edcias\" \/>\n<meta property=\"og:description\" content=\"A atriz Larissa Manoela, de 22 anos, decidiu abrir m\u00e3o de seu patrim\u00f4nio de R$ 18 milh\u00f5es ap\u00f3s briga com\" \/>\n<meta property=\"og:url\" content=\"https:\/\/brasilnoticias.org\/site\/larissa-manoela-abre-mao-de-patrimonio-de-r-18-milhoes-entenda-a-polemica\/\" \/>\n<meta property=\"og:site_name\" content=\"Brasil not\u00edcias\" \/>\n<meta property=\"article:published_time\" content=\"2023-08-14T19:36:19+00:00\" \/>\n<meta property=\"article:modified_time\" content=\"2023-08-14T19:48:12+00:00\" \/>\n<meta property=\"og:image\" content=\"https:\/\/brasilnoticias.org\/site\/wp-content\/uploads\/2023\/08\/IMG_4711.webp\" \/>\n\t<meta property=\"og:image:width\" content=\"1024\" \/>\n\t<meta property=\"og:image:height\" content=\"544\" \/>\n\t<meta property=\"og:image:type\" content=\"image\/webp\" \/>\n<meta name=\"author\" content=\"Reda\u00e7\u00e3o\" \/>\n<meta name=\"twitter:card\" content=\"summary_large_image\" \/>\n<meta name=\"twitter:label1\" content=\"Escrito por\" \/>\n\t<meta name=\"twitter:data1\" content=\"Reda\u00e7\u00e3o\" \/>\n<script type=\"application\/ld+json\" class=\"yoast-schema-graph\">{\"@context\":\"https:\/\/schema.org\",\"@graph\":[{\"@type\":\"Article\",\"@id\":\"https:\/\/brasilnoticias.org\/site\/larissa-manoela-abre-mao-de-patrimonio-de-r-18-milhoes-entenda-a-polemica\/#article\",\"isPartOf\":{\"@id\":\"https:\/\/brasilnoticias.org\/site\/larissa-manoela-abre-mao-de-patrimonio-de-r-18-milhoes-entenda-a-polemica\/\"},\"author\":{\"name\":\"Reda\u00e7\u00e3o\",\"@id\":\"https:\/\/brasilnoticias.org\/site\/#\/schema\/person\/03bbbfe6c7634ad18c26444ea39049fa\"},\"headline\":\"Larissa Manoela abre m\u00e3o de patrim\u00f4nio de R$ 18 milh\u00f5es; entenda a pol\u00eamica\",\"datePublished\":\"2023-08-14T19:36:19+00:00\",\"dateModified\":\"2023-08-14T19:48:12+00:00\",\"mainEntityOfPage\":{\"@id\":\"https:\/\/brasilnoticias.org\/site\/larissa-manoela-abre-mao-de-patrimonio-de-r-18-milhoes-entenda-a-polemica\/\"},\"wordCount\":699,\"commentCount\":0,\"publisher\":{\"@id\":\"https:\/\/brasilnoticias.org\/site\/#organization\"},\"image\":{\"@id\":\"https:\/\/brasilnoticias.org\/site\/larissa-manoela-abre-mao-de-patrimonio-de-r-18-milhoes-entenda-a-polemica\/#primaryimage\"},\"thumbnailUrl\":\"https:\/\/brasilnoticias.org\/site\/wp-content\/uploads\/2023\/08\/IMG_4711.webp\",\"articleSection\":[\"Not\u00edcias\",\"\u00daltimas\"],\"inLanguage\":\"pt-PT\",\"potentialAction\":[{\"@type\":\"CommentAction\",\"name\":\"Comment\",\"target\":[\"https:\/\/brasilnoticias.org\/site\/larissa-manoela-abre-mao-de-patrimonio-de-r-18-milhoes-entenda-a-polemica\/#respond\"]}]},{\"@type\":\"WebPage\",\"@id\":\"https:\/\/brasilnoticias.org\/site\/larissa-manoela-abre-mao-de-patrimonio-de-r-18-milhoes-entenda-a-polemica\/\",\"url\":\"https:\/\/brasilnoticias.org\/site\/larissa-manoela-abre-mao-de-patrimonio-de-r-18-milhoes-entenda-a-polemica\/\",\"name\":\"Larissa Manoela abre m\u00e3o de patrim\u00f4nio de R$ 18 milh\u00f5es; entenda a pol\u00eamica - Brasil not\u00edcias\",\"isPartOf\":{\"@id\":\"https:\/\/brasilnoticias.org\/site\/#website\"},\"primaryImageOfPage\":{\"@id\":\"https:\/\/brasilnoticias.org\/site\/larissa-manoela-abre-mao-de-patrimonio-de-r-18-milhoes-entenda-a-polemica\/#primaryimage\"},\"image\":{\"@id\":\"https:\/\/brasilnoticias.org\/site\/larissa-manoela-abre-mao-de-patrimonio-de-r-18-milhoes-entenda-a-polemica\/#primaryimage\"},\"thumbnailUrl\":\"https:\/\/brasilnoticias.org\/site\/wp-content\/uploads\/2023\/08\/IMG_4711.webp\",\"datePublished\":\"2023-08-14T19:36:19+00:00\",\"dateModified\":\"2023-08-14T19:48:12+00:00\",\"breadcrumb\":{\"@id\":\"https:\/\/brasilnoticias.org\/site\/larissa-manoela-abre-mao-de-patrimonio-de-r-18-milhoes-entenda-a-polemica\/#breadcrumb\"},\"inLanguage\":\"pt-PT\",\"potentialAction\":[{\"@type\":\"ReadAction\",\"target\":[\"https:\/\/brasilnoticias.org\/site\/larissa-manoela-abre-mao-de-patrimonio-de-r-18-milhoes-entenda-a-polemica\/\"]}]},{\"@type\":\"ImageObject\",\"inLanguage\":\"pt-PT\",\"@id\":\"https:\/\/brasilnoticias.org\/site\/larissa-manoela-abre-mao-de-patrimonio-de-r-18-milhoes-entenda-a-polemica\/#primaryimage\",\"url\":\"https:\/\/brasilnoticias.org\/site\/wp-content\/uploads\/2023\/08\/IMG_4711.webp\",\"contentUrl\":\"https:\/\/brasilnoticias.org\/site\/wp-content\/uploads\/2023\/08\/IMG_4711.webp\",\"width\":1024,\"height\":544},{\"@type\":\"BreadcrumbList\",\"@id\":\"https:\/\/brasilnoticias.org\/site\/larissa-manoela-abre-mao-de-patrimonio-de-r-18-milhoes-entenda-a-polemica\/#breadcrumb\",\"itemListElement\":[{\"@type\":\"ListItem\",\"position\":1,\"name\":\"In\u00edcio\",\"item\":\"https:\/\/brasilnoticias.org\/site\/\"},{\"@type\":\"ListItem\",\"position\":2,\"name\":\"Larissa Manoela abre m\u00e3o de patrim\u00f4nio de R$ 18 milh\u00f5es; entenda a pol\u00eamica\"}]},{\"@type\":\"WebSite\",\"@id\":\"https:\/\/brasilnoticias.org\/site\/#website\",\"url\":\"https:\/\/brasilnoticias.org\/site\/\",\"name\":\"Brasil not\u00edcias\",\"description\":\"Brasil not\u00edcias\",\"publisher\":{\"@id\":\"https:\/\/brasilnoticias.org\/site\/#organization\"},\"potentialAction\":[{\"@type\":\"SearchAction\",\"target\":{\"@type\":\"EntryPoint\",\"urlTemplate\":\"https:\/\/brasilnoticias.org\/site\/?s={search_term_string}\"},\"query-input\":{\"@type\":\"PropertyValueSpecification\",\"valueRequired\":true,\"valueName\":\"search_term_string\"}}],\"inLanguage\":\"pt-PT\"},{\"@type\":\"Organization\",\"@id\":\"https:\/\/brasilnoticias.org\/site\/#organization\",\"name\":\"Brasil not\u00edcias\",\"url\":\"https:\/\/brasilnoticias.org\/site\/\",\"logo\":{\"@type\":\"ImageObject\",\"inLanguage\":\"pt-PT\",\"@id\":\"https:\/\/brasilnoticias.org\/site\/#\/schema\/logo\/image\/\",\"url\":\"https:\/\/brasilnoticias.org\/site\/wp-content\/uploads\/2022\/05\/cropped-brasilnoticias-mini.jpg\",\"contentUrl\":\"https:\/\/brasilnoticias.org\/site\/wp-content\/uploads\/2022\/05\/cropped-brasilnoticias-mini.jpg\",\"width\":314,\"height\":86,\"caption\":\"Brasil not\u00edcias\"},\"image\":{\"@id\":\"https:\/\/brasilnoticias.org\/site\/#\/schema\/logo\/image\/\"}},{\"@type\":\"Person\",\"@id\":\"https:\/\/brasilnoticias.org\/site\/#\/schema\/person\/03bbbfe6c7634ad18c26444ea39049fa\",\"name\":\"Reda\u00e7\u00e3o\",\"image\":{\"@type\":\"ImageObject\",\"inLanguage\":\"pt-PT\",\"@id\":\"https:\/\/brasilnoticias.org\/site\/#\/schema\/person\/image\/\",\"url\":\"https:\/\/secure.gravatar.com\/avatar\/9ecaf7327a696cb23ad926fedded5f1f04d7049de9e445375d55b48c001a6e42?s=96&d=mm&r=g\",\"contentUrl\":\"https:\/\/secure.gravatar.com\/avatar\/9ecaf7327a696cb23ad926fedded5f1f04d7049de9e445375d55b48c001a6e42?s=96&d=mm&r=g\",\"caption\":\"Reda\u00e7\u00e3o\"},\"url\":\"https:\/\/brasilnoticias.org\/site\/author\/henrique\/\"}]}<\/script>\n<!-- \/ Yoast SEO plugin. -->","yoast_head_json":{"title":"Larissa Manoela abre m\u00e3o de patrim\u00f4nio de R$ 18 milh\u00f5es; entenda a pol\u00eamica - Brasil not\u00edcias","robots":{"index":"index","follow":"follow","max-snippet":"max-snippet:-1","max-image-preview":"max-image-preview:large","max-video-preview":"max-video-preview:-1"},"canonical":"https:\/\/brasilnoticias.org\/site\/larissa-manoela-abre-mao-de-patrimonio-de-r-18-milhoes-entenda-a-polemica\/","og_locale":"pt_PT","og_type":"article","og_title":"Larissa Manoela abre m\u00e3o de patrim\u00f4nio de R$ 18 milh\u00f5es; entenda a pol\u00eamica - Brasil not\u00edcias","og_description":"A atriz Larissa Manoela, de 22 anos, decidiu abrir m\u00e3o de seu patrim\u00f4nio de R$ 18 milh\u00f5es ap\u00f3s briga com","og_url":"https:\/\/brasilnoticias.org\/site\/larissa-manoela-abre-mao-de-patrimonio-de-r-18-milhoes-entenda-a-polemica\/","og_site_name":"Brasil not\u00edcias","article_published_time":"2023-08-14T19:36:19+00:00","article_modified_time":"2023-08-14T19:48:12+00:00","og_image":[{"width":1024,"height":544,"url":"https:\/\/brasilnoticias.org\/site\/wp-content\/uploads\/2023\/08\/IMG_4711.webp","type":"image\/webp"}],"author":"Reda\u00e7\u00e3o","twitter_card":"summary_large_image","twitter_misc":{"Escrito por":"Reda\u00e7\u00e3o"},"schema":{"@context":"https:\/\/schema.org","@graph":[{"@type":"Article","@id":"https:\/\/brasilnoticias.org\/site\/larissa-manoela-abre-mao-de-patrimonio-de-r-18-milhoes-entenda-a-polemica\/#article","isPartOf":{"@id":"https:\/\/brasilnoticias.org\/site\/larissa-manoela-abre-mao-de-patrimonio-de-r-18-milhoes-entenda-a-polemica\/"},"author":{"name":"Reda\u00e7\u00e3o","@id":"https:\/\/brasilnoticias.org\/site\/#\/schema\/person\/03bbbfe6c7634ad18c26444ea39049fa"},"headline":"Larissa Manoela abre m\u00e3o de patrim\u00f4nio de R$ 18 milh\u00f5es; entenda a pol\u00eamica","datePublished":"2023-08-14T19:36:19+00:00","dateModified":"2023-08-14T19:48:12+00:00","mainEntityOfPage":{"@id":"https:\/\/brasilnoticias.org\/site\/larissa-manoela-abre-mao-de-patrimonio-de-r-18-milhoes-entenda-a-polemica\/"},"wordCount":699,"commentCount":0,"publisher":{"@id":"https:\/\/brasilnoticias.org\/site\/#organization"},"image":{"@id":"https:\/\/brasilnoticias.org\/site\/larissa-manoela-abre-mao-de-patrimonio-de-r-18-milhoes-entenda-a-polemica\/#primaryimage"},"thumbnailUrl":"https:\/\/brasilnoticias.org\/site\/wp-content\/uploads\/2023\/08\/IMG_4711.webp","articleSection":["Not\u00edcias","\u00daltimas"],"inLanguage":"pt-PT","potentialAction":[{"@type":"CommentAction","name":"Comment","target":["https:\/\/brasilnoticias.org\/site\/larissa-manoela-abre-mao-de-patrimonio-de-r-18-milhoes-entenda-a-polemica\/#respond"]}]},{"@type":"WebPage","@id":"https:\/\/brasilnoticias.org\/site\/larissa-manoela-abre-mao-de-patrimonio-de-r-18-milhoes-entenda-a-polemica\/","url":"https:\/\/brasilnoticias.org\/site\/larissa-manoela-abre-mao-de-patrimonio-de-r-18-milhoes-entenda-a-polemica\/","name":"Larissa Manoela abre m\u00e3o de patrim\u00f4nio de R$ 18 milh\u00f5es; entenda a pol\u00eamica - Brasil not\u00edcias","isPartOf":{"@id":"https:\/\/brasilnoticias.org\/site\/#website"},"primaryImageOfPage":{"@id":"https:\/\/brasilnoticias.org\/site\/larissa-manoela-abre-mao-de-patrimonio-de-r-18-milhoes-entenda-a-polemica\/#primaryimage"},"image":{"@id":"https:\/\/brasilnoticias.org\/site\/larissa-manoela-abre-mao-de-patrimonio-de-r-18-milhoes-entenda-a-polemica\/#primaryimage"},"thumbnailUrl":"https:\/\/brasilnoticias.org\/site\/wp-content\/uploads\/2023\/08\/IMG_4711.webp","datePublished":"2023-08-14T19:36:19+00:00","dateModified":"2023-08-14T19:48:12+00:00","breadcrumb":{"@id":"https:\/\/brasilnoticias.org\/site\/larissa-manoela-abre-mao-de-patrimonio-de-r-18-milhoes-entenda-a-polemica\/#breadcrumb"},"inLanguage":"pt-PT","potentialAction":[{"@type":"ReadAction","target":["https:\/\/brasilnoticias.org\/site\/larissa-manoela-abre-mao-de-patrimonio-de-r-18-milhoes-entenda-a-polemica\/"]}]},{"@type":"ImageObject","inLanguage":"pt-PT","@id":"https:\/\/brasilnoticias.org\/site\/larissa-manoela-abre-mao-de-patrimonio-de-r-18-milhoes-entenda-a-polemica\/#primaryimage","url":"https:\/\/brasilnoticias.org\/site\/wp-content\/uploads\/2023\/08\/IMG_4711.webp","contentUrl":"https:\/\/brasilnoticias.org\/site\/wp-content\/uploads\/2023\/08\/IMG_4711.webp","width":1024,"height":544},{"@type":"BreadcrumbList","@id":"https:\/\/brasilnoticias.org\/site\/larissa-manoela-abre-mao-de-patrimonio-de-r-18-milhoes-entenda-a-polemica\/#breadcrumb","itemListElement":[{"@type":"ListItem","position":1,"name":"In\u00edcio","item":"https:\/\/brasilnoticias.org\/site\/"},{"@type":"ListItem","position":2,"name":"Larissa Manoela abre m\u00e3o de patrim\u00f4nio de R$ 18 milh\u00f5es; entenda a pol\u00eamica"}]},{"@type":"WebSite","@id":"https:\/\/brasilnoticias.org\/site\/#website","url":"https:\/\/brasilnoticias.org\/site\/","name":"Brasil not\u00edcias","description":"Brasil not\u00edcias","publisher":{"@id":"https:\/\/brasilnoticias.org\/site\/#organization"},"potentialAction":[{"@type":"SearchAction","target":{"@type":"EntryPoint","urlTemplate":"https:\/\/brasilnoticias.org\/site\/?s={search_term_string}"},"query-input":{"@type":"PropertyValueSpecification","valueRequired":true,"valueName":"search_term_string"}}],"inLanguage":"pt-PT"},{"@type":"Organization","@id":"https:\/\/brasilnoticias.org\/site\/#organization","name":"Brasil not\u00edcias","url":"https:\/\/brasilnoticias.org\/site\/","logo":{"@type":"ImageObject","inLanguage":"pt-PT","@id":"https:\/\/brasilnoticias.org\/site\/#\/schema\/logo\/image\/","url":"https:\/\/brasilnoticias.org\/site\/wp-content\/uploads\/2022\/05\/cropped-brasilnoticias-mini.jpg","contentUrl":"https:\/\/brasilnoticias.org\/site\/wp-content\/uploads\/2022\/05\/cropped-brasilnoticias-mini.jpg","width":314,"height":86,"caption":"Brasil not\u00edcias"},"image":{"@id":"https:\/\/brasilnoticias.org\/site\/#\/schema\/logo\/image\/"}},{"@type":"Person","@id":"https:\/\/brasilnoticias.org\/site\/#\/schema\/person\/03bbbfe6c7634ad18c26444ea39049fa","name":"Reda\u00e7\u00e3o","image":{"@type":"ImageObject","inLanguage":"pt-PT","@id":"https:\/\/brasilnoticias.org\/site\/#\/schema\/person\/image\/","url":"https:\/\/secure.gravatar.com\/avatar\/9ecaf7327a696cb23ad926fedded5f1f04d7049de9e445375d55b48c001a6e42?s=96&d=mm&r=g","contentUrl":"https:\/\/secure.gravatar.com\/avatar\/9ecaf7327a696cb23ad926fedded5f1f04d7049de9e445375d55b48c001a6e42?s=96&d=mm&r=g","caption":"Reda\u00e7\u00e3o"},"url":"https:\/\/brasilnoticias.org\/site\/author\/henrique\/"}]}},"_links":{"self":[{"href":"https:\/\/brasilnoticias.org\/site\/wp-json\/wp\/v2\/posts\/8258","targetHints":{"allow":["GET"]}}],"collection":[{"href":"https:\/\/brasilnoticias.org\/site\/wp-json\/wp\/v2\/posts"}],"about":[{"href":"https:\/\/brasilnoticias.org\/site\/wp-json\/wp\/v2\/types\/post"}],"author":[{"embeddable":true,"href":"https:\/\/brasilnoticias.org\/site\/wp-json\/wp\/v2\/users\/4"}],"replies":[{"embeddable":true,"href":"https:\/\/brasilnoticias.org\/site\/wp-json\/wp\/v2\/comments?post=8258"}],"version-history":[{"count":1,"href":"https:\/\/brasilnoticias.org\/site\/wp-json\/wp\/v2\/posts\/8258\/revisions"}],"predecessor-version":[{"id":8260,"href":"https:\/\/brasilnoticias.org\/site\/wp-json\/wp\/v2\/posts\/8258\/revisions\/8260"}],"wp:featuredmedia":[{"embeddable":true,"href":"https:\/\/brasilnoticias.org\/site\/wp-json\/wp\/v2\/media\/8259"}],"wp:attachment":[{"href":"https:\/\/brasilnoticias.org\/site\/wp-json\/wp\/v2\/media?parent=8258"}],"wp:term":[{"taxonomy":"category","embeddable":true,"href":"https:\/\/brasilnoticias.org\/site\/wp-json\/wp\/v2\/categories?post=8258"},{"taxonomy":"post_tag","embeddable":true,"href":"https:\/\/brasilnoticias.org\/site\/wp-json\/wp\/v2\/tags?post=8258"}],"curies":[{"name":"wp","href":"https:\/\/api.w.org\/{rel}","templated":true}]}}