{"id":8268,"date":"2023-08-14T19:38:50","date_gmt":"2023-08-14T22:38:50","guid":{"rendered":"https:\/\/brasilnoticias.org\/site\/?p=8268"},"modified":"2023-08-14T19:38:50","modified_gmt":"2023-08-14T22:38:50","slug":"base-de-lula-ve-clima-para-acionar-coaf-contra-bolsonaro-e-michelle-em-cpmi","status":"publish","type":"post","link":"https:\/\/brasilnoticias.org\/site\/base-de-lula-ve-clima-para-acionar-coaf-contra-bolsonaro-e-michelle-em-cpmi\/","title":{"rendered":"Base de Lula v\u00ea clima para acionar Coaf contra Bolsonaro e Michelle em CPMI"},"content":{"rendered":"<p>Anteriormente, j\u00e1 houve uma tentativa de pautar o acesso \u00e0s informa\u00e7\u00f5es banc\u00e1rias de Bolsonaro, por\u00e9m n\u00e3o foi poss\u00edvel<\/p>\n<p>Os parlamentares que integram a CPMI (Comiss\u00e3o Parlamentar Mista de Inqu\u00e9rito) do 8 de Janeiro analisam que nesta semana h\u00e1 possibilidade de pautar um requerimento para ter acesso \u00e0s transa\u00e7\u00f5es banc\u00e1rias feitas pelo ex-presidente Jair Bolsonaro (PL) e pela ex-primeira-dama Michelle Bolsonaro. As informa\u00e7\u00f5es s\u00e3o da colunista do jornal Folha de S\u00e3o Paulo, M\u00f4nica Bergamo.<\/p>\n<p>O requerimento seria permitido por meio do Coaf (Conselho de Controle de Atividades Financeiras), \u00f3rg\u00e3o de combate \u00e0 lavagem de dinheiro que tem produzido Relat\u00f3rios de Intelig\u00eancia Financeira (RIF) sempre que provocado pela comiss\u00e3o.<\/p>\n<p>&#8220;Acho que j\u00e1 se tem elementos suficientes para quebrar o sigilo dos dois. O presidente disse, na \u00e9poca, que n\u00e3o havia fatos suficientes que levassem \u00e0 vota\u00e7\u00e3o desse requerimento e que ele n\u00e3o colocaria na pauta, mas que n\u00e3o se negava diante de outros fatos que ocorressem&#8221;, afirmou o deputado federal Rog\u00e9rio Correia (PT-MG), principal articulador do pedido.<\/p>\n<p>Anteriormente, j\u00e1 houve uma tentativa de pautar o acesso \u00e0s informa\u00e7\u00f5es banc\u00e1rias, por\u00e9m n\u00e3o foi poss\u00edvel. Nesta segunda ocasi\u00e3o h\u00e1 uma expectativa maior de que o presidente da comiss\u00e3o, o deputado federal baiano Arthur Maia (Uni\u00e3o), aceite levar o requerimento para vota\u00e7\u00e3o na CPMI, composta majoritariamente por governistas.<\/p>\n<p>Foto: Ag\u00eancia Brasil<br \/>\nPor: Metro1 <\/p>\n","protected":false},"excerpt":{"rendered":"<p>Anteriormente, j\u00e1 houve uma tentativa de pautar o acesso \u00e0s informa\u00e7\u00f5es banc\u00e1rias de Bolsonaro, por\u00e9m n\u00e3o foi poss\u00edvel Os parlamentares<\/p>\n","protected":false},"author":4,"featured_media":8269,"comment_status":"open","ping_status":"open","sticky":false,"template":"","format":"standard","meta":{"colormag_page_container_layout":"default_layout","colormag_page_sidebar_layout":"default_layout","_FSMCFIC_featured_image_caption":"","_FSMCFIC_featured_image_nocaption":"","_FSMCFIC_featured_image_hide":"","footnotes":""},"categories":[5,1],"tags":[],"class_list":["post-8268","post","type-post","status-publish","format-standard","has-post-thumbnail","hentry","category-politica","category-ultimas"],"yoast_head":"<!-- This site is optimized with the Yoast SEO plugin v27.1.1 - https:\/\/yoast.com\/product\/yoast-seo-wordpress\/ -->\n<title>Base de Lula v\u00ea clima para acionar Coaf contra Bolsonaro e Michelle em CPMI - Brasil not\u00edcias<\/title>\n<meta name=\"robots\" content=\"index, follow, max-snippet:-1, max-image-preview:large, max-video-preview:-1\" \/>\n<link rel=\"canonical\" href=\"https:\/\/brasilnoticias.org\/site\/base-de-lula-ve-clima-para-acionar-coaf-contra-bolsonaro-e-michelle-em-cpmi\/\" \/>\n<meta property=\"og:locale\" content=\"pt_PT\" \/>\n<meta property=\"og:type\" content=\"article\" \/>\n<meta property=\"og:title\" content=\"Base de Lula v\u00ea clima para acionar Coaf contra Bolsonaro e Michelle em CPMI - Brasil not\u00edcias\" \/>\n<meta property=\"og:description\" content=\"Anteriormente, j\u00e1 houve uma tentativa de pautar o acesso \u00e0s informa\u00e7\u00f5es banc\u00e1rias de Bolsonaro, por\u00e9m n\u00e3o foi poss\u00edvel Os parlamentares\" \/>\n<meta property=\"og:url\" content=\"https:\/\/brasilnoticias.org\/site\/base-de-lula-ve-clima-para-acionar-coaf-contra-bolsonaro-e-michelle-em-cpmi\/\" \/>\n<meta property=\"og:site_name\" content=\"Brasil not\u00edcias\" \/>\n<meta property=\"article:published_time\" content=\"2023-08-14T22:38:50+00:00\" \/>\n<meta property=\"og:image\" content=\"https:\/\/brasilnoticias.org\/site\/wp-content\/uploads\/2023\/08\/139829base-de-lula-ve-clima-para-acionar-coaf-contra-bolsonaro-e-michelle-em-cpmi-3.jpg\" \/>\n\t<meta property=\"og:image:width\" content=\"1600\" \/>\n\t<meta property=\"og:image:height\" content=\"752\" \/>\n\t<meta property=\"og:image:type\" content=\"image\/jpeg\" \/>\n<meta name=\"author\" content=\"Reda\u00e7\u00e3o\" \/>\n<meta name=\"twitter:card\" content=\"summary_large_image\" \/>\n<meta name=\"twitter:label1\" content=\"Escrito por\" \/>\n\t<meta name=\"twitter:data1\" content=\"Reda\u00e7\u00e3o\" \/>\n<script type=\"application\/ld+json\" class=\"yoast-schema-graph\">{\"@context\":\"https:\/\/schema.org\",\"@graph\":[{\"@type\":\"Article\",\"@id\":\"https:\/\/brasilnoticias.org\/site\/base-de-lula-ve-clima-para-acionar-coaf-contra-bolsonaro-e-michelle-em-cpmi\/#article\",\"isPartOf\":{\"@id\":\"https:\/\/brasilnoticias.org\/site\/base-de-lula-ve-clima-para-acionar-coaf-contra-bolsonaro-e-michelle-em-cpmi\/\"},\"author\":{\"name\":\"Reda\u00e7\u00e3o\",\"@id\":\"https:\/\/brasilnoticias.org\/site\/#\/schema\/person\/03bbbfe6c7634ad18c26444ea39049fa\"},\"headline\":\"Base de Lula v\u00ea clima para acionar Coaf contra Bolsonaro e Michelle em CPMI\",\"datePublished\":\"2023-08-14T22:38:50+00:00\",\"mainEntityOfPage\":{\"@id\":\"https:\/\/brasilnoticias.org\/site\/base-de-lula-ve-clima-para-acionar-coaf-contra-bolsonaro-e-michelle-em-cpmi\/\"},\"wordCount\":261,\"commentCount\":0,\"publisher\":{\"@id\":\"https:\/\/brasilnoticias.org\/site\/#organization\"},\"image\":{\"@id\":\"https:\/\/brasilnoticias.org\/site\/base-de-lula-ve-clima-para-acionar-coaf-contra-bolsonaro-e-michelle-em-cpmi\/#primaryimage\"},\"thumbnailUrl\":\"https:\/\/brasilnoticias.org\/site\/wp-content\/uploads\/2023\/08\/139829base-de-lula-ve-clima-para-acionar-coaf-contra-bolsonaro-e-michelle-em-cpmi-3.jpg\",\"articleSection\":[\"Pol\u00edtica\",\"\u00daltimas\"],\"inLanguage\":\"pt-PT\",\"potentialAction\":[{\"@type\":\"CommentAction\",\"name\":\"Comment\",\"target\":[\"https:\/\/brasilnoticias.org\/site\/base-de-lula-ve-clima-para-acionar-coaf-contra-bolsonaro-e-michelle-em-cpmi\/#respond\"]}]},{\"@type\":\"WebPage\",\"@id\":\"https:\/\/brasilnoticias.org\/site\/base-de-lula-ve-clima-para-acionar-coaf-contra-bolsonaro-e-michelle-em-cpmi\/\",\"url\":\"https:\/\/brasilnoticias.org\/site\/base-de-lula-ve-clima-para-acionar-coaf-contra-bolsonaro-e-michelle-em-cpmi\/\",\"name\":\"Base de Lula v\u00ea clima para acionar Coaf contra Bolsonaro e Michelle em CPMI - Brasil not\u00edcias\",\"isPartOf\":{\"@id\":\"https:\/\/brasilnoticias.org\/site\/#website\"},\"primaryImageOfPage\":{\"@id\":\"https:\/\/brasilnoticias.org\/site\/base-de-lula-ve-clima-para-acionar-coaf-contra-bolsonaro-e-michelle-em-cpmi\/#primaryimage\"},\"image\":{\"@id\":\"https:\/\/brasilnoticias.org\/site\/base-de-lula-ve-clima-para-acionar-coaf-contra-bolsonaro-e-michelle-em-cpmi\/#primaryimage\"},\"thumbnailUrl\":\"https:\/\/brasilnoticias.org\/site\/wp-content\/uploads\/2023\/08\/139829base-de-lula-ve-clima-para-acionar-coaf-contra-bolsonaro-e-michelle-em-cpmi-3.jpg\",\"datePublished\":\"2023-08-14T22:38:50+00:00\",\"breadcrumb\":{\"@id\":\"https:\/\/brasilnoticias.org\/site\/base-de-lula-ve-clima-para-acionar-coaf-contra-bolsonaro-e-michelle-em-cpmi\/#breadcrumb\"},\"inLanguage\":\"pt-PT\",\"potentialAction\":[{\"@type\":\"ReadAction\",\"target\":[\"https:\/\/brasilnoticias.org\/site\/base-de-lula-ve-clima-para-acionar-coaf-contra-bolsonaro-e-michelle-em-cpmi\/\"]}]},{\"@type\":\"ImageObject\",\"inLanguage\":\"pt-PT\",\"@id\":\"https:\/\/brasilnoticias.org\/site\/base-de-lula-ve-clima-para-acionar-coaf-contra-bolsonaro-e-michelle-em-cpmi\/#primaryimage\",\"url\":\"https:\/\/brasilnoticias.org\/site\/wp-content\/uploads\/2023\/08\/139829base-de-lula-ve-clima-para-acionar-coaf-contra-bolsonaro-e-michelle-em-cpmi-3.jpg\",\"contentUrl\":\"https:\/\/brasilnoticias.org\/site\/wp-content\/uploads\/2023\/08\/139829base-de-lula-ve-clima-para-acionar-coaf-contra-bolsonaro-e-michelle-em-cpmi-3.jpg\",\"width\":1600,\"height\":752},{\"@type\":\"BreadcrumbList\",\"@id\":\"https:\/\/brasilnoticias.org\/site\/base-de-lula-ve-clima-para-acionar-coaf-contra-bolsonaro-e-michelle-em-cpmi\/#breadcrumb\",\"itemListElement\":[{\"@type\":\"ListItem\",\"position\":1,\"name\":\"In\u00edcio\",\"item\":\"https:\/\/brasilnoticias.org\/site\/\"},{\"@type\":\"ListItem\",\"position\":2,\"name\":\"Base de Lula v\u00ea clima para acionar Coaf contra Bolsonaro e Michelle em CPMI\"}]},{\"@type\":\"WebSite\",\"@id\":\"https:\/\/brasilnoticias.org\/site\/#website\",\"url\":\"https:\/\/brasilnoticias.org\/site\/\",\"name\":\"Brasil not\u00edcias\",\"description\":\"Brasil not\u00edcias\",\"publisher\":{\"@id\":\"https:\/\/brasilnoticias.org\/site\/#organization\"},\"potentialAction\":[{\"@type\":\"SearchAction\",\"target\":{\"@type\":\"EntryPoint\",\"urlTemplate\":\"https:\/\/brasilnoticias.org\/site\/?s={search_term_string}\"},\"query-input\":{\"@type\":\"PropertyValueSpecification\",\"valueRequired\":true,\"valueName\":\"search_term_string\"}}],\"inLanguage\":\"pt-PT\"},{\"@type\":\"Organization\",\"@id\":\"https:\/\/brasilnoticias.org\/site\/#organization\",\"name\":\"Brasil not\u00edcias\",\"url\":\"https:\/\/brasilnoticias.org\/site\/\",\"logo\":{\"@type\":\"ImageObject\",\"inLanguage\":\"pt-PT\",\"@id\":\"https:\/\/brasilnoticias.org\/site\/#\/schema\/logo\/image\/\",\"url\":\"https:\/\/brasilnoticias.org\/site\/wp-content\/uploads\/2022\/05\/cropped-brasilnoticias-mini.jpg\",\"contentUrl\":\"https:\/\/brasilnoticias.org\/site\/wp-content\/uploads\/2022\/05\/cropped-brasilnoticias-mini.jpg\",\"width\":314,\"height\":86,\"caption\":\"Brasil not\u00edcias\"},\"image\":{\"@id\":\"https:\/\/brasilnoticias.org\/site\/#\/schema\/logo\/image\/\"}},{\"@type\":\"Person\",\"@id\":\"https:\/\/brasilnoticias.org\/site\/#\/schema\/person\/03bbbfe6c7634ad18c26444ea39049fa\",\"name\":\"Reda\u00e7\u00e3o\",\"image\":{\"@type\":\"ImageObject\",\"inLanguage\":\"pt-PT\",\"@id\":\"https:\/\/brasilnoticias.org\/site\/#\/schema\/person\/image\/\",\"url\":\"https:\/\/secure.gravatar.com\/avatar\/9ecaf7327a696cb23ad926fedded5f1f04d7049de9e445375d55b48c001a6e42?s=96&d=mm&r=g\",\"contentUrl\":\"https:\/\/secure.gravatar.com\/avatar\/9ecaf7327a696cb23ad926fedded5f1f04d7049de9e445375d55b48c001a6e42?s=96&d=mm&r=g\",\"caption\":\"Reda\u00e7\u00e3o\"},\"url\":\"https:\/\/brasilnoticias.org\/site\/author\/henrique\/\"}]}<\/script>\n<!-- \/ Yoast SEO plugin. -->","yoast_head_json":{"title":"Base de Lula v\u00ea clima para acionar Coaf contra Bolsonaro e Michelle em CPMI - Brasil not\u00edcias","robots":{"index":"index","follow":"follow","max-snippet":"max-snippet:-1","max-image-preview":"max-image-preview:large","max-video-preview":"max-video-preview:-1"},"canonical":"https:\/\/brasilnoticias.org\/site\/base-de-lula-ve-clima-para-acionar-coaf-contra-bolsonaro-e-michelle-em-cpmi\/","og_locale":"pt_PT","og_type":"article","og_title":"Base de Lula v\u00ea clima para acionar Coaf contra Bolsonaro e Michelle em CPMI - Brasil not\u00edcias","og_description":"Anteriormente, j\u00e1 houve uma tentativa de pautar o acesso \u00e0s informa\u00e7\u00f5es banc\u00e1rias de Bolsonaro, por\u00e9m n\u00e3o foi poss\u00edvel Os parlamentares","og_url":"https:\/\/brasilnoticias.org\/site\/base-de-lula-ve-clima-para-acionar-coaf-contra-bolsonaro-e-michelle-em-cpmi\/","og_site_name":"Brasil not\u00edcias","article_published_time":"2023-08-14T22:38:50+00:00","og_image":[{"width":1600,"height":752,"url":"https:\/\/brasilnoticias.org\/site\/wp-content\/uploads\/2023\/08\/139829base-de-lula-ve-clima-para-acionar-coaf-contra-bolsonaro-e-michelle-em-cpmi-3.jpg","type":"image\/jpeg"}],"author":"Reda\u00e7\u00e3o","twitter_card":"summary_large_image","twitter_misc":{"Escrito por":"Reda\u00e7\u00e3o"},"schema":{"@context":"https:\/\/schema.org","@graph":[{"@type":"Article","@id":"https:\/\/brasilnoticias.org\/site\/base-de-lula-ve-clima-para-acionar-coaf-contra-bolsonaro-e-michelle-em-cpmi\/#article","isPartOf":{"@id":"https:\/\/brasilnoticias.org\/site\/base-de-lula-ve-clima-para-acionar-coaf-contra-bolsonaro-e-michelle-em-cpmi\/"},"author":{"name":"Reda\u00e7\u00e3o","@id":"https:\/\/brasilnoticias.org\/site\/#\/schema\/person\/03bbbfe6c7634ad18c26444ea39049fa"},"headline":"Base de Lula v\u00ea clima para acionar Coaf contra Bolsonaro e Michelle em CPMI","datePublished":"2023-08-14T22:38:50+00:00","mainEntityOfPage":{"@id":"https:\/\/brasilnoticias.org\/site\/base-de-lula-ve-clima-para-acionar-coaf-contra-bolsonaro-e-michelle-em-cpmi\/"},"wordCount":261,"commentCount":0,"publisher":{"@id":"https:\/\/brasilnoticias.org\/site\/#organization"},"image":{"@id":"https:\/\/brasilnoticias.org\/site\/base-de-lula-ve-clima-para-acionar-coaf-contra-bolsonaro-e-michelle-em-cpmi\/#primaryimage"},"thumbnailUrl":"https:\/\/brasilnoticias.org\/site\/wp-content\/uploads\/2023\/08\/139829base-de-lula-ve-clima-para-acionar-coaf-contra-bolsonaro-e-michelle-em-cpmi-3.jpg","articleSection":["Pol\u00edtica","\u00daltimas"],"inLanguage":"pt-PT","potentialAction":[{"@type":"CommentAction","name":"Comment","target":["https:\/\/brasilnoticias.org\/site\/base-de-lula-ve-clima-para-acionar-coaf-contra-bolsonaro-e-michelle-em-cpmi\/#respond"]}]},{"@type":"WebPage","@id":"https:\/\/brasilnoticias.org\/site\/base-de-lula-ve-clima-para-acionar-coaf-contra-bolsonaro-e-michelle-em-cpmi\/","url":"https:\/\/brasilnoticias.org\/site\/base-de-lula-ve-clima-para-acionar-coaf-contra-bolsonaro-e-michelle-em-cpmi\/","name":"Base de Lula v\u00ea clima para acionar Coaf contra Bolsonaro e Michelle em CPMI - Brasil not\u00edcias","isPartOf":{"@id":"https:\/\/brasilnoticias.org\/site\/#website"},"primaryImageOfPage":{"@id":"https:\/\/brasilnoticias.org\/site\/base-de-lula-ve-clima-para-acionar-coaf-contra-bolsonaro-e-michelle-em-cpmi\/#primaryimage"},"image":{"@id":"https:\/\/brasilnoticias.org\/site\/base-de-lula-ve-clima-para-acionar-coaf-contra-bolsonaro-e-michelle-em-cpmi\/#primaryimage"},"thumbnailUrl":"https:\/\/brasilnoticias.org\/site\/wp-content\/uploads\/2023\/08\/139829base-de-lula-ve-clima-para-acionar-coaf-contra-bolsonaro-e-michelle-em-cpmi-3.jpg","datePublished":"2023-08-14T22:38:50+00:00","breadcrumb":{"@id":"https:\/\/brasilnoticias.org\/site\/base-de-lula-ve-clima-para-acionar-coaf-contra-bolsonaro-e-michelle-em-cpmi\/#breadcrumb"},"inLanguage":"pt-PT","potentialAction":[{"@type":"ReadAction","target":["https:\/\/brasilnoticias.org\/site\/base-de-lula-ve-clima-para-acionar-coaf-contra-bolsonaro-e-michelle-em-cpmi\/"]}]},{"@type":"ImageObject","inLanguage":"pt-PT","@id":"https:\/\/brasilnoticias.org\/site\/base-de-lula-ve-clima-para-acionar-coaf-contra-bolsonaro-e-michelle-em-cpmi\/#primaryimage","url":"https:\/\/brasilnoticias.org\/site\/wp-content\/uploads\/2023\/08\/139829base-de-lula-ve-clima-para-acionar-coaf-contra-bolsonaro-e-michelle-em-cpmi-3.jpg","contentUrl":"https:\/\/brasilnoticias.org\/site\/wp-content\/uploads\/2023\/08\/139829base-de-lula-ve-clima-para-acionar-coaf-contra-bolsonaro-e-michelle-em-cpmi-3.jpg","width":1600,"height":752},{"@type":"BreadcrumbList","@id":"https:\/\/brasilnoticias.org\/site\/base-de-lula-ve-clima-para-acionar-coaf-contra-bolsonaro-e-michelle-em-cpmi\/#breadcrumb","itemListElement":[{"@type":"ListItem","position":1,"name":"In\u00edcio","item":"https:\/\/brasilnoticias.org\/site\/"},{"@type":"ListItem","position":2,"name":"Base de Lula v\u00ea clima para acionar Coaf contra Bolsonaro e Michelle em CPMI"}]},{"@type":"WebSite","@id":"https:\/\/brasilnoticias.org\/site\/#website","url":"https:\/\/brasilnoticias.org\/site\/","name":"Brasil not\u00edcias","description":"Brasil not\u00edcias","publisher":{"@id":"https:\/\/brasilnoticias.org\/site\/#organization"},"potentialAction":[{"@type":"SearchAction","target":{"@type":"EntryPoint","urlTemplate":"https:\/\/brasilnoticias.org\/site\/?s={search_term_string}"},"query-input":{"@type":"PropertyValueSpecification","valueRequired":true,"valueName":"search_term_string"}}],"inLanguage":"pt-PT"},{"@type":"Organization","@id":"https:\/\/brasilnoticias.org\/site\/#organization","name":"Brasil not\u00edcias","url":"https:\/\/brasilnoticias.org\/site\/","logo":{"@type":"ImageObject","inLanguage":"pt-PT","@id":"https:\/\/brasilnoticias.org\/site\/#\/schema\/logo\/image\/","url":"https:\/\/brasilnoticias.org\/site\/wp-content\/uploads\/2022\/05\/cropped-brasilnoticias-mini.jpg","contentUrl":"https:\/\/brasilnoticias.org\/site\/wp-content\/uploads\/2022\/05\/cropped-brasilnoticias-mini.jpg","width":314,"height":86,"caption":"Brasil not\u00edcias"},"image":{"@id":"https:\/\/brasilnoticias.org\/site\/#\/schema\/logo\/image\/"}},{"@type":"Person","@id":"https:\/\/brasilnoticias.org\/site\/#\/schema\/person\/03bbbfe6c7634ad18c26444ea39049fa","name":"Reda\u00e7\u00e3o","image":{"@type":"ImageObject","inLanguage":"pt-PT","@id":"https:\/\/brasilnoticias.org\/site\/#\/schema\/person\/image\/","url":"https:\/\/secure.gravatar.com\/avatar\/9ecaf7327a696cb23ad926fedded5f1f04d7049de9e445375d55b48c001a6e42?s=96&d=mm&r=g","contentUrl":"https:\/\/secure.gravatar.com\/avatar\/9ecaf7327a696cb23ad926fedded5f1f04d7049de9e445375d55b48c001a6e42?s=96&d=mm&r=g","caption":"Reda\u00e7\u00e3o"},"url":"https:\/\/brasilnoticias.org\/site\/author\/henrique\/"}]}},"_links":{"self":[{"href":"https:\/\/brasilnoticias.org\/site\/wp-json\/wp\/v2\/posts\/8268","targetHints":{"allow":["GET"]}}],"collection":[{"href":"https:\/\/brasilnoticias.org\/site\/wp-json\/wp\/v2\/posts"}],"about":[{"href":"https:\/\/brasilnoticias.org\/site\/wp-json\/wp\/v2\/types\/post"}],"author":[{"embeddable":true,"href":"https:\/\/brasilnoticias.org\/site\/wp-json\/wp\/v2\/users\/4"}],"replies":[{"embeddable":true,"href":"https:\/\/brasilnoticias.org\/site\/wp-json\/wp\/v2\/comments?post=8268"}],"version-history":[{"count":1,"href":"https:\/\/brasilnoticias.org\/site\/wp-json\/wp\/v2\/posts\/8268\/revisions"}],"predecessor-version":[{"id":8270,"href":"https:\/\/brasilnoticias.org\/site\/wp-json\/wp\/v2\/posts\/8268\/revisions\/8270"}],"wp:featuredmedia":[{"embeddable":true,"href":"https:\/\/brasilnoticias.org\/site\/wp-json\/wp\/v2\/media\/8269"}],"wp:attachment":[{"href":"https:\/\/brasilnoticias.org\/site\/wp-json\/wp\/v2\/media?parent=8268"}],"wp:term":[{"taxonomy":"category","embeddable":true,"href":"https:\/\/brasilnoticias.org\/site\/wp-json\/wp\/v2\/categories?post=8268"},{"taxonomy":"post_tag","embeddable":true,"href":"https:\/\/brasilnoticias.org\/site\/wp-json\/wp\/v2\/tags?post=8268"}],"curies":[{"name":"wp","href":"https:\/\/api.w.org\/{rel}","templated":true}]}}