{"id":8278,"date":"2023-08-15T08:00:42","date_gmt":"2023-08-15T11:00:42","guid":{"rendered":"https:\/\/brasilnoticias.org\/site\/?p=8278"},"modified":"2023-08-14T19:59:06","modified_gmt":"2023-08-14T22:59:06","slug":"binacionalizacao-de-aeroporto-uruguaio-acordo-permite-equiparacao-de-tarifas-diz-governo-federal","status":"publish","type":"post","link":"https:\/\/brasilnoticias.org\/site\/binacionalizacao-de-aeroporto-uruguaio-acordo-permite-equiparacao-de-tarifas-diz-governo-federal\/","title":{"rendered":"Binacionaliza\u00e7\u00e3o de aeroporto uruguaio: acordo permite equipara\u00e7\u00e3o de tarifas, diz governo federal"},"content":{"rendered":"<p>Aeroporto est\u00e1 fechado e deve abrir at\u00e9 o fim do ano, ap\u00f3s reformas. Acordo assinado pelo governo federal com o pa\u00eds vizinho deve eliminar burocracias e, segundo o Planalto, trazer mais voos para a regi\u00e3o de Santana do Livramento, no RS.<\/p>\n<p>Um acordo de binacionaliza\u00e7\u00e3o assinado nesta segunda-feira (14) entre Brasil e Uruguai deve permitir a equipara\u00e7\u00e3o das tarifas cobradas de voos brasileiros que cheguem no Aeroporto de Rivera, na fronteira entre os dois pa\u00edses. Atualmente o aeroporto est\u00e1 fechado e passa por reformas. As novas regras v\u00e3o valer assim que a opera\u00e7\u00e3o do local retornar, segundo o governo.<\/p>\n<p>Os voos ao pa\u00eds uruguaio t\u00eam cobran\u00e7a de taxas internacionais. Com o acordo, segundo o governo, ser\u00e1 poss\u00edvel equiparar os pre\u00e7os aos voos dom\u00e9sticos.<\/p>\n<p>A declara\u00e7\u00e3o foi assinada em cerim\u00f4na na segunda, pelos ministros Mauro Vieira, das Rela\u00e7\u00f5es Exteriores, e M\u00e1rcio Fran\u00e7a, de Portos e Aeroportos, juntamente com o diretor-presidente da Ag\u00eancia Nacional de Avia\u00e7\u00e3o Civil (Anac), Tiago Pereira, em Montevid\u00e9u, no Uruguai.<\/p>\n<p>O documento foi firmado com a Dire\u00e7\u00e3o Nacional de Avia\u00e7\u00e3o Civil e Infraestrutura Aeron\u00e1utca (Dinacia, em espanhol). A binacionaliza\u00e7\u00e3o do aeroporto de Rivera havia sido abordada pelo presidente Luiz In\u00e1cio Lula da Silva durante visita ao pa\u00eds vizinho, em janeiro deste ano.<\/p>\n<p>Segundo o governo, o acordo deve incentivar o movimento em Sant&#8217;Ana do Livramento, na fronteira ga\u00facha com o Uruguai, e facilitar a conex\u00e3o da regi\u00e3o com o resto do pa\u00eds.<\/p>\n<p>[O acordo] \u201cVai integrar as nossas avia\u00e7\u00f5es e facilitar o tr\u00e2nsito de pessoas e cargas entre os dois pa\u00edses. Al\u00e9m de um avan\u00e7o institucional em termos de integra\u00e7\u00e3o regional, tamb\u00e9m \u00e9 uma demonstra\u00e7\u00e3o da parceria entre as nossas entidades\u201d, observou o diretor da Anac.<\/p>\n<p>Tamb\u00e9m ser\u00e1 criado um grupo de trabalho com o objetivo de negociar, durante os pr\u00f3ximos meses, a viabiliza\u00e7\u00e3o de um conceito mais amplo de binacionalidade, com o envolvimento dos \u00f3rg\u00e3os de fronteira de ambos os pa\u00edses.<\/p>\n<p>Foto: Reprodu\u00e7\u00e3o<br \/>\nG1<\/p>\n","protected":false},"excerpt":{"rendered":"<p>Aeroporto est\u00e1 fechado e deve abrir at\u00e9 o fim do ano, ap\u00f3s reformas. Acordo assinado pelo governo federal com o<\/p>\n","protected":false},"author":4,"featured_media":8279,"comment_status":"open","ping_status":"open","sticky":false,"template":"","format":"standard","meta":{"colormag_page_container_layout":"default_layout","colormag_page_sidebar_layout":"default_layout","_FSMCFIC_featured_image_caption":"","_FSMCFIC_featured_image_nocaption":"","_FSMCFIC_featured_image_hide":"","footnotes":""},"categories":[6,1],"tags":[],"class_list":["post-8278","post","type-post","status-publish","format-standard","has-post-thumbnail","hentry","category-mundo","category-ultimas"],"yoast_head":"<!-- This site is optimized with the Yoast SEO plugin v27.1.1 - https:\/\/yoast.com\/product\/yoast-seo-wordpress\/ -->\n<title>Binacionaliza\u00e7\u00e3o de aeroporto uruguaio: acordo permite equipara\u00e7\u00e3o de tarifas, diz governo federal - Brasil not\u00edcias<\/title>\n<meta name=\"robots\" content=\"index, follow, max-snippet:-1, max-image-preview:large, max-video-preview:-1\" \/>\n<link rel=\"canonical\" href=\"https:\/\/brasilnoticias.org\/site\/binacionalizacao-de-aeroporto-uruguaio-acordo-permite-equiparacao-de-tarifas-diz-governo-federal\/\" \/>\n<meta property=\"og:locale\" content=\"pt_PT\" \/>\n<meta property=\"og:type\" content=\"article\" \/>\n<meta property=\"og:title\" content=\"Binacionaliza\u00e7\u00e3o de aeroporto uruguaio: acordo permite equipara\u00e7\u00e3o de tarifas, diz governo federal - Brasil not\u00edcias\" \/>\n<meta property=\"og:description\" content=\"Aeroporto est\u00e1 fechado e deve abrir at\u00e9 o fim do ano, ap\u00f3s reformas. Acordo assinado pelo governo federal com o\" \/>\n<meta property=\"og:url\" content=\"https:\/\/brasilnoticias.org\/site\/binacionalizacao-de-aeroporto-uruguaio-acordo-permite-equiparacao-de-tarifas-diz-governo-federal\/\" \/>\n<meta property=\"og:site_name\" content=\"Brasil not\u00edcias\" \/>\n<meta property=\"article:published_time\" content=\"2023-08-15T11:00:42+00:00\" \/>\n<meta property=\"og:image\" content=\"https:\/\/brasilnoticias.org\/site\/wp-content\/uploads\/2023\/08\/rivera.webp\" \/>\n\t<meta property=\"og:image:width\" content=\"984\" \/>\n\t<meta property=\"og:image:height\" content=\"737\" \/>\n\t<meta property=\"og:image:type\" content=\"image\/webp\" \/>\n<meta name=\"author\" content=\"Reda\u00e7\u00e3o\" \/>\n<meta name=\"twitter:card\" content=\"summary_large_image\" \/>\n<meta name=\"twitter:label1\" content=\"Escrito por\" \/>\n\t<meta name=\"twitter:data1\" content=\"Reda\u00e7\u00e3o\" \/>\n<script type=\"application\/ld+json\" class=\"yoast-schema-graph\">{\"@context\":\"https:\/\/schema.org\",\"@graph\":[{\"@type\":\"Article\",\"@id\":\"https:\/\/brasilnoticias.org\/site\/binacionalizacao-de-aeroporto-uruguaio-acordo-permite-equiparacao-de-tarifas-diz-governo-federal\/#article\",\"isPartOf\":{\"@id\":\"https:\/\/brasilnoticias.org\/site\/binacionalizacao-de-aeroporto-uruguaio-acordo-permite-equiparacao-de-tarifas-diz-governo-federal\/\"},\"author\":{\"name\":\"Reda\u00e7\u00e3o\",\"@id\":\"https:\/\/brasilnoticias.org\/site\/#\/schema\/person\/03bbbfe6c7634ad18c26444ea39049fa\"},\"headline\":\"Binacionaliza\u00e7\u00e3o de aeroporto uruguaio: acordo permite equipara\u00e7\u00e3o de tarifas, diz governo federal\",\"datePublished\":\"2023-08-15T11:00:42+00:00\",\"mainEntityOfPage\":{\"@id\":\"https:\/\/brasilnoticias.org\/site\/binacionalizacao-de-aeroporto-uruguaio-acordo-permite-equiparacao-de-tarifas-diz-governo-federal\/\"},\"wordCount\":375,\"commentCount\":0,\"publisher\":{\"@id\":\"https:\/\/brasilnoticias.org\/site\/#organization\"},\"image\":{\"@id\":\"https:\/\/brasilnoticias.org\/site\/binacionalizacao-de-aeroporto-uruguaio-acordo-permite-equiparacao-de-tarifas-diz-governo-federal\/#primaryimage\"},\"thumbnailUrl\":\"https:\/\/brasilnoticias.org\/site\/wp-content\/uploads\/2023\/08\/rivera.webp\",\"articleSection\":[\"Mundo\",\"\u00daltimas\"],\"inLanguage\":\"pt-PT\",\"potentialAction\":[{\"@type\":\"CommentAction\",\"name\":\"Comment\",\"target\":[\"https:\/\/brasilnoticias.org\/site\/binacionalizacao-de-aeroporto-uruguaio-acordo-permite-equiparacao-de-tarifas-diz-governo-federal\/#respond\"]}]},{\"@type\":\"WebPage\",\"@id\":\"https:\/\/brasilnoticias.org\/site\/binacionalizacao-de-aeroporto-uruguaio-acordo-permite-equiparacao-de-tarifas-diz-governo-federal\/\",\"url\":\"https:\/\/brasilnoticias.org\/site\/binacionalizacao-de-aeroporto-uruguaio-acordo-permite-equiparacao-de-tarifas-diz-governo-federal\/\",\"name\":\"Binacionaliza\u00e7\u00e3o de aeroporto uruguaio: acordo permite equipara\u00e7\u00e3o de tarifas, diz governo federal - Brasil not\u00edcias\",\"isPartOf\":{\"@id\":\"https:\/\/brasilnoticias.org\/site\/#website\"},\"primaryImageOfPage\":{\"@id\":\"https:\/\/brasilnoticias.org\/site\/binacionalizacao-de-aeroporto-uruguaio-acordo-permite-equiparacao-de-tarifas-diz-governo-federal\/#primaryimage\"},\"image\":{\"@id\":\"https:\/\/brasilnoticias.org\/site\/binacionalizacao-de-aeroporto-uruguaio-acordo-permite-equiparacao-de-tarifas-diz-governo-federal\/#primaryimage\"},\"thumbnailUrl\":\"https:\/\/brasilnoticias.org\/site\/wp-content\/uploads\/2023\/08\/rivera.webp\",\"datePublished\":\"2023-08-15T11:00:42+00:00\",\"breadcrumb\":{\"@id\":\"https:\/\/brasilnoticias.org\/site\/binacionalizacao-de-aeroporto-uruguaio-acordo-permite-equiparacao-de-tarifas-diz-governo-federal\/#breadcrumb\"},\"inLanguage\":\"pt-PT\",\"potentialAction\":[{\"@type\":\"ReadAction\",\"target\":[\"https:\/\/brasilnoticias.org\/site\/binacionalizacao-de-aeroporto-uruguaio-acordo-permite-equiparacao-de-tarifas-diz-governo-federal\/\"]}]},{\"@type\":\"ImageObject\",\"inLanguage\":\"pt-PT\",\"@id\":\"https:\/\/brasilnoticias.org\/site\/binacionalizacao-de-aeroporto-uruguaio-acordo-permite-equiparacao-de-tarifas-diz-governo-federal\/#primaryimage\",\"url\":\"https:\/\/brasilnoticias.org\/site\/wp-content\/uploads\/2023\/08\/rivera.webp\",\"contentUrl\":\"https:\/\/brasilnoticias.org\/site\/wp-content\/uploads\/2023\/08\/rivera.webp\",\"width\":984,\"height\":737},{\"@type\":\"BreadcrumbList\",\"@id\":\"https:\/\/brasilnoticias.org\/site\/binacionalizacao-de-aeroporto-uruguaio-acordo-permite-equiparacao-de-tarifas-diz-governo-federal\/#breadcrumb\",\"itemListElement\":[{\"@type\":\"ListItem\",\"position\":1,\"name\":\"In\u00edcio\",\"item\":\"https:\/\/brasilnoticias.org\/site\/\"},{\"@type\":\"ListItem\",\"position\":2,\"name\":\"Binacionaliza\u00e7\u00e3o de aeroporto uruguaio: acordo permite equipara\u00e7\u00e3o de tarifas, diz governo federal\"}]},{\"@type\":\"WebSite\",\"@id\":\"https:\/\/brasilnoticias.org\/site\/#website\",\"url\":\"https:\/\/brasilnoticias.org\/site\/\",\"name\":\"Brasil not\u00edcias\",\"description\":\"Brasil not\u00edcias\",\"publisher\":{\"@id\":\"https:\/\/brasilnoticias.org\/site\/#organization\"},\"potentialAction\":[{\"@type\":\"SearchAction\",\"target\":{\"@type\":\"EntryPoint\",\"urlTemplate\":\"https:\/\/brasilnoticias.org\/site\/?s={search_term_string}\"},\"query-input\":{\"@type\":\"PropertyValueSpecification\",\"valueRequired\":true,\"valueName\":\"search_term_string\"}}],\"inLanguage\":\"pt-PT\"},{\"@type\":\"Organization\",\"@id\":\"https:\/\/brasilnoticias.org\/site\/#organization\",\"name\":\"Brasil not\u00edcias\",\"url\":\"https:\/\/brasilnoticias.org\/site\/\",\"logo\":{\"@type\":\"ImageObject\",\"inLanguage\":\"pt-PT\",\"@id\":\"https:\/\/brasilnoticias.org\/site\/#\/schema\/logo\/image\/\",\"url\":\"https:\/\/brasilnoticias.org\/site\/wp-content\/uploads\/2022\/05\/cropped-brasilnoticias-mini.jpg\",\"contentUrl\":\"https:\/\/brasilnoticias.org\/site\/wp-content\/uploads\/2022\/05\/cropped-brasilnoticias-mini.jpg\",\"width\":314,\"height\":86,\"caption\":\"Brasil not\u00edcias\"},\"image\":{\"@id\":\"https:\/\/brasilnoticias.org\/site\/#\/schema\/logo\/image\/\"}},{\"@type\":\"Person\",\"@id\":\"https:\/\/brasilnoticias.org\/site\/#\/schema\/person\/03bbbfe6c7634ad18c26444ea39049fa\",\"name\":\"Reda\u00e7\u00e3o\",\"image\":{\"@type\":\"ImageObject\",\"inLanguage\":\"pt-PT\",\"@id\":\"https:\/\/brasilnoticias.org\/site\/#\/schema\/person\/image\/\",\"url\":\"https:\/\/secure.gravatar.com\/avatar\/9ecaf7327a696cb23ad926fedded5f1f04d7049de9e445375d55b48c001a6e42?s=96&d=mm&r=g\",\"contentUrl\":\"https:\/\/secure.gravatar.com\/avatar\/9ecaf7327a696cb23ad926fedded5f1f04d7049de9e445375d55b48c001a6e42?s=96&d=mm&r=g\",\"caption\":\"Reda\u00e7\u00e3o\"},\"url\":\"https:\/\/brasilnoticias.org\/site\/author\/henrique\/\"}]}<\/script>\n<!-- \/ Yoast SEO plugin. -->","yoast_head_json":{"title":"Binacionaliza\u00e7\u00e3o de aeroporto uruguaio: acordo permite equipara\u00e7\u00e3o de tarifas, diz governo federal - Brasil not\u00edcias","robots":{"index":"index","follow":"follow","max-snippet":"max-snippet:-1","max-image-preview":"max-image-preview:large","max-video-preview":"max-video-preview:-1"},"canonical":"https:\/\/brasilnoticias.org\/site\/binacionalizacao-de-aeroporto-uruguaio-acordo-permite-equiparacao-de-tarifas-diz-governo-federal\/","og_locale":"pt_PT","og_type":"article","og_title":"Binacionaliza\u00e7\u00e3o de aeroporto uruguaio: acordo permite equipara\u00e7\u00e3o de tarifas, diz governo federal - Brasil not\u00edcias","og_description":"Aeroporto est\u00e1 fechado e deve abrir at\u00e9 o fim do ano, ap\u00f3s reformas. Acordo assinado pelo governo federal com o","og_url":"https:\/\/brasilnoticias.org\/site\/binacionalizacao-de-aeroporto-uruguaio-acordo-permite-equiparacao-de-tarifas-diz-governo-federal\/","og_site_name":"Brasil not\u00edcias","article_published_time":"2023-08-15T11:00:42+00:00","og_image":[{"width":984,"height":737,"url":"https:\/\/brasilnoticias.org\/site\/wp-content\/uploads\/2023\/08\/rivera.webp","type":"image\/webp"}],"author":"Reda\u00e7\u00e3o","twitter_card":"summary_large_image","twitter_misc":{"Escrito por":"Reda\u00e7\u00e3o"},"schema":{"@context":"https:\/\/schema.org","@graph":[{"@type":"Article","@id":"https:\/\/brasilnoticias.org\/site\/binacionalizacao-de-aeroporto-uruguaio-acordo-permite-equiparacao-de-tarifas-diz-governo-federal\/#article","isPartOf":{"@id":"https:\/\/brasilnoticias.org\/site\/binacionalizacao-de-aeroporto-uruguaio-acordo-permite-equiparacao-de-tarifas-diz-governo-federal\/"},"author":{"name":"Reda\u00e7\u00e3o","@id":"https:\/\/brasilnoticias.org\/site\/#\/schema\/person\/03bbbfe6c7634ad18c26444ea39049fa"},"headline":"Binacionaliza\u00e7\u00e3o de aeroporto uruguaio: acordo permite equipara\u00e7\u00e3o de tarifas, diz governo federal","datePublished":"2023-08-15T11:00:42+00:00","mainEntityOfPage":{"@id":"https:\/\/brasilnoticias.org\/site\/binacionalizacao-de-aeroporto-uruguaio-acordo-permite-equiparacao-de-tarifas-diz-governo-federal\/"},"wordCount":375,"commentCount":0,"publisher":{"@id":"https:\/\/brasilnoticias.org\/site\/#organization"},"image":{"@id":"https:\/\/brasilnoticias.org\/site\/binacionalizacao-de-aeroporto-uruguaio-acordo-permite-equiparacao-de-tarifas-diz-governo-federal\/#primaryimage"},"thumbnailUrl":"https:\/\/brasilnoticias.org\/site\/wp-content\/uploads\/2023\/08\/rivera.webp","articleSection":["Mundo","\u00daltimas"],"inLanguage":"pt-PT","potentialAction":[{"@type":"CommentAction","name":"Comment","target":["https:\/\/brasilnoticias.org\/site\/binacionalizacao-de-aeroporto-uruguaio-acordo-permite-equiparacao-de-tarifas-diz-governo-federal\/#respond"]}]},{"@type":"WebPage","@id":"https:\/\/brasilnoticias.org\/site\/binacionalizacao-de-aeroporto-uruguaio-acordo-permite-equiparacao-de-tarifas-diz-governo-federal\/","url":"https:\/\/brasilnoticias.org\/site\/binacionalizacao-de-aeroporto-uruguaio-acordo-permite-equiparacao-de-tarifas-diz-governo-federal\/","name":"Binacionaliza\u00e7\u00e3o de aeroporto uruguaio: acordo permite equipara\u00e7\u00e3o de tarifas, diz governo federal - Brasil not\u00edcias","isPartOf":{"@id":"https:\/\/brasilnoticias.org\/site\/#website"},"primaryImageOfPage":{"@id":"https:\/\/brasilnoticias.org\/site\/binacionalizacao-de-aeroporto-uruguaio-acordo-permite-equiparacao-de-tarifas-diz-governo-federal\/#primaryimage"},"image":{"@id":"https:\/\/brasilnoticias.org\/site\/binacionalizacao-de-aeroporto-uruguaio-acordo-permite-equiparacao-de-tarifas-diz-governo-federal\/#primaryimage"},"thumbnailUrl":"https:\/\/brasilnoticias.org\/site\/wp-content\/uploads\/2023\/08\/rivera.webp","datePublished":"2023-08-15T11:00:42+00:00","breadcrumb":{"@id":"https:\/\/brasilnoticias.org\/site\/binacionalizacao-de-aeroporto-uruguaio-acordo-permite-equiparacao-de-tarifas-diz-governo-federal\/#breadcrumb"},"inLanguage":"pt-PT","potentialAction":[{"@type":"ReadAction","target":["https:\/\/brasilnoticias.org\/site\/binacionalizacao-de-aeroporto-uruguaio-acordo-permite-equiparacao-de-tarifas-diz-governo-federal\/"]}]},{"@type":"ImageObject","inLanguage":"pt-PT","@id":"https:\/\/brasilnoticias.org\/site\/binacionalizacao-de-aeroporto-uruguaio-acordo-permite-equiparacao-de-tarifas-diz-governo-federal\/#primaryimage","url":"https:\/\/brasilnoticias.org\/site\/wp-content\/uploads\/2023\/08\/rivera.webp","contentUrl":"https:\/\/brasilnoticias.org\/site\/wp-content\/uploads\/2023\/08\/rivera.webp","width":984,"height":737},{"@type":"BreadcrumbList","@id":"https:\/\/brasilnoticias.org\/site\/binacionalizacao-de-aeroporto-uruguaio-acordo-permite-equiparacao-de-tarifas-diz-governo-federal\/#breadcrumb","itemListElement":[{"@type":"ListItem","position":1,"name":"In\u00edcio","item":"https:\/\/brasilnoticias.org\/site\/"},{"@type":"ListItem","position":2,"name":"Binacionaliza\u00e7\u00e3o de aeroporto uruguaio: acordo permite equipara\u00e7\u00e3o de tarifas, diz governo federal"}]},{"@type":"WebSite","@id":"https:\/\/brasilnoticias.org\/site\/#website","url":"https:\/\/brasilnoticias.org\/site\/","name":"Brasil not\u00edcias","description":"Brasil not\u00edcias","publisher":{"@id":"https:\/\/brasilnoticias.org\/site\/#organization"},"potentialAction":[{"@type":"SearchAction","target":{"@type":"EntryPoint","urlTemplate":"https:\/\/brasilnoticias.org\/site\/?s={search_term_string}"},"query-input":{"@type":"PropertyValueSpecification","valueRequired":true,"valueName":"search_term_string"}}],"inLanguage":"pt-PT"},{"@type":"Organization","@id":"https:\/\/brasilnoticias.org\/site\/#organization","name":"Brasil not\u00edcias","url":"https:\/\/brasilnoticias.org\/site\/","logo":{"@type":"ImageObject","inLanguage":"pt-PT","@id":"https:\/\/brasilnoticias.org\/site\/#\/schema\/logo\/image\/","url":"https:\/\/brasilnoticias.org\/site\/wp-content\/uploads\/2022\/05\/cropped-brasilnoticias-mini.jpg","contentUrl":"https:\/\/brasilnoticias.org\/site\/wp-content\/uploads\/2022\/05\/cropped-brasilnoticias-mini.jpg","width":314,"height":86,"caption":"Brasil not\u00edcias"},"image":{"@id":"https:\/\/brasilnoticias.org\/site\/#\/schema\/logo\/image\/"}},{"@type":"Person","@id":"https:\/\/brasilnoticias.org\/site\/#\/schema\/person\/03bbbfe6c7634ad18c26444ea39049fa","name":"Reda\u00e7\u00e3o","image":{"@type":"ImageObject","inLanguage":"pt-PT","@id":"https:\/\/brasilnoticias.org\/site\/#\/schema\/person\/image\/","url":"https:\/\/secure.gravatar.com\/avatar\/9ecaf7327a696cb23ad926fedded5f1f04d7049de9e445375d55b48c001a6e42?s=96&d=mm&r=g","contentUrl":"https:\/\/secure.gravatar.com\/avatar\/9ecaf7327a696cb23ad926fedded5f1f04d7049de9e445375d55b48c001a6e42?s=96&d=mm&r=g","caption":"Reda\u00e7\u00e3o"},"url":"https:\/\/brasilnoticias.org\/site\/author\/henrique\/"}]}},"_links":{"self":[{"href":"https:\/\/brasilnoticias.org\/site\/wp-json\/wp\/v2\/posts\/8278","targetHints":{"allow":["GET"]}}],"collection":[{"href":"https:\/\/brasilnoticias.org\/site\/wp-json\/wp\/v2\/posts"}],"about":[{"href":"https:\/\/brasilnoticias.org\/site\/wp-json\/wp\/v2\/types\/post"}],"author":[{"embeddable":true,"href":"https:\/\/brasilnoticias.org\/site\/wp-json\/wp\/v2\/users\/4"}],"replies":[{"embeddable":true,"href":"https:\/\/brasilnoticias.org\/site\/wp-json\/wp\/v2\/comments?post=8278"}],"version-history":[{"count":1,"href":"https:\/\/brasilnoticias.org\/site\/wp-json\/wp\/v2\/posts\/8278\/revisions"}],"predecessor-version":[{"id":8280,"href":"https:\/\/brasilnoticias.org\/site\/wp-json\/wp\/v2\/posts\/8278\/revisions\/8280"}],"wp:featuredmedia":[{"embeddable":true,"href":"https:\/\/brasilnoticias.org\/site\/wp-json\/wp\/v2\/media\/8279"}],"wp:attachment":[{"href":"https:\/\/brasilnoticias.org\/site\/wp-json\/wp\/v2\/media?parent=8278"}],"wp:term":[{"taxonomy":"category","embeddable":true,"href":"https:\/\/brasilnoticias.org\/site\/wp-json\/wp\/v2\/categories?post=8278"},{"taxonomy":"post_tag","embeddable":true,"href":"https:\/\/brasilnoticias.org\/site\/wp-json\/wp\/v2\/tags?post=8278"}],"curies":[{"name":"wp","href":"https:\/\/api.w.org\/{rel}","templated":true}]}}