{"id":8281,"date":"2023-08-15T09:00:12","date_gmt":"2023-08-15T12:00:12","guid":{"rendered":"https:\/\/brasilnoticias.org\/site\/?p=8281"},"modified":"2023-08-14T20:04:12","modified_gmt":"2023-08-14T23:04:12","slug":"edicao-extraordinaria-da-conferencia-de-educacao-da-bahia-sera-lancada-nesta-terca-feira","status":"publish","type":"post","link":"https:\/\/brasilnoticias.org\/site\/edicao-extraordinaria-da-conferencia-de-educacao-da-bahia-sera-lancada-nesta-terca-feira\/","title":{"rendered":"Edi\u00e7\u00e3o extraordin\u00e1ria da Confer\u00eancia de Educa\u00e7\u00e3o da Bahia ser\u00e1 lan\u00e7ada nesta ter\u00e7a-feira"},"content":{"rendered":"<p>O F\u00f3rum Estadual de Educa\u00e7\u00e3o da Bahia (FEE-BA), em parceria com a Secretaria da Educa\u00e7\u00e3o do Estado (SEC), lan\u00e7a nesta ter\u00e7a-feira (15), a edi\u00e7\u00e3o extraordin\u00e1ria da Confer\u00eancia de Educa\u00e7\u00e3o da Bahia 2023 (Coeed BA 2023). Com o tema \u2018Plano Nacional de Educa\u00e7\u00e3o 2024- 2034: Pol\u00edtica de Estado, Direito \u00e0 Educa\u00e7\u00e3o, Diversidade e Justi\u00e7a Socioambiental na Terra da Liberdade\u2019, encontro h\u00edbrido ocorrer\u00e1 das 9h30min \u00e0s 12h, no audit\u00f3rio do Instituto An\u00edsio Teixeira (IAT), em Salvador, e pelo canal do IAT no Youtube.<\/p>\n<p>Para o Lan\u00e7amento, est\u00e1 programada a \u2018Confer\u00eancia Livre de Abertura\u2019 sobre o \u2018Conaee Extraordin\u00e1ria e o PNE 2024-2034\u2019, a ser proferida pelo professor Heleno Ara\u00fajo, presidente de Confedera\u00e7\u00e3o Nacional dos Trabalhadores em Educa\u00e7\u00e3o (CNTE) e coordenador do F\u00f3rum Nacional Popular de Educa\u00e7\u00e3o (FNPE), al\u00e9m de homenagens (Men\u00e7\u00f5es Honrosas) para Gilv\u00e2nia Nascimento, coordenadora da UNCME Bahia; Osvaldo Barreto, ex-secret\u00e1rio da Educa\u00e7\u00e3o do Estado da Bahia; Iracema Lima dos Santos do F\u00f3rum de Educa\u00e7\u00e3o do Campo; Celi Nelza Z. Taffarel, da ANFOPE e da Educa\u00e7\u00e3o Movimento Sem Terra (MST).<\/p>\n<p>O movimento de confer\u00eancias extraordin\u00e1rias e audi\u00eancias p\u00fablicas municipais, estaduais e nacional de Educa\u00e7\u00e3o tem o objetivo de monitorar os Planos de Educa\u00e7\u00e3o atuais: PNE\/PEE-BA\/PMEs, e de servir como base, em um diagn\u00f3stico profundo e debate amplo, para elaborar um novo Plano Nacional de Educa\u00e7\u00e3o, que dialogue ainda mais com as necessidades e que seja forjado nos entendimentos entre trabalhadores da educa\u00e7\u00e3o, dirigentes educacionais e sociedade civil e pol\u00edtica.<\/p>\n<p>O coordenador do FEE-BA, Jo\u00e3o Danilo Batista, que tamb\u00e9m \u00e9 conselheiro e presidente da C\u00e2mara de Educa\u00e7\u00e3o Superior do Conselho Estadual de Educa\u00e7\u00e3o, esclarece que o movimento caminha na dire\u00e7\u00e3o da formula\u00e7\u00e3o de um Plano de Estado para a educa\u00e7\u00e3o brasileira, com vig\u00eancia para a d\u00e9cada de 2024 a 2034. \u201cDesta forma, visa \u00e0 garantia do direito e \u00e0 qualidade de educa\u00e7\u00e3o para todos\/as, da creche \u00e0 p\u00f3s-gradua\u00e7\u00e3o, assim como quest\u00f5es atinentes \u00e0 valoriza\u00e7\u00e3o dos trabalhadores da educa\u00e7\u00e3o, aten\u00e7\u00e3o \u00e0 diversidade, ao desenvolvimento e justi\u00e7a socioambiental e ainda quest\u00f5es atinentes \u00e0 gest\u00e3o democr\u00e1tica e ao financiamento da educa\u00e7\u00e3o\u201d, disse o coordenador, ressaltando que o F\u00f3rum, organismo do estado baiano com relevante significado social e pol\u00edtico, possui este papel de monitorar o Plano Decenal de Educa\u00e7\u00e3o, de forma cont\u00ednua e com avalia\u00e7\u00f5es peri\u00f3dicas, garantindo direito de todos a uma educa\u00e7\u00e3o p\u00fablica de qualidade.<\/p>\n<p>Tamb\u00e9m estar\u00e3o presentes no lan\u00e7amento a vice-coordenadora do FEE-BA, Alessandra Assis; a secret\u00e1ria estadual da pasta, Ad\u00e9lia Pinheiro; a deputada estadual Ol\u00edvia Santana, presidente da Comiss\u00e3o de Educa\u00e7\u00e3o da ALBA; o presidente do Conselho Estadual de Educa\u00e7\u00e3o da Bahia (CEE-BA), Paulo Gabriel Nacif; a reitora da Universidade do Estado da Bahia (Uneb), Adriana Marmori, representando as Universidades Estaduais da Bahia (UEBAs); a reitora do Instituto Federal da Bahia (IFBA), Luzia Mota, representando o CONIF; o reitor da Universidade Federal da Bahia (UFBA), Paulo Miguez, representando a ANDIFES; o presidente da UNDIME Bahia, Anderson Passos; Glauber Natividade da Rede de F\u00f3runs Municipais; o coordenador da APLB, Rui Oliveira; Marlene Oliveira, representando o F\u00f3rum de EJA-BA e os movimentos sociais; o diretor do IAT, Iuri Rubim; e Vitor Queiroz, representando a UBES e os estudantes.<\/p>\n<p>A Coeed BA 2023<\/p>\n<p>A Confer\u00eancia de Educa\u00e7\u00e3o da Bahia 2023 ocorrer\u00e1 em duas etapas: uma on-line e com car\u00e1ter formativo, nos dias 20 e 21 de outubro, transmitida pelo canal da TV Undime, no Youtube; e outra presencial e deliberativa, nos dias 04 e 05 de dezembro de 2023, em Salvador. Este encontro estadual \u00e9 preparat\u00f3rio e deliberativo para a Confer\u00eancia Nacional Extraordin\u00e1ria da Educa\u00e7\u00e3o de 2024, que ocorrer\u00e1 de 28 a 31 de janeiro de 2024, em Bras\u00edlia.<\/p>\n<p>A expectativa \u00e9 de receber 1.200 delegados e 1.400 participantes na Coeed BA 2023 \u2013 Extraordin\u00e1ria. Na 4\u00aa Confer\u00eancia de Educa\u00e7\u00e3o da Bahia de 2022, estiveram presentes delegados de 397 dos 417 munic\u00edpios da Bahia, que realizaram, como desdobramento, 397 Confer\u00eancias Municipais e mais de 300 Audi\u00eancias P\u00fablicas de monitoramento do Plano Municipal de Educa\u00e7\u00e3o.<\/p>\n<p>Foto: Divulga\u00e7\u00e3o Conselho de Educa\u00e7\u00e3o<br \/>\nFonte: Ascom\/Conselho de Educa\u00e7\u00e3o<\/p>\n","protected":false},"excerpt":{"rendered":"<p>O F\u00f3rum Estadual de Educa\u00e7\u00e3o da Bahia (FEE-BA), em parceria com a Secretaria da Educa\u00e7\u00e3o do Estado (SEC), lan\u00e7a nesta<\/p>\n","protected":false},"author":4,"featured_media":8282,"comment_status":"open","ping_status":"open","sticky":false,"template":"","format":"standard","meta":{"colormag_page_container_layout":"default_layout","colormag_page_sidebar_layout":"default_layout","_FSMCFIC_featured_image_caption":"","_FSMCFIC_featured_image_nocaption":"","_FSMCFIC_featured_image_hide":"","footnotes":""},"categories":[2,1],"tags":[],"class_list":["post-8281","post","type-post","status-publish","format-standard","has-post-thumbnail","hentry","category-noticias","category-ultimas"],"yoast_head":"<!-- This site is optimized with the Yoast SEO plugin v27.1.1 - https:\/\/yoast.com\/product\/yoast-seo-wordpress\/ -->\n<title>Edi\u00e7\u00e3o extraordin\u00e1ria da Confer\u00eancia de Educa\u00e7\u00e3o da Bahia ser\u00e1 lan\u00e7ada nesta ter\u00e7a-feira - Brasil not\u00edcias<\/title>\n<meta name=\"robots\" content=\"index, follow, max-snippet:-1, max-image-preview:large, max-video-preview:-1\" \/>\n<link rel=\"canonical\" href=\"https:\/\/brasilnoticias.org\/site\/edicao-extraordinaria-da-conferencia-de-educacao-da-bahia-sera-lancada-nesta-terca-feira\/\" \/>\n<meta property=\"og:locale\" content=\"pt_PT\" \/>\n<meta property=\"og:type\" content=\"article\" \/>\n<meta property=\"og:title\" content=\"Edi\u00e7\u00e3o extraordin\u00e1ria da Confer\u00eancia de Educa\u00e7\u00e3o da Bahia ser\u00e1 lan\u00e7ada nesta ter\u00e7a-feira - Brasil not\u00edcias\" \/>\n<meta property=\"og:description\" content=\"O F\u00f3rum Estadual de Educa\u00e7\u00e3o da Bahia (FEE-BA), em parceria com a Secretaria da Educa\u00e7\u00e3o do Estado (SEC), lan\u00e7a nesta\" \/>\n<meta property=\"og:url\" content=\"https:\/\/brasilnoticias.org\/site\/edicao-extraordinaria-da-conferencia-de-educacao-da-bahia-sera-lancada-nesta-terca-feira\/\" \/>\n<meta property=\"og:site_name\" content=\"Brasil not\u00edcias\" \/>\n<meta property=\"article:published_time\" content=\"2023-08-15T12:00:12+00:00\" \/>\n<meta property=\"og:image\" content=\"https:\/\/brasilnoticias.org\/site\/wp-content\/uploads\/2023\/08\/coeed-2022-696x464-1.jpeg\" \/>\n\t<meta property=\"og:image:width\" content=\"696\" \/>\n\t<meta property=\"og:image:height\" content=\"464\" \/>\n\t<meta property=\"og:image:type\" content=\"image\/jpeg\" \/>\n<meta name=\"author\" content=\"Reda\u00e7\u00e3o\" \/>\n<meta name=\"twitter:card\" content=\"summary_large_image\" \/>\n<meta name=\"twitter:label1\" content=\"Escrito por\" \/>\n\t<meta name=\"twitter:data1\" content=\"Reda\u00e7\u00e3o\" \/>\n<script type=\"application\/ld+json\" class=\"yoast-schema-graph\">{\"@context\":\"https:\/\/schema.org\",\"@graph\":[{\"@type\":\"Article\",\"@id\":\"https:\/\/brasilnoticias.org\/site\/edicao-extraordinaria-da-conferencia-de-educacao-da-bahia-sera-lancada-nesta-terca-feira\/#article\",\"isPartOf\":{\"@id\":\"https:\/\/brasilnoticias.org\/site\/edicao-extraordinaria-da-conferencia-de-educacao-da-bahia-sera-lancada-nesta-terca-feira\/\"},\"author\":{\"name\":\"Reda\u00e7\u00e3o\",\"@id\":\"https:\/\/brasilnoticias.org\/site\/#\/schema\/person\/03bbbfe6c7634ad18c26444ea39049fa\"},\"headline\":\"Edi\u00e7\u00e3o extraordin\u00e1ria da Confer\u00eancia de Educa\u00e7\u00e3o da Bahia ser\u00e1 lan\u00e7ada nesta ter\u00e7a-feira\",\"datePublished\":\"2023-08-15T12:00:12+00:00\",\"mainEntityOfPage\":{\"@id\":\"https:\/\/brasilnoticias.org\/site\/edicao-extraordinaria-da-conferencia-de-educacao-da-bahia-sera-lancada-nesta-terca-feira\/\"},\"wordCount\":744,\"commentCount\":0,\"publisher\":{\"@id\":\"https:\/\/brasilnoticias.org\/site\/#organization\"},\"image\":{\"@id\":\"https:\/\/brasilnoticias.org\/site\/edicao-extraordinaria-da-conferencia-de-educacao-da-bahia-sera-lancada-nesta-terca-feira\/#primaryimage\"},\"thumbnailUrl\":\"https:\/\/brasilnoticias.org\/site\/wp-content\/uploads\/2023\/08\/coeed-2022-696x464-1.jpeg\",\"articleSection\":[\"Not\u00edcias\",\"\u00daltimas\"],\"inLanguage\":\"pt-PT\",\"potentialAction\":[{\"@type\":\"CommentAction\",\"name\":\"Comment\",\"target\":[\"https:\/\/brasilnoticias.org\/site\/edicao-extraordinaria-da-conferencia-de-educacao-da-bahia-sera-lancada-nesta-terca-feira\/#respond\"]}]},{\"@type\":\"WebPage\",\"@id\":\"https:\/\/brasilnoticias.org\/site\/edicao-extraordinaria-da-conferencia-de-educacao-da-bahia-sera-lancada-nesta-terca-feira\/\",\"url\":\"https:\/\/brasilnoticias.org\/site\/edicao-extraordinaria-da-conferencia-de-educacao-da-bahia-sera-lancada-nesta-terca-feira\/\",\"name\":\"Edi\u00e7\u00e3o extraordin\u00e1ria da Confer\u00eancia de Educa\u00e7\u00e3o da Bahia ser\u00e1 lan\u00e7ada nesta ter\u00e7a-feira - Brasil not\u00edcias\",\"isPartOf\":{\"@id\":\"https:\/\/brasilnoticias.org\/site\/#website\"},\"primaryImageOfPage\":{\"@id\":\"https:\/\/brasilnoticias.org\/site\/edicao-extraordinaria-da-conferencia-de-educacao-da-bahia-sera-lancada-nesta-terca-feira\/#primaryimage\"},\"image\":{\"@id\":\"https:\/\/brasilnoticias.org\/site\/edicao-extraordinaria-da-conferencia-de-educacao-da-bahia-sera-lancada-nesta-terca-feira\/#primaryimage\"},\"thumbnailUrl\":\"https:\/\/brasilnoticias.org\/site\/wp-content\/uploads\/2023\/08\/coeed-2022-696x464-1.jpeg\",\"datePublished\":\"2023-08-15T12:00:12+00:00\",\"breadcrumb\":{\"@id\":\"https:\/\/brasilnoticias.org\/site\/edicao-extraordinaria-da-conferencia-de-educacao-da-bahia-sera-lancada-nesta-terca-feira\/#breadcrumb\"},\"inLanguage\":\"pt-PT\",\"potentialAction\":[{\"@type\":\"ReadAction\",\"target\":[\"https:\/\/brasilnoticias.org\/site\/edicao-extraordinaria-da-conferencia-de-educacao-da-bahia-sera-lancada-nesta-terca-feira\/\"]}]},{\"@type\":\"ImageObject\",\"inLanguage\":\"pt-PT\",\"@id\":\"https:\/\/brasilnoticias.org\/site\/edicao-extraordinaria-da-conferencia-de-educacao-da-bahia-sera-lancada-nesta-terca-feira\/#primaryimage\",\"url\":\"https:\/\/brasilnoticias.org\/site\/wp-content\/uploads\/2023\/08\/coeed-2022-696x464-1.jpeg\",\"contentUrl\":\"https:\/\/brasilnoticias.org\/site\/wp-content\/uploads\/2023\/08\/coeed-2022-696x464-1.jpeg\",\"width\":696,\"height\":464},{\"@type\":\"BreadcrumbList\",\"@id\":\"https:\/\/brasilnoticias.org\/site\/edicao-extraordinaria-da-conferencia-de-educacao-da-bahia-sera-lancada-nesta-terca-feira\/#breadcrumb\",\"itemListElement\":[{\"@type\":\"ListItem\",\"position\":1,\"name\":\"In\u00edcio\",\"item\":\"https:\/\/brasilnoticias.org\/site\/\"},{\"@type\":\"ListItem\",\"position\":2,\"name\":\"Edi\u00e7\u00e3o extraordin\u00e1ria da Confer\u00eancia de Educa\u00e7\u00e3o da Bahia ser\u00e1 lan\u00e7ada nesta ter\u00e7a-feira\"}]},{\"@type\":\"WebSite\",\"@id\":\"https:\/\/brasilnoticias.org\/site\/#website\",\"url\":\"https:\/\/brasilnoticias.org\/site\/\",\"name\":\"Brasil not\u00edcias\",\"description\":\"Brasil not\u00edcias\",\"publisher\":{\"@id\":\"https:\/\/brasilnoticias.org\/site\/#organization\"},\"potentialAction\":[{\"@type\":\"SearchAction\",\"target\":{\"@type\":\"EntryPoint\",\"urlTemplate\":\"https:\/\/brasilnoticias.org\/site\/?s={search_term_string}\"},\"query-input\":{\"@type\":\"PropertyValueSpecification\",\"valueRequired\":true,\"valueName\":\"search_term_string\"}}],\"inLanguage\":\"pt-PT\"},{\"@type\":\"Organization\",\"@id\":\"https:\/\/brasilnoticias.org\/site\/#organization\",\"name\":\"Brasil not\u00edcias\",\"url\":\"https:\/\/brasilnoticias.org\/site\/\",\"logo\":{\"@type\":\"ImageObject\",\"inLanguage\":\"pt-PT\",\"@id\":\"https:\/\/brasilnoticias.org\/site\/#\/schema\/logo\/image\/\",\"url\":\"https:\/\/brasilnoticias.org\/site\/wp-content\/uploads\/2022\/05\/cropped-brasilnoticias-mini.jpg\",\"contentUrl\":\"https:\/\/brasilnoticias.org\/site\/wp-content\/uploads\/2022\/05\/cropped-brasilnoticias-mini.jpg\",\"width\":314,\"height\":86,\"caption\":\"Brasil not\u00edcias\"},\"image\":{\"@id\":\"https:\/\/brasilnoticias.org\/site\/#\/schema\/logo\/image\/\"}},{\"@type\":\"Person\",\"@id\":\"https:\/\/brasilnoticias.org\/site\/#\/schema\/person\/03bbbfe6c7634ad18c26444ea39049fa\",\"name\":\"Reda\u00e7\u00e3o\",\"image\":{\"@type\":\"ImageObject\",\"inLanguage\":\"pt-PT\",\"@id\":\"https:\/\/brasilnoticias.org\/site\/#\/schema\/person\/image\/\",\"url\":\"https:\/\/secure.gravatar.com\/avatar\/9ecaf7327a696cb23ad926fedded5f1f04d7049de9e445375d55b48c001a6e42?s=96&d=mm&r=g\",\"contentUrl\":\"https:\/\/secure.gravatar.com\/avatar\/9ecaf7327a696cb23ad926fedded5f1f04d7049de9e445375d55b48c001a6e42?s=96&d=mm&r=g\",\"caption\":\"Reda\u00e7\u00e3o\"},\"url\":\"https:\/\/brasilnoticias.org\/site\/author\/henrique\/\"}]}<\/script>\n<!-- \/ Yoast SEO plugin. -->","yoast_head_json":{"title":"Edi\u00e7\u00e3o extraordin\u00e1ria da Confer\u00eancia de Educa\u00e7\u00e3o da Bahia ser\u00e1 lan\u00e7ada nesta ter\u00e7a-feira - Brasil not\u00edcias","robots":{"index":"index","follow":"follow","max-snippet":"max-snippet:-1","max-image-preview":"max-image-preview:large","max-video-preview":"max-video-preview:-1"},"canonical":"https:\/\/brasilnoticias.org\/site\/edicao-extraordinaria-da-conferencia-de-educacao-da-bahia-sera-lancada-nesta-terca-feira\/","og_locale":"pt_PT","og_type":"article","og_title":"Edi\u00e7\u00e3o extraordin\u00e1ria da Confer\u00eancia de Educa\u00e7\u00e3o da Bahia ser\u00e1 lan\u00e7ada nesta ter\u00e7a-feira - Brasil not\u00edcias","og_description":"O F\u00f3rum Estadual de Educa\u00e7\u00e3o da Bahia (FEE-BA), em parceria com a Secretaria da Educa\u00e7\u00e3o do Estado (SEC), lan\u00e7a nesta","og_url":"https:\/\/brasilnoticias.org\/site\/edicao-extraordinaria-da-conferencia-de-educacao-da-bahia-sera-lancada-nesta-terca-feira\/","og_site_name":"Brasil not\u00edcias","article_published_time":"2023-08-15T12:00:12+00:00","og_image":[{"width":696,"height":464,"url":"https:\/\/brasilnoticias.org\/site\/wp-content\/uploads\/2023\/08\/coeed-2022-696x464-1.jpeg","type":"image\/jpeg"}],"author":"Reda\u00e7\u00e3o","twitter_card":"summary_large_image","twitter_misc":{"Escrito por":"Reda\u00e7\u00e3o"},"schema":{"@context":"https:\/\/schema.org","@graph":[{"@type":"Article","@id":"https:\/\/brasilnoticias.org\/site\/edicao-extraordinaria-da-conferencia-de-educacao-da-bahia-sera-lancada-nesta-terca-feira\/#article","isPartOf":{"@id":"https:\/\/brasilnoticias.org\/site\/edicao-extraordinaria-da-conferencia-de-educacao-da-bahia-sera-lancada-nesta-terca-feira\/"},"author":{"name":"Reda\u00e7\u00e3o","@id":"https:\/\/brasilnoticias.org\/site\/#\/schema\/person\/03bbbfe6c7634ad18c26444ea39049fa"},"headline":"Edi\u00e7\u00e3o extraordin\u00e1ria da Confer\u00eancia de Educa\u00e7\u00e3o da Bahia ser\u00e1 lan\u00e7ada nesta ter\u00e7a-feira","datePublished":"2023-08-15T12:00:12+00:00","mainEntityOfPage":{"@id":"https:\/\/brasilnoticias.org\/site\/edicao-extraordinaria-da-conferencia-de-educacao-da-bahia-sera-lancada-nesta-terca-feira\/"},"wordCount":744,"commentCount":0,"publisher":{"@id":"https:\/\/brasilnoticias.org\/site\/#organization"},"image":{"@id":"https:\/\/brasilnoticias.org\/site\/edicao-extraordinaria-da-conferencia-de-educacao-da-bahia-sera-lancada-nesta-terca-feira\/#primaryimage"},"thumbnailUrl":"https:\/\/brasilnoticias.org\/site\/wp-content\/uploads\/2023\/08\/coeed-2022-696x464-1.jpeg","articleSection":["Not\u00edcias","\u00daltimas"],"inLanguage":"pt-PT","potentialAction":[{"@type":"CommentAction","name":"Comment","target":["https:\/\/brasilnoticias.org\/site\/edicao-extraordinaria-da-conferencia-de-educacao-da-bahia-sera-lancada-nesta-terca-feira\/#respond"]}]},{"@type":"WebPage","@id":"https:\/\/brasilnoticias.org\/site\/edicao-extraordinaria-da-conferencia-de-educacao-da-bahia-sera-lancada-nesta-terca-feira\/","url":"https:\/\/brasilnoticias.org\/site\/edicao-extraordinaria-da-conferencia-de-educacao-da-bahia-sera-lancada-nesta-terca-feira\/","name":"Edi\u00e7\u00e3o extraordin\u00e1ria da Confer\u00eancia de Educa\u00e7\u00e3o da Bahia ser\u00e1 lan\u00e7ada nesta ter\u00e7a-feira - Brasil not\u00edcias","isPartOf":{"@id":"https:\/\/brasilnoticias.org\/site\/#website"},"primaryImageOfPage":{"@id":"https:\/\/brasilnoticias.org\/site\/edicao-extraordinaria-da-conferencia-de-educacao-da-bahia-sera-lancada-nesta-terca-feira\/#primaryimage"},"image":{"@id":"https:\/\/brasilnoticias.org\/site\/edicao-extraordinaria-da-conferencia-de-educacao-da-bahia-sera-lancada-nesta-terca-feira\/#primaryimage"},"thumbnailUrl":"https:\/\/brasilnoticias.org\/site\/wp-content\/uploads\/2023\/08\/coeed-2022-696x464-1.jpeg","datePublished":"2023-08-15T12:00:12+00:00","breadcrumb":{"@id":"https:\/\/brasilnoticias.org\/site\/edicao-extraordinaria-da-conferencia-de-educacao-da-bahia-sera-lancada-nesta-terca-feira\/#breadcrumb"},"inLanguage":"pt-PT","potentialAction":[{"@type":"ReadAction","target":["https:\/\/brasilnoticias.org\/site\/edicao-extraordinaria-da-conferencia-de-educacao-da-bahia-sera-lancada-nesta-terca-feira\/"]}]},{"@type":"ImageObject","inLanguage":"pt-PT","@id":"https:\/\/brasilnoticias.org\/site\/edicao-extraordinaria-da-conferencia-de-educacao-da-bahia-sera-lancada-nesta-terca-feira\/#primaryimage","url":"https:\/\/brasilnoticias.org\/site\/wp-content\/uploads\/2023\/08\/coeed-2022-696x464-1.jpeg","contentUrl":"https:\/\/brasilnoticias.org\/site\/wp-content\/uploads\/2023\/08\/coeed-2022-696x464-1.jpeg","width":696,"height":464},{"@type":"BreadcrumbList","@id":"https:\/\/brasilnoticias.org\/site\/edicao-extraordinaria-da-conferencia-de-educacao-da-bahia-sera-lancada-nesta-terca-feira\/#breadcrumb","itemListElement":[{"@type":"ListItem","position":1,"name":"In\u00edcio","item":"https:\/\/brasilnoticias.org\/site\/"},{"@type":"ListItem","position":2,"name":"Edi\u00e7\u00e3o extraordin\u00e1ria da Confer\u00eancia de Educa\u00e7\u00e3o da Bahia ser\u00e1 lan\u00e7ada nesta ter\u00e7a-feira"}]},{"@type":"WebSite","@id":"https:\/\/brasilnoticias.org\/site\/#website","url":"https:\/\/brasilnoticias.org\/site\/","name":"Brasil not\u00edcias","description":"Brasil not\u00edcias","publisher":{"@id":"https:\/\/brasilnoticias.org\/site\/#organization"},"potentialAction":[{"@type":"SearchAction","target":{"@type":"EntryPoint","urlTemplate":"https:\/\/brasilnoticias.org\/site\/?s={search_term_string}"},"query-input":{"@type":"PropertyValueSpecification","valueRequired":true,"valueName":"search_term_string"}}],"inLanguage":"pt-PT"},{"@type":"Organization","@id":"https:\/\/brasilnoticias.org\/site\/#organization","name":"Brasil not\u00edcias","url":"https:\/\/brasilnoticias.org\/site\/","logo":{"@type":"ImageObject","inLanguage":"pt-PT","@id":"https:\/\/brasilnoticias.org\/site\/#\/schema\/logo\/image\/","url":"https:\/\/brasilnoticias.org\/site\/wp-content\/uploads\/2022\/05\/cropped-brasilnoticias-mini.jpg","contentUrl":"https:\/\/brasilnoticias.org\/site\/wp-content\/uploads\/2022\/05\/cropped-brasilnoticias-mini.jpg","width":314,"height":86,"caption":"Brasil not\u00edcias"},"image":{"@id":"https:\/\/brasilnoticias.org\/site\/#\/schema\/logo\/image\/"}},{"@type":"Person","@id":"https:\/\/brasilnoticias.org\/site\/#\/schema\/person\/03bbbfe6c7634ad18c26444ea39049fa","name":"Reda\u00e7\u00e3o","image":{"@type":"ImageObject","inLanguage":"pt-PT","@id":"https:\/\/brasilnoticias.org\/site\/#\/schema\/person\/image\/","url":"https:\/\/secure.gravatar.com\/avatar\/9ecaf7327a696cb23ad926fedded5f1f04d7049de9e445375d55b48c001a6e42?s=96&d=mm&r=g","contentUrl":"https:\/\/secure.gravatar.com\/avatar\/9ecaf7327a696cb23ad926fedded5f1f04d7049de9e445375d55b48c001a6e42?s=96&d=mm&r=g","caption":"Reda\u00e7\u00e3o"},"url":"https:\/\/brasilnoticias.org\/site\/author\/henrique\/"}]}},"_links":{"self":[{"href":"https:\/\/brasilnoticias.org\/site\/wp-json\/wp\/v2\/posts\/8281","targetHints":{"allow":["GET"]}}],"collection":[{"href":"https:\/\/brasilnoticias.org\/site\/wp-json\/wp\/v2\/posts"}],"about":[{"href":"https:\/\/brasilnoticias.org\/site\/wp-json\/wp\/v2\/types\/post"}],"author":[{"embeddable":true,"href":"https:\/\/brasilnoticias.org\/site\/wp-json\/wp\/v2\/users\/4"}],"replies":[{"embeddable":true,"href":"https:\/\/brasilnoticias.org\/site\/wp-json\/wp\/v2\/comments?post=8281"}],"version-history":[{"count":1,"href":"https:\/\/brasilnoticias.org\/site\/wp-json\/wp\/v2\/posts\/8281\/revisions"}],"predecessor-version":[{"id":8283,"href":"https:\/\/brasilnoticias.org\/site\/wp-json\/wp\/v2\/posts\/8281\/revisions\/8283"}],"wp:featuredmedia":[{"embeddable":true,"href":"https:\/\/brasilnoticias.org\/site\/wp-json\/wp\/v2\/media\/8282"}],"wp:attachment":[{"href":"https:\/\/brasilnoticias.org\/site\/wp-json\/wp\/v2\/media?parent=8281"}],"wp:term":[{"taxonomy":"category","embeddable":true,"href":"https:\/\/brasilnoticias.org\/site\/wp-json\/wp\/v2\/categories?post=8281"},{"taxonomy":"post_tag","embeddable":true,"href":"https:\/\/brasilnoticias.org\/site\/wp-json\/wp\/v2\/tags?post=8281"}],"curies":[{"name":"wp","href":"https:\/\/api.w.org\/{rel}","templated":true}]}}