{"id":8284,"date":"2023-08-15T13:31:51","date_gmt":"2023-08-15T16:31:51","guid":{"rendered":"https:\/\/brasilnoticias.org\/site\/?p=8284"},"modified":"2023-08-15T13:42:54","modified_gmt":"2023-08-15T16:42:54","slug":"apagao-nacional-afeta-bahia-e-cidades-ficam-sem-energia-eletrica-metro-em-salvador-foi-esvaziado-e-pessoas-andaram-sobre-os-trilhos","status":"publish","type":"post","link":"https:\/\/brasilnoticias.org\/site\/apagao-nacional-afeta-bahia-e-cidades-ficam-sem-energia-eletrica-metro-em-salvador-foi-esvaziado-e-pessoas-andaram-sobre-os-trilhos\/","title":{"rendered":"&#8216;Apag\u00e3o&#8217; nacional afeta Bahia e cidades ficam sem energia el\u00e9trica; metr\u00f4 em Salvador foi esvaziado e pessoas andaram sobre os trilhos"},"content":{"rendered":"<p>Operador Nacional do Sistema El\u00e9trico (ONS) informou que apag\u00e3o nacional registrado em v\u00e1rias cidades do Brasil afeta regi\u00f5es Nordeste, Norte e Sudeste.<\/p>\n<p>Uma &#8220;apag\u00e3o&#8221; nacional afetou a Bahia e v\u00e1rias cidades ficaram sem energia el\u00e9trica na manh\u00e3 desta ter\u00e7a-feira (15). A CCR Metr\u00f4 Bahia, respons\u00e1vel pelo sistema metrovi\u00e1rio de Salvador e Lauro de Freitas, informou que o metr\u00f4 foi evacuado e as opera\u00e7\u00f5es est\u00e3o temporariamente suspensas.<\/p>\n<p>&#8216;Apag\u00e3o&#8217; que afeta regi\u00f5es Nordeste, Norte e Sudeste ocorreu ap\u00f3s abertura da interliga\u00e7\u00e3o entre redes, diz ONS<br \/>\n&#8216;Apag\u00e3o&#8217; de energia evacua metr\u00f4, desliga sem\u00e1foros, para Elevador Lacerda e deixa celulares sem internet na Bahia<br \/>\nA falta de energia el\u00e9trica foi constatada \u00e0s 8h31 e come\u00e7ou a ser restabelecida por volta das 10h20. A Neoenergia Coelba, concession\u00e1ria respons\u00e1vel pelo servi\u00e7o na Bahia, afirmou que todos os munic\u00edpios dos estados foram afetados.<\/p>\n<p>A Neoenergia Coelba, concession\u00e1ria respons\u00e1vel pelo servi\u00e7o na Bahia, afirmou que o restabelecimento das cargas afetadas pela ocorr\u00eancia no Sistema Interligado Nacional (SIN) acontece, gradativamente, mediante autoriza\u00e7\u00e3o do Operador Nacional do Sistema (ONS).<\/p>\n<p>At\u00e9 11h, conforme a Coelba, cerca de 50% dos consumidores inicialmente afetados na Bahia foram normalizados. Cidades como Ilh\u00e9us, Itabuna, Eun\u00e1polis, Porto Seguro, Barreiras, Lu\u00eds Eduardo Magalh\u00e3es, Juazeiro, Jacobina, Paulo Afonso, Jequi\u00e9, Sim\u00f5es Filho, Irec\u00ea e parte de Salvador j\u00e1 foram normalizadas.<\/p>\n<p>O Minist\u00e9rio de Minas e Energia (MME) informou que at\u00e9 10hh22, 27% da carga da regi\u00e3o Norte e 68% da regi\u00e3o Nordeste estava normalizada.<\/p>\n<p>A Empresa Baiana de \u00c1guas e Saneamento (Embasa) informou que a opera\u00e7\u00e3o dos sistemas de abastecimento de \u00e1gua dos 367 munic\u00edpios onde a empresa atua foi afetada pelo &#8220;apag\u00e3o&#8221;. O servi\u00e7o ser\u00e1 retomado de forma gradativa.<\/p>\n<p>A CCR Metr\u00f4 Bahia informou que todos as pessoas que estavam nas esta\u00e7\u00f5es foram orientadas a evacuar as plataformas no momento da ocorr\u00eancia, assim como as que estavam dentro dos vag\u00f5es, que foram encaminhados com seguran\u00e7a para as plataformas mais pr\u00f3ximas. Um v\u00eddeo mostra o momento em que os passageiros andaram sobre os trilhos.<\/p>\n<p>Os acessos \u00e0s esta\u00e7\u00f5es do metr\u00f4 de Salvador seguem fechados at\u00e9 o reestabelecimento total da energia el\u00e9trica. O Elevador Lacerda, importante ponto tur\u00edstico e meio de transporte da capital, tamb\u00e9m est\u00e1 parado.<\/p>\n<p>Por meio da Secretaria Municipal de Mobilidade (Semob), a Prefeitura de Salvador divulgou o esquema de opera\u00e7\u00e3o especial para atender as pessoas. Os usu\u00e1rios do metr\u00f4 que n\u00e3o puderam utilizar o transporte contam com linhas especiais que ligam os terminais Mussurunga, Acesso Norte, Piraj\u00e1 e Lapa.<\/p>\n<p>As linhas que operam na regi\u00e3o do Vale dos Barris est\u00e3o atendendo a Esta\u00e7\u00e3o da Lapa. O BRT segue com opera\u00e7\u00e3o normal e agentes da Semob est\u00e3o nas ruas para prestar orienta\u00e7\u00f5es e evitar transtornos.<\/p>\n<p>J\u00e1 os ascensores da capital baiana, Elevador Lacerda, Elevador do Tabo\u00e3o, Plano Inclinado Gon\u00e7alves, Plano Inclinado Liberdade-Cal\u00e7ada e Plano Inclinado Pilar ficaram sem funcionar.<\/p>\n<p>A Secretaria de Sa\u00fade do Estado (Sesab) informou que os hospitais da rede estadual t\u00eam geradores que garantem o funcionamento dos servi\u00e7os essenciais das unidades, como equipamentos das UTIs e dos centros cir\u00fargicos.<\/p>\n<p>J\u00e1 Concession\u00e1ria do Aeroporto de Salvador informou que, por causa do apag\u00e3o nacional, o terminal a\u00e9reo da capital baiana funcionou com o uso de geradores. Pousos e decolagens operaram normalmente.<\/p>\n<p>O Operador Nacional do Sistema El\u00e9trico (ONS) informou que o apag\u00e3o nacional registrado em v\u00e1rias cidades do Brasil afeta as regi\u00f5es Nordeste, Norte e Sudeste. A interrup\u00e7\u00e3o de energia ocorreu depois de uma abertura da interliga\u00e7\u00e3o Norte\/Sudeste.<\/p>\n<p>De acordo com o ONS, as causas dessa ocorr\u00eancia ainda est\u00e3o sendo apuradas. O Operador Nacional informou ainda que a recomposi\u00e7\u00e3o j\u00e1 foi iniciada em todas as regi\u00f5es e que 6 mil MW j\u00e1 foram recompostos. N\u00e3o h\u00e1 previs\u00e3o para a recomposi\u00e7\u00e3o total.<\/p>\n<p>Foto: Arte G1<br \/>\nG1<\/p>\n","protected":false},"excerpt":{"rendered":"<p>Operador Nacional do Sistema El\u00e9trico (ONS) informou que apag\u00e3o nacional registrado em v\u00e1rias cidades do Brasil afeta regi\u00f5es Nordeste, Norte<\/p>\n","protected":false},"author":4,"featured_media":8285,"comment_status":"open","ping_status":"open","sticky":false,"template":"","format":"standard","meta":{"colormag_page_container_layout":"default_layout","colormag_page_sidebar_layout":"default_layout","_FSMCFIC_featured_image_caption":"","_FSMCFIC_featured_image_nocaption":"","_FSMCFIC_featured_image_hide":"","footnotes":""},"categories":[6,1],"tags":[],"class_list":["post-8284","post","type-post","status-publish","format-standard","has-post-thumbnail","hentry","category-mundo","category-ultimas"],"yoast_head":"<!-- This site is optimized with the Yoast SEO plugin v27.1.1 - https:\/\/yoast.com\/product\/yoast-seo-wordpress\/ -->\n<title>&#039;Apag\u00e3o&#039; nacional afeta Bahia e cidades ficam sem energia el\u00e9trica; metr\u00f4 em Salvador foi esvaziado e pessoas andaram sobre os trilhos - Brasil not\u00edcias<\/title>\n<meta name=\"robots\" content=\"index, follow, max-snippet:-1, max-image-preview:large, max-video-preview:-1\" \/>\n<link rel=\"canonical\" href=\"https:\/\/brasilnoticias.org\/site\/apagao-nacional-afeta-bahia-e-cidades-ficam-sem-energia-eletrica-metro-em-salvador-foi-esvaziado-e-pessoas-andaram-sobre-os-trilhos\/\" \/>\n<meta property=\"og:locale\" content=\"pt_PT\" \/>\n<meta property=\"og:type\" content=\"article\" \/>\n<meta property=\"og:title\" content=\"&#039;Apag\u00e3o&#039; nacional afeta Bahia e cidades ficam sem energia el\u00e9trica; metr\u00f4 em Salvador foi esvaziado e pessoas andaram sobre os trilhos - Brasil not\u00edcias\" \/>\n<meta property=\"og:description\" content=\"Operador Nacional do Sistema El\u00e9trico (ONS) informou que apag\u00e3o nacional registrado em v\u00e1rias cidades do Brasil afeta regi\u00f5es Nordeste, Norte\" \/>\n<meta property=\"og:url\" content=\"https:\/\/brasilnoticias.org\/site\/apagao-nacional-afeta-bahia-e-cidades-ficam-sem-energia-eletrica-metro-em-salvador-foi-esvaziado-e-pessoas-andaram-sobre-os-trilhos\/\" \/>\n<meta property=\"og:site_name\" content=\"Brasil not\u00edcias\" \/>\n<meta property=\"article:published_time\" content=\"2023-08-15T16:31:51+00:00\" \/>\n<meta property=\"article:modified_time\" content=\"2023-08-15T16:42:54+00:00\" \/>\n<meta property=\"og:image\" content=\"https:\/\/brasilnoticias.org\/site\/wp-content\/uploads\/2023\/08\/IMG_4759.webp\" \/>\n\t<meta property=\"og:image:width\" content=\"600\" \/>\n\t<meta property=\"og:image:height\" content=\"338\" \/>\n\t<meta property=\"og:image:type\" content=\"image\/webp\" \/>\n<meta name=\"author\" content=\"Reda\u00e7\u00e3o\" \/>\n<meta name=\"twitter:card\" content=\"summary_large_image\" \/>\n<meta name=\"twitter:label1\" content=\"Escrito por\" \/>\n\t<meta name=\"twitter:data1\" content=\"Reda\u00e7\u00e3o\" \/>\n\t<meta name=\"twitter:label2\" content=\"Tempo estimado de leitura\" \/>\n\t<meta name=\"twitter:data2\" content=\"4 minutos\" \/>\n<script type=\"application\/ld+json\" class=\"yoast-schema-graph\">{\"@context\":\"https:\/\/schema.org\",\"@graph\":[{\"@type\":\"Article\",\"@id\":\"https:\/\/brasilnoticias.org\/site\/apagao-nacional-afeta-bahia-e-cidades-ficam-sem-energia-eletrica-metro-em-salvador-foi-esvaziado-e-pessoas-andaram-sobre-os-trilhos\/#article\",\"isPartOf\":{\"@id\":\"https:\/\/brasilnoticias.org\/site\/apagao-nacional-afeta-bahia-e-cidades-ficam-sem-energia-eletrica-metro-em-salvador-foi-esvaziado-e-pessoas-andaram-sobre-os-trilhos\/\"},\"author\":{\"name\":\"Reda\u00e7\u00e3o\",\"@id\":\"https:\/\/brasilnoticias.org\/site\/#\/schema\/person\/03bbbfe6c7634ad18c26444ea39049fa\"},\"headline\":\"&#8216;Apag\u00e3o&#8217; nacional afeta Bahia e cidades ficam sem energia el\u00e9trica; metr\u00f4 em Salvador foi esvaziado e pessoas andaram sobre os trilhos\",\"datePublished\":\"2023-08-15T16:31:51+00:00\",\"dateModified\":\"2023-08-15T16:42:54+00:00\",\"mainEntityOfPage\":{\"@id\":\"https:\/\/brasilnoticias.org\/site\/apagao-nacional-afeta-bahia-e-cidades-ficam-sem-energia-eletrica-metro-em-salvador-foi-esvaziado-e-pessoas-andaram-sobre-os-trilhos\/\"},\"wordCount\":710,\"commentCount\":0,\"publisher\":{\"@id\":\"https:\/\/brasilnoticias.org\/site\/#organization\"},\"image\":{\"@id\":\"https:\/\/brasilnoticias.org\/site\/apagao-nacional-afeta-bahia-e-cidades-ficam-sem-energia-eletrica-metro-em-salvador-foi-esvaziado-e-pessoas-andaram-sobre-os-trilhos\/#primaryimage\"},\"thumbnailUrl\":\"https:\/\/brasilnoticias.org\/site\/wp-content\/uploads\/2023\/08\/IMG_4759.webp\",\"articleSection\":[\"Mundo\",\"\u00daltimas\"],\"inLanguage\":\"pt-PT\",\"potentialAction\":[{\"@type\":\"CommentAction\",\"name\":\"Comment\",\"target\":[\"https:\/\/brasilnoticias.org\/site\/apagao-nacional-afeta-bahia-e-cidades-ficam-sem-energia-eletrica-metro-em-salvador-foi-esvaziado-e-pessoas-andaram-sobre-os-trilhos\/#respond\"]}]},{\"@type\":\"WebPage\",\"@id\":\"https:\/\/brasilnoticias.org\/site\/apagao-nacional-afeta-bahia-e-cidades-ficam-sem-energia-eletrica-metro-em-salvador-foi-esvaziado-e-pessoas-andaram-sobre-os-trilhos\/\",\"url\":\"https:\/\/brasilnoticias.org\/site\/apagao-nacional-afeta-bahia-e-cidades-ficam-sem-energia-eletrica-metro-em-salvador-foi-esvaziado-e-pessoas-andaram-sobre-os-trilhos\/\",\"name\":\"'Apag\u00e3o' nacional afeta Bahia e cidades ficam sem energia el\u00e9trica; metr\u00f4 em Salvador foi esvaziado e pessoas andaram sobre os trilhos - Brasil not\u00edcias\",\"isPartOf\":{\"@id\":\"https:\/\/brasilnoticias.org\/site\/#website\"},\"primaryImageOfPage\":{\"@id\":\"https:\/\/brasilnoticias.org\/site\/apagao-nacional-afeta-bahia-e-cidades-ficam-sem-energia-eletrica-metro-em-salvador-foi-esvaziado-e-pessoas-andaram-sobre-os-trilhos\/#primaryimage\"},\"image\":{\"@id\":\"https:\/\/brasilnoticias.org\/site\/apagao-nacional-afeta-bahia-e-cidades-ficam-sem-energia-eletrica-metro-em-salvador-foi-esvaziado-e-pessoas-andaram-sobre-os-trilhos\/#primaryimage\"},\"thumbnailUrl\":\"https:\/\/brasilnoticias.org\/site\/wp-content\/uploads\/2023\/08\/IMG_4759.webp\",\"datePublished\":\"2023-08-15T16:31:51+00:00\",\"dateModified\":\"2023-08-15T16:42:54+00:00\",\"breadcrumb\":{\"@id\":\"https:\/\/brasilnoticias.org\/site\/apagao-nacional-afeta-bahia-e-cidades-ficam-sem-energia-eletrica-metro-em-salvador-foi-esvaziado-e-pessoas-andaram-sobre-os-trilhos\/#breadcrumb\"},\"inLanguage\":\"pt-PT\",\"potentialAction\":[{\"@type\":\"ReadAction\",\"target\":[\"https:\/\/brasilnoticias.org\/site\/apagao-nacional-afeta-bahia-e-cidades-ficam-sem-energia-eletrica-metro-em-salvador-foi-esvaziado-e-pessoas-andaram-sobre-os-trilhos\/\"]}]},{\"@type\":\"ImageObject\",\"inLanguage\":\"pt-PT\",\"@id\":\"https:\/\/brasilnoticias.org\/site\/apagao-nacional-afeta-bahia-e-cidades-ficam-sem-energia-eletrica-metro-em-salvador-foi-esvaziado-e-pessoas-andaram-sobre-os-trilhos\/#primaryimage\",\"url\":\"https:\/\/brasilnoticias.org\/site\/wp-content\/uploads\/2023\/08\/IMG_4759.webp\",\"contentUrl\":\"https:\/\/brasilnoticias.org\/site\/wp-content\/uploads\/2023\/08\/IMG_4759.webp\",\"width\":600,\"height\":338},{\"@type\":\"BreadcrumbList\",\"@id\":\"https:\/\/brasilnoticias.org\/site\/apagao-nacional-afeta-bahia-e-cidades-ficam-sem-energia-eletrica-metro-em-salvador-foi-esvaziado-e-pessoas-andaram-sobre-os-trilhos\/#breadcrumb\",\"itemListElement\":[{\"@type\":\"ListItem\",\"position\":1,\"name\":\"In\u00edcio\",\"item\":\"https:\/\/brasilnoticias.org\/site\/\"},{\"@type\":\"ListItem\",\"position\":2,\"name\":\"&#8216;Apag\u00e3o&#8217; nacional afeta Bahia e cidades ficam sem energia el\u00e9trica; metr\u00f4 em Salvador foi esvaziado e pessoas andaram sobre os trilhos\"}]},{\"@type\":\"WebSite\",\"@id\":\"https:\/\/brasilnoticias.org\/site\/#website\",\"url\":\"https:\/\/brasilnoticias.org\/site\/\",\"name\":\"Brasil not\u00edcias\",\"description\":\"Brasil not\u00edcias\",\"publisher\":{\"@id\":\"https:\/\/brasilnoticias.org\/site\/#organization\"},\"potentialAction\":[{\"@type\":\"SearchAction\",\"target\":{\"@type\":\"EntryPoint\",\"urlTemplate\":\"https:\/\/brasilnoticias.org\/site\/?s={search_term_string}\"},\"query-input\":{\"@type\":\"PropertyValueSpecification\",\"valueRequired\":true,\"valueName\":\"search_term_string\"}}],\"inLanguage\":\"pt-PT\"},{\"@type\":\"Organization\",\"@id\":\"https:\/\/brasilnoticias.org\/site\/#organization\",\"name\":\"Brasil not\u00edcias\",\"url\":\"https:\/\/brasilnoticias.org\/site\/\",\"logo\":{\"@type\":\"ImageObject\",\"inLanguage\":\"pt-PT\",\"@id\":\"https:\/\/brasilnoticias.org\/site\/#\/schema\/logo\/image\/\",\"url\":\"https:\/\/brasilnoticias.org\/site\/wp-content\/uploads\/2022\/05\/cropped-brasilnoticias-mini.jpg\",\"contentUrl\":\"https:\/\/brasilnoticias.org\/site\/wp-content\/uploads\/2022\/05\/cropped-brasilnoticias-mini.jpg\",\"width\":314,\"height\":86,\"caption\":\"Brasil not\u00edcias\"},\"image\":{\"@id\":\"https:\/\/brasilnoticias.org\/site\/#\/schema\/logo\/image\/\"}},{\"@type\":\"Person\",\"@id\":\"https:\/\/brasilnoticias.org\/site\/#\/schema\/person\/03bbbfe6c7634ad18c26444ea39049fa\",\"name\":\"Reda\u00e7\u00e3o\",\"image\":{\"@type\":\"ImageObject\",\"inLanguage\":\"pt-PT\",\"@id\":\"https:\/\/brasilnoticias.org\/site\/#\/schema\/person\/image\/\",\"url\":\"https:\/\/secure.gravatar.com\/avatar\/9ecaf7327a696cb23ad926fedded5f1f04d7049de9e445375d55b48c001a6e42?s=96&d=mm&r=g\",\"contentUrl\":\"https:\/\/secure.gravatar.com\/avatar\/9ecaf7327a696cb23ad926fedded5f1f04d7049de9e445375d55b48c001a6e42?s=96&d=mm&r=g\",\"caption\":\"Reda\u00e7\u00e3o\"},\"url\":\"https:\/\/brasilnoticias.org\/site\/author\/henrique\/\"}]}<\/script>\n<!-- \/ Yoast SEO plugin. -->","yoast_head_json":{"title":"'Apag\u00e3o' nacional afeta Bahia e cidades ficam sem energia el\u00e9trica; metr\u00f4 em Salvador foi esvaziado e pessoas andaram sobre os trilhos - Brasil not\u00edcias","robots":{"index":"index","follow":"follow","max-snippet":"max-snippet:-1","max-image-preview":"max-image-preview:large","max-video-preview":"max-video-preview:-1"},"canonical":"https:\/\/brasilnoticias.org\/site\/apagao-nacional-afeta-bahia-e-cidades-ficam-sem-energia-eletrica-metro-em-salvador-foi-esvaziado-e-pessoas-andaram-sobre-os-trilhos\/","og_locale":"pt_PT","og_type":"article","og_title":"'Apag\u00e3o' nacional afeta Bahia e cidades ficam sem energia el\u00e9trica; metr\u00f4 em Salvador foi esvaziado e pessoas andaram sobre os trilhos - Brasil not\u00edcias","og_description":"Operador Nacional do Sistema El\u00e9trico (ONS) informou que apag\u00e3o nacional registrado em v\u00e1rias cidades do Brasil afeta regi\u00f5es Nordeste, Norte","og_url":"https:\/\/brasilnoticias.org\/site\/apagao-nacional-afeta-bahia-e-cidades-ficam-sem-energia-eletrica-metro-em-salvador-foi-esvaziado-e-pessoas-andaram-sobre-os-trilhos\/","og_site_name":"Brasil not\u00edcias","article_published_time":"2023-08-15T16:31:51+00:00","article_modified_time":"2023-08-15T16:42:54+00:00","og_image":[{"width":600,"height":338,"url":"https:\/\/brasilnoticias.org\/site\/wp-content\/uploads\/2023\/08\/IMG_4759.webp","type":"image\/webp"}],"author":"Reda\u00e7\u00e3o","twitter_card":"summary_large_image","twitter_misc":{"Escrito por":"Reda\u00e7\u00e3o","Tempo estimado de leitura":"4 minutos"},"schema":{"@context":"https:\/\/schema.org","@graph":[{"@type":"Article","@id":"https:\/\/brasilnoticias.org\/site\/apagao-nacional-afeta-bahia-e-cidades-ficam-sem-energia-eletrica-metro-em-salvador-foi-esvaziado-e-pessoas-andaram-sobre-os-trilhos\/#article","isPartOf":{"@id":"https:\/\/brasilnoticias.org\/site\/apagao-nacional-afeta-bahia-e-cidades-ficam-sem-energia-eletrica-metro-em-salvador-foi-esvaziado-e-pessoas-andaram-sobre-os-trilhos\/"},"author":{"name":"Reda\u00e7\u00e3o","@id":"https:\/\/brasilnoticias.org\/site\/#\/schema\/person\/03bbbfe6c7634ad18c26444ea39049fa"},"headline":"&#8216;Apag\u00e3o&#8217; nacional afeta Bahia e cidades ficam sem energia el\u00e9trica; metr\u00f4 em Salvador foi esvaziado e pessoas andaram sobre os trilhos","datePublished":"2023-08-15T16:31:51+00:00","dateModified":"2023-08-15T16:42:54+00:00","mainEntityOfPage":{"@id":"https:\/\/brasilnoticias.org\/site\/apagao-nacional-afeta-bahia-e-cidades-ficam-sem-energia-eletrica-metro-em-salvador-foi-esvaziado-e-pessoas-andaram-sobre-os-trilhos\/"},"wordCount":710,"commentCount":0,"publisher":{"@id":"https:\/\/brasilnoticias.org\/site\/#organization"},"image":{"@id":"https:\/\/brasilnoticias.org\/site\/apagao-nacional-afeta-bahia-e-cidades-ficam-sem-energia-eletrica-metro-em-salvador-foi-esvaziado-e-pessoas-andaram-sobre-os-trilhos\/#primaryimage"},"thumbnailUrl":"https:\/\/brasilnoticias.org\/site\/wp-content\/uploads\/2023\/08\/IMG_4759.webp","articleSection":["Mundo","\u00daltimas"],"inLanguage":"pt-PT","potentialAction":[{"@type":"CommentAction","name":"Comment","target":["https:\/\/brasilnoticias.org\/site\/apagao-nacional-afeta-bahia-e-cidades-ficam-sem-energia-eletrica-metro-em-salvador-foi-esvaziado-e-pessoas-andaram-sobre-os-trilhos\/#respond"]}]},{"@type":"WebPage","@id":"https:\/\/brasilnoticias.org\/site\/apagao-nacional-afeta-bahia-e-cidades-ficam-sem-energia-eletrica-metro-em-salvador-foi-esvaziado-e-pessoas-andaram-sobre-os-trilhos\/","url":"https:\/\/brasilnoticias.org\/site\/apagao-nacional-afeta-bahia-e-cidades-ficam-sem-energia-eletrica-metro-em-salvador-foi-esvaziado-e-pessoas-andaram-sobre-os-trilhos\/","name":"'Apag\u00e3o' nacional afeta Bahia e cidades ficam sem energia el\u00e9trica; metr\u00f4 em Salvador foi esvaziado e pessoas andaram sobre os trilhos - Brasil not\u00edcias","isPartOf":{"@id":"https:\/\/brasilnoticias.org\/site\/#website"},"primaryImageOfPage":{"@id":"https:\/\/brasilnoticias.org\/site\/apagao-nacional-afeta-bahia-e-cidades-ficam-sem-energia-eletrica-metro-em-salvador-foi-esvaziado-e-pessoas-andaram-sobre-os-trilhos\/#primaryimage"},"image":{"@id":"https:\/\/brasilnoticias.org\/site\/apagao-nacional-afeta-bahia-e-cidades-ficam-sem-energia-eletrica-metro-em-salvador-foi-esvaziado-e-pessoas-andaram-sobre-os-trilhos\/#primaryimage"},"thumbnailUrl":"https:\/\/brasilnoticias.org\/site\/wp-content\/uploads\/2023\/08\/IMG_4759.webp","datePublished":"2023-08-15T16:31:51+00:00","dateModified":"2023-08-15T16:42:54+00:00","breadcrumb":{"@id":"https:\/\/brasilnoticias.org\/site\/apagao-nacional-afeta-bahia-e-cidades-ficam-sem-energia-eletrica-metro-em-salvador-foi-esvaziado-e-pessoas-andaram-sobre-os-trilhos\/#breadcrumb"},"inLanguage":"pt-PT","potentialAction":[{"@type":"ReadAction","target":["https:\/\/brasilnoticias.org\/site\/apagao-nacional-afeta-bahia-e-cidades-ficam-sem-energia-eletrica-metro-em-salvador-foi-esvaziado-e-pessoas-andaram-sobre-os-trilhos\/"]}]},{"@type":"ImageObject","inLanguage":"pt-PT","@id":"https:\/\/brasilnoticias.org\/site\/apagao-nacional-afeta-bahia-e-cidades-ficam-sem-energia-eletrica-metro-em-salvador-foi-esvaziado-e-pessoas-andaram-sobre-os-trilhos\/#primaryimage","url":"https:\/\/brasilnoticias.org\/site\/wp-content\/uploads\/2023\/08\/IMG_4759.webp","contentUrl":"https:\/\/brasilnoticias.org\/site\/wp-content\/uploads\/2023\/08\/IMG_4759.webp","width":600,"height":338},{"@type":"BreadcrumbList","@id":"https:\/\/brasilnoticias.org\/site\/apagao-nacional-afeta-bahia-e-cidades-ficam-sem-energia-eletrica-metro-em-salvador-foi-esvaziado-e-pessoas-andaram-sobre-os-trilhos\/#breadcrumb","itemListElement":[{"@type":"ListItem","position":1,"name":"In\u00edcio","item":"https:\/\/brasilnoticias.org\/site\/"},{"@type":"ListItem","position":2,"name":"&#8216;Apag\u00e3o&#8217; nacional afeta Bahia e cidades ficam sem energia el\u00e9trica; metr\u00f4 em Salvador foi esvaziado e pessoas andaram sobre os trilhos"}]},{"@type":"WebSite","@id":"https:\/\/brasilnoticias.org\/site\/#website","url":"https:\/\/brasilnoticias.org\/site\/","name":"Brasil not\u00edcias","description":"Brasil not\u00edcias","publisher":{"@id":"https:\/\/brasilnoticias.org\/site\/#organization"},"potentialAction":[{"@type":"SearchAction","target":{"@type":"EntryPoint","urlTemplate":"https:\/\/brasilnoticias.org\/site\/?s={search_term_string}"},"query-input":{"@type":"PropertyValueSpecification","valueRequired":true,"valueName":"search_term_string"}}],"inLanguage":"pt-PT"},{"@type":"Organization","@id":"https:\/\/brasilnoticias.org\/site\/#organization","name":"Brasil not\u00edcias","url":"https:\/\/brasilnoticias.org\/site\/","logo":{"@type":"ImageObject","inLanguage":"pt-PT","@id":"https:\/\/brasilnoticias.org\/site\/#\/schema\/logo\/image\/","url":"https:\/\/brasilnoticias.org\/site\/wp-content\/uploads\/2022\/05\/cropped-brasilnoticias-mini.jpg","contentUrl":"https:\/\/brasilnoticias.org\/site\/wp-content\/uploads\/2022\/05\/cropped-brasilnoticias-mini.jpg","width":314,"height":86,"caption":"Brasil not\u00edcias"},"image":{"@id":"https:\/\/brasilnoticias.org\/site\/#\/schema\/logo\/image\/"}},{"@type":"Person","@id":"https:\/\/brasilnoticias.org\/site\/#\/schema\/person\/03bbbfe6c7634ad18c26444ea39049fa","name":"Reda\u00e7\u00e3o","image":{"@type":"ImageObject","inLanguage":"pt-PT","@id":"https:\/\/brasilnoticias.org\/site\/#\/schema\/person\/image\/","url":"https:\/\/secure.gravatar.com\/avatar\/9ecaf7327a696cb23ad926fedded5f1f04d7049de9e445375d55b48c001a6e42?s=96&d=mm&r=g","contentUrl":"https:\/\/secure.gravatar.com\/avatar\/9ecaf7327a696cb23ad926fedded5f1f04d7049de9e445375d55b48c001a6e42?s=96&d=mm&r=g","caption":"Reda\u00e7\u00e3o"},"url":"https:\/\/brasilnoticias.org\/site\/author\/henrique\/"}]}},"_links":{"self":[{"href":"https:\/\/brasilnoticias.org\/site\/wp-json\/wp\/v2\/posts\/8284","targetHints":{"allow":["GET"]}}],"collection":[{"href":"https:\/\/brasilnoticias.org\/site\/wp-json\/wp\/v2\/posts"}],"about":[{"href":"https:\/\/brasilnoticias.org\/site\/wp-json\/wp\/v2\/types\/post"}],"author":[{"embeddable":true,"href":"https:\/\/brasilnoticias.org\/site\/wp-json\/wp\/v2\/users\/4"}],"replies":[{"embeddable":true,"href":"https:\/\/brasilnoticias.org\/site\/wp-json\/wp\/v2\/comments?post=8284"}],"version-history":[{"count":3,"href":"https:\/\/brasilnoticias.org\/site\/wp-json\/wp\/v2\/posts\/8284\/revisions"}],"predecessor-version":[{"id":8288,"href":"https:\/\/brasilnoticias.org\/site\/wp-json\/wp\/v2\/posts\/8284\/revisions\/8288"}],"wp:featuredmedia":[{"embeddable":true,"href":"https:\/\/brasilnoticias.org\/site\/wp-json\/wp\/v2\/media\/8285"}],"wp:attachment":[{"href":"https:\/\/brasilnoticias.org\/site\/wp-json\/wp\/v2\/media?parent=8284"}],"wp:term":[{"taxonomy":"category","embeddable":true,"href":"https:\/\/brasilnoticias.org\/site\/wp-json\/wp\/v2\/categories?post=8284"},{"taxonomy":"post_tag","embeddable":true,"href":"https:\/\/brasilnoticias.org\/site\/wp-json\/wp\/v2\/tags?post=8284"}],"curies":[{"name":"wp","href":"https:\/\/api.w.org\/{rel}","templated":true}]}}