{"id":8298,"date":"2023-08-15T20:18:34","date_gmt":"2023-08-15T23:18:34","guid":{"rendered":"https:\/\/brasilnoticias.org\/site\/?p=8298"},"modified":"2023-08-15T20:18:34","modified_gmt":"2023-08-15T23:18:34","slug":"origem-do-apagao-foi-no-ceara-aponta-ministro-de-minas-e-energia","status":"publish","type":"post","link":"https:\/\/brasilnoticias.org\/site\/origem-do-apagao-foi-no-ceara-aponta-ministro-de-minas-e-energia\/","title":{"rendered":"Origem do apag\u00e3o foi no Cear\u00e1, aponta ministro de Minas e Energia"},"content":{"rendered":"<p>Al\u00e9m da origem detectada, h\u00e1 um outro poss\u00edvel evento, tamb\u00e9m no Nordeste, sendo investigado para justificar a falha<\/p>\n<p>O ministro de Minas e Energia, Alexandre Silveira, afirmou que a origem do problema que desencadeou o apag\u00e3o geral nesta ter\u00e7a-feira (15\/8) foi no Cear\u00e1. A informa\u00e7\u00e3o foi divulgada em coletiva concedida hoje, para explicar o que teria causado a interrup\u00e7\u00e3o el\u00e9trica em 25 estados brasileiros, mais o Distrito Federal.<\/p>\n<p>De acordo com o ministro, h\u00e1 ainda a possibilidade de que outro evento na regi\u00e3o Nordeste teria sido respons\u00e1vel pelo apag\u00e3o. \u201cO que aconteceu hoje \u00e9 algo extremamente raro. E para acontecer um evento desta magnitude, n\u00f3s temos que ter tido dois eventos concomitantes, em linhas de transmiss\u00e3o de alta capacidade\u201d, afirmou Silveira.<\/p>\n<p>Ele afirmou ainda que os incidentes nas regi\u00f5es Sul e Sudeste ocorreram por uma redu\u00e7\u00e3o na carga energ\u00e9tica fornecida, como forma de se \u201cproteger\u201d para uma eventual queda completa, tanto que nessas regi\u00f5es o retorno do fornecimento total ocorreu primeiro.<\/p>\n<p>Silveira comentou ainda que haver\u00e1 uma investiga\u00e7\u00e3o para o incidente e que solicitou ao Minist\u00e9rio da Justi\u00e7a, atrav\u00e9s da Pol\u00edcia Federal, aux\u00edlio para averiguar as raz\u00f5es que provocaram o apag\u00e3o, inclusive a\u00e7\u00e3o humana, seja ela por falha ou mesmo por dolo.<\/p>\n<p>O APAG\u00c3O<\/p>\n<p>O apag\u00e3o que atingiu cidades do Norte, Nordeste, Sudeste e Sul do Brasil ocorreu aproximadamente \u00e0s 8h30 desta ter\u00e7a-feira. Por volta das 11h, cidades da Bahia voltaram, gradativamente, a ter energia. Segundo a Neoenergia Coelba, cerca de 99% dos consumidores de Salvador j\u00e1 estavam com energia em casa. No \u00e2mbito estadual, 50% dos afetados foram retomados.<\/p>\n<p>No \u00faltimo comunicado divulgado pela Neoenergia, \u00e0s 14h13, foi informado que o restabelecimento do fornecimento nas \u00e1reas atingidas iniciou \u00e0s 9h03 e foi conclu\u00eddo \u00e0s 14h07. As causas da ocorr\u00eancia ainda est\u00e3o sob an\u00e1lise pelo Operador Nacional do Sistema (ONS).<\/p>\n<p>Foto: reprodu\u00e7\u00e3o\/Canal GOV<br \/>\nAratu On<\/p>\n","protected":false},"excerpt":{"rendered":"<p>Al\u00e9m da origem detectada, h\u00e1 um outro poss\u00edvel evento, tamb\u00e9m no Nordeste, sendo investigado para justificar a falha O ministro<\/p>\n","protected":false},"author":4,"featured_media":8299,"comment_status":"open","ping_status":"open","sticky":false,"template":"","format":"standard","meta":{"colormag_page_container_layout":"default_layout","colormag_page_sidebar_layout":"default_layout","_FSMCFIC_featured_image_caption":"","_FSMCFIC_featured_image_nocaption":"","_FSMCFIC_featured_image_hide":"","footnotes":""},"categories":[6,1],"tags":[],"class_list":["post-8298","post","type-post","status-publish","format-standard","has-post-thumbnail","hentry","category-mundo","category-ultimas"],"yoast_head":"<!-- This site is optimized with the Yoast SEO plugin v27.1.1 - https:\/\/yoast.com\/product\/yoast-seo-wordpress\/ -->\n<title>Origem do apag\u00e3o foi no Cear\u00e1, aponta ministro de Minas e Energia - Brasil not\u00edcias<\/title>\n<meta name=\"robots\" content=\"index, follow, max-snippet:-1, max-image-preview:large, max-video-preview:-1\" \/>\n<link rel=\"canonical\" href=\"https:\/\/brasilnoticias.org\/site\/origem-do-apagao-foi-no-ceara-aponta-ministro-de-minas-e-energia\/\" \/>\n<meta property=\"og:locale\" content=\"pt_PT\" \/>\n<meta property=\"og:type\" content=\"article\" \/>\n<meta property=\"og:title\" content=\"Origem do apag\u00e3o foi no Cear\u00e1, aponta ministro de Minas e Energia - Brasil not\u00edcias\" \/>\n<meta property=\"og:description\" content=\"Al\u00e9m da origem detectada, h\u00e1 um outro poss\u00edvel evento, tamb\u00e9m no Nordeste, sendo investigado para justificar a falha O ministro\" \/>\n<meta property=\"og:url\" content=\"https:\/\/brasilnoticias.org\/site\/origem-do-apagao-foi-no-ceara-aponta-ministro-de-minas-e-energia\/\" \/>\n<meta property=\"og:site_name\" content=\"Brasil not\u00edcias\" \/>\n<meta property=\"article:published_time\" content=\"2023-08-15T23:18:34+00:00\" \/>\n<meta property=\"og:image\" content=\"https:\/\/brasilnoticias.org\/site\/wp-content\/uploads\/2023\/08\/ministro-740x470-1.jpg\" \/>\n\t<meta property=\"og:image:width\" content=\"740\" \/>\n\t<meta property=\"og:image:height\" content=\"470\" \/>\n\t<meta property=\"og:image:type\" content=\"image\/jpeg\" \/>\n<meta name=\"author\" content=\"Reda\u00e7\u00e3o\" \/>\n<meta name=\"twitter:card\" content=\"summary_large_image\" \/>\n<meta name=\"twitter:label1\" content=\"Escrito por\" \/>\n\t<meta name=\"twitter:data1\" content=\"Reda\u00e7\u00e3o\" \/>\n<script type=\"application\/ld+json\" class=\"yoast-schema-graph\">{\"@context\":\"https:\/\/schema.org\",\"@graph\":[{\"@type\":\"Article\",\"@id\":\"https:\/\/brasilnoticias.org\/site\/origem-do-apagao-foi-no-ceara-aponta-ministro-de-minas-e-energia\/#article\",\"isPartOf\":{\"@id\":\"https:\/\/brasilnoticias.org\/site\/origem-do-apagao-foi-no-ceara-aponta-ministro-de-minas-e-energia\/\"},\"author\":{\"name\":\"Reda\u00e7\u00e3o\",\"@id\":\"https:\/\/brasilnoticias.org\/site\/#\/schema\/person\/03bbbfe6c7634ad18c26444ea39049fa\"},\"headline\":\"Origem do apag\u00e3o foi no Cear\u00e1, aponta ministro de Minas e Energia\",\"datePublished\":\"2023-08-15T23:18:34+00:00\",\"mainEntityOfPage\":{\"@id\":\"https:\/\/brasilnoticias.org\/site\/origem-do-apagao-foi-no-ceara-aponta-ministro-de-minas-e-energia\/\"},\"wordCount\":348,\"commentCount\":0,\"publisher\":{\"@id\":\"https:\/\/brasilnoticias.org\/site\/#organization\"},\"image\":{\"@id\":\"https:\/\/brasilnoticias.org\/site\/origem-do-apagao-foi-no-ceara-aponta-ministro-de-minas-e-energia\/#primaryimage\"},\"thumbnailUrl\":\"https:\/\/brasilnoticias.org\/site\/wp-content\/uploads\/2023\/08\/ministro-740x470-1.jpg\",\"articleSection\":[\"Mundo\",\"\u00daltimas\"],\"inLanguage\":\"pt-PT\",\"potentialAction\":[{\"@type\":\"CommentAction\",\"name\":\"Comment\",\"target\":[\"https:\/\/brasilnoticias.org\/site\/origem-do-apagao-foi-no-ceara-aponta-ministro-de-minas-e-energia\/#respond\"]}]},{\"@type\":\"WebPage\",\"@id\":\"https:\/\/brasilnoticias.org\/site\/origem-do-apagao-foi-no-ceara-aponta-ministro-de-minas-e-energia\/\",\"url\":\"https:\/\/brasilnoticias.org\/site\/origem-do-apagao-foi-no-ceara-aponta-ministro-de-minas-e-energia\/\",\"name\":\"Origem do apag\u00e3o foi no Cear\u00e1, aponta ministro de Minas e Energia - Brasil not\u00edcias\",\"isPartOf\":{\"@id\":\"https:\/\/brasilnoticias.org\/site\/#website\"},\"primaryImageOfPage\":{\"@id\":\"https:\/\/brasilnoticias.org\/site\/origem-do-apagao-foi-no-ceara-aponta-ministro-de-minas-e-energia\/#primaryimage\"},\"image\":{\"@id\":\"https:\/\/brasilnoticias.org\/site\/origem-do-apagao-foi-no-ceara-aponta-ministro-de-minas-e-energia\/#primaryimage\"},\"thumbnailUrl\":\"https:\/\/brasilnoticias.org\/site\/wp-content\/uploads\/2023\/08\/ministro-740x470-1.jpg\",\"datePublished\":\"2023-08-15T23:18:34+00:00\",\"breadcrumb\":{\"@id\":\"https:\/\/brasilnoticias.org\/site\/origem-do-apagao-foi-no-ceara-aponta-ministro-de-minas-e-energia\/#breadcrumb\"},\"inLanguage\":\"pt-PT\",\"potentialAction\":[{\"@type\":\"ReadAction\",\"target\":[\"https:\/\/brasilnoticias.org\/site\/origem-do-apagao-foi-no-ceara-aponta-ministro-de-minas-e-energia\/\"]}]},{\"@type\":\"ImageObject\",\"inLanguage\":\"pt-PT\",\"@id\":\"https:\/\/brasilnoticias.org\/site\/origem-do-apagao-foi-no-ceara-aponta-ministro-de-minas-e-energia\/#primaryimage\",\"url\":\"https:\/\/brasilnoticias.org\/site\/wp-content\/uploads\/2023\/08\/ministro-740x470-1.jpg\",\"contentUrl\":\"https:\/\/brasilnoticias.org\/site\/wp-content\/uploads\/2023\/08\/ministro-740x470-1.jpg\",\"width\":740,\"height\":470},{\"@type\":\"BreadcrumbList\",\"@id\":\"https:\/\/brasilnoticias.org\/site\/origem-do-apagao-foi-no-ceara-aponta-ministro-de-minas-e-energia\/#breadcrumb\",\"itemListElement\":[{\"@type\":\"ListItem\",\"position\":1,\"name\":\"In\u00edcio\",\"item\":\"https:\/\/brasilnoticias.org\/site\/\"},{\"@type\":\"ListItem\",\"position\":2,\"name\":\"Origem do apag\u00e3o foi no Cear\u00e1, aponta ministro de Minas e Energia\"}]},{\"@type\":\"WebSite\",\"@id\":\"https:\/\/brasilnoticias.org\/site\/#website\",\"url\":\"https:\/\/brasilnoticias.org\/site\/\",\"name\":\"Brasil not\u00edcias\",\"description\":\"Brasil not\u00edcias\",\"publisher\":{\"@id\":\"https:\/\/brasilnoticias.org\/site\/#organization\"},\"potentialAction\":[{\"@type\":\"SearchAction\",\"target\":{\"@type\":\"EntryPoint\",\"urlTemplate\":\"https:\/\/brasilnoticias.org\/site\/?s={search_term_string}\"},\"query-input\":{\"@type\":\"PropertyValueSpecification\",\"valueRequired\":true,\"valueName\":\"search_term_string\"}}],\"inLanguage\":\"pt-PT\"},{\"@type\":\"Organization\",\"@id\":\"https:\/\/brasilnoticias.org\/site\/#organization\",\"name\":\"Brasil not\u00edcias\",\"url\":\"https:\/\/brasilnoticias.org\/site\/\",\"logo\":{\"@type\":\"ImageObject\",\"inLanguage\":\"pt-PT\",\"@id\":\"https:\/\/brasilnoticias.org\/site\/#\/schema\/logo\/image\/\",\"url\":\"https:\/\/brasilnoticias.org\/site\/wp-content\/uploads\/2022\/05\/cropped-brasilnoticias-mini.jpg\",\"contentUrl\":\"https:\/\/brasilnoticias.org\/site\/wp-content\/uploads\/2022\/05\/cropped-brasilnoticias-mini.jpg\",\"width\":314,\"height\":86,\"caption\":\"Brasil not\u00edcias\"},\"image\":{\"@id\":\"https:\/\/brasilnoticias.org\/site\/#\/schema\/logo\/image\/\"}},{\"@type\":\"Person\",\"@id\":\"https:\/\/brasilnoticias.org\/site\/#\/schema\/person\/03bbbfe6c7634ad18c26444ea39049fa\",\"name\":\"Reda\u00e7\u00e3o\",\"image\":{\"@type\":\"ImageObject\",\"inLanguage\":\"pt-PT\",\"@id\":\"https:\/\/brasilnoticias.org\/site\/#\/schema\/person\/image\/\",\"url\":\"https:\/\/secure.gravatar.com\/avatar\/9ecaf7327a696cb23ad926fedded5f1f04d7049de9e445375d55b48c001a6e42?s=96&d=mm&r=g\",\"contentUrl\":\"https:\/\/secure.gravatar.com\/avatar\/9ecaf7327a696cb23ad926fedded5f1f04d7049de9e445375d55b48c001a6e42?s=96&d=mm&r=g\",\"caption\":\"Reda\u00e7\u00e3o\"},\"url\":\"https:\/\/brasilnoticias.org\/site\/author\/henrique\/\"}]}<\/script>\n<!-- \/ Yoast SEO plugin. -->","yoast_head_json":{"title":"Origem do apag\u00e3o foi no Cear\u00e1, aponta ministro de Minas e Energia - Brasil not\u00edcias","robots":{"index":"index","follow":"follow","max-snippet":"max-snippet:-1","max-image-preview":"max-image-preview:large","max-video-preview":"max-video-preview:-1"},"canonical":"https:\/\/brasilnoticias.org\/site\/origem-do-apagao-foi-no-ceara-aponta-ministro-de-minas-e-energia\/","og_locale":"pt_PT","og_type":"article","og_title":"Origem do apag\u00e3o foi no Cear\u00e1, aponta ministro de Minas e Energia - Brasil not\u00edcias","og_description":"Al\u00e9m da origem detectada, h\u00e1 um outro poss\u00edvel evento, tamb\u00e9m no Nordeste, sendo investigado para justificar a falha O ministro","og_url":"https:\/\/brasilnoticias.org\/site\/origem-do-apagao-foi-no-ceara-aponta-ministro-de-minas-e-energia\/","og_site_name":"Brasil not\u00edcias","article_published_time":"2023-08-15T23:18:34+00:00","og_image":[{"width":740,"height":470,"url":"https:\/\/brasilnoticias.org\/site\/wp-content\/uploads\/2023\/08\/ministro-740x470-1.jpg","type":"image\/jpeg"}],"author":"Reda\u00e7\u00e3o","twitter_card":"summary_large_image","twitter_misc":{"Escrito por":"Reda\u00e7\u00e3o"},"schema":{"@context":"https:\/\/schema.org","@graph":[{"@type":"Article","@id":"https:\/\/brasilnoticias.org\/site\/origem-do-apagao-foi-no-ceara-aponta-ministro-de-minas-e-energia\/#article","isPartOf":{"@id":"https:\/\/brasilnoticias.org\/site\/origem-do-apagao-foi-no-ceara-aponta-ministro-de-minas-e-energia\/"},"author":{"name":"Reda\u00e7\u00e3o","@id":"https:\/\/brasilnoticias.org\/site\/#\/schema\/person\/03bbbfe6c7634ad18c26444ea39049fa"},"headline":"Origem do apag\u00e3o foi no Cear\u00e1, aponta ministro de Minas e Energia","datePublished":"2023-08-15T23:18:34+00:00","mainEntityOfPage":{"@id":"https:\/\/brasilnoticias.org\/site\/origem-do-apagao-foi-no-ceara-aponta-ministro-de-minas-e-energia\/"},"wordCount":348,"commentCount":0,"publisher":{"@id":"https:\/\/brasilnoticias.org\/site\/#organization"},"image":{"@id":"https:\/\/brasilnoticias.org\/site\/origem-do-apagao-foi-no-ceara-aponta-ministro-de-minas-e-energia\/#primaryimage"},"thumbnailUrl":"https:\/\/brasilnoticias.org\/site\/wp-content\/uploads\/2023\/08\/ministro-740x470-1.jpg","articleSection":["Mundo","\u00daltimas"],"inLanguage":"pt-PT","potentialAction":[{"@type":"CommentAction","name":"Comment","target":["https:\/\/brasilnoticias.org\/site\/origem-do-apagao-foi-no-ceara-aponta-ministro-de-minas-e-energia\/#respond"]}]},{"@type":"WebPage","@id":"https:\/\/brasilnoticias.org\/site\/origem-do-apagao-foi-no-ceara-aponta-ministro-de-minas-e-energia\/","url":"https:\/\/brasilnoticias.org\/site\/origem-do-apagao-foi-no-ceara-aponta-ministro-de-minas-e-energia\/","name":"Origem do apag\u00e3o foi no Cear\u00e1, aponta ministro de Minas e Energia - Brasil not\u00edcias","isPartOf":{"@id":"https:\/\/brasilnoticias.org\/site\/#website"},"primaryImageOfPage":{"@id":"https:\/\/brasilnoticias.org\/site\/origem-do-apagao-foi-no-ceara-aponta-ministro-de-minas-e-energia\/#primaryimage"},"image":{"@id":"https:\/\/brasilnoticias.org\/site\/origem-do-apagao-foi-no-ceara-aponta-ministro-de-minas-e-energia\/#primaryimage"},"thumbnailUrl":"https:\/\/brasilnoticias.org\/site\/wp-content\/uploads\/2023\/08\/ministro-740x470-1.jpg","datePublished":"2023-08-15T23:18:34+00:00","breadcrumb":{"@id":"https:\/\/brasilnoticias.org\/site\/origem-do-apagao-foi-no-ceara-aponta-ministro-de-minas-e-energia\/#breadcrumb"},"inLanguage":"pt-PT","potentialAction":[{"@type":"ReadAction","target":["https:\/\/brasilnoticias.org\/site\/origem-do-apagao-foi-no-ceara-aponta-ministro-de-minas-e-energia\/"]}]},{"@type":"ImageObject","inLanguage":"pt-PT","@id":"https:\/\/brasilnoticias.org\/site\/origem-do-apagao-foi-no-ceara-aponta-ministro-de-minas-e-energia\/#primaryimage","url":"https:\/\/brasilnoticias.org\/site\/wp-content\/uploads\/2023\/08\/ministro-740x470-1.jpg","contentUrl":"https:\/\/brasilnoticias.org\/site\/wp-content\/uploads\/2023\/08\/ministro-740x470-1.jpg","width":740,"height":470},{"@type":"BreadcrumbList","@id":"https:\/\/brasilnoticias.org\/site\/origem-do-apagao-foi-no-ceara-aponta-ministro-de-minas-e-energia\/#breadcrumb","itemListElement":[{"@type":"ListItem","position":1,"name":"In\u00edcio","item":"https:\/\/brasilnoticias.org\/site\/"},{"@type":"ListItem","position":2,"name":"Origem do apag\u00e3o foi no Cear\u00e1, aponta ministro de Minas e Energia"}]},{"@type":"WebSite","@id":"https:\/\/brasilnoticias.org\/site\/#website","url":"https:\/\/brasilnoticias.org\/site\/","name":"Brasil not\u00edcias","description":"Brasil not\u00edcias","publisher":{"@id":"https:\/\/brasilnoticias.org\/site\/#organization"},"potentialAction":[{"@type":"SearchAction","target":{"@type":"EntryPoint","urlTemplate":"https:\/\/brasilnoticias.org\/site\/?s={search_term_string}"},"query-input":{"@type":"PropertyValueSpecification","valueRequired":true,"valueName":"search_term_string"}}],"inLanguage":"pt-PT"},{"@type":"Organization","@id":"https:\/\/brasilnoticias.org\/site\/#organization","name":"Brasil not\u00edcias","url":"https:\/\/brasilnoticias.org\/site\/","logo":{"@type":"ImageObject","inLanguage":"pt-PT","@id":"https:\/\/brasilnoticias.org\/site\/#\/schema\/logo\/image\/","url":"https:\/\/brasilnoticias.org\/site\/wp-content\/uploads\/2022\/05\/cropped-brasilnoticias-mini.jpg","contentUrl":"https:\/\/brasilnoticias.org\/site\/wp-content\/uploads\/2022\/05\/cropped-brasilnoticias-mini.jpg","width":314,"height":86,"caption":"Brasil not\u00edcias"},"image":{"@id":"https:\/\/brasilnoticias.org\/site\/#\/schema\/logo\/image\/"}},{"@type":"Person","@id":"https:\/\/brasilnoticias.org\/site\/#\/schema\/person\/03bbbfe6c7634ad18c26444ea39049fa","name":"Reda\u00e7\u00e3o","image":{"@type":"ImageObject","inLanguage":"pt-PT","@id":"https:\/\/brasilnoticias.org\/site\/#\/schema\/person\/image\/","url":"https:\/\/secure.gravatar.com\/avatar\/9ecaf7327a696cb23ad926fedded5f1f04d7049de9e445375d55b48c001a6e42?s=96&d=mm&r=g","contentUrl":"https:\/\/secure.gravatar.com\/avatar\/9ecaf7327a696cb23ad926fedded5f1f04d7049de9e445375d55b48c001a6e42?s=96&d=mm&r=g","caption":"Reda\u00e7\u00e3o"},"url":"https:\/\/brasilnoticias.org\/site\/author\/henrique\/"}]}},"_links":{"self":[{"href":"https:\/\/brasilnoticias.org\/site\/wp-json\/wp\/v2\/posts\/8298","targetHints":{"allow":["GET"]}}],"collection":[{"href":"https:\/\/brasilnoticias.org\/site\/wp-json\/wp\/v2\/posts"}],"about":[{"href":"https:\/\/brasilnoticias.org\/site\/wp-json\/wp\/v2\/types\/post"}],"author":[{"embeddable":true,"href":"https:\/\/brasilnoticias.org\/site\/wp-json\/wp\/v2\/users\/4"}],"replies":[{"embeddable":true,"href":"https:\/\/brasilnoticias.org\/site\/wp-json\/wp\/v2\/comments?post=8298"}],"version-history":[{"count":1,"href":"https:\/\/brasilnoticias.org\/site\/wp-json\/wp\/v2\/posts\/8298\/revisions"}],"predecessor-version":[{"id":8300,"href":"https:\/\/brasilnoticias.org\/site\/wp-json\/wp\/v2\/posts\/8298\/revisions\/8300"}],"wp:featuredmedia":[{"embeddable":true,"href":"https:\/\/brasilnoticias.org\/site\/wp-json\/wp\/v2\/media\/8299"}],"wp:attachment":[{"href":"https:\/\/brasilnoticias.org\/site\/wp-json\/wp\/v2\/media?parent=8298"}],"wp:term":[{"taxonomy":"category","embeddable":true,"href":"https:\/\/brasilnoticias.org\/site\/wp-json\/wp\/v2\/categories?post=8298"},{"taxonomy":"post_tag","embeddable":true,"href":"https:\/\/brasilnoticias.org\/site\/wp-json\/wp\/v2\/tags?post=8298"}],"curies":[{"name":"wp","href":"https:\/\/api.w.org\/{rel}","templated":true}]}}