{"id":8301,"date":"2023-08-15T20:20:46","date_gmt":"2023-08-15T23:20:46","guid":{"rendered":"https:\/\/brasilnoticias.org\/site\/?p=8301"},"modified":"2023-08-15T20:20:46","modified_gmt":"2023-08-15T23:20:46","slug":"pacto-pelo-cerrado-governo-do-estado-realiza-acao-fiscalizatoria-contra-o-desmatamento-ilegal","status":"publish","type":"post","link":"https:\/\/brasilnoticias.org\/site\/pacto-pelo-cerrado-governo-do-estado-realiza-acao-fiscalizatoria-contra-o-desmatamento-ilegal\/","title":{"rendered":"Pacto pelo Cerrado: Governo do estado realiza a\u00e7\u00e3o fiscalizat\u00f3ria contra o desmatamento ilegal"},"content":{"rendered":"<p>Nessa primeira etapa, as atividades contar\u00e3o com seis equipes divididas em 10 munic\u00edpios distintos e ter\u00e3o a participa\u00e7\u00e3o do efetivo de t\u00e9cnicos e especialistas ambientais<\/p>\n<p>Objetivando coibir o desmatamento ilegal no cerrado baiano, o Governo do Estado, por meio da Secretaria do Meio Ambiente (Sema), que atua em parceria com o Instituto do Meio Ambiente e Recursos H\u00eddricos (Inema), deu in\u00edcio neste domingo (13\/08) a uma s\u00e9rie de a\u00e7\u00f5es de fiscaliza\u00e7\u00e3o na regi\u00e3o Oeste que visa combater a perda de vegeta\u00e7\u00e3o no bioma.<\/p>\n<p>Nessa primeira etapa, as atividades contar\u00e3o com seis equipes divididas em 10 munic\u00edpios distintos e ter\u00e3o a participa\u00e7\u00e3o do efetivo de t\u00e9cnicos e especialistas ambientais da Superintend\u00eancia de Pol\u00edticas e Planejamento Ambiental (SPA) da Sema e da Coordena\u00e7\u00e3o de Fiscaliza\u00e7\u00e3o (COFIS) da Diretoria de Fiscaliza\u00e7\u00e3o (DIFIS) do Inema.<\/p>\n<p>Avaliando essa opera\u00e7\u00e3o como de extrema import\u00e2ncia para dirimir o desmatamento no Cerrado, o titular da Sema, Eduardo Mendon\u00e7a Sodr\u00e9 Martins, afirma que a Bahia contribui na elabora\u00e7\u00e3o do PPCerrado, capitaneado pelo Governo Federal, e concorda com a relev\u00e2ncia das a\u00e7\u00f5es elencadas ali para combater o desmatamento. \u201cDevido \u00e0 necessidade de assumir o protagonismo nas a\u00e7\u00f5es de combate ao desmatamento no Estado, a Sema e o Inema est\u00e3o elaborando, de forma conjunta, o Plano Estadual de Combate ao Desmatamento no Cerrado, batizado de Pacto pelo Cerrado. Podemos dizer, inclusive, que essa iniciativa \u00e9 uma das prioridades do Bahia Mais Verde, programa que norteia a gest\u00e3o ambiental do Governo do Estado, buscando sempre alinhar o desenvolvimento da Bahia com foco na preserva\u00e7\u00e3o ambiental\u201d, esclareceu o gestor.<\/p>\n<p>Durante o planejamento da opera\u00e7\u00e3o, t\u00e9cnicos do Inema realizaram todo o mapeamento pr\u00e9vio das \u00e1reas que ser\u00e3o fiscalizadas por meio do DETER, sistema que realiza um r\u00e1pido levantamento de alertas de evid\u00eancias de altera\u00e7\u00e3o da cobertura florestal, do Instituto Nacional de Pesquisas Espaciais (INPE). Em posse das informa\u00e7\u00f5es, a equipe realiza um cruzamento das \u00e1reas mais afetadas com base nos dados fornecidos pelo Cadastro Estadual Florestal de Im\u00f3veis Rurais (CEFIR) e avalia\u00e7\u00e3o de imagem de sat\u00e9lite.<\/p>\n<p>Segundo o diretor de Fiscaliza\u00e7\u00e3o da autarquia, Eduardo Top\u00e1zio, o objetivo inicial \u00e9 atuar com base nos maiores alertas e, para isso, a equipe utiliza as informa\u00e7\u00f5es do MapBiomas Alerta, sistema que cruza informa\u00e7\u00f5es com outros sistemas de detec\u00e7\u00e3o em tempo real por sat\u00e9lite. \u201cNesse primeiro momento, ap\u00f3s alinhamento entre Sema e Inema, nossos t\u00e9cnicos, com base nos dados do MapBiomas, atuaram fazendo um pente fino de todas as \u00e1reas da regi\u00e3o alvo. Claro que todos os passos s\u00e3o balizados por monitoramentos internos, mas tamb\u00e9m vamos priorizar as \u00e1reas que forem consideradas mais criticas em termos de desmatamento ilegal\u201d, disse o diretor.<\/p>\n<p>Foto: Reprodu\u00e7\u00e2o<br \/>\nAratu On<\/p>\n","protected":false},"excerpt":{"rendered":"<p>Nessa primeira etapa, as atividades contar\u00e3o com seis equipes divididas em 10 munic\u00edpios distintos e ter\u00e3o a participa\u00e7\u00e3o do efetivo<\/p>\n","protected":false},"author":4,"featured_media":8302,"comment_status":"open","ping_status":"open","sticky":false,"template":"","format":"standard","meta":{"colormag_page_container_layout":"default_layout","colormag_page_sidebar_layout":"default_layout","_FSMCFIC_featured_image_caption":"","_FSMCFIC_featured_image_nocaption":"","_FSMCFIC_featured_image_hide":"","footnotes":""},"categories":[3,1],"tags":[],"class_list":["post-8301","post","type-post","status-publish","format-standard","has-post-thumbnail","hentry","category-policia","category-ultimas"],"yoast_head":"<!-- This site is optimized with the Yoast SEO plugin v27.1.1 - https:\/\/yoast.com\/product\/yoast-seo-wordpress\/ -->\n<title>Pacto pelo Cerrado: Governo do estado realiza a\u00e7\u00e3o fiscalizat\u00f3ria contra o desmatamento ilegal - Brasil not\u00edcias<\/title>\n<meta name=\"robots\" content=\"index, follow, max-snippet:-1, max-image-preview:large, max-video-preview:-1\" \/>\n<link rel=\"canonical\" href=\"https:\/\/brasilnoticias.org\/site\/pacto-pelo-cerrado-governo-do-estado-realiza-acao-fiscalizatoria-contra-o-desmatamento-ilegal\/\" \/>\n<meta property=\"og:locale\" content=\"pt_PT\" \/>\n<meta property=\"og:type\" content=\"article\" \/>\n<meta property=\"og:title\" content=\"Pacto pelo Cerrado: Governo do estado realiza a\u00e7\u00e3o fiscalizat\u00f3ria contra o desmatamento ilegal - Brasil not\u00edcias\" \/>\n<meta property=\"og:description\" content=\"Nessa primeira etapa, as atividades contar\u00e3o com seis equipes divididas em 10 munic\u00edpios distintos e ter\u00e3o a participa\u00e7\u00e3o do efetivo\" \/>\n<meta property=\"og:url\" content=\"https:\/\/brasilnoticias.org\/site\/pacto-pelo-cerrado-governo-do-estado-realiza-acao-fiscalizatoria-contra-o-desmatamento-ilegal\/\" \/>\n<meta property=\"og:site_name\" content=\"Brasil not\u00edcias\" \/>\n<meta property=\"article:published_time\" content=\"2023-08-15T23:20:46+00:00\" \/>\n<meta property=\"og:image\" content=\"https:\/\/brasilnoticias.org\/site\/wp-content\/uploads\/2023\/08\/ef50e032-f5bc-4589-a6e1-eb47612bb6b6-740x470-1.jpeg\" \/>\n\t<meta property=\"og:image:width\" content=\"740\" \/>\n\t<meta property=\"og:image:height\" content=\"470\" \/>\n\t<meta property=\"og:image:type\" content=\"image\/jpeg\" \/>\n<meta name=\"author\" content=\"Reda\u00e7\u00e3o\" \/>\n<meta name=\"twitter:card\" content=\"summary_large_image\" \/>\n<meta name=\"twitter:label1\" content=\"Escrito por\" \/>\n\t<meta name=\"twitter:data1\" content=\"Reda\u00e7\u00e3o\" \/>\n<script type=\"application\/ld+json\" class=\"yoast-schema-graph\">{\"@context\":\"https:\/\/schema.org\",\"@graph\":[{\"@type\":\"Article\",\"@id\":\"https:\/\/brasilnoticias.org\/site\/pacto-pelo-cerrado-governo-do-estado-realiza-acao-fiscalizatoria-contra-o-desmatamento-ilegal\/#article\",\"isPartOf\":{\"@id\":\"https:\/\/brasilnoticias.org\/site\/pacto-pelo-cerrado-governo-do-estado-realiza-acao-fiscalizatoria-contra-o-desmatamento-ilegal\/\"},\"author\":{\"name\":\"Reda\u00e7\u00e3o\",\"@id\":\"https:\/\/brasilnoticias.org\/site\/#\/schema\/person\/03bbbfe6c7634ad18c26444ea39049fa\"},\"headline\":\"Pacto pelo Cerrado: Governo do estado realiza a\u00e7\u00e3o fiscalizat\u00f3ria contra o desmatamento ilegal\",\"datePublished\":\"2023-08-15T23:20:46+00:00\",\"mainEntityOfPage\":{\"@id\":\"https:\/\/brasilnoticias.org\/site\/pacto-pelo-cerrado-governo-do-estado-realiza-acao-fiscalizatoria-contra-o-desmatamento-ilegal\/\"},\"wordCount\":502,\"commentCount\":0,\"publisher\":{\"@id\":\"https:\/\/brasilnoticias.org\/site\/#organization\"},\"image\":{\"@id\":\"https:\/\/brasilnoticias.org\/site\/pacto-pelo-cerrado-governo-do-estado-realiza-acao-fiscalizatoria-contra-o-desmatamento-ilegal\/#primaryimage\"},\"thumbnailUrl\":\"https:\/\/brasilnoticias.org\/site\/wp-content\/uploads\/2023\/08\/ef50e032-f5bc-4589-a6e1-eb47612bb6b6-740x470-1.jpeg\",\"articleSection\":[\"Pol\u00edcia\",\"\u00daltimas\"],\"inLanguage\":\"pt-PT\",\"potentialAction\":[{\"@type\":\"CommentAction\",\"name\":\"Comment\",\"target\":[\"https:\/\/brasilnoticias.org\/site\/pacto-pelo-cerrado-governo-do-estado-realiza-acao-fiscalizatoria-contra-o-desmatamento-ilegal\/#respond\"]}]},{\"@type\":\"WebPage\",\"@id\":\"https:\/\/brasilnoticias.org\/site\/pacto-pelo-cerrado-governo-do-estado-realiza-acao-fiscalizatoria-contra-o-desmatamento-ilegal\/\",\"url\":\"https:\/\/brasilnoticias.org\/site\/pacto-pelo-cerrado-governo-do-estado-realiza-acao-fiscalizatoria-contra-o-desmatamento-ilegal\/\",\"name\":\"Pacto pelo Cerrado: Governo do estado realiza a\u00e7\u00e3o fiscalizat\u00f3ria contra o desmatamento ilegal - Brasil not\u00edcias\",\"isPartOf\":{\"@id\":\"https:\/\/brasilnoticias.org\/site\/#website\"},\"primaryImageOfPage\":{\"@id\":\"https:\/\/brasilnoticias.org\/site\/pacto-pelo-cerrado-governo-do-estado-realiza-acao-fiscalizatoria-contra-o-desmatamento-ilegal\/#primaryimage\"},\"image\":{\"@id\":\"https:\/\/brasilnoticias.org\/site\/pacto-pelo-cerrado-governo-do-estado-realiza-acao-fiscalizatoria-contra-o-desmatamento-ilegal\/#primaryimage\"},\"thumbnailUrl\":\"https:\/\/brasilnoticias.org\/site\/wp-content\/uploads\/2023\/08\/ef50e032-f5bc-4589-a6e1-eb47612bb6b6-740x470-1.jpeg\",\"datePublished\":\"2023-08-15T23:20:46+00:00\",\"breadcrumb\":{\"@id\":\"https:\/\/brasilnoticias.org\/site\/pacto-pelo-cerrado-governo-do-estado-realiza-acao-fiscalizatoria-contra-o-desmatamento-ilegal\/#breadcrumb\"},\"inLanguage\":\"pt-PT\",\"potentialAction\":[{\"@type\":\"ReadAction\",\"target\":[\"https:\/\/brasilnoticias.org\/site\/pacto-pelo-cerrado-governo-do-estado-realiza-acao-fiscalizatoria-contra-o-desmatamento-ilegal\/\"]}]},{\"@type\":\"ImageObject\",\"inLanguage\":\"pt-PT\",\"@id\":\"https:\/\/brasilnoticias.org\/site\/pacto-pelo-cerrado-governo-do-estado-realiza-acao-fiscalizatoria-contra-o-desmatamento-ilegal\/#primaryimage\",\"url\":\"https:\/\/brasilnoticias.org\/site\/wp-content\/uploads\/2023\/08\/ef50e032-f5bc-4589-a6e1-eb47612bb6b6-740x470-1.jpeg\",\"contentUrl\":\"https:\/\/brasilnoticias.org\/site\/wp-content\/uploads\/2023\/08\/ef50e032-f5bc-4589-a6e1-eb47612bb6b6-740x470-1.jpeg\",\"width\":740,\"height\":470},{\"@type\":\"BreadcrumbList\",\"@id\":\"https:\/\/brasilnoticias.org\/site\/pacto-pelo-cerrado-governo-do-estado-realiza-acao-fiscalizatoria-contra-o-desmatamento-ilegal\/#breadcrumb\",\"itemListElement\":[{\"@type\":\"ListItem\",\"position\":1,\"name\":\"In\u00edcio\",\"item\":\"https:\/\/brasilnoticias.org\/site\/\"},{\"@type\":\"ListItem\",\"position\":2,\"name\":\"Pacto pelo Cerrado: Governo do estado realiza a\u00e7\u00e3o fiscalizat\u00f3ria contra o desmatamento ilegal\"}]},{\"@type\":\"WebSite\",\"@id\":\"https:\/\/brasilnoticias.org\/site\/#website\",\"url\":\"https:\/\/brasilnoticias.org\/site\/\",\"name\":\"Brasil not\u00edcias\",\"description\":\"Brasil not\u00edcias\",\"publisher\":{\"@id\":\"https:\/\/brasilnoticias.org\/site\/#organization\"},\"potentialAction\":[{\"@type\":\"SearchAction\",\"target\":{\"@type\":\"EntryPoint\",\"urlTemplate\":\"https:\/\/brasilnoticias.org\/site\/?s={search_term_string}\"},\"query-input\":{\"@type\":\"PropertyValueSpecification\",\"valueRequired\":true,\"valueName\":\"search_term_string\"}}],\"inLanguage\":\"pt-PT\"},{\"@type\":\"Organization\",\"@id\":\"https:\/\/brasilnoticias.org\/site\/#organization\",\"name\":\"Brasil not\u00edcias\",\"url\":\"https:\/\/brasilnoticias.org\/site\/\",\"logo\":{\"@type\":\"ImageObject\",\"inLanguage\":\"pt-PT\",\"@id\":\"https:\/\/brasilnoticias.org\/site\/#\/schema\/logo\/image\/\",\"url\":\"https:\/\/brasilnoticias.org\/site\/wp-content\/uploads\/2022\/05\/cropped-brasilnoticias-mini.jpg\",\"contentUrl\":\"https:\/\/brasilnoticias.org\/site\/wp-content\/uploads\/2022\/05\/cropped-brasilnoticias-mini.jpg\",\"width\":314,\"height\":86,\"caption\":\"Brasil not\u00edcias\"},\"image\":{\"@id\":\"https:\/\/brasilnoticias.org\/site\/#\/schema\/logo\/image\/\"}},{\"@type\":\"Person\",\"@id\":\"https:\/\/brasilnoticias.org\/site\/#\/schema\/person\/03bbbfe6c7634ad18c26444ea39049fa\",\"name\":\"Reda\u00e7\u00e3o\",\"image\":{\"@type\":\"ImageObject\",\"inLanguage\":\"pt-PT\",\"@id\":\"https:\/\/brasilnoticias.org\/site\/#\/schema\/person\/image\/\",\"url\":\"https:\/\/secure.gravatar.com\/avatar\/9ecaf7327a696cb23ad926fedded5f1f04d7049de9e445375d55b48c001a6e42?s=96&d=mm&r=g\",\"contentUrl\":\"https:\/\/secure.gravatar.com\/avatar\/9ecaf7327a696cb23ad926fedded5f1f04d7049de9e445375d55b48c001a6e42?s=96&d=mm&r=g\",\"caption\":\"Reda\u00e7\u00e3o\"},\"url\":\"https:\/\/brasilnoticias.org\/site\/author\/henrique\/\"}]}<\/script>\n<!-- \/ Yoast SEO plugin. -->","yoast_head_json":{"title":"Pacto pelo Cerrado: Governo do estado realiza a\u00e7\u00e3o fiscalizat\u00f3ria contra o desmatamento ilegal - Brasil not\u00edcias","robots":{"index":"index","follow":"follow","max-snippet":"max-snippet:-1","max-image-preview":"max-image-preview:large","max-video-preview":"max-video-preview:-1"},"canonical":"https:\/\/brasilnoticias.org\/site\/pacto-pelo-cerrado-governo-do-estado-realiza-acao-fiscalizatoria-contra-o-desmatamento-ilegal\/","og_locale":"pt_PT","og_type":"article","og_title":"Pacto pelo Cerrado: Governo do estado realiza a\u00e7\u00e3o fiscalizat\u00f3ria contra o desmatamento ilegal - Brasil not\u00edcias","og_description":"Nessa primeira etapa, as atividades contar\u00e3o com seis equipes divididas em 10 munic\u00edpios distintos e ter\u00e3o a participa\u00e7\u00e3o do efetivo","og_url":"https:\/\/brasilnoticias.org\/site\/pacto-pelo-cerrado-governo-do-estado-realiza-acao-fiscalizatoria-contra-o-desmatamento-ilegal\/","og_site_name":"Brasil not\u00edcias","article_published_time":"2023-08-15T23:20:46+00:00","og_image":[{"width":740,"height":470,"url":"https:\/\/brasilnoticias.org\/site\/wp-content\/uploads\/2023\/08\/ef50e032-f5bc-4589-a6e1-eb47612bb6b6-740x470-1.jpeg","type":"image\/jpeg"}],"author":"Reda\u00e7\u00e3o","twitter_card":"summary_large_image","twitter_misc":{"Escrito por":"Reda\u00e7\u00e3o"},"schema":{"@context":"https:\/\/schema.org","@graph":[{"@type":"Article","@id":"https:\/\/brasilnoticias.org\/site\/pacto-pelo-cerrado-governo-do-estado-realiza-acao-fiscalizatoria-contra-o-desmatamento-ilegal\/#article","isPartOf":{"@id":"https:\/\/brasilnoticias.org\/site\/pacto-pelo-cerrado-governo-do-estado-realiza-acao-fiscalizatoria-contra-o-desmatamento-ilegal\/"},"author":{"name":"Reda\u00e7\u00e3o","@id":"https:\/\/brasilnoticias.org\/site\/#\/schema\/person\/03bbbfe6c7634ad18c26444ea39049fa"},"headline":"Pacto pelo Cerrado: Governo do estado realiza a\u00e7\u00e3o fiscalizat\u00f3ria contra o desmatamento ilegal","datePublished":"2023-08-15T23:20:46+00:00","mainEntityOfPage":{"@id":"https:\/\/brasilnoticias.org\/site\/pacto-pelo-cerrado-governo-do-estado-realiza-acao-fiscalizatoria-contra-o-desmatamento-ilegal\/"},"wordCount":502,"commentCount":0,"publisher":{"@id":"https:\/\/brasilnoticias.org\/site\/#organization"},"image":{"@id":"https:\/\/brasilnoticias.org\/site\/pacto-pelo-cerrado-governo-do-estado-realiza-acao-fiscalizatoria-contra-o-desmatamento-ilegal\/#primaryimage"},"thumbnailUrl":"https:\/\/brasilnoticias.org\/site\/wp-content\/uploads\/2023\/08\/ef50e032-f5bc-4589-a6e1-eb47612bb6b6-740x470-1.jpeg","articleSection":["Pol\u00edcia","\u00daltimas"],"inLanguage":"pt-PT","potentialAction":[{"@type":"CommentAction","name":"Comment","target":["https:\/\/brasilnoticias.org\/site\/pacto-pelo-cerrado-governo-do-estado-realiza-acao-fiscalizatoria-contra-o-desmatamento-ilegal\/#respond"]}]},{"@type":"WebPage","@id":"https:\/\/brasilnoticias.org\/site\/pacto-pelo-cerrado-governo-do-estado-realiza-acao-fiscalizatoria-contra-o-desmatamento-ilegal\/","url":"https:\/\/brasilnoticias.org\/site\/pacto-pelo-cerrado-governo-do-estado-realiza-acao-fiscalizatoria-contra-o-desmatamento-ilegal\/","name":"Pacto pelo Cerrado: Governo do estado realiza a\u00e7\u00e3o fiscalizat\u00f3ria contra o desmatamento ilegal - Brasil not\u00edcias","isPartOf":{"@id":"https:\/\/brasilnoticias.org\/site\/#website"},"primaryImageOfPage":{"@id":"https:\/\/brasilnoticias.org\/site\/pacto-pelo-cerrado-governo-do-estado-realiza-acao-fiscalizatoria-contra-o-desmatamento-ilegal\/#primaryimage"},"image":{"@id":"https:\/\/brasilnoticias.org\/site\/pacto-pelo-cerrado-governo-do-estado-realiza-acao-fiscalizatoria-contra-o-desmatamento-ilegal\/#primaryimage"},"thumbnailUrl":"https:\/\/brasilnoticias.org\/site\/wp-content\/uploads\/2023\/08\/ef50e032-f5bc-4589-a6e1-eb47612bb6b6-740x470-1.jpeg","datePublished":"2023-08-15T23:20:46+00:00","breadcrumb":{"@id":"https:\/\/brasilnoticias.org\/site\/pacto-pelo-cerrado-governo-do-estado-realiza-acao-fiscalizatoria-contra-o-desmatamento-ilegal\/#breadcrumb"},"inLanguage":"pt-PT","potentialAction":[{"@type":"ReadAction","target":["https:\/\/brasilnoticias.org\/site\/pacto-pelo-cerrado-governo-do-estado-realiza-acao-fiscalizatoria-contra-o-desmatamento-ilegal\/"]}]},{"@type":"ImageObject","inLanguage":"pt-PT","@id":"https:\/\/brasilnoticias.org\/site\/pacto-pelo-cerrado-governo-do-estado-realiza-acao-fiscalizatoria-contra-o-desmatamento-ilegal\/#primaryimage","url":"https:\/\/brasilnoticias.org\/site\/wp-content\/uploads\/2023\/08\/ef50e032-f5bc-4589-a6e1-eb47612bb6b6-740x470-1.jpeg","contentUrl":"https:\/\/brasilnoticias.org\/site\/wp-content\/uploads\/2023\/08\/ef50e032-f5bc-4589-a6e1-eb47612bb6b6-740x470-1.jpeg","width":740,"height":470},{"@type":"BreadcrumbList","@id":"https:\/\/brasilnoticias.org\/site\/pacto-pelo-cerrado-governo-do-estado-realiza-acao-fiscalizatoria-contra-o-desmatamento-ilegal\/#breadcrumb","itemListElement":[{"@type":"ListItem","position":1,"name":"In\u00edcio","item":"https:\/\/brasilnoticias.org\/site\/"},{"@type":"ListItem","position":2,"name":"Pacto pelo Cerrado: Governo do estado realiza a\u00e7\u00e3o fiscalizat\u00f3ria contra o desmatamento ilegal"}]},{"@type":"WebSite","@id":"https:\/\/brasilnoticias.org\/site\/#website","url":"https:\/\/brasilnoticias.org\/site\/","name":"Brasil not\u00edcias","description":"Brasil not\u00edcias","publisher":{"@id":"https:\/\/brasilnoticias.org\/site\/#organization"},"potentialAction":[{"@type":"SearchAction","target":{"@type":"EntryPoint","urlTemplate":"https:\/\/brasilnoticias.org\/site\/?s={search_term_string}"},"query-input":{"@type":"PropertyValueSpecification","valueRequired":true,"valueName":"search_term_string"}}],"inLanguage":"pt-PT"},{"@type":"Organization","@id":"https:\/\/brasilnoticias.org\/site\/#organization","name":"Brasil not\u00edcias","url":"https:\/\/brasilnoticias.org\/site\/","logo":{"@type":"ImageObject","inLanguage":"pt-PT","@id":"https:\/\/brasilnoticias.org\/site\/#\/schema\/logo\/image\/","url":"https:\/\/brasilnoticias.org\/site\/wp-content\/uploads\/2022\/05\/cropped-brasilnoticias-mini.jpg","contentUrl":"https:\/\/brasilnoticias.org\/site\/wp-content\/uploads\/2022\/05\/cropped-brasilnoticias-mini.jpg","width":314,"height":86,"caption":"Brasil not\u00edcias"},"image":{"@id":"https:\/\/brasilnoticias.org\/site\/#\/schema\/logo\/image\/"}},{"@type":"Person","@id":"https:\/\/brasilnoticias.org\/site\/#\/schema\/person\/03bbbfe6c7634ad18c26444ea39049fa","name":"Reda\u00e7\u00e3o","image":{"@type":"ImageObject","inLanguage":"pt-PT","@id":"https:\/\/brasilnoticias.org\/site\/#\/schema\/person\/image\/","url":"https:\/\/secure.gravatar.com\/avatar\/9ecaf7327a696cb23ad926fedded5f1f04d7049de9e445375d55b48c001a6e42?s=96&d=mm&r=g","contentUrl":"https:\/\/secure.gravatar.com\/avatar\/9ecaf7327a696cb23ad926fedded5f1f04d7049de9e445375d55b48c001a6e42?s=96&d=mm&r=g","caption":"Reda\u00e7\u00e3o"},"url":"https:\/\/brasilnoticias.org\/site\/author\/henrique\/"}]}},"_links":{"self":[{"href":"https:\/\/brasilnoticias.org\/site\/wp-json\/wp\/v2\/posts\/8301","targetHints":{"allow":["GET"]}}],"collection":[{"href":"https:\/\/brasilnoticias.org\/site\/wp-json\/wp\/v2\/posts"}],"about":[{"href":"https:\/\/brasilnoticias.org\/site\/wp-json\/wp\/v2\/types\/post"}],"author":[{"embeddable":true,"href":"https:\/\/brasilnoticias.org\/site\/wp-json\/wp\/v2\/users\/4"}],"replies":[{"embeddable":true,"href":"https:\/\/brasilnoticias.org\/site\/wp-json\/wp\/v2\/comments?post=8301"}],"version-history":[{"count":1,"href":"https:\/\/brasilnoticias.org\/site\/wp-json\/wp\/v2\/posts\/8301\/revisions"}],"predecessor-version":[{"id":8303,"href":"https:\/\/brasilnoticias.org\/site\/wp-json\/wp\/v2\/posts\/8301\/revisions\/8303"}],"wp:featuredmedia":[{"embeddable":true,"href":"https:\/\/brasilnoticias.org\/site\/wp-json\/wp\/v2\/media\/8302"}],"wp:attachment":[{"href":"https:\/\/brasilnoticias.org\/site\/wp-json\/wp\/v2\/media?parent=8301"}],"wp:term":[{"taxonomy":"category","embeddable":true,"href":"https:\/\/brasilnoticias.org\/site\/wp-json\/wp\/v2\/categories?post=8301"},{"taxonomy":"post_tag","embeddable":true,"href":"https:\/\/brasilnoticias.org\/site\/wp-json\/wp\/v2\/tags?post=8301"}],"curies":[{"name":"wp","href":"https:\/\/api.w.org\/{rel}","templated":true}]}}