{"id":8311,"date":"2023-08-16T07:00:27","date_gmt":"2023-08-16T10:00:27","guid":{"rendered":"https:\/\/brasilnoticias.org\/site\/?p=8311"},"modified":"2023-08-15T20:27:59","modified_gmt":"2023-08-15T23:27:59","slug":"profisco-ii-avanca-em-ritmo-acelerado-de-execucao","status":"publish","type":"post","link":"https:\/\/brasilnoticias.org\/site\/profisco-ii-avanca-em-ritmo-acelerado-de-execucao\/","title":{"rendered":"Profisco II avan\u00e7a em ritmo acelerado de execu\u00e7\u00e3o"},"content":{"rendered":"<p>O Programa, que tem execu\u00e7\u00e3o prevista at\u00e9 2027, j\u00e1 contabiliza 48,5% dos recursos contratados ou em fase de contrata\u00e7\u00e3o.<\/p>\n<p>Segue em ritmo acelerado na Bahia o Profisco II \u2013 Programa de Moderniza\u00e7\u00e3o e Fortalecimento da Gest\u00e3o Fiscal, que financia a\u00e7\u00f5es destinadas \u00e0 moderniza\u00e7\u00e3o da gest\u00e3o fazend\u00e1ria, da transpar\u00eancia fiscal, da administra\u00e7\u00e3o tribut\u00e1ria e do contencioso fiscal, da administra\u00e7\u00e3o financeira e da gest\u00e3o do gasto p\u00fablico. De acordo com a Secretaria da Fazenda do Estado (Sefaz-Ba), o programa contabiliza 48,5% dos recursos j\u00e1 contratados ou em fase preparat\u00f3ria de contrata\u00e7\u00e3o.<\/p>\n<p>O Estado \u00e9 considerado pelo Banco Interamericano de Desenvolvimento (BID) como exemplo de bom desempenho na execu\u00e7\u00e3o dos projetos. Dos 112 processos de aquisi\u00e7\u00e3o previstos, 20% j\u00e1 foram conclu\u00eddos e 11,6% est\u00e3o em fase de licita\u00e7\u00e3o.<\/p>\n<p>O secret\u00e1rio da Fazenda do Estado, Manoel Vit\u00f3rio, destaca que o bom desempenho da Bahia na implementa\u00e7\u00e3o do programa reflete a consci\u00eancia de toda a equipe quanto \u00e0 necessidade de atualiza\u00e7\u00e3o constante. \u201cNo \u00e2mbito desta responsabilidade que a Sefaz tem, a parceria com o BID \u00e9 fundamental, ajudou muito na melhoria da m\u00e1quina, para que sejamos mais assertivos na fiscaliza\u00e7\u00e3o e ao mesmo tempo mais pr\u00f3ximos, mais parceiros do contribuinte\u201d.<\/p>\n<p>O contrato do Profisco II foi assinado em abril de 2022, e tem execu\u00e7\u00e3o prevista at\u00e9 abril de 2027. Com investimento total de US$ 44,5 milh\u00f5es, dos quais US$ 40 milh\u00f5es de financiamento do BID e US$ 4,5 milh\u00f5es de contrapartida, o Programa contempla diversos produtos voltados \u00e0 moderniza\u00e7\u00e3o da gest\u00e3o fiscal, com contrata\u00e7\u00f5es que dar\u00e3o suporte, por exemplo, aos principais sistemas da Secretaria da Fazenda, al\u00e9m da inova\u00e7\u00e3o e aperfei\u00e7oamento de outros.<\/p>\n<p>De acordo com o assessor de Planejamento e Gest\u00e3o (APG) da Sefaz-Ba, Sizenando Gonzaga da Cunha Filho, tamb\u00e9m integram a lista de produtos do Profisco II iniciativas como amplia\u00e7\u00e3o dos sistemas de malha fiscal, moderniza\u00e7\u00e3o do sistema de IPVA, renova\u00e7\u00e3o do parque tecnol\u00f3gico e de seguran\u00e7a de TIC, aperfei\u00e7oamento do Portal da Transpar\u00eancia e do Controle Interno, al\u00e9m de novas funcionalidades para o Sistema Integrado de Planejamento, Contabilidade e Finan\u00e7as do Estado da Bahia (Fiplan).<\/p>\n<p>Foto: Pedro Moraes\/GOVBA<br \/>\nFonte: Ascom\/Sefaz<\/p>\n","protected":false},"excerpt":{"rendered":"<p>O Programa, que tem execu\u00e7\u00e3o prevista at\u00e9 2027, j\u00e1 contabiliza 48,5% dos recursos contratados ou em fase de contrata\u00e7\u00e3o. Segue<\/p>\n","protected":false},"author":4,"featured_media":8312,"comment_status":"open","ping_status":"open","sticky":false,"template":"","format":"standard","meta":{"colormag_page_container_layout":"default_layout","colormag_page_sidebar_layout":"default_layout","_FSMCFIC_featured_image_caption":"","_FSMCFIC_featured_image_nocaption":"","_FSMCFIC_featured_image_hide":"","footnotes":""},"categories":[2,1],"tags":[],"class_list":["post-8311","post","type-post","status-publish","format-standard","has-post-thumbnail","hentry","category-noticias","category-ultimas"],"yoast_head":"<!-- This site is optimized with the Yoast SEO plugin v27.1.1 - https:\/\/yoast.com\/product\/yoast-seo-wordpress\/ -->\n<title>Profisco II avan\u00e7a em ritmo acelerado de execu\u00e7\u00e3o - Brasil not\u00edcias<\/title>\n<meta name=\"robots\" content=\"index, follow, max-snippet:-1, max-image-preview:large, max-video-preview:-1\" \/>\n<link rel=\"canonical\" href=\"https:\/\/brasilnoticias.org\/site\/profisco-ii-avanca-em-ritmo-acelerado-de-execucao\/\" \/>\n<meta property=\"og:locale\" content=\"pt_PT\" \/>\n<meta property=\"og:type\" content=\"article\" \/>\n<meta property=\"og:title\" content=\"Profisco II avan\u00e7a em ritmo acelerado de execu\u00e7\u00e3o - Brasil not\u00edcias\" \/>\n<meta property=\"og:description\" content=\"O Programa, que tem execu\u00e7\u00e3o prevista at\u00e9 2027, j\u00e1 contabiliza 48,5% dos recursos contratados ou em fase de contrata\u00e7\u00e3o. Segue\" \/>\n<meta property=\"og:url\" content=\"https:\/\/brasilnoticias.org\/site\/profisco-ii-avanca-em-ritmo-acelerado-de-execucao\/\" \/>\n<meta property=\"og:site_name\" content=\"Brasil not\u00edcias\" \/>\n<meta property=\"article:published_time\" content=\"2023-08-16T10:00:27+00:00\" \/>\n<meta property=\"og:image\" content=\"https:\/\/brasilnoticias.org\/site\/wp-content\/uploads\/2023\/08\/Sala-cofre-Pedro-Moraes-GOVBA-768x512-1.jpg\" \/>\n\t<meta property=\"og:image:width\" content=\"768\" \/>\n\t<meta property=\"og:image:height\" content=\"512\" \/>\n\t<meta property=\"og:image:type\" content=\"image\/jpeg\" \/>\n<meta name=\"author\" content=\"Reda\u00e7\u00e3o\" \/>\n<meta name=\"twitter:card\" content=\"summary_large_image\" \/>\n<meta name=\"twitter:label1\" content=\"Escrito por\" \/>\n\t<meta name=\"twitter:data1\" content=\"Reda\u00e7\u00e3o\" \/>\n<script type=\"application\/ld+json\" class=\"yoast-schema-graph\">{\"@context\":\"https:\/\/schema.org\",\"@graph\":[{\"@type\":\"Article\",\"@id\":\"https:\/\/brasilnoticias.org\/site\/profisco-ii-avanca-em-ritmo-acelerado-de-execucao\/#article\",\"isPartOf\":{\"@id\":\"https:\/\/brasilnoticias.org\/site\/profisco-ii-avanca-em-ritmo-acelerado-de-execucao\/\"},\"author\":{\"name\":\"Reda\u00e7\u00e3o\",\"@id\":\"https:\/\/brasilnoticias.org\/site\/#\/schema\/person\/03bbbfe6c7634ad18c26444ea39049fa\"},\"headline\":\"Profisco II avan\u00e7a em ritmo acelerado de execu\u00e7\u00e3o\",\"datePublished\":\"2023-08-16T10:00:27+00:00\",\"mainEntityOfPage\":{\"@id\":\"https:\/\/brasilnoticias.org\/site\/profisco-ii-avanca-em-ritmo-acelerado-de-execucao\/\"},\"wordCount\":394,\"commentCount\":0,\"publisher\":{\"@id\":\"https:\/\/brasilnoticias.org\/site\/#organization\"},\"image\":{\"@id\":\"https:\/\/brasilnoticias.org\/site\/profisco-ii-avanca-em-ritmo-acelerado-de-execucao\/#primaryimage\"},\"thumbnailUrl\":\"https:\/\/brasilnoticias.org\/site\/wp-content\/uploads\/2023\/08\/Sala-cofre-Pedro-Moraes-GOVBA-768x512-1.jpg\",\"articleSection\":[\"Not\u00edcias\",\"\u00daltimas\"],\"inLanguage\":\"pt-PT\",\"potentialAction\":[{\"@type\":\"CommentAction\",\"name\":\"Comment\",\"target\":[\"https:\/\/brasilnoticias.org\/site\/profisco-ii-avanca-em-ritmo-acelerado-de-execucao\/#respond\"]}]},{\"@type\":\"WebPage\",\"@id\":\"https:\/\/brasilnoticias.org\/site\/profisco-ii-avanca-em-ritmo-acelerado-de-execucao\/\",\"url\":\"https:\/\/brasilnoticias.org\/site\/profisco-ii-avanca-em-ritmo-acelerado-de-execucao\/\",\"name\":\"Profisco II avan\u00e7a em ritmo acelerado de execu\u00e7\u00e3o - Brasil not\u00edcias\",\"isPartOf\":{\"@id\":\"https:\/\/brasilnoticias.org\/site\/#website\"},\"primaryImageOfPage\":{\"@id\":\"https:\/\/brasilnoticias.org\/site\/profisco-ii-avanca-em-ritmo-acelerado-de-execucao\/#primaryimage\"},\"image\":{\"@id\":\"https:\/\/brasilnoticias.org\/site\/profisco-ii-avanca-em-ritmo-acelerado-de-execucao\/#primaryimage\"},\"thumbnailUrl\":\"https:\/\/brasilnoticias.org\/site\/wp-content\/uploads\/2023\/08\/Sala-cofre-Pedro-Moraes-GOVBA-768x512-1.jpg\",\"datePublished\":\"2023-08-16T10:00:27+00:00\",\"breadcrumb\":{\"@id\":\"https:\/\/brasilnoticias.org\/site\/profisco-ii-avanca-em-ritmo-acelerado-de-execucao\/#breadcrumb\"},\"inLanguage\":\"pt-PT\",\"potentialAction\":[{\"@type\":\"ReadAction\",\"target\":[\"https:\/\/brasilnoticias.org\/site\/profisco-ii-avanca-em-ritmo-acelerado-de-execucao\/\"]}]},{\"@type\":\"ImageObject\",\"inLanguage\":\"pt-PT\",\"@id\":\"https:\/\/brasilnoticias.org\/site\/profisco-ii-avanca-em-ritmo-acelerado-de-execucao\/#primaryimage\",\"url\":\"https:\/\/brasilnoticias.org\/site\/wp-content\/uploads\/2023\/08\/Sala-cofre-Pedro-Moraes-GOVBA-768x512-1.jpg\",\"contentUrl\":\"https:\/\/brasilnoticias.org\/site\/wp-content\/uploads\/2023\/08\/Sala-cofre-Pedro-Moraes-GOVBA-768x512-1.jpg\",\"width\":768,\"height\":512},{\"@type\":\"BreadcrumbList\",\"@id\":\"https:\/\/brasilnoticias.org\/site\/profisco-ii-avanca-em-ritmo-acelerado-de-execucao\/#breadcrumb\",\"itemListElement\":[{\"@type\":\"ListItem\",\"position\":1,\"name\":\"In\u00edcio\",\"item\":\"https:\/\/brasilnoticias.org\/site\/\"},{\"@type\":\"ListItem\",\"position\":2,\"name\":\"Profisco II avan\u00e7a em ritmo acelerado de execu\u00e7\u00e3o\"}]},{\"@type\":\"WebSite\",\"@id\":\"https:\/\/brasilnoticias.org\/site\/#website\",\"url\":\"https:\/\/brasilnoticias.org\/site\/\",\"name\":\"Brasil not\u00edcias\",\"description\":\"Brasil not\u00edcias\",\"publisher\":{\"@id\":\"https:\/\/brasilnoticias.org\/site\/#organization\"},\"potentialAction\":[{\"@type\":\"SearchAction\",\"target\":{\"@type\":\"EntryPoint\",\"urlTemplate\":\"https:\/\/brasilnoticias.org\/site\/?s={search_term_string}\"},\"query-input\":{\"@type\":\"PropertyValueSpecification\",\"valueRequired\":true,\"valueName\":\"search_term_string\"}}],\"inLanguage\":\"pt-PT\"},{\"@type\":\"Organization\",\"@id\":\"https:\/\/brasilnoticias.org\/site\/#organization\",\"name\":\"Brasil not\u00edcias\",\"url\":\"https:\/\/brasilnoticias.org\/site\/\",\"logo\":{\"@type\":\"ImageObject\",\"inLanguage\":\"pt-PT\",\"@id\":\"https:\/\/brasilnoticias.org\/site\/#\/schema\/logo\/image\/\",\"url\":\"https:\/\/brasilnoticias.org\/site\/wp-content\/uploads\/2022\/05\/cropped-brasilnoticias-mini.jpg\",\"contentUrl\":\"https:\/\/brasilnoticias.org\/site\/wp-content\/uploads\/2022\/05\/cropped-brasilnoticias-mini.jpg\",\"width\":314,\"height\":86,\"caption\":\"Brasil not\u00edcias\"},\"image\":{\"@id\":\"https:\/\/brasilnoticias.org\/site\/#\/schema\/logo\/image\/\"}},{\"@type\":\"Person\",\"@id\":\"https:\/\/brasilnoticias.org\/site\/#\/schema\/person\/03bbbfe6c7634ad18c26444ea39049fa\",\"name\":\"Reda\u00e7\u00e3o\",\"image\":{\"@type\":\"ImageObject\",\"inLanguage\":\"pt-PT\",\"@id\":\"https:\/\/brasilnoticias.org\/site\/#\/schema\/person\/image\/\",\"url\":\"https:\/\/secure.gravatar.com\/avatar\/9ecaf7327a696cb23ad926fedded5f1f04d7049de9e445375d55b48c001a6e42?s=96&d=mm&r=g\",\"contentUrl\":\"https:\/\/secure.gravatar.com\/avatar\/9ecaf7327a696cb23ad926fedded5f1f04d7049de9e445375d55b48c001a6e42?s=96&d=mm&r=g\",\"caption\":\"Reda\u00e7\u00e3o\"},\"url\":\"https:\/\/brasilnoticias.org\/site\/author\/henrique\/\"}]}<\/script>\n<!-- \/ Yoast SEO plugin. -->","yoast_head_json":{"title":"Profisco II avan\u00e7a em ritmo acelerado de execu\u00e7\u00e3o - Brasil not\u00edcias","robots":{"index":"index","follow":"follow","max-snippet":"max-snippet:-1","max-image-preview":"max-image-preview:large","max-video-preview":"max-video-preview:-1"},"canonical":"https:\/\/brasilnoticias.org\/site\/profisco-ii-avanca-em-ritmo-acelerado-de-execucao\/","og_locale":"pt_PT","og_type":"article","og_title":"Profisco II avan\u00e7a em ritmo acelerado de execu\u00e7\u00e3o - Brasil not\u00edcias","og_description":"O Programa, que tem execu\u00e7\u00e3o prevista at\u00e9 2027, j\u00e1 contabiliza 48,5% dos recursos contratados ou em fase de contrata\u00e7\u00e3o. Segue","og_url":"https:\/\/brasilnoticias.org\/site\/profisco-ii-avanca-em-ritmo-acelerado-de-execucao\/","og_site_name":"Brasil not\u00edcias","article_published_time":"2023-08-16T10:00:27+00:00","og_image":[{"width":768,"height":512,"url":"https:\/\/brasilnoticias.org\/site\/wp-content\/uploads\/2023\/08\/Sala-cofre-Pedro-Moraes-GOVBA-768x512-1.jpg","type":"image\/jpeg"}],"author":"Reda\u00e7\u00e3o","twitter_card":"summary_large_image","twitter_misc":{"Escrito por":"Reda\u00e7\u00e3o"},"schema":{"@context":"https:\/\/schema.org","@graph":[{"@type":"Article","@id":"https:\/\/brasilnoticias.org\/site\/profisco-ii-avanca-em-ritmo-acelerado-de-execucao\/#article","isPartOf":{"@id":"https:\/\/brasilnoticias.org\/site\/profisco-ii-avanca-em-ritmo-acelerado-de-execucao\/"},"author":{"name":"Reda\u00e7\u00e3o","@id":"https:\/\/brasilnoticias.org\/site\/#\/schema\/person\/03bbbfe6c7634ad18c26444ea39049fa"},"headline":"Profisco II avan\u00e7a em ritmo acelerado de execu\u00e7\u00e3o","datePublished":"2023-08-16T10:00:27+00:00","mainEntityOfPage":{"@id":"https:\/\/brasilnoticias.org\/site\/profisco-ii-avanca-em-ritmo-acelerado-de-execucao\/"},"wordCount":394,"commentCount":0,"publisher":{"@id":"https:\/\/brasilnoticias.org\/site\/#organization"},"image":{"@id":"https:\/\/brasilnoticias.org\/site\/profisco-ii-avanca-em-ritmo-acelerado-de-execucao\/#primaryimage"},"thumbnailUrl":"https:\/\/brasilnoticias.org\/site\/wp-content\/uploads\/2023\/08\/Sala-cofre-Pedro-Moraes-GOVBA-768x512-1.jpg","articleSection":["Not\u00edcias","\u00daltimas"],"inLanguage":"pt-PT","potentialAction":[{"@type":"CommentAction","name":"Comment","target":["https:\/\/brasilnoticias.org\/site\/profisco-ii-avanca-em-ritmo-acelerado-de-execucao\/#respond"]}]},{"@type":"WebPage","@id":"https:\/\/brasilnoticias.org\/site\/profisco-ii-avanca-em-ritmo-acelerado-de-execucao\/","url":"https:\/\/brasilnoticias.org\/site\/profisco-ii-avanca-em-ritmo-acelerado-de-execucao\/","name":"Profisco II avan\u00e7a em ritmo acelerado de execu\u00e7\u00e3o - Brasil not\u00edcias","isPartOf":{"@id":"https:\/\/brasilnoticias.org\/site\/#website"},"primaryImageOfPage":{"@id":"https:\/\/brasilnoticias.org\/site\/profisco-ii-avanca-em-ritmo-acelerado-de-execucao\/#primaryimage"},"image":{"@id":"https:\/\/brasilnoticias.org\/site\/profisco-ii-avanca-em-ritmo-acelerado-de-execucao\/#primaryimage"},"thumbnailUrl":"https:\/\/brasilnoticias.org\/site\/wp-content\/uploads\/2023\/08\/Sala-cofre-Pedro-Moraes-GOVBA-768x512-1.jpg","datePublished":"2023-08-16T10:00:27+00:00","breadcrumb":{"@id":"https:\/\/brasilnoticias.org\/site\/profisco-ii-avanca-em-ritmo-acelerado-de-execucao\/#breadcrumb"},"inLanguage":"pt-PT","potentialAction":[{"@type":"ReadAction","target":["https:\/\/brasilnoticias.org\/site\/profisco-ii-avanca-em-ritmo-acelerado-de-execucao\/"]}]},{"@type":"ImageObject","inLanguage":"pt-PT","@id":"https:\/\/brasilnoticias.org\/site\/profisco-ii-avanca-em-ritmo-acelerado-de-execucao\/#primaryimage","url":"https:\/\/brasilnoticias.org\/site\/wp-content\/uploads\/2023\/08\/Sala-cofre-Pedro-Moraes-GOVBA-768x512-1.jpg","contentUrl":"https:\/\/brasilnoticias.org\/site\/wp-content\/uploads\/2023\/08\/Sala-cofre-Pedro-Moraes-GOVBA-768x512-1.jpg","width":768,"height":512},{"@type":"BreadcrumbList","@id":"https:\/\/brasilnoticias.org\/site\/profisco-ii-avanca-em-ritmo-acelerado-de-execucao\/#breadcrumb","itemListElement":[{"@type":"ListItem","position":1,"name":"In\u00edcio","item":"https:\/\/brasilnoticias.org\/site\/"},{"@type":"ListItem","position":2,"name":"Profisco II avan\u00e7a em ritmo acelerado de execu\u00e7\u00e3o"}]},{"@type":"WebSite","@id":"https:\/\/brasilnoticias.org\/site\/#website","url":"https:\/\/brasilnoticias.org\/site\/","name":"Brasil not\u00edcias","description":"Brasil not\u00edcias","publisher":{"@id":"https:\/\/brasilnoticias.org\/site\/#organization"},"potentialAction":[{"@type":"SearchAction","target":{"@type":"EntryPoint","urlTemplate":"https:\/\/brasilnoticias.org\/site\/?s={search_term_string}"},"query-input":{"@type":"PropertyValueSpecification","valueRequired":true,"valueName":"search_term_string"}}],"inLanguage":"pt-PT"},{"@type":"Organization","@id":"https:\/\/brasilnoticias.org\/site\/#organization","name":"Brasil not\u00edcias","url":"https:\/\/brasilnoticias.org\/site\/","logo":{"@type":"ImageObject","inLanguage":"pt-PT","@id":"https:\/\/brasilnoticias.org\/site\/#\/schema\/logo\/image\/","url":"https:\/\/brasilnoticias.org\/site\/wp-content\/uploads\/2022\/05\/cropped-brasilnoticias-mini.jpg","contentUrl":"https:\/\/brasilnoticias.org\/site\/wp-content\/uploads\/2022\/05\/cropped-brasilnoticias-mini.jpg","width":314,"height":86,"caption":"Brasil not\u00edcias"},"image":{"@id":"https:\/\/brasilnoticias.org\/site\/#\/schema\/logo\/image\/"}},{"@type":"Person","@id":"https:\/\/brasilnoticias.org\/site\/#\/schema\/person\/03bbbfe6c7634ad18c26444ea39049fa","name":"Reda\u00e7\u00e3o","image":{"@type":"ImageObject","inLanguage":"pt-PT","@id":"https:\/\/brasilnoticias.org\/site\/#\/schema\/person\/image\/","url":"https:\/\/secure.gravatar.com\/avatar\/9ecaf7327a696cb23ad926fedded5f1f04d7049de9e445375d55b48c001a6e42?s=96&d=mm&r=g","contentUrl":"https:\/\/secure.gravatar.com\/avatar\/9ecaf7327a696cb23ad926fedded5f1f04d7049de9e445375d55b48c001a6e42?s=96&d=mm&r=g","caption":"Reda\u00e7\u00e3o"},"url":"https:\/\/brasilnoticias.org\/site\/author\/henrique\/"}]}},"_links":{"self":[{"href":"https:\/\/brasilnoticias.org\/site\/wp-json\/wp\/v2\/posts\/8311","targetHints":{"allow":["GET"]}}],"collection":[{"href":"https:\/\/brasilnoticias.org\/site\/wp-json\/wp\/v2\/posts"}],"about":[{"href":"https:\/\/brasilnoticias.org\/site\/wp-json\/wp\/v2\/types\/post"}],"author":[{"embeddable":true,"href":"https:\/\/brasilnoticias.org\/site\/wp-json\/wp\/v2\/users\/4"}],"replies":[{"embeddable":true,"href":"https:\/\/brasilnoticias.org\/site\/wp-json\/wp\/v2\/comments?post=8311"}],"version-history":[{"count":1,"href":"https:\/\/brasilnoticias.org\/site\/wp-json\/wp\/v2\/posts\/8311\/revisions"}],"predecessor-version":[{"id":8313,"href":"https:\/\/brasilnoticias.org\/site\/wp-json\/wp\/v2\/posts\/8311\/revisions\/8313"}],"wp:featuredmedia":[{"embeddable":true,"href":"https:\/\/brasilnoticias.org\/site\/wp-json\/wp\/v2\/media\/8312"}],"wp:attachment":[{"href":"https:\/\/brasilnoticias.org\/site\/wp-json\/wp\/v2\/media?parent=8311"}],"wp:term":[{"taxonomy":"category","embeddable":true,"href":"https:\/\/brasilnoticias.org\/site\/wp-json\/wp\/v2\/categories?post=8311"},{"taxonomy":"post_tag","embeddable":true,"href":"https:\/\/brasilnoticias.org\/site\/wp-json\/wp\/v2\/tags?post=8311"}],"curies":[{"name":"wp","href":"https:\/\/api.w.org\/{rel}","templated":true}]}}