{"id":8317,"date":"2023-08-16T09:00:39","date_gmt":"2023-08-16T12:00:39","guid":{"rendered":"https:\/\/brasilnoticias.org\/site\/?p=8317"},"modified":"2023-08-16T09:38:36","modified_gmt":"2023-08-16T12:38:36","slug":"consumidores-devem-ser-ressarcidos-por-prejuizos-sofridos-com-apagao-afirma-procon-ba","status":"publish","type":"post","link":"https:\/\/brasilnoticias.org\/site\/consumidores-devem-ser-ressarcidos-por-prejuizos-sofridos-com-apagao-afirma-procon-ba\/","title":{"rendered":"Consumidores devem ser ressarcidos por preju\u00edzos sofridos com \u2018apag\u00e3o\u2019, afirma Procon-BA"},"content":{"rendered":"<p>Reclama\u00e7\u00f5es podem ser formalizadas nas unidades do \u00f3rg\u00e3o ou no site<\/p>\n<p>A Superintend\u00eancia de Prote\u00e7\u00e3o e Defesa do Consumidor na Bahia (Procon-BA) publicou nota na tarde desta ter\u00e7a-feira (15\/8) informando que os consumidores do sistema de energia el\u00e9trica que tiveram preju\u00edzos causados pelo \u2018apag\u00e3o\u2019 que atingiu estados de todo o Brasil pela manh\u00e3 podem solicitar ressarcimento pelos danos.<\/p>\n<p>Quem teve avarias em  equipamentos el\u00e9tricos e eletrodom\u00e9sticos causados pela queda de energia no estado deve recorrer a unidades do Procon-BA ou no site para formalizar uma reclama\u00e7\u00e3o junto \u00e0 Neoenergia Coelba, concession\u00e1ria respons\u00e1vel pelo fornecimento de energia no estado.<\/p>\n<p>O superintendente do Procon-BA, Tiago Ven\u00e2ncio, incentivou os consumidores prejudicados a fazer as den\u00fancias. \u201cO C\u00f3digo de Defesa do Consumidor atribui responsabilidade objetiva aos fornecedores que, em decorr\u00eancia da presta\u00e7\u00e3o de servi\u00e7os, cause danos aos consumidores\u201d, explicou, na nota.<\/p>\n<p>APAG\u00c3O<\/p>\n<p>O \u2018apag\u00e3o\u2019 que atingiu cidades do Norte, Nordeste, Sudeste e Sul do Brasil ocorreu aproximadamente \u00e0s 8h30 desta ter\u00e7a-feira. Por volta das 11h, cidades da Bahia voltaram, gradativamente, a ter energia. Segundo a Neoenergia Coelba, cerca de 99% dos consumidores de Salvador j\u00e1 estavam com energia em casa. No \u00e2mbito estadual, 50% dos afetados foram retomados.<\/p>\n<p>No \u00faltimo comunicado divulgado pela Neoenergia, \u00e0s 14h13, foi informado que o restabelecimento do fornecimento nas \u00e1reas atingidas iniciou \u00e0s 9h03 e foi conclu\u00eddo \u00e0s 14h07. As causas da ocorr\u00eancia ainda est\u00e3o sob an\u00e1lise pelo Operador Nacional do Sistema (ONS).<\/p>\n<p>Foto: Reprodu\u00e7\u00e3o<br \/>\nAratu On<\/p>\n","protected":false},"excerpt":{"rendered":"<p>Reclama\u00e7\u00f5es podem ser formalizadas nas unidades do \u00f3rg\u00e3o ou no site A Superintend\u00eancia de Prote\u00e7\u00e3o e Defesa do Consumidor na<\/p>\n","protected":false},"author":4,"featured_media":8320,"comment_status":"open","ping_status":"open","sticky":false,"template":"","format":"standard","meta":{"colormag_page_container_layout":"default_layout","colormag_page_sidebar_layout":"default_layout","_FSMCFIC_featured_image_caption":"","_FSMCFIC_featured_image_nocaption":"","_FSMCFIC_featured_image_hide":"","footnotes":""},"categories":[1],"tags":[],"class_list":["post-8317","post","type-post","status-publish","format-standard","has-post-thumbnail","hentry","category-ultimas"],"yoast_head":"<!-- This site is optimized with the Yoast SEO plugin v27.1.1 - https:\/\/yoast.com\/product\/yoast-seo-wordpress\/ -->\n<title>Consumidores devem ser ressarcidos por preju\u00edzos sofridos com \u2018apag\u00e3o\u2019, afirma Procon-BA - Brasil not\u00edcias<\/title>\n<meta name=\"robots\" content=\"index, follow, max-snippet:-1, max-image-preview:large, max-video-preview:-1\" \/>\n<link rel=\"canonical\" href=\"https:\/\/brasilnoticias.org\/site\/consumidores-devem-ser-ressarcidos-por-prejuizos-sofridos-com-apagao-afirma-procon-ba\/\" \/>\n<meta property=\"og:locale\" content=\"pt_PT\" \/>\n<meta property=\"og:type\" content=\"article\" \/>\n<meta property=\"og:title\" content=\"Consumidores devem ser ressarcidos por preju\u00edzos sofridos com \u2018apag\u00e3o\u2019, afirma Procon-BA - Brasil not\u00edcias\" \/>\n<meta property=\"og:description\" content=\"Reclama\u00e7\u00f5es podem ser formalizadas nas unidades do \u00f3rg\u00e3o ou no site A Superintend\u00eancia de Prote\u00e7\u00e3o e Defesa do Consumidor na\" \/>\n<meta property=\"og:url\" content=\"https:\/\/brasilnoticias.org\/site\/consumidores-devem-ser-ressarcidos-por-prejuizos-sofridos-com-apagao-afirma-procon-ba\/\" \/>\n<meta property=\"og:site_name\" content=\"Brasil not\u00edcias\" \/>\n<meta property=\"article:published_time\" content=\"2023-08-16T12:00:39+00:00\" \/>\n<meta property=\"article:modified_time\" content=\"2023-08-16T12:38:36+00:00\" \/>\n<meta property=\"og:image\" content=\"https:\/\/brasilnoticias.org\/site\/wp-content\/uploads\/2023\/08\/procon.jpg\" \/>\n\t<meta property=\"og:image:width\" content=\"696\" \/>\n\t<meta property=\"og:image:height\" content=\"464\" \/>\n\t<meta property=\"og:image:type\" content=\"image\/jpeg\" \/>\n<meta name=\"author\" content=\"Reda\u00e7\u00e3o\" \/>\n<meta name=\"twitter:card\" content=\"summary_large_image\" \/>\n<meta name=\"twitter:label1\" content=\"Escrito por\" \/>\n\t<meta name=\"twitter:data1\" content=\"Reda\u00e7\u00e3o\" \/>\n\t<meta name=\"twitter:label2\" content=\"Tempo estimado de leitura\" \/>\n\t<meta name=\"twitter:data2\" content=\"2 minutos\" \/>\n<script type=\"application\/ld+json\" class=\"yoast-schema-graph\">{\"@context\":\"https:\/\/schema.org\",\"@graph\":[{\"@type\":\"Article\",\"@id\":\"https:\/\/brasilnoticias.org\/site\/consumidores-devem-ser-ressarcidos-por-prejuizos-sofridos-com-apagao-afirma-procon-ba\/#article\",\"isPartOf\":{\"@id\":\"https:\/\/brasilnoticias.org\/site\/consumidores-devem-ser-ressarcidos-por-prejuizos-sofridos-com-apagao-afirma-procon-ba\/\"},\"author\":{\"name\":\"Reda\u00e7\u00e3o\",\"@id\":\"https:\/\/brasilnoticias.org\/site\/#\/schema\/person\/03bbbfe6c7634ad18c26444ea39049fa\"},\"headline\":\"Consumidores devem ser ressarcidos por preju\u00edzos sofridos com \u2018apag\u00e3o\u2019, afirma Procon-BA\",\"datePublished\":\"2023-08-16T12:00:39+00:00\",\"dateModified\":\"2023-08-16T12:38:36+00:00\",\"mainEntityOfPage\":{\"@id\":\"https:\/\/brasilnoticias.org\/site\/consumidores-devem-ser-ressarcidos-por-prejuizos-sofridos-com-apagao-afirma-procon-ba\/\"},\"wordCount\":274,\"commentCount\":0,\"publisher\":{\"@id\":\"https:\/\/brasilnoticias.org\/site\/#organization\"},\"image\":{\"@id\":\"https:\/\/brasilnoticias.org\/site\/consumidores-devem-ser-ressarcidos-por-prejuizos-sofridos-com-apagao-afirma-procon-ba\/#primaryimage\"},\"thumbnailUrl\":\"https:\/\/brasilnoticias.org\/site\/wp-content\/uploads\/2023\/08\/procon.jpg\",\"articleSection\":[\"\u00daltimas\"],\"inLanguage\":\"pt-PT\",\"potentialAction\":[{\"@type\":\"CommentAction\",\"name\":\"Comment\",\"target\":[\"https:\/\/brasilnoticias.org\/site\/consumidores-devem-ser-ressarcidos-por-prejuizos-sofridos-com-apagao-afirma-procon-ba\/#respond\"]}]},{\"@type\":\"WebPage\",\"@id\":\"https:\/\/brasilnoticias.org\/site\/consumidores-devem-ser-ressarcidos-por-prejuizos-sofridos-com-apagao-afirma-procon-ba\/\",\"url\":\"https:\/\/brasilnoticias.org\/site\/consumidores-devem-ser-ressarcidos-por-prejuizos-sofridos-com-apagao-afirma-procon-ba\/\",\"name\":\"Consumidores devem ser ressarcidos por preju\u00edzos sofridos com \u2018apag\u00e3o\u2019, afirma Procon-BA - Brasil not\u00edcias\",\"isPartOf\":{\"@id\":\"https:\/\/brasilnoticias.org\/site\/#website\"},\"primaryImageOfPage\":{\"@id\":\"https:\/\/brasilnoticias.org\/site\/consumidores-devem-ser-ressarcidos-por-prejuizos-sofridos-com-apagao-afirma-procon-ba\/#primaryimage\"},\"image\":{\"@id\":\"https:\/\/brasilnoticias.org\/site\/consumidores-devem-ser-ressarcidos-por-prejuizos-sofridos-com-apagao-afirma-procon-ba\/#primaryimage\"},\"thumbnailUrl\":\"https:\/\/brasilnoticias.org\/site\/wp-content\/uploads\/2023\/08\/procon.jpg\",\"datePublished\":\"2023-08-16T12:00:39+00:00\",\"dateModified\":\"2023-08-16T12:38:36+00:00\",\"breadcrumb\":{\"@id\":\"https:\/\/brasilnoticias.org\/site\/consumidores-devem-ser-ressarcidos-por-prejuizos-sofridos-com-apagao-afirma-procon-ba\/#breadcrumb\"},\"inLanguage\":\"pt-PT\",\"potentialAction\":[{\"@type\":\"ReadAction\",\"target\":[\"https:\/\/brasilnoticias.org\/site\/consumidores-devem-ser-ressarcidos-por-prejuizos-sofridos-com-apagao-afirma-procon-ba\/\"]}]},{\"@type\":\"ImageObject\",\"inLanguage\":\"pt-PT\",\"@id\":\"https:\/\/brasilnoticias.org\/site\/consumidores-devem-ser-ressarcidos-por-prejuizos-sofridos-com-apagao-afirma-procon-ba\/#primaryimage\",\"url\":\"https:\/\/brasilnoticias.org\/site\/wp-content\/uploads\/2023\/08\/procon.jpg\",\"contentUrl\":\"https:\/\/brasilnoticias.org\/site\/wp-content\/uploads\/2023\/08\/procon.jpg\",\"width\":696,\"height\":464},{\"@type\":\"BreadcrumbList\",\"@id\":\"https:\/\/brasilnoticias.org\/site\/consumidores-devem-ser-ressarcidos-por-prejuizos-sofridos-com-apagao-afirma-procon-ba\/#breadcrumb\",\"itemListElement\":[{\"@type\":\"ListItem\",\"position\":1,\"name\":\"In\u00edcio\",\"item\":\"https:\/\/brasilnoticias.org\/site\/\"},{\"@type\":\"ListItem\",\"position\":2,\"name\":\"Consumidores devem ser ressarcidos por preju\u00edzos sofridos com \u2018apag\u00e3o\u2019, afirma Procon-BA\"}]},{\"@type\":\"WebSite\",\"@id\":\"https:\/\/brasilnoticias.org\/site\/#website\",\"url\":\"https:\/\/brasilnoticias.org\/site\/\",\"name\":\"Brasil not\u00edcias\",\"description\":\"Brasil not\u00edcias\",\"publisher\":{\"@id\":\"https:\/\/brasilnoticias.org\/site\/#organization\"},\"potentialAction\":[{\"@type\":\"SearchAction\",\"target\":{\"@type\":\"EntryPoint\",\"urlTemplate\":\"https:\/\/brasilnoticias.org\/site\/?s={search_term_string}\"},\"query-input\":{\"@type\":\"PropertyValueSpecification\",\"valueRequired\":true,\"valueName\":\"search_term_string\"}}],\"inLanguage\":\"pt-PT\"},{\"@type\":\"Organization\",\"@id\":\"https:\/\/brasilnoticias.org\/site\/#organization\",\"name\":\"Brasil not\u00edcias\",\"url\":\"https:\/\/brasilnoticias.org\/site\/\",\"logo\":{\"@type\":\"ImageObject\",\"inLanguage\":\"pt-PT\",\"@id\":\"https:\/\/brasilnoticias.org\/site\/#\/schema\/logo\/image\/\",\"url\":\"https:\/\/brasilnoticias.org\/site\/wp-content\/uploads\/2022\/05\/cropped-brasilnoticias-mini.jpg\",\"contentUrl\":\"https:\/\/brasilnoticias.org\/site\/wp-content\/uploads\/2022\/05\/cropped-brasilnoticias-mini.jpg\",\"width\":314,\"height\":86,\"caption\":\"Brasil not\u00edcias\"},\"image\":{\"@id\":\"https:\/\/brasilnoticias.org\/site\/#\/schema\/logo\/image\/\"}},{\"@type\":\"Person\",\"@id\":\"https:\/\/brasilnoticias.org\/site\/#\/schema\/person\/03bbbfe6c7634ad18c26444ea39049fa\",\"name\":\"Reda\u00e7\u00e3o\",\"image\":{\"@type\":\"ImageObject\",\"inLanguage\":\"pt-PT\",\"@id\":\"https:\/\/brasilnoticias.org\/site\/#\/schema\/person\/image\/\",\"url\":\"https:\/\/secure.gravatar.com\/avatar\/9ecaf7327a696cb23ad926fedded5f1f04d7049de9e445375d55b48c001a6e42?s=96&d=mm&r=g\",\"contentUrl\":\"https:\/\/secure.gravatar.com\/avatar\/9ecaf7327a696cb23ad926fedded5f1f04d7049de9e445375d55b48c001a6e42?s=96&d=mm&r=g\",\"caption\":\"Reda\u00e7\u00e3o\"},\"url\":\"https:\/\/brasilnoticias.org\/site\/author\/henrique\/\"}]}<\/script>\n<!-- \/ Yoast SEO plugin. -->","yoast_head_json":{"title":"Consumidores devem ser ressarcidos por preju\u00edzos sofridos com \u2018apag\u00e3o\u2019, afirma Procon-BA - Brasil not\u00edcias","robots":{"index":"index","follow":"follow","max-snippet":"max-snippet:-1","max-image-preview":"max-image-preview:large","max-video-preview":"max-video-preview:-1"},"canonical":"https:\/\/brasilnoticias.org\/site\/consumidores-devem-ser-ressarcidos-por-prejuizos-sofridos-com-apagao-afirma-procon-ba\/","og_locale":"pt_PT","og_type":"article","og_title":"Consumidores devem ser ressarcidos por preju\u00edzos sofridos com \u2018apag\u00e3o\u2019, afirma Procon-BA - Brasil not\u00edcias","og_description":"Reclama\u00e7\u00f5es podem ser formalizadas nas unidades do \u00f3rg\u00e3o ou no site A Superintend\u00eancia de Prote\u00e7\u00e3o e Defesa do Consumidor na","og_url":"https:\/\/brasilnoticias.org\/site\/consumidores-devem-ser-ressarcidos-por-prejuizos-sofridos-com-apagao-afirma-procon-ba\/","og_site_name":"Brasil not\u00edcias","article_published_time":"2023-08-16T12:00:39+00:00","article_modified_time":"2023-08-16T12:38:36+00:00","og_image":[{"width":696,"height":464,"url":"https:\/\/brasilnoticias.org\/site\/wp-content\/uploads\/2023\/08\/procon.jpg","type":"image\/jpeg"}],"author":"Reda\u00e7\u00e3o","twitter_card":"summary_large_image","twitter_misc":{"Escrito por":"Reda\u00e7\u00e3o","Tempo estimado de leitura":"2 minutos"},"schema":{"@context":"https:\/\/schema.org","@graph":[{"@type":"Article","@id":"https:\/\/brasilnoticias.org\/site\/consumidores-devem-ser-ressarcidos-por-prejuizos-sofridos-com-apagao-afirma-procon-ba\/#article","isPartOf":{"@id":"https:\/\/brasilnoticias.org\/site\/consumidores-devem-ser-ressarcidos-por-prejuizos-sofridos-com-apagao-afirma-procon-ba\/"},"author":{"name":"Reda\u00e7\u00e3o","@id":"https:\/\/brasilnoticias.org\/site\/#\/schema\/person\/03bbbfe6c7634ad18c26444ea39049fa"},"headline":"Consumidores devem ser ressarcidos por preju\u00edzos sofridos com \u2018apag\u00e3o\u2019, afirma Procon-BA","datePublished":"2023-08-16T12:00:39+00:00","dateModified":"2023-08-16T12:38:36+00:00","mainEntityOfPage":{"@id":"https:\/\/brasilnoticias.org\/site\/consumidores-devem-ser-ressarcidos-por-prejuizos-sofridos-com-apagao-afirma-procon-ba\/"},"wordCount":274,"commentCount":0,"publisher":{"@id":"https:\/\/brasilnoticias.org\/site\/#organization"},"image":{"@id":"https:\/\/brasilnoticias.org\/site\/consumidores-devem-ser-ressarcidos-por-prejuizos-sofridos-com-apagao-afirma-procon-ba\/#primaryimage"},"thumbnailUrl":"https:\/\/brasilnoticias.org\/site\/wp-content\/uploads\/2023\/08\/procon.jpg","articleSection":["\u00daltimas"],"inLanguage":"pt-PT","potentialAction":[{"@type":"CommentAction","name":"Comment","target":["https:\/\/brasilnoticias.org\/site\/consumidores-devem-ser-ressarcidos-por-prejuizos-sofridos-com-apagao-afirma-procon-ba\/#respond"]}]},{"@type":"WebPage","@id":"https:\/\/brasilnoticias.org\/site\/consumidores-devem-ser-ressarcidos-por-prejuizos-sofridos-com-apagao-afirma-procon-ba\/","url":"https:\/\/brasilnoticias.org\/site\/consumidores-devem-ser-ressarcidos-por-prejuizos-sofridos-com-apagao-afirma-procon-ba\/","name":"Consumidores devem ser ressarcidos por preju\u00edzos sofridos com \u2018apag\u00e3o\u2019, afirma Procon-BA - Brasil not\u00edcias","isPartOf":{"@id":"https:\/\/brasilnoticias.org\/site\/#website"},"primaryImageOfPage":{"@id":"https:\/\/brasilnoticias.org\/site\/consumidores-devem-ser-ressarcidos-por-prejuizos-sofridos-com-apagao-afirma-procon-ba\/#primaryimage"},"image":{"@id":"https:\/\/brasilnoticias.org\/site\/consumidores-devem-ser-ressarcidos-por-prejuizos-sofridos-com-apagao-afirma-procon-ba\/#primaryimage"},"thumbnailUrl":"https:\/\/brasilnoticias.org\/site\/wp-content\/uploads\/2023\/08\/procon.jpg","datePublished":"2023-08-16T12:00:39+00:00","dateModified":"2023-08-16T12:38:36+00:00","breadcrumb":{"@id":"https:\/\/brasilnoticias.org\/site\/consumidores-devem-ser-ressarcidos-por-prejuizos-sofridos-com-apagao-afirma-procon-ba\/#breadcrumb"},"inLanguage":"pt-PT","potentialAction":[{"@type":"ReadAction","target":["https:\/\/brasilnoticias.org\/site\/consumidores-devem-ser-ressarcidos-por-prejuizos-sofridos-com-apagao-afirma-procon-ba\/"]}]},{"@type":"ImageObject","inLanguage":"pt-PT","@id":"https:\/\/brasilnoticias.org\/site\/consumidores-devem-ser-ressarcidos-por-prejuizos-sofridos-com-apagao-afirma-procon-ba\/#primaryimage","url":"https:\/\/brasilnoticias.org\/site\/wp-content\/uploads\/2023\/08\/procon.jpg","contentUrl":"https:\/\/brasilnoticias.org\/site\/wp-content\/uploads\/2023\/08\/procon.jpg","width":696,"height":464},{"@type":"BreadcrumbList","@id":"https:\/\/brasilnoticias.org\/site\/consumidores-devem-ser-ressarcidos-por-prejuizos-sofridos-com-apagao-afirma-procon-ba\/#breadcrumb","itemListElement":[{"@type":"ListItem","position":1,"name":"In\u00edcio","item":"https:\/\/brasilnoticias.org\/site\/"},{"@type":"ListItem","position":2,"name":"Consumidores devem ser ressarcidos por preju\u00edzos sofridos com \u2018apag\u00e3o\u2019, afirma Procon-BA"}]},{"@type":"WebSite","@id":"https:\/\/brasilnoticias.org\/site\/#website","url":"https:\/\/brasilnoticias.org\/site\/","name":"Brasil not\u00edcias","description":"Brasil not\u00edcias","publisher":{"@id":"https:\/\/brasilnoticias.org\/site\/#organization"},"potentialAction":[{"@type":"SearchAction","target":{"@type":"EntryPoint","urlTemplate":"https:\/\/brasilnoticias.org\/site\/?s={search_term_string}"},"query-input":{"@type":"PropertyValueSpecification","valueRequired":true,"valueName":"search_term_string"}}],"inLanguage":"pt-PT"},{"@type":"Organization","@id":"https:\/\/brasilnoticias.org\/site\/#organization","name":"Brasil not\u00edcias","url":"https:\/\/brasilnoticias.org\/site\/","logo":{"@type":"ImageObject","inLanguage":"pt-PT","@id":"https:\/\/brasilnoticias.org\/site\/#\/schema\/logo\/image\/","url":"https:\/\/brasilnoticias.org\/site\/wp-content\/uploads\/2022\/05\/cropped-brasilnoticias-mini.jpg","contentUrl":"https:\/\/brasilnoticias.org\/site\/wp-content\/uploads\/2022\/05\/cropped-brasilnoticias-mini.jpg","width":314,"height":86,"caption":"Brasil not\u00edcias"},"image":{"@id":"https:\/\/brasilnoticias.org\/site\/#\/schema\/logo\/image\/"}},{"@type":"Person","@id":"https:\/\/brasilnoticias.org\/site\/#\/schema\/person\/03bbbfe6c7634ad18c26444ea39049fa","name":"Reda\u00e7\u00e3o","image":{"@type":"ImageObject","inLanguage":"pt-PT","@id":"https:\/\/brasilnoticias.org\/site\/#\/schema\/person\/image\/","url":"https:\/\/secure.gravatar.com\/avatar\/9ecaf7327a696cb23ad926fedded5f1f04d7049de9e445375d55b48c001a6e42?s=96&d=mm&r=g","contentUrl":"https:\/\/secure.gravatar.com\/avatar\/9ecaf7327a696cb23ad926fedded5f1f04d7049de9e445375d55b48c001a6e42?s=96&d=mm&r=g","caption":"Reda\u00e7\u00e3o"},"url":"https:\/\/brasilnoticias.org\/site\/author\/henrique\/"}]}},"_links":{"self":[{"href":"https:\/\/brasilnoticias.org\/site\/wp-json\/wp\/v2\/posts\/8317","targetHints":{"allow":["GET"]}}],"collection":[{"href":"https:\/\/brasilnoticias.org\/site\/wp-json\/wp\/v2\/posts"}],"about":[{"href":"https:\/\/brasilnoticias.org\/site\/wp-json\/wp\/v2\/types\/post"}],"author":[{"embeddable":true,"href":"https:\/\/brasilnoticias.org\/site\/wp-json\/wp\/v2\/users\/4"}],"replies":[{"embeddable":true,"href":"https:\/\/brasilnoticias.org\/site\/wp-json\/wp\/v2\/comments?post=8317"}],"version-history":[{"count":1,"href":"https:\/\/brasilnoticias.org\/site\/wp-json\/wp\/v2\/posts\/8317\/revisions"}],"predecessor-version":[{"id":8318,"href":"https:\/\/brasilnoticias.org\/site\/wp-json\/wp\/v2\/posts\/8317\/revisions\/8318"}],"wp:featuredmedia":[{"embeddable":true,"href":"https:\/\/brasilnoticias.org\/site\/wp-json\/wp\/v2\/media\/8320"}],"wp:attachment":[{"href":"https:\/\/brasilnoticias.org\/site\/wp-json\/wp\/v2\/media?parent=8317"}],"wp:term":[{"taxonomy":"category","embeddable":true,"href":"https:\/\/brasilnoticias.org\/site\/wp-json\/wp\/v2\/categories?post=8317"},{"taxonomy":"post_tag","embeddable":true,"href":"https:\/\/brasilnoticias.org\/site\/wp-json\/wp\/v2\/tags?post=8317"}],"curies":[{"name":"wp","href":"https:\/\/api.w.org\/{rel}","templated":true}]}}