{"id":8321,"date":"2023-08-16T09:40:31","date_gmt":"2023-08-16T12:40:31","guid":{"rendered":"https:\/\/brasilnoticias.org\/site\/?p=8321"},"modified":"2023-08-16T09:40:31","modified_gmt":"2023-08-16T12:40:31","slug":"vigilancia-epidemiologica-emite-alerta-sobre-casos-de-catapora-na-bahia-saiba-mais","status":"publish","type":"post","link":"https:\/\/brasilnoticias.org\/site\/vigilancia-epidemiologica-emite-alerta-sobre-casos-de-catapora-na-bahia-saiba-mais\/","title":{"rendered":"Vigil\u00e2ncia Epidemiol\u00f3gica emite alerta sobre casos de catapora na Bahia; saiba mais"},"content":{"rendered":"<p>De acordo com o alerta, n\u00e3o h\u00e1 indica\u00e7\u00e3o de suspens\u00e3o de atividades escolares, devendo ser adotadas medidas espec\u00edficas para as crian\u00e7as que tenham tido contato com casos suspeitos e confirmados<\/p>\n<p>Diante do per\u00edodo de sazonalidade da varicela, a catapora, e do aumento da notifica\u00e7\u00e3o de surtos em unidades escolares em alguns munic\u00edpios do estado da Bahia, a Secretaria de Sa\u00fade do Estado da Bahia (Sesab), por meio da Diretoria de Vigil\u00e2ncia Epidemiol\u00f3gica, emitiu, nesta ter\u00e7a-feira (15\/8), um alerta para os munic\u00edpios baianos para serem tomadas medidas de preven\u00e7\u00e3o e controle da doen\u00e7a.<\/p>\n<p>O documento aponta ainda que toda a rede de sa\u00fade deve fazer notifica\u00e7\u00e3o imediata de casos suspeitos de varicela \u00e0s autoridades sanit\u00e1rias municipais e estadual.<\/p>\n<p>Dentre as medidas que devem ser adotadas est\u00e3o a perman\u00eancia no domic\u00edlio at\u00e9 que as les\u00f5es evoluam para crosta; bloqueio vacinal (vacina\u00e7\u00e3o seletiva de pessoas sem hist\u00f3rico de vacina\u00e7\u00e3o anterior) que deve abranger os contatos de casos suspeitos ou confirmados de varicela em creches, escolas, ambientes hospitalares e comunidades ind\u00edgenas; intensifica\u00e7\u00e3o da vacina\u00e7\u00e3o de rotina, com busca ativa de crian\u00e7as n\u00e3o vacinadas; monitorar o aparecimento de casos novos.<\/p>\n<p>De acordo com o alerta, n\u00e3o h\u00e1 indica\u00e7\u00e3o de suspens\u00e3o de atividades escolares, devendo ser adotadas medidas espec\u00edficas para as crian\u00e7as que tenham tido contato com casos suspeitos e confirmados.<\/p>\n<p>O alerta tamb\u00e9m descreve que as baixas coberturas vacinais representam risco iminente para ocorr\u00eancia de surtos e casos graves de varicela no estado e consequente aumento dos internamentos. Este cen\u00e1rio justifica a necessidade de intensifica\u00e7\u00e3o das a\u00e7\u00f5es de assist\u00eancia e vigil\u00e2ncia em sa\u00fade, para preven\u00e7\u00e3o de casos graves e \u00f3bitos, sendo recomendada aos munic\u00edpios a notifica\u00e7\u00e3o de casos e surtos, bem como a avalia\u00e7\u00e3o da cobertura vacinal de rotina para busca ativa de suscept\u00edveis nas faixas et\u00e1rias eleg\u00edveis.<\/p>\n<p>Em 2023, at\u00e9 o dia 12 de agosto, foram notificados 443 casos de varicela, com coeficiente de incid\u00eancia de 3,0 casos\/100.000 habitantes no estado da Bahia. O maior coeficiente de incid\u00eancia foi entre crian\u00e7as menores de 1 ano de idade (16,19 casos\/100.000 hab), seguido da faixa de 1 a 4 anos (8,69 casos\/100.000 hab.)<\/p>\n<p>At\u00e9 maio de 2023, o estado alcan\u00e7ou cobertura de 49,88% da varicela monovalente, abaixo da meta preconizada para controle da doen\u00e7a (maior ou igual a 95%), conforme o Tabnet\/Datasus.<\/p>\n<p>Foto: Reprodu\u00e7\u00e3o<br \/>\nAratu On<\/p>\n","protected":false},"excerpt":{"rendered":"<p>De acordo com o alerta, n\u00e3o h\u00e1 indica\u00e7\u00e3o de suspens\u00e3o de atividades escolares, devendo ser adotadas medidas espec\u00edficas para as<\/p>\n","protected":false},"author":4,"featured_media":8322,"comment_status":"open","ping_status":"open","sticky":false,"template":"","format":"standard","meta":{"colormag_page_container_layout":"default_layout","colormag_page_sidebar_layout":"default_layout","_FSMCFIC_featured_image_caption":"","_FSMCFIC_featured_image_nocaption":"","_FSMCFIC_featured_image_hide":"","footnotes":""},"categories":[2,1],"tags":[],"class_list":["post-8321","post","type-post","status-publish","format-standard","has-post-thumbnail","hentry","category-noticias","category-ultimas"],"yoast_head":"<!-- This site is optimized with the Yoast SEO plugin v27.1.1 - https:\/\/yoast.com\/product\/yoast-seo-wordpress\/ -->\n<title>Vigil\u00e2ncia Epidemiol\u00f3gica emite alerta sobre casos de catapora na Bahia; saiba mais - Brasil not\u00edcias<\/title>\n<meta name=\"robots\" content=\"index, follow, max-snippet:-1, max-image-preview:large, max-video-preview:-1\" \/>\n<link rel=\"canonical\" href=\"https:\/\/brasilnoticias.org\/site\/vigilancia-epidemiologica-emite-alerta-sobre-casos-de-catapora-na-bahia-saiba-mais\/\" \/>\n<meta property=\"og:locale\" content=\"pt_PT\" \/>\n<meta property=\"og:type\" content=\"article\" \/>\n<meta property=\"og:title\" content=\"Vigil\u00e2ncia Epidemiol\u00f3gica emite alerta sobre casos de catapora na Bahia; saiba mais - Brasil not\u00edcias\" \/>\n<meta property=\"og:description\" content=\"De acordo com o alerta, n\u00e3o h\u00e1 indica\u00e7\u00e3o de suspens\u00e3o de atividades escolares, devendo ser adotadas medidas espec\u00edficas para as\" \/>\n<meta property=\"og:url\" content=\"https:\/\/brasilnoticias.org\/site\/vigilancia-epidemiologica-emite-alerta-sobre-casos-de-catapora-na-bahia-saiba-mais\/\" \/>\n<meta property=\"og:site_name\" content=\"Brasil not\u00edcias\" \/>\n<meta property=\"article:published_time\" content=\"2023-08-16T12:40:31+00:00\" \/>\n<meta property=\"og:image\" content=\"https:\/\/brasilnoticias.org\/site\/wp-content\/uploads\/2023\/08\/catapora.jpg\" \/>\n\t<meta property=\"og:image:width\" content=\"740\" \/>\n\t<meta property=\"og:image:height\" content=\"470\" \/>\n\t<meta property=\"og:image:type\" content=\"image\/jpeg\" \/>\n<meta name=\"author\" content=\"Reda\u00e7\u00e3o\" \/>\n<meta name=\"twitter:card\" content=\"summary_large_image\" \/>\n<meta name=\"twitter:label1\" content=\"Escrito por\" \/>\n\t<meta name=\"twitter:data1\" content=\"Reda\u00e7\u00e3o\" \/>\n<script type=\"application\/ld+json\" class=\"yoast-schema-graph\">{\"@context\":\"https:\/\/schema.org\",\"@graph\":[{\"@type\":\"Article\",\"@id\":\"https:\/\/brasilnoticias.org\/site\/vigilancia-epidemiologica-emite-alerta-sobre-casos-de-catapora-na-bahia-saiba-mais\/#article\",\"isPartOf\":{\"@id\":\"https:\/\/brasilnoticias.org\/site\/vigilancia-epidemiologica-emite-alerta-sobre-casos-de-catapora-na-bahia-saiba-mais\/\"},\"author\":{\"name\":\"Reda\u00e7\u00e3o\",\"@id\":\"https:\/\/brasilnoticias.org\/site\/#\/schema\/person\/03bbbfe6c7634ad18c26444ea39049fa\"},\"headline\":\"Vigil\u00e2ncia Epidemiol\u00f3gica emite alerta sobre casos de catapora na Bahia; saiba mais\",\"datePublished\":\"2023-08-16T12:40:31+00:00\",\"mainEntityOfPage\":{\"@id\":\"https:\/\/brasilnoticias.org\/site\/vigilancia-epidemiologica-emite-alerta-sobre-casos-de-catapora-na-bahia-saiba-mais\/\"},\"wordCount\":438,\"commentCount\":0,\"publisher\":{\"@id\":\"https:\/\/brasilnoticias.org\/site\/#organization\"},\"image\":{\"@id\":\"https:\/\/brasilnoticias.org\/site\/vigilancia-epidemiologica-emite-alerta-sobre-casos-de-catapora-na-bahia-saiba-mais\/#primaryimage\"},\"thumbnailUrl\":\"https:\/\/brasilnoticias.org\/site\/wp-content\/uploads\/2023\/08\/catapora.jpg\",\"articleSection\":[\"Not\u00edcias\",\"\u00daltimas\"],\"inLanguage\":\"pt-PT\",\"potentialAction\":[{\"@type\":\"CommentAction\",\"name\":\"Comment\",\"target\":[\"https:\/\/brasilnoticias.org\/site\/vigilancia-epidemiologica-emite-alerta-sobre-casos-de-catapora-na-bahia-saiba-mais\/#respond\"]}]},{\"@type\":\"WebPage\",\"@id\":\"https:\/\/brasilnoticias.org\/site\/vigilancia-epidemiologica-emite-alerta-sobre-casos-de-catapora-na-bahia-saiba-mais\/\",\"url\":\"https:\/\/brasilnoticias.org\/site\/vigilancia-epidemiologica-emite-alerta-sobre-casos-de-catapora-na-bahia-saiba-mais\/\",\"name\":\"Vigil\u00e2ncia Epidemiol\u00f3gica emite alerta sobre casos de catapora na Bahia; saiba mais - Brasil not\u00edcias\",\"isPartOf\":{\"@id\":\"https:\/\/brasilnoticias.org\/site\/#website\"},\"primaryImageOfPage\":{\"@id\":\"https:\/\/brasilnoticias.org\/site\/vigilancia-epidemiologica-emite-alerta-sobre-casos-de-catapora-na-bahia-saiba-mais\/#primaryimage\"},\"image\":{\"@id\":\"https:\/\/brasilnoticias.org\/site\/vigilancia-epidemiologica-emite-alerta-sobre-casos-de-catapora-na-bahia-saiba-mais\/#primaryimage\"},\"thumbnailUrl\":\"https:\/\/brasilnoticias.org\/site\/wp-content\/uploads\/2023\/08\/catapora.jpg\",\"datePublished\":\"2023-08-16T12:40:31+00:00\",\"breadcrumb\":{\"@id\":\"https:\/\/brasilnoticias.org\/site\/vigilancia-epidemiologica-emite-alerta-sobre-casos-de-catapora-na-bahia-saiba-mais\/#breadcrumb\"},\"inLanguage\":\"pt-PT\",\"potentialAction\":[{\"@type\":\"ReadAction\",\"target\":[\"https:\/\/brasilnoticias.org\/site\/vigilancia-epidemiologica-emite-alerta-sobre-casos-de-catapora-na-bahia-saiba-mais\/\"]}]},{\"@type\":\"ImageObject\",\"inLanguage\":\"pt-PT\",\"@id\":\"https:\/\/brasilnoticias.org\/site\/vigilancia-epidemiologica-emite-alerta-sobre-casos-de-catapora-na-bahia-saiba-mais\/#primaryimage\",\"url\":\"https:\/\/brasilnoticias.org\/site\/wp-content\/uploads\/2023\/08\/catapora.jpg\",\"contentUrl\":\"https:\/\/brasilnoticias.org\/site\/wp-content\/uploads\/2023\/08\/catapora.jpg\",\"width\":740,\"height\":470},{\"@type\":\"BreadcrumbList\",\"@id\":\"https:\/\/brasilnoticias.org\/site\/vigilancia-epidemiologica-emite-alerta-sobre-casos-de-catapora-na-bahia-saiba-mais\/#breadcrumb\",\"itemListElement\":[{\"@type\":\"ListItem\",\"position\":1,\"name\":\"In\u00edcio\",\"item\":\"https:\/\/brasilnoticias.org\/site\/\"},{\"@type\":\"ListItem\",\"position\":2,\"name\":\"Vigil\u00e2ncia Epidemiol\u00f3gica emite alerta sobre casos de catapora na Bahia; saiba mais\"}]},{\"@type\":\"WebSite\",\"@id\":\"https:\/\/brasilnoticias.org\/site\/#website\",\"url\":\"https:\/\/brasilnoticias.org\/site\/\",\"name\":\"Brasil not\u00edcias\",\"description\":\"Brasil not\u00edcias\",\"publisher\":{\"@id\":\"https:\/\/brasilnoticias.org\/site\/#organization\"},\"potentialAction\":[{\"@type\":\"SearchAction\",\"target\":{\"@type\":\"EntryPoint\",\"urlTemplate\":\"https:\/\/brasilnoticias.org\/site\/?s={search_term_string}\"},\"query-input\":{\"@type\":\"PropertyValueSpecification\",\"valueRequired\":true,\"valueName\":\"search_term_string\"}}],\"inLanguage\":\"pt-PT\"},{\"@type\":\"Organization\",\"@id\":\"https:\/\/brasilnoticias.org\/site\/#organization\",\"name\":\"Brasil not\u00edcias\",\"url\":\"https:\/\/brasilnoticias.org\/site\/\",\"logo\":{\"@type\":\"ImageObject\",\"inLanguage\":\"pt-PT\",\"@id\":\"https:\/\/brasilnoticias.org\/site\/#\/schema\/logo\/image\/\",\"url\":\"https:\/\/brasilnoticias.org\/site\/wp-content\/uploads\/2022\/05\/cropped-brasilnoticias-mini.jpg\",\"contentUrl\":\"https:\/\/brasilnoticias.org\/site\/wp-content\/uploads\/2022\/05\/cropped-brasilnoticias-mini.jpg\",\"width\":314,\"height\":86,\"caption\":\"Brasil not\u00edcias\"},\"image\":{\"@id\":\"https:\/\/brasilnoticias.org\/site\/#\/schema\/logo\/image\/\"}},{\"@type\":\"Person\",\"@id\":\"https:\/\/brasilnoticias.org\/site\/#\/schema\/person\/03bbbfe6c7634ad18c26444ea39049fa\",\"name\":\"Reda\u00e7\u00e3o\",\"image\":{\"@type\":\"ImageObject\",\"inLanguage\":\"pt-PT\",\"@id\":\"https:\/\/brasilnoticias.org\/site\/#\/schema\/person\/image\/\",\"url\":\"https:\/\/secure.gravatar.com\/avatar\/9ecaf7327a696cb23ad926fedded5f1f04d7049de9e445375d55b48c001a6e42?s=96&d=mm&r=g\",\"contentUrl\":\"https:\/\/secure.gravatar.com\/avatar\/9ecaf7327a696cb23ad926fedded5f1f04d7049de9e445375d55b48c001a6e42?s=96&d=mm&r=g\",\"caption\":\"Reda\u00e7\u00e3o\"},\"url\":\"https:\/\/brasilnoticias.org\/site\/author\/henrique\/\"}]}<\/script>\n<!-- \/ Yoast SEO plugin. -->","yoast_head_json":{"title":"Vigil\u00e2ncia Epidemiol\u00f3gica emite alerta sobre casos de catapora na Bahia; saiba mais - Brasil not\u00edcias","robots":{"index":"index","follow":"follow","max-snippet":"max-snippet:-1","max-image-preview":"max-image-preview:large","max-video-preview":"max-video-preview:-1"},"canonical":"https:\/\/brasilnoticias.org\/site\/vigilancia-epidemiologica-emite-alerta-sobre-casos-de-catapora-na-bahia-saiba-mais\/","og_locale":"pt_PT","og_type":"article","og_title":"Vigil\u00e2ncia Epidemiol\u00f3gica emite alerta sobre casos de catapora na Bahia; saiba mais - Brasil not\u00edcias","og_description":"De acordo com o alerta, n\u00e3o h\u00e1 indica\u00e7\u00e3o de suspens\u00e3o de atividades escolares, devendo ser adotadas medidas espec\u00edficas para as","og_url":"https:\/\/brasilnoticias.org\/site\/vigilancia-epidemiologica-emite-alerta-sobre-casos-de-catapora-na-bahia-saiba-mais\/","og_site_name":"Brasil not\u00edcias","article_published_time":"2023-08-16T12:40:31+00:00","og_image":[{"width":740,"height":470,"url":"https:\/\/brasilnoticias.org\/site\/wp-content\/uploads\/2023\/08\/catapora.jpg","type":"image\/jpeg"}],"author":"Reda\u00e7\u00e3o","twitter_card":"summary_large_image","twitter_misc":{"Escrito por":"Reda\u00e7\u00e3o"},"schema":{"@context":"https:\/\/schema.org","@graph":[{"@type":"Article","@id":"https:\/\/brasilnoticias.org\/site\/vigilancia-epidemiologica-emite-alerta-sobre-casos-de-catapora-na-bahia-saiba-mais\/#article","isPartOf":{"@id":"https:\/\/brasilnoticias.org\/site\/vigilancia-epidemiologica-emite-alerta-sobre-casos-de-catapora-na-bahia-saiba-mais\/"},"author":{"name":"Reda\u00e7\u00e3o","@id":"https:\/\/brasilnoticias.org\/site\/#\/schema\/person\/03bbbfe6c7634ad18c26444ea39049fa"},"headline":"Vigil\u00e2ncia Epidemiol\u00f3gica emite alerta sobre casos de catapora na Bahia; saiba mais","datePublished":"2023-08-16T12:40:31+00:00","mainEntityOfPage":{"@id":"https:\/\/brasilnoticias.org\/site\/vigilancia-epidemiologica-emite-alerta-sobre-casos-de-catapora-na-bahia-saiba-mais\/"},"wordCount":438,"commentCount":0,"publisher":{"@id":"https:\/\/brasilnoticias.org\/site\/#organization"},"image":{"@id":"https:\/\/brasilnoticias.org\/site\/vigilancia-epidemiologica-emite-alerta-sobre-casos-de-catapora-na-bahia-saiba-mais\/#primaryimage"},"thumbnailUrl":"https:\/\/brasilnoticias.org\/site\/wp-content\/uploads\/2023\/08\/catapora.jpg","articleSection":["Not\u00edcias","\u00daltimas"],"inLanguage":"pt-PT","potentialAction":[{"@type":"CommentAction","name":"Comment","target":["https:\/\/brasilnoticias.org\/site\/vigilancia-epidemiologica-emite-alerta-sobre-casos-de-catapora-na-bahia-saiba-mais\/#respond"]}]},{"@type":"WebPage","@id":"https:\/\/brasilnoticias.org\/site\/vigilancia-epidemiologica-emite-alerta-sobre-casos-de-catapora-na-bahia-saiba-mais\/","url":"https:\/\/brasilnoticias.org\/site\/vigilancia-epidemiologica-emite-alerta-sobre-casos-de-catapora-na-bahia-saiba-mais\/","name":"Vigil\u00e2ncia Epidemiol\u00f3gica emite alerta sobre casos de catapora na Bahia; saiba mais - Brasil not\u00edcias","isPartOf":{"@id":"https:\/\/brasilnoticias.org\/site\/#website"},"primaryImageOfPage":{"@id":"https:\/\/brasilnoticias.org\/site\/vigilancia-epidemiologica-emite-alerta-sobre-casos-de-catapora-na-bahia-saiba-mais\/#primaryimage"},"image":{"@id":"https:\/\/brasilnoticias.org\/site\/vigilancia-epidemiologica-emite-alerta-sobre-casos-de-catapora-na-bahia-saiba-mais\/#primaryimage"},"thumbnailUrl":"https:\/\/brasilnoticias.org\/site\/wp-content\/uploads\/2023\/08\/catapora.jpg","datePublished":"2023-08-16T12:40:31+00:00","breadcrumb":{"@id":"https:\/\/brasilnoticias.org\/site\/vigilancia-epidemiologica-emite-alerta-sobre-casos-de-catapora-na-bahia-saiba-mais\/#breadcrumb"},"inLanguage":"pt-PT","potentialAction":[{"@type":"ReadAction","target":["https:\/\/brasilnoticias.org\/site\/vigilancia-epidemiologica-emite-alerta-sobre-casos-de-catapora-na-bahia-saiba-mais\/"]}]},{"@type":"ImageObject","inLanguage":"pt-PT","@id":"https:\/\/brasilnoticias.org\/site\/vigilancia-epidemiologica-emite-alerta-sobre-casos-de-catapora-na-bahia-saiba-mais\/#primaryimage","url":"https:\/\/brasilnoticias.org\/site\/wp-content\/uploads\/2023\/08\/catapora.jpg","contentUrl":"https:\/\/brasilnoticias.org\/site\/wp-content\/uploads\/2023\/08\/catapora.jpg","width":740,"height":470},{"@type":"BreadcrumbList","@id":"https:\/\/brasilnoticias.org\/site\/vigilancia-epidemiologica-emite-alerta-sobre-casos-de-catapora-na-bahia-saiba-mais\/#breadcrumb","itemListElement":[{"@type":"ListItem","position":1,"name":"In\u00edcio","item":"https:\/\/brasilnoticias.org\/site\/"},{"@type":"ListItem","position":2,"name":"Vigil\u00e2ncia Epidemiol\u00f3gica emite alerta sobre casos de catapora na Bahia; saiba mais"}]},{"@type":"WebSite","@id":"https:\/\/brasilnoticias.org\/site\/#website","url":"https:\/\/brasilnoticias.org\/site\/","name":"Brasil not\u00edcias","description":"Brasil not\u00edcias","publisher":{"@id":"https:\/\/brasilnoticias.org\/site\/#organization"},"potentialAction":[{"@type":"SearchAction","target":{"@type":"EntryPoint","urlTemplate":"https:\/\/brasilnoticias.org\/site\/?s={search_term_string}"},"query-input":{"@type":"PropertyValueSpecification","valueRequired":true,"valueName":"search_term_string"}}],"inLanguage":"pt-PT"},{"@type":"Organization","@id":"https:\/\/brasilnoticias.org\/site\/#organization","name":"Brasil not\u00edcias","url":"https:\/\/brasilnoticias.org\/site\/","logo":{"@type":"ImageObject","inLanguage":"pt-PT","@id":"https:\/\/brasilnoticias.org\/site\/#\/schema\/logo\/image\/","url":"https:\/\/brasilnoticias.org\/site\/wp-content\/uploads\/2022\/05\/cropped-brasilnoticias-mini.jpg","contentUrl":"https:\/\/brasilnoticias.org\/site\/wp-content\/uploads\/2022\/05\/cropped-brasilnoticias-mini.jpg","width":314,"height":86,"caption":"Brasil not\u00edcias"},"image":{"@id":"https:\/\/brasilnoticias.org\/site\/#\/schema\/logo\/image\/"}},{"@type":"Person","@id":"https:\/\/brasilnoticias.org\/site\/#\/schema\/person\/03bbbfe6c7634ad18c26444ea39049fa","name":"Reda\u00e7\u00e3o","image":{"@type":"ImageObject","inLanguage":"pt-PT","@id":"https:\/\/brasilnoticias.org\/site\/#\/schema\/person\/image\/","url":"https:\/\/secure.gravatar.com\/avatar\/9ecaf7327a696cb23ad926fedded5f1f04d7049de9e445375d55b48c001a6e42?s=96&d=mm&r=g","contentUrl":"https:\/\/secure.gravatar.com\/avatar\/9ecaf7327a696cb23ad926fedded5f1f04d7049de9e445375d55b48c001a6e42?s=96&d=mm&r=g","caption":"Reda\u00e7\u00e3o"},"url":"https:\/\/brasilnoticias.org\/site\/author\/henrique\/"}]}},"_links":{"self":[{"href":"https:\/\/brasilnoticias.org\/site\/wp-json\/wp\/v2\/posts\/8321","targetHints":{"allow":["GET"]}}],"collection":[{"href":"https:\/\/brasilnoticias.org\/site\/wp-json\/wp\/v2\/posts"}],"about":[{"href":"https:\/\/brasilnoticias.org\/site\/wp-json\/wp\/v2\/types\/post"}],"author":[{"embeddable":true,"href":"https:\/\/brasilnoticias.org\/site\/wp-json\/wp\/v2\/users\/4"}],"replies":[{"embeddable":true,"href":"https:\/\/brasilnoticias.org\/site\/wp-json\/wp\/v2\/comments?post=8321"}],"version-history":[{"count":1,"href":"https:\/\/brasilnoticias.org\/site\/wp-json\/wp\/v2\/posts\/8321\/revisions"}],"predecessor-version":[{"id":8323,"href":"https:\/\/brasilnoticias.org\/site\/wp-json\/wp\/v2\/posts\/8321\/revisions\/8323"}],"wp:featuredmedia":[{"embeddable":true,"href":"https:\/\/brasilnoticias.org\/site\/wp-json\/wp\/v2\/media\/8322"}],"wp:attachment":[{"href":"https:\/\/brasilnoticias.org\/site\/wp-json\/wp\/v2\/media?parent=8321"}],"wp:term":[{"taxonomy":"category","embeddable":true,"href":"https:\/\/brasilnoticias.org\/site\/wp-json\/wp\/v2\/categories?post=8321"},{"taxonomy":"post_tag","embeddable":true,"href":"https:\/\/brasilnoticias.org\/site\/wp-json\/wp\/v2\/tags?post=8321"}],"curies":[{"name":"wp","href":"https:\/\/api.w.org\/{rel}","templated":true}]}}