{"id":8350,"date":"2023-08-16T17:03:19","date_gmt":"2023-08-16T20:03:19","guid":{"rendered":"https:\/\/brasilnoticias.org\/site\/?p=8350"},"modified":"2023-08-16T17:03:19","modified_gmt":"2023-08-16T20:03:19","slug":"ex-diretor-do-hospital-roberto-santos-jose-admirco-recebe-medalha-thome-de-souza-nesta-quarta-16","status":"publish","type":"post","link":"https:\/\/brasilnoticias.org\/site\/ex-diretor-do-hospital-roberto-santos-jose-admirco-recebe-medalha-thome-de-souza-nesta-quarta-16\/","title":{"rendered":"Ex-diretor do Hospital Roberto Santos, Jos\u00e9 Admir\u00e7o recebe Medalha Thom\u00e9 de Souza nesta quarta, 16"},"content":{"rendered":"<p>O m\u00e9dico anestesiologista e ex-diretor-geral do Hospital Geral Roberto Santos (HGRS), Jos\u00e9 Admir\u00e7o Lima Filho, receber\u00e1, nesta quarta-feira (16), a Medalha Thom\u00e9 de Souza. O projeto de resolu\u00e7\u00e3o &#8211; n\u00ba 3.201\/23 &#8211; que possibilitou a condecora\u00e7\u00e3o foi proposto pelo vereador Carlos Muniz, presidente da C\u00e2mara Municipal da Cidade de Salvador. <\/p>\n<p>A Sess\u00e3o Solene de outorga da Medalha Thom\u00e9 de Souza a Jos\u00e9 Admir\u00e7o ser\u00e1 realizada \u00e0s 18h30, no Plen\u00e1rio Cosme de Farias, localizado na Pra\u00e7a Thom\u00e9 de Souza, Centro. Participar\u00e3o da cerim\u00f4nia, al\u00e9m do presidente Carlos Muniz, o deputado estadual \u00c2ngelo Almeida (secret\u00e1rio de Desenvolvimento Econ\u00f4mico do Estado da Bahia), o deputado estadual Jos\u00e9 de Arimat\u00e9ia, o deputado estadual Alex da Piat\u00e3 (presidente da Comiss\u00e3o de Sa\u00fade da Assembleia Legislativa da Bahia), a vereadora D\u00e9bora Santana, o vereador Randersol Leal, o vereador Ricardo Muliquim (do munic\u00edpio de Baixa Grande), o jornalista Uziel Bueno e servidores do HGRS. <\/p>\n<p>&#8220;O meu agradecimento vai muito al\u00e9m do reconhecimento pelos anos de servi\u00e7os prestados \u00e0 frente do Hospital Geral Roberto Santos. \u00c9 uma oportunidade de vivenciar um dos momentos mais felizes diante da minha fam\u00edlia, meus amigos e meus colegas de trabalho\u201d, comemora Admir\u00e7o, acrescentando: &#8220;n\u00e3o pude me despedir (por quest\u00f5es de debilidade f\u00edsica minha) e de receber o carinho dos colaboradores quando solicitei para n\u00e3o estar mais \u00e0 frente da dire\u00e7\u00e3o-geral da institui\u00e7\u00e3o. Nunca imaginaria que a entrega dessa medalha se tornaria uma grande oportunidade para reencontrar as pessoas por quem possuo grande estima, respeito, carinho e gratid\u00e3o\u201d.<\/p>\n","protected":false},"excerpt":{"rendered":"<p>O m\u00e9dico anestesiologista e ex-diretor-geral do Hospital Geral Roberto Santos (HGRS), Jos\u00e9 Admir\u00e7o Lima Filho, receber\u00e1, nesta quarta-feira (16), a<\/p>\n","protected":false},"author":4,"featured_media":8351,"comment_status":"open","ping_status":"open","sticky":false,"template":"","format":"standard","meta":{"colormag_page_container_layout":"default_layout","colormag_page_sidebar_layout":"default_layout","_FSMCFIC_featured_image_caption":"","_FSMCFIC_featured_image_nocaption":"","_FSMCFIC_featured_image_hide":"","footnotes":""},"categories":[2,1],"tags":[],"class_list":["post-8350","post","type-post","status-publish","format-standard","has-post-thumbnail","hentry","category-noticias","category-ultimas"],"yoast_head":"<!-- This site is optimized with the Yoast SEO plugin v27.1.1 - https:\/\/yoast.com\/product\/yoast-seo-wordpress\/ -->\n<title>Ex-diretor do Hospital Roberto Santos, Jos\u00e9 Admir\u00e7o recebe Medalha Thom\u00e9 de Souza nesta quarta, 16 - Brasil not\u00edcias<\/title>\n<meta name=\"robots\" content=\"index, follow, max-snippet:-1, max-image-preview:large, max-video-preview:-1\" \/>\n<link rel=\"canonical\" href=\"https:\/\/brasilnoticias.org\/site\/ex-diretor-do-hospital-roberto-santos-jose-admirco-recebe-medalha-thome-de-souza-nesta-quarta-16\/\" \/>\n<meta property=\"og:locale\" content=\"pt_PT\" \/>\n<meta property=\"og:type\" content=\"article\" \/>\n<meta property=\"og:title\" content=\"Ex-diretor do Hospital Roberto Santos, Jos\u00e9 Admir\u00e7o recebe Medalha Thom\u00e9 de Souza nesta quarta, 16 - Brasil not\u00edcias\" \/>\n<meta property=\"og:description\" content=\"O m\u00e9dico anestesiologista e ex-diretor-geral do Hospital Geral Roberto Santos (HGRS), Jos\u00e9 Admir\u00e7o Lima Filho, receber\u00e1, nesta quarta-feira (16), a\" \/>\n<meta property=\"og:url\" content=\"https:\/\/brasilnoticias.org\/site\/ex-diretor-do-hospital-roberto-santos-jose-admirco-recebe-medalha-thome-de-souza-nesta-quarta-16\/\" \/>\n<meta property=\"og:site_name\" content=\"Brasil not\u00edcias\" \/>\n<meta property=\"article:published_time\" content=\"2023-08-16T20:03:19+00:00\" \/>\n<meta property=\"og:image\" content=\"https:\/\/brasilnoticias.org\/site\/wp-content\/uploads\/2023\/08\/Admirco-e-Mauricio-Barbosa.jpg\" \/>\n\t<meta property=\"og:image:width\" content=\"336\" \/>\n\t<meta property=\"og:image:height\" content=\"448\" \/>\n\t<meta property=\"og:image:type\" content=\"image\/jpeg\" \/>\n<meta name=\"author\" content=\"Reda\u00e7\u00e3o\" \/>\n<meta name=\"twitter:card\" content=\"summary_large_image\" \/>\n<meta name=\"twitter:label1\" content=\"Escrito por\" \/>\n\t<meta name=\"twitter:data1\" content=\"Reda\u00e7\u00e3o\" \/>\n<script type=\"application\/ld+json\" class=\"yoast-schema-graph\">{\"@context\":\"https:\/\/schema.org\",\"@graph\":[{\"@type\":\"Article\",\"@id\":\"https:\/\/brasilnoticias.org\/site\/ex-diretor-do-hospital-roberto-santos-jose-admirco-recebe-medalha-thome-de-souza-nesta-quarta-16\/#article\",\"isPartOf\":{\"@id\":\"https:\/\/brasilnoticias.org\/site\/ex-diretor-do-hospital-roberto-santos-jose-admirco-recebe-medalha-thome-de-souza-nesta-quarta-16\/\"},\"author\":{\"name\":\"Reda\u00e7\u00e3o\",\"@id\":\"https:\/\/brasilnoticias.org\/site\/#\/schema\/person\/03bbbfe6c7634ad18c26444ea39049fa\"},\"headline\":\"Ex-diretor do Hospital Roberto Santos, Jos\u00e9 Admir\u00e7o recebe Medalha Thom\u00e9 de Souza nesta quarta, 16\",\"datePublished\":\"2023-08-16T20:03:19+00:00\",\"mainEntityOfPage\":{\"@id\":\"https:\/\/brasilnoticias.org\/site\/ex-diretor-do-hospital-roberto-santos-jose-admirco-recebe-medalha-thome-de-souza-nesta-quarta-16\/\"},\"wordCount\":285,\"commentCount\":0,\"publisher\":{\"@id\":\"https:\/\/brasilnoticias.org\/site\/#organization\"},\"image\":{\"@id\":\"https:\/\/brasilnoticias.org\/site\/ex-diretor-do-hospital-roberto-santos-jose-admirco-recebe-medalha-thome-de-souza-nesta-quarta-16\/#primaryimage\"},\"thumbnailUrl\":\"https:\/\/brasilnoticias.org\/site\/wp-content\/uploads\/2023\/08\/Admirco-e-Mauricio-Barbosa.jpg\",\"articleSection\":[\"Not\u00edcias\",\"\u00daltimas\"],\"inLanguage\":\"pt-PT\",\"potentialAction\":[{\"@type\":\"CommentAction\",\"name\":\"Comment\",\"target\":[\"https:\/\/brasilnoticias.org\/site\/ex-diretor-do-hospital-roberto-santos-jose-admirco-recebe-medalha-thome-de-souza-nesta-quarta-16\/#respond\"]}]},{\"@type\":\"WebPage\",\"@id\":\"https:\/\/brasilnoticias.org\/site\/ex-diretor-do-hospital-roberto-santos-jose-admirco-recebe-medalha-thome-de-souza-nesta-quarta-16\/\",\"url\":\"https:\/\/brasilnoticias.org\/site\/ex-diretor-do-hospital-roberto-santos-jose-admirco-recebe-medalha-thome-de-souza-nesta-quarta-16\/\",\"name\":\"Ex-diretor do Hospital Roberto Santos, Jos\u00e9 Admir\u00e7o recebe Medalha Thom\u00e9 de Souza nesta quarta, 16 - Brasil not\u00edcias\",\"isPartOf\":{\"@id\":\"https:\/\/brasilnoticias.org\/site\/#website\"},\"primaryImageOfPage\":{\"@id\":\"https:\/\/brasilnoticias.org\/site\/ex-diretor-do-hospital-roberto-santos-jose-admirco-recebe-medalha-thome-de-souza-nesta-quarta-16\/#primaryimage\"},\"image\":{\"@id\":\"https:\/\/brasilnoticias.org\/site\/ex-diretor-do-hospital-roberto-santos-jose-admirco-recebe-medalha-thome-de-souza-nesta-quarta-16\/#primaryimage\"},\"thumbnailUrl\":\"https:\/\/brasilnoticias.org\/site\/wp-content\/uploads\/2023\/08\/Admirco-e-Mauricio-Barbosa.jpg\",\"datePublished\":\"2023-08-16T20:03:19+00:00\",\"breadcrumb\":{\"@id\":\"https:\/\/brasilnoticias.org\/site\/ex-diretor-do-hospital-roberto-santos-jose-admirco-recebe-medalha-thome-de-souza-nesta-quarta-16\/#breadcrumb\"},\"inLanguage\":\"pt-PT\",\"potentialAction\":[{\"@type\":\"ReadAction\",\"target\":[\"https:\/\/brasilnoticias.org\/site\/ex-diretor-do-hospital-roberto-santos-jose-admirco-recebe-medalha-thome-de-souza-nesta-quarta-16\/\"]}]},{\"@type\":\"ImageObject\",\"inLanguage\":\"pt-PT\",\"@id\":\"https:\/\/brasilnoticias.org\/site\/ex-diretor-do-hospital-roberto-santos-jose-admirco-recebe-medalha-thome-de-souza-nesta-quarta-16\/#primaryimage\",\"url\":\"https:\/\/brasilnoticias.org\/site\/wp-content\/uploads\/2023\/08\/Admirco-e-Mauricio-Barbosa.jpg\",\"contentUrl\":\"https:\/\/brasilnoticias.org\/site\/wp-content\/uploads\/2023\/08\/Admirco-e-Mauricio-Barbosa.jpg\",\"width\":336,\"height\":448},{\"@type\":\"BreadcrumbList\",\"@id\":\"https:\/\/brasilnoticias.org\/site\/ex-diretor-do-hospital-roberto-santos-jose-admirco-recebe-medalha-thome-de-souza-nesta-quarta-16\/#breadcrumb\",\"itemListElement\":[{\"@type\":\"ListItem\",\"position\":1,\"name\":\"In\u00edcio\",\"item\":\"https:\/\/brasilnoticias.org\/site\/\"},{\"@type\":\"ListItem\",\"position\":2,\"name\":\"Ex-diretor do Hospital Roberto Santos, Jos\u00e9 Admir\u00e7o recebe Medalha Thom\u00e9 de Souza nesta quarta, 16\"}]},{\"@type\":\"WebSite\",\"@id\":\"https:\/\/brasilnoticias.org\/site\/#website\",\"url\":\"https:\/\/brasilnoticias.org\/site\/\",\"name\":\"Brasil not\u00edcias\",\"description\":\"Brasil not\u00edcias\",\"publisher\":{\"@id\":\"https:\/\/brasilnoticias.org\/site\/#organization\"},\"potentialAction\":[{\"@type\":\"SearchAction\",\"target\":{\"@type\":\"EntryPoint\",\"urlTemplate\":\"https:\/\/brasilnoticias.org\/site\/?s={search_term_string}\"},\"query-input\":{\"@type\":\"PropertyValueSpecification\",\"valueRequired\":true,\"valueName\":\"search_term_string\"}}],\"inLanguage\":\"pt-PT\"},{\"@type\":\"Organization\",\"@id\":\"https:\/\/brasilnoticias.org\/site\/#organization\",\"name\":\"Brasil not\u00edcias\",\"url\":\"https:\/\/brasilnoticias.org\/site\/\",\"logo\":{\"@type\":\"ImageObject\",\"inLanguage\":\"pt-PT\",\"@id\":\"https:\/\/brasilnoticias.org\/site\/#\/schema\/logo\/image\/\",\"url\":\"https:\/\/brasilnoticias.org\/site\/wp-content\/uploads\/2022\/05\/cropped-brasilnoticias-mini.jpg\",\"contentUrl\":\"https:\/\/brasilnoticias.org\/site\/wp-content\/uploads\/2022\/05\/cropped-brasilnoticias-mini.jpg\",\"width\":314,\"height\":86,\"caption\":\"Brasil not\u00edcias\"},\"image\":{\"@id\":\"https:\/\/brasilnoticias.org\/site\/#\/schema\/logo\/image\/\"}},{\"@type\":\"Person\",\"@id\":\"https:\/\/brasilnoticias.org\/site\/#\/schema\/person\/03bbbfe6c7634ad18c26444ea39049fa\",\"name\":\"Reda\u00e7\u00e3o\",\"image\":{\"@type\":\"ImageObject\",\"inLanguage\":\"pt-PT\",\"@id\":\"https:\/\/brasilnoticias.org\/site\/#\/schema\/person\/image\/\",\"url\":\"https:\/\/secure.gravatar.com\/avatar\/9ecaf7327a696cb23ad926fedded5f1f04d7049de9e445375d55b48c001a6e42?s=96&d=mm&r=g\",\"contentUrl\":\"https:\/\/secure.gravatar.com\/avatar\/9ecaf7327a696cb23ad926fedded5f1f04d7049de9e445375d55b48c001a6e42?s=96&d=mm&r=g\",\"caption\":\"Reda\u00e7\u00e3o\"},\"url\":\"https:\/\/brasilnoticias.org\/site\/author\/henrique\/\"}]}<\/script>\n<!-- \/ Yoast SEO plugin. -->","yoast_head_json":{"title":"Ex-diretor do Hospital Roberto Santos, Jos\u00e9 Admir\u00e7o recebe Medalha Thom\u00e9 de Souza nesta quarta, 16 - Brasil not\u00edcias","robots":{"index":"index","follow":"follow","max-snippet":"max-snippet:-1","max-image-preview":"max-image-preview:large","max-video-preview":"max-video-preview:-1"},"canonical":"https:\/\/brasilnoticias.org\/site\/ex-diretor-do-hospital-roberto-santos-jose-admirco-recebe-medalha-thome-de-souza-nesta-quarta-16\/","og_locale":"pt_PT","og_type":"article","og_title":"Ex-diretor do Hospital Roberto Santos, Jos\u00e9 Admir\u00e7o recebe Medalha Thom\u00e9 de Souza nesta quarta, 16 - Brasil not\u00edcias","og_description":"O m\u00e9dico anestesiologista e ex-diretor-geral do Hospital Geral Roberto Santos (HGRS), Jos\u00e9 Admir\u00e7o Lima Filho, receber\u00e1, nesta quarta-feira (16), a","og_url":"https:\/\/brasilnoticias.org\/site\/ex-diretor-do-hospital-roberto-santos-jose-admirco-recebe-medalha-thome-de-souza-nesta-quarta-16\/","og_site_name":"Brasil not\u00edcias","article_published_time":"2023-08-16T20:03:19+00:00","og_image":[{"width":336,"height":448,"url":"https:\/\/brasilnoticias.org\/site\/wp-content\/uploads\/2023\/08\/Admirco-e-Mauricio-Barbosa.jpg","type":"image\/jpeg"}],"author":"Reda\u00e7\u00e3o","twitter_card":"summary_large_image","twitter_misc":{"Escrito por":"Reda\u00e7\u00e3o"},"schema":{"@context":"https:\/\/schema.org","@graph":[{"@type":"Article","@id":"https:\/\/brasilnoticias.org\/site\/ex-diretor-do-hospital-roberto-santos-jose-admirco-recebe-medalha-thome-de-souza-nesta-quarta-16\/#article","isPartOf":{"@id":"https:\/\/brasilnoticias.org\/site\/ex-diretor-do-hospital-roberto-santos-jose-admirco-recebe-medalha-thome-de-souza-nesta-quarta-16\/"},"author":{"name":"Reda\u00e7\u00e3o","@id":"https:\/\/brasilnoticias.org\/site\/#\/schema\/person\/03bbbfe6c7634ad18c26444ea39049fa"},"headline":"Ex-diretor do Hospital Roberto Santos, Jos\u00e9 Admir\u00e7o recebe Medalha Thom\u00e9 de Souza nesta quarta, 16","datePublished":"2023-08-16T20:03:19+00:00","mainEntityOfPage":{"@id":"https:\/\/brasilnoticias.org\/site\/ex-diretor-do-hospital-roberto-santos-jose-admirco-recebe-medalha-thome-de-souza-nesta-quarta-16\/"},"wordCount":285,"commentCount":0,"publisher":{"@id":"https:\/\/brasilnoticias.org\/site\/#organization"},"image":{"@id":"https:\/\/brasilnoticias.org\/site\/ex-diretor-do-hospital-roberto-santos-jose-admirco-recebe-medalha-thome-de-souza-nesta-quarta-16\/#primaryimage"},"thumbnailUrl":"https:\/\/brasilnoticias.org\/site\/wp-content\/uploads\/2023\/08\/Admirco-e-Mauricio-Barbosa.jpg","articleSection":["Not\u00edcias","\u00daltimas"],"inLanguage":"pt-PT","potentialAction":[{"@type":"CommentAction","name":"Comment","target":["https:\/\/brasilnoticias.org\/site\/ex-diretor-do-hospital-roberto-santos-jose-admirco-recebe-medalha-thome-de-souza-nesta-quarta-16\/#respond"]}]},{"@type":"WebPage","@id":"https:\/\/brasilnoticias.org\/site\/ex-diretor-do-hospital-roberto-santos-jose-admirco-recebe-medalha-thome-de-souza-nesta-quarta-16\/","url":"https:\/\/brasilnoticias.org\/site\/ex-diretor-do-hospital-roberto-santos-jose-admirco-recebe-medalha-thome-de-souza-nesta-quarta-16\/","name":"Ex-diretor do Hospital Roberto Santos, Jos\u00e9 Admir\u00e7o recebe Medalha Thom\u00e9 de Souza nesta quarta, 16 - Brasil not\u00edcias","isPartOf":{"@id":"https:\/\/brasilnoticias.org\/site\/#website"},"primaryImageOfPage":{"@id":"https:\/\/brasilnoticias.org\/site\/ex-diretor-do-hospital-roberto-santos-jose-admirco-recebe-medalha-thome-de-souza-nesta-quarta-16\/#primaryimage"},"image":{"@id":"https:\/\/brasilnoticias.org\/site\/ex-diretor-do-hospital-roberto-santos-jose-admirco-recebe-medalha-thome-de-souza-nesta-quarta-16\/#primaryimage"},"thumbnailUrl":"https:\/\/brasilnoticias.org\/site\/wp-content\/uploads\/2023\/08\/Admirco-e-Mauricio-Barbosa.jpg","datePublished":"2023-08-16T20:03:19+00:00","breadcrumb":{"@id":"https:\/\/brasilnoticias.org\/site\/ex-diretor-do-hospital-roberto-santos-jose-admirco-recebe-medalha-thome-de-souza-nesta-quarta-16\/#breadcrumb"},"inLanguage":"pt-PT","potentialAction":[{"@type":"ReadAction","target":["https:\/\/brasilnoticias.org\/site\/ex-diretor-do-hospital-roberto-santos-jose-admirco-recebe-medalha-thome-de-souza-nesta-quarta-16\/"]}]},{"@type":"ImageObject","inLanguage":"pt-PT","@id":"https:\/\/brasilnoticias.org\/site\/ex-diretor-do-hospital-roberto-santos-jose-admirco-recebe-medalha-thome-de-souza-nesta-quarta-16\/#primaryimage","url":"https:\/\/brasilnoticias.org\/site\/wp-content\/uploads\/2023\/08\/Admirco-e-Mauricio-Barbosa.jpg","contentUrl":"https:\/\/brasilnoticias.org\/site\/wp-content\/uploads\/2023\/08\/Admirco-e-Mauricio-Barbosa.jpg","width":336,"height":448},{"@type":"BreadcrumbList","@id":"https:\/\/brasilnoticias.org\/site\/ex-diretor-do-hospital-roberto-santos-jose-admirco-recebe-medalha-thome-de-souza-nesta-quarta-16\/#breadcrumb","itemListElement":[{"@type":"ListItem","position":1,"name":"In\u00edcio","item":"https:\/\/brasilnoticias.org\/site\/"},{"@type":"ListItem","position":2,"name":"Ex-diretor do Hospital Roberto Santos, Jos\u00e9 Admir\u00e7o recebe Medalha Thom\u00e9 de Souza nesta quarta, 16"}]},{"@type":"WebSite","@id":"https:\/\/brasilnoticias.org\/site\/#website","url":"https:\/\/brasilnoticias.org\/site\/","name":"Brasil not\u00edcias","description":"Brasil not\u00edcias","publisher":{"@id":"https:\/\/brasilnoticias.org\/site\/#organization"},"potentialAction":[{"@type":"SearchAction","target":{"@type":"EntryPoint","urlTemplate":"https:\/\/brasilnoticias.org\/site\/?s={search_term_string}"},"query-input":{"@type":"PropertyValueSpecification","valueRequired":true,"valueName":"search_term_string"}}],"inLanguage":"pt-PT"},{"@type":"Organization","@id":"https:\/\/brasilnoticias.org\/site\/#organization","name":"Brasil not\u00edcias","url":"https:\/\/brasilnoticias.org\/site\/","logo":{"@type":"ImageObject","inLanguage":"pt-PT","@id":"https:\/\/brasilnoticias.org\/site\/#\/schema\/logo\/image\/","url":"https:\/\/brasilnoticias.org\/site\/wp-content\/uploads\/2022\/05\/cropped-brasilnoticias-mini.jpg","contentUrl":"https:\/\/brasilnoticias.org\/site\/wp-content\/uploads\/2022\/05\/cropped-brasilnoticias-mini.jpg","width":314,"height":86,"caption":"Brasil not\u00edcias"},"image":{"@id":"https:\/\/brasilnoticias.org\/site\/#\/schema\/logo\/image\/"}},{"@type":"Person","@id":"https:\/\/brasilnoticias.org\/site\/#\/schema\/person\/03bbbfe6c7634ad18c26444ea39049fa","name":"Reda\u00e7\u00e3o","image":{"@type":"ImageObject","inLanguage":"pt-PT","@id":"https:\/\/brasilnoticias.org\/site\/#\/schema\/person\/image\/","url":"https:\/\/secure.gravatar.com\/avatar\/9ecaf7327a696cb23ad926fedded5f1f04d7049de9e445375d55b48c001a6e42?s=96&d=mm&r=g","contentUrl":"https:\/\/secure.gravatar.com\/avatar\/9ecaf7327a696cb23ad926fedded5f1f04d7049de9e445375d55b48c001a6e42?s=96&d=mm&r=g","caption":"Reda\u00e7\u00e3o"},"url":"https:\/\/brasilnoticias.org\/site\/author\/henrique\/"}]}},"_links":{"self":[{"href":"https:\/\/brasilnoticias.org\/site\/wp-json\/wp\/v2\/posts\/8350","targetHints":{"allow":["GET"]}}],"collection":[{"href":"https:\/\/brasilnoticias.org\/site\/wp-json\/wp\/v2\/posts"}],"about":[{"href":"https:\/\/brasilnoticias.org\/site\/wp-json\/wp\/v2\/types\/post"}],"author":[{"embeddable":true,"href":"https:\/\/brasilnoticias.org\/site\/wp-json\/wp\/v2\/users\/4"}],"replies":[{"embeddable":true,"href":"https:\/\/brasilnoticias.org\/site\/wp-json\/wp\/v2\/comments?post=8350"}],"version-history":[{"count":1,"href":"https:\/\/brasilnoticias.org\/site\/wp-json\/wp\/v2\/posts\/8350\/revisions"}],"predecessor-version":[{"id":8352,"href":"https:\/\/brasilnoticias.org\/site\/wp-json\/wp\/v2\/posts\/8350\/revisions\/8352"}],"wp:featuredmedia":[{"embeddable":true,"href":"https:\/\/brasilnoticias.org\/site\/wp-json\/wp\/v2\/media\/8351"}],"wp:attachment":[{"href":"https:\/\/brasilnoticias.org\/site\/wp-json\/wp\/v2\/media?parent=8350"}],"wp:term":[{"taxonomy":"category","embeddable":true,"href":"https:\/\/brasilnoticias.org\/site\/wp-json\/wp\/v2\/categories?post=8350"},{"taxonomy":"post_tag","embeddable":true,"href":"https:\/\/brasilnoticias.org\/site\/wp-json\/wp\/v2\/tags?post=8350"}],"curies":[{"name":"wp","href":"https:\/\/api.w.org\/{rel}","templated":true}]}}