{"id":8359,"date":"2023-08-17T08:00:27","date_gmt":"2023-08-17T11:00:27","guid":{"rendered":"https:\/\/brasilnoticias.org\/site\/?p=8359"},"modified":"2023-08-16T22:06:35","modified_gmt":"2023-08-17T01:06:35","slug":"apos-custar-r-57-milhoes-aos-cofres-publicos-vlt-que-nao-saiu-do-papel-tem-contrato-rescindido-pelo-governo","status":"publish","type":"post","link":"https:\/\/brasilnoticias.org\/site\/apos-custar-r-57-milhoes-aos-cofres-publicos-vlt-que-nao-saiu-do-papel-tem-contrato-rescindido-pelo-governo\/","title":{"rendered":"Ap\u00f3s custar R$ 57 milh\u00f5es aos cofres p\u00fablicos, VLT que n\u00e3o saiu do papel tem contrato rescindido pelo governo"},"content":{"rendered":"<p>Ap\u00f3s o VLT do Sub\u00farbio ter consumido ao menos R$ 56,9 milh\u00f5es pela gest\u00e3o estadual sem sair do papel, o modal teve seu contrato rescindido pelo governo da Bahia. Em nota, o governo informa que, ap\u00f3s avalia\u00e7\u00e3o de propostas de reequil\u00edbrio contratual apresentadas pela Skyrail, concession\u00e1ria respons\u00e1vel pela implanta\u00e7\u00e3o do VLT do Sub\u00farbio, o Executivo estadual notificou a empresa para rescis\u00e3o do contrato.<\/p>\n<p>\u201cA expectativa \u00e9 de que a rescis\u00e3o seja bilateral, ou seja, de forma amig\u00e1vel. A empresa respondeu formalmente a notifica\u00e7\u00e3o concordando com o distrato. Em paralelo, o Governo do Estado estuda as alternativas para dar continuidade ao projeto, que \u00e9 considerado priorit\u00e1rio e de fundamental import\u00e2ncia\u201d, diz.<\/p>\n<p>A decis\u00e3o acontece ap\u00f3s a Procuradoria Geral do Estado da Bahia (PGE-BA) apontar a rescis\u00e3o como sa\u00edda diante da urg\u00eancia de solu\u00e7\u00e3o para a continuidade da implanta\u00e7\u00e3o do sistema de transporte. Tamb\u00e9m por conta da inviabilidade atual de reconhecer reequil\u00edbrio econ\u00f4mico-financeiro sem estudos complexos ou garantia de que o contrato manteria a sua capacidade de execu\u00e7\u00e3o, ou seja, n\u00e3o comprovada a vantajosidade da proposta da empresa.<\/p>\n<p>\u201cAo notificar a concession\u00e1ria Skyrail, o governo estadual reconheceu os esfor\u00e7os empregados para a devida manuten\u00e7\u00e3o do contrato em in\u00fameras tratativas desenvolvidas entre as partes nos \u00faltimos meses\u201d, completa.<\/p>\n<p>O QUE A SKYRAIL\/BYD DIZ<\/p>\n<p>A BYD informa que vai cumprir a recomenda\u00e7\u00e3o da SEDUR para rescindir de forma amig\u00e1vel o<br \/>\ncontrato para a constru\u00e7\u00e3o do VLT do Sub\u00farbio de Salvador. Ap\u00f3s a assinatura do Primeiro Aditivo,<br \/>\nem 2020, as obras de implanta\u00e7\u00e3o do Contrato de Concess\u00e3o foram prejudicadas pela Pandemia de<br \/>\nCovid-19. Por conta disso, o avan\u00e7o na execu\u00e7\u00e3o do projeto do VLT do Sub\u00farbio foi diretamente<br \/>\nimpactado por fatos imprevis\u00edveis e de consequ\u00eancias incalcul\u00e1veis, alheios \u00e0s a\u00e7\u00f5es e<br \/>\nresponsabilidades da Concession\u00e1ria.<\/p>\n<p>Apesar de todo esfor\u00e7o feito pela Concession\u00e1ria, seus acionistas, colaboradores e o Governo da<br \/>\nBahia e, considerando que sem o reequil\u00edbrio pleiteado o Contrato de Concess\u00e3o se torna<br \/>\ninexequ\u00edvel, a Skyrail dar\u00e1 andamento nas negocia\u00e7\u00f5es para rescis\u00e3o amig\u00e1vel, visando apurar os<br \/>\nvalores indenizat\u00f3rios devidos \u00e0 Concession\u00e1ria com compensa\u00e7\u00e3o de valores a cr\u00e9dito do Poder<br \/>\nConcedente.<\/p>\n<p>A BYD Brasil, ao qual pertence o projeto de Skyrail Bahia, informa que pretende alocar todos os<br \/>\ncolaboradores em outras unidades de neg\u00f3cios do grupo e refor\u00e7a seu comprometimento com a<br \/>\nBahia, polo importante e promissor para a implanta\u00e7\u00e3o de complexos industriais.<\/p>\n<p>H\u00e1 um m\u00eas, a BYD anunciou um investimento de R$ 3 bilh\u00f5es em tr\u00eas f\u00e1bricas a serem instaladas<br \/>\nem Cama\u00e7ari \u2013 sendo uma unidade dedicada \u00e0 produ\u00e7\u00e3o de caminh\u00f5es el\u00e9tricos e chassis para<br \/>\n\u00f4nibus, com possibilidade de abastecer o mercado das regi\u00f5es Norte e Nordeste do Brasil, a outra<br \/>\ndedicada \u00e0 produ\u00e7\u00e3o de autom\u00f3veis h\u00edbridos e el\u00e9tricos, com capacidade estimada em 150 mil<br \/>\nunidades ao ano, e a terceira, ao processamento de c\u00e9lulas de l\u00edtio e ferro fosfato, com a expectativa<br \/>\nde gera\u00e7\u00e3o de 5 mil empregos.<\/p>\n","protected":false},"excerpt":{"rendered":"<p>Ap\u00f3s o VLT do Sub\u00farbio ter consumido ao menos R$ 56,9 milh\u00f5es pela gest\u00e3o estadual sem sair do papel, o<\/p>\n","protected":false},"author":4,"featured_media":8360,"comment_status":"open","ping_status":"open","sticky":false,"template":"","format":"standard","meta":{"colormag_page_container_layout":"default_layout","colormag_page_sidebar_layout":"default_layout","_FSMCFIC_featured_image_caption":"","_FSMCFIC_featured_image_nocaption":"","_FSMCFIC_featured_image_hide":"","footnotes":""},"categories":[2,1],"tags":[],"class_list":["post-8359","post","type-post","status-publish","format-standard","has-post-thumbnail","hentry","category-noticias","category-ultimas"],"yoast_head":"<!-- This site is optimized with the Yoast SEO plugin v27.1.1 - https:\/\/yoast.com\/product\/yoast-seo-wordpress\/ -->\n<title>Ap\u00f3s custar R$ 57 milh\u00f5es aos cofres p\u00fablicos, VLT que n\u00e3o saiu do papel tem contrato rescindido pelo governo - Brasil not\u00edcias<\/title>\n<meta name=\"robots\" content=\"index, follow, max-snippet:-1, max-image-preview:large, max-video-preview:-1\" \/>\n<link rel=\"canonical\" href=\"https:\/\/brasilnoticias.org\/site\/apos-custar-r-57-milhoes-aos-cofres-publicos-vlt-que-nao-saiu-do-papel-tem-contrato-rescindido-pelo-governo\/\" \/>\n<meta property=\"og:locale\" content=\"pt_PT\" \/>\n<meta property=\"og:type\" content=\"article\" \/>\n<meta property=\"og:title\" content=\"Ap\u00f3s custar R$ 57 milh\u00f5es aos cofres p\u00fablicos, VLT que n\u00e3o saiu do papel tem contrato rescindido pelo governo - Brasil not\u00edcias\" \/>\n<meta property=\"og:description\" content=\"Ap\u00f3s o VLT do Sub\u00farbio ter consumido ao menos R$ 56,9 milh\u00f5es pela gest\u00e3o estadual sem sair do papel, o\" \/>\n<meta property=\"og:url\" content=\"https:\/\/brasilnoticias.org\/site\/apos-custar-r-57-milhoes-aos-cofres-publicos-vlt-que-nao-saiu-do-papel-tem-contrato-rescindido-pelo-governo\/\" \/>\n<meta property=\"og:site_name\" content=\"Brasil not\u00edcias\" \/>\n<meta property=\"article:published_time\" content=\"2023-08-17T11:00:27+00:00\" \/>\n<meta property=\"og:image\" content=\"https:\/\/brasilnoticias.org\/site\/wp-content\/uploads\/2023\/08\/vlt-2-740x470-1.jpg\" \/>\n\t<meta property=\"og:image:width\" content=\"740\" \/>\n\t<meta property=\"og:image:height\" content=\"470\" \/>\n\t<meta property=\"og:image:type\" content=\"image\/jpeg\" \/>\n<meta name=\"author\" content=\"Reda\u00e7\u00e3o\" \/>\n<meta name=\"twitter:card\" content=\"summary_large_image\" \/>\n<meta name=\"twitter:label1\" content=\"Escrito por\" \/>\n\t<meta name=\"twitter:data1\" content=\"Reda\u00e7\u00e3o\" \/>\n<script type=\"application\/ld+json\" class=\"yoast-schema-graph\">{\"@context\":\"https:\/\/schema.org\",\"@graph\":[{\"@type\":\"Article\",\"@id\":\"https:\/\/brasilnoticias.org\/site\/apos-custar-r-57-milhoes-aos-cofres-publicos-vlt-que-nao-saiu-do-papel-tem-contrato-rescindido-pelo-governo\/#article\",\"isPartOf\":{\"@id\":\"https:\/\/brasilnoticias.org\/site\/apos-custar-r-57-milhoes-aos-cofres-publicos-vlt-que-nao-saiu-do-papel-tem-contrato-rescindido-pelo-governo\/\"},\"author\":{\"name\":\"Reda\u00e7\u00e3o\",\"@id\":\"https:\/\/brasilnoticias.org\/site\/#\/schema\/person\/03bbbfe6c7634ad18c26444ea39049fa\"},\"headline\":\"Ap\u00f3s custar R$ 57 milh\u00f5es aos cofres p\u00fablicos, VLT que n\u00e3o saiu do papel tem contrato rescindido pelo governo\",\"datePublished\":\"2023-08-17T11:00:27+00:00\",\"mainEntityOfPage\":{\"@id\":\"https:\/\/brasilnoticias.org\/site\/apos-custar-r-57-milhoes-aos-cofres-publicos-vlt-que-nao-saiu-do-papel-tem-contrato-rescindido-pelo-governo\/\"},\"wordCount\":563,\"commentCount\":0,\"publisher\":{\"@id\":\"https:\/\/brasilnoticias.org\/site\/#organization\"},\"image\":{\"@id\":\"https:\/\/brasilnoticias.org\/site\/apos-custar-r-57-milhoes-aos-cofres-publicos-vlt-que-nao-saiu-do-papel-tem-contrato-rescindido-pelo-governo\/#primaryimage\"},\"thumbnailUrl\":\"https:\/\/brasilnoticias.org\/site\/wp-content\/uploads\/2023\/08\/vlt-2-740x470-1.jpg\",\"articleSection\":[\"Not\u00edcias\",\"\u00daltimas\"],\"inLanguage\":\"pt-PT\",\"potentialAction\":[{\"@type\":\"CommentAction\",\"name\":\"Comment\",\"target\":[\"https:\/\/brasilnoticias.org\/site\/apos-custar-r-57-milhoes-aos-cofres-publicos-vlt-que-nao-saiu-do-papel-tem-contrato-rescindido-pelo-governo\/#respond\"]}]},{\"@type\":\"WebPage\",\"@id\":\"https:\/\/brasilnoticias.org\/site\/apos-custar-r-57-milhoes-aos-cofres-publicos-vlt-que-nao-saiu-do-papel-tem-contrato-rescindido-pelo-governo\/\",\"url\":\"https:\/\/brasilnoticias.org\/site\/apos-custar-r-57-milhoes-aos-cofres-publicos-vlt-que-nao-saiu-do-papel-tem-contrato-rescindido-pelo-governo\/\",\"name\":\"Ap\u00f3s custar R$ 57 milh\u00f5es aos cofres p\u00fablicos, VLT que n\u00e3o saiu do papel tem contrato rescindido pelo governo - Brasil not\u00edcias\",\"isPartOf\":{\"@id\":\"https:\/\/brasilnoticias.org\/site\/#website\"},\"primaryImageOfPage\":{\"@id\":\"https:\/\/brasilnoticias.org\/site\/apos-custar-r-57-milhoes-aos-cofres-publicos-vlt-que-nao-saiu-do-papel-tem-contrato-rescindido-pelo-governo\/#primaryimage\"},\"image\":{\"@id\":\"https:\/\/brasilnoticias.org\/site\/apos-custar-r-57-milhoes-aos-cofres-publicos-vlt-que-nao-saiu-do-papel-tem-contrato-rescindido-pelo-governo\/#primaryimage\"},\"thumbnailUrl\":\"https:\/\/brasilnoticias.org\/site\/wp-content\/uploads\/2023\/08\/vlt-2-740x470-1.jpg\",\"datePublished\":\"2023-08-17T11:00:27+00:00\",\"breadcrumb\":{\"@id\":\"https:\/\/brasilnoticias.org\/site\/apos-custar-r-57-milhoes-aos-cofres-publicos-vlt-que-nao-saiu-do-papel-tem-contrato-rescindido-pelo-governo\/#breadcrumb\"},\"inLanguage\":\"pt-PT\",\"potentialAction\":[{\"@type\":\"ReadAction\",\"target\":[\"https:\/\/brasilnoticias.org\/site\/apos-custar-r-57-milhoes-aos-cofres-publicos-vlt-que-nao-saiu-do-papel-tem-contrato-rescindido-pelo-governo\/\"]}]},{\"@type\":\"ImageObject\",\"inLanguage\":\"pt-PT\",\"@id\":\"https:\/\/brasilnoticias.org\/site\/apos-custar-r-57-milhoes-aos-cofres-publicos-vlt-que-nao-saiu-do-papel-tem-contrato-rescindido-pelo-governo\/#primaryimage\",\"url\":\"https:\/\/brasilnoticias.org\/site\/wp-content\/uploads\/2023\/08\/vlt-2-740x470-1.jpg\",\"contentUrl\":\"https:\/\/brasilnoticias.org\/site\/wp-content\/uploads\/2023\/08\/vlt-2-740x470-1.jpg\",\"width\":740,\"height\":470},{\"@type\":\"BreadcrumbList\",\"@id\":\"https:\/\/brasilnoticias.org\/site\/apos-custar-r-57-milhoes-aos-cofres-publicos-vlt-que-nao-saiu-do-papel-tem-contrato-rescindido-pelo-governo\/#breadcrumb\",\"itemListElement\":[{\"@type\":\"ListItem\",\"position\":1,\"name\":\"In\u00edcio\",\"item\":\"https:\/\/brasilnoticias.org\/site\/\"},{\"@type\":\"ListItem\",\"position\":2,\"name\":\"Ap\u00f3s custar R$ 57 milh\u00f5es aos cofres p\u00fablicos, VLT que n\u00e3o saiu do papel tem contrato rescindido pelo governo\"}]},{\"@type\":\"WebSite\",\"@id\":\"https:\/\/brasilnoticias.org\/site\/#website\",\"url\":\"https:\/\/brasilnoticias.org\/site\/\",\"name\":\"Brasil not\u00edcias\",\"description\":\"Brasil not\u00edcias\",\"publisher\":{\"@id\":\"https:\/\/brasilnoticias.org\/site\/#organization\"},\"potentialAction\":[{\"@type\":\"SearchAction\",\"target\":{\"@type\":\"EntryPoint\",\"urlTemplate\":\"https:\/\/brasilnoticias.org\/site\/?s={search_term_string}\"},\"query-input\":{\"@type\":\"PropertyValueSpecification\",\"valueRequired\":true,\"valueName\":\"search_term_string\"}}],\"inLanguage\":\"pt-PT\"},{\"@type\":\"Organization\",\"@id\":\"https:\/\/brasilnoticias.org\/site\/#organization\",\"name\":\"Brasil not\u00edcias\",\"url\":\"https:\/\/brasilnoticias.org\/site\/\",\"logo\":{\"@type\":\"ImageObject\",\"inLanguage\":\"pt-PT\",\"@id\":\"https:\/\/brasilnoticias.org\/site\/#\/schema\/logo\/image\/\",\"url\":\"https:\/\/brasilnoticias.org\/site\/wp-content\/uploads\/2022\/05\/cropped-brasilnoticias-mini.jpg\",\"contentUrl\":\"https:\/\/brasilnoticias.org\/site\/wp-content\/uploads\/2022\/05\/cropped-brasilnoticias-mini.jpg\",\"width\":314,\"height\":86,\"caption\":\"Brasil not\u00edcias\"},\"image\":{\"@id\":\"https:\/\/brasilnoticias.org\/site\/#\/schema\/logo\/image\/\"}},{\"@type\":\"Person\",\"@id\":\"https:\/\/brasilnoticias.org\/site\/#\/schema\/person\/03bbbfe6c7634ad18c26444ea39049fa\",\"name\":\"Reda\u00e7\u00e3o\",\"image\":{\"@type\":\"ImageObject\",\"inLanguage\":\"pt-PT\",\"@id\":\"https:\/\/brasilnoticias.org\/site\/#\/schema\/person\/image\/\",\"url\":\"https:\/\/secure.gravatar.com\/avatar\/9ecaf7327a696cb23ad926fedded5f1f04d7049de9e445375d55b48c001a6e42?s=96&d=mm&r=g\",\"contentUrl\":\"https:\/\/secure.gravatar.com\/avatar\/9ecaf7327a696cb23ad926fedded5f1f04d7049de9e445375d55b48c001a6e42?s=96&d=mm&r=g\",\"caption\":\"Reda\u00e7\u00e3o\"},\"url\":\"https:\/\/brasilnoticias.org\/site\/author\/henrique\/\"}]}<\/script>\n<!-- \/ Yoast SEO plugin. -->","yoast_head_json":{"title":"Ap\u00f3s custar R$ 57 milh\u00f5es aos cofres p\u00fablicos, VLT que n\u00e3o saiu do papel tem contrato rescindido pelo governo - Brasil not\u00edcias","robots":{"index":"index","follow":"follow","max-snippet":"max-snippet:-1","max-image-preview":"max-image-preview:large","max-video-preview":"max-video-preview:-1"},"canonical":"https:\/\/brasilnoticias.org\/site\/apos-custar-r-57-milhoes-aos-cofres-publicos-vlt-que-nao-saiu-do-papel-tem-contrato-rescindido-pelo-governo\/","og_locale":"pt_PT","og_type":"article","og_title":"Ap\u00f3s custar R$ 57 milh\u00f5es aos cofres p\u00fablicos, VLT que n\u00e3o saiu do papel tem contrato rescindido pelo governo - Brasil not\u00edcias","og_description":"Ap\u00f3s o VLT do Sub\u00farbio ter consumido ao menos R$ 56,9 milh\u00f5es pela gest\u00e3o estadual sem sair do papel, o","og_url":"https:\/\/brasilnoticias.org\/site\/apos-custar-r-57-milhoes-aos-cofres-publicos-vlt-que-nao-saiu-do-papel-tem-contrato-rescindido-pelo-governo\/","og_site_name":"Brasil not\u00edcias","article_published_time":"2023-08-17T11:00:27+00:00","og_image":[{"width":740,"height":470,"url":"https:\/\/brasilnoticias.org\/site\/wp-content\/uploads\/2023\/08\/vlt-2-740x470-1.jpg","type":"image\/jpeg"}],"author":"Reda\u00e7\u00e3o","twitter_card":"summary_large_image","twitter_misc":{"Escrito por":"Reda\u00e7\u00e3o"},"schema":{"@context":"https:\/\/schema.org","@graph":[{"@type":"Article","@id":"https:\/\/brasilnoticias.org\/site\/apos-custar-r-57-milhoes-aos-cofres-publicos-vlt-que-nao-saiu-do-papel-tem-contrato-rescindido-pelo-governo\/#article","isPartOf":{"@id":"https:\/\/brasilnoticias.org\/site\/apos-custar-r-57-milhoes-aos-cofres-publicos-vlt-que-nao-saiu-do-papel-tem-contrato-rescindido-pelo-governo\/"},"author":{"name":"Reda\u00e7\u00e3o","@id":"https:\/\/brasilnoticias.org\/site\/#\/schema\/person\/03bbbfe6c7634ad18c26444ea39049fa"},"headline":"Ap\u00f3s custar R$ 57 milh\u00f5es aos cofres p\u00fablicos, VLT que n\u00e3o saiu do papel tem contrato rescindido pelo governo","datePublished":"2023-08-17T11:00:27+00:00","mainEntityOfPage":{"@id":"https:\/\/brasilnoticias.org\/site\/apos-custar-r-57-milhoes-aos-cofres-publicos-vlt-que-nao-saiu-do-papel-tem-contrato-rescindido-pelo-governo\/"},"wordCount":563,"commentCount":0,"publisher":{"@id":"https:\/\/brasilnoticias.org\/site\/#organization"},"image":{"@id":"https:\/\/brasilnoticias.org\/site\/apos-custar-r-57-milhoes-aos-cofres-publicos-vlt-que-nao-saiu-do-papel-tem-contrato-rescindido-pelo-governo\/#primaryimage"},"thumbnailUrl":"https:\/\/brasilnoticias.org\/site\/wp-content\/uploads\/2023\/08\/vlt-2-740x470-1.jpg","articleSection":["Not\u00edcias","\u00daltimas"],"inLanguage":"pt-PT","potentialAction":[{"@type":"CommentAction","name":"Comment","target":["https:\/\/brasilnoticias.org\/site\/apos-custar-r-57-milhoes-aos-cofres-publicos-vlt-que-nao-saiu-do-papel-tem-contrato-rescindido-pelo-governo\/#respond"]}]},{"@type":"WebPage","@id":"https:\/\/brasilnoticias.org\/site\/apos-custar-r-57-milhoes-aos-cofres-publicos-vlt-que-nao-saiu-do-papel-tem-contrato-rescindido-pelo-governo\/","url":"https:\/\/brasilnoticias.org\/site\/apos-custar-r-57-milhoes-aos-cofres-publicos-vlt-que-nao-saiu-do-papel-tem-contrato-rescindido-pelo-governo\/","name":"Ap\u00f3s custar R$ 57 milh\u00f5es aos cofres p\u00fablicos, VLT que n\u00e3o saiu do papel tem contrato rescindido pelo governo - Brasil not\u00edcias","isPartOf":{"@id":"https:\/\/brasilnoticias.org\/site\/#website"},"primaryImageOfPage":{"@id":"https:\/\/brasilnoticias.org\/site\/apos-custar-r-57-milhoes-aos-cofres-publicos-vlt-que-nao-saiu-do-papel-tem-contrato-rescindido-pelo-governo\/#primaryimage"},"image":{"@id":"https:\/\/brasilnoticias.org\/site\/apos-custar-r-57-milhoes-aos-cofres-publicos-vlt-que-nao-saiu-do-papel-tem-contrato-rescindido-pelo-governo\/#primaryimage"},"thumbnailUrl":"https:\/\/brasilnoticias.org\/site\/wp-content\/uploads\/2023\/08\/vlt-2-740x470-1.jpg","datePublished":"2023-08-17T11:00:27+00:00","breadcrumb":{"@id":"https:\/\/brasilnoticias.org\/site\/apos-custar-r-57-milhoes-aos-cofres-publicos-vlt-que-nao-saiu-do-papel-tem-contrato-rescindido-pelo-governo\/#breadcrumb"},"inLanguage":"pt-PT","potentialAction":[{"@type":"ReadAction","target":["https:\/\/brasilnoticias.org\/site\/apos-custar-r-57-milhoes-aos-cofres-publicos-vlt-que-nao-saiu-do-papel-tem-contrato-rescindido-pelo-governo\/"]}]},{"@type":"ImageObject","inLanguage":"pt-PT","@id":"https:\/\/brasilnoticias.org\/site\/apos-custar-r-57-milhoes-aos-cofres-publicos-vlt-que-nao-saiu-do-papel-tem-contrato-rescindido-pelo-governo\/#primaryimage","url":"https:\/\/brasilnoticias.org\/site\/wp-content\/uploads\/2023\/08\/vlt-2-740x470-1.jpg","contentUrl":"https:\/\/brasilnoticias.org\/site\/wp-content\/uploads\/2023\/08\/vlt-2-740x470-1.jpg","width":740,"height":470},{"@type":"BreadcrumbList","@id":"https:\/\/brasilnoticias.org\/site\/apos-custar-r-57-milhoes-aos-cofres-publicos-vlt-que-nao-saiu-do-papel-tem-contrato-rescindido-pelo-governo\/#breadcrumb","itemListElement":[{"@type":"ListItem","position":1,"name":"In\u00edcio","item":"https:\/\/brasilnoticias.org\/site\/"},{"@type":"ListItem","position":2,"name":"Ap\u00f3s custar R$ 57 milh\u00f5es aos cofres p\u00fablicos, VLT que n\u00e3o saiu do papel tem contrato rescindido pelo governo"}]},{"@type":"WebSite","@id":"https:\/\/brasilnoticias.org\/site\/#website","url":"https:\/\/brasilnoticias.org\/site\/","name":"Brasil not\u00edcias","description":"Brasil not\u00edcias","publisher":{"@id":"https:\/\/brasilnoticias.org\/site\/#organization"},"potentialAction":[{"@type":"SearchAction","target":{"@type":"EntryPoint","urlTemplate":"https:\/\/brasilnoticias.org\/site\/?s={search_term_string}"},"query-input":{"@type":"PropertyValueSpecification","valueRequired":true,"valueName":"search_term_string"}}],"inLanguage":"pt-PT"},{"@type":"Organization","@id":"https:\/\/brasilnoticias.org\/site\/#organization","name":"Brasil not\u00edcias","url":"https:\/\/brasilnoticias.org\/site\/","logo":{"@type":"ImageObject","inLanguage":"pt-PT","@id":"https:\/\/brasilnoticias.org\/site\/#\/schema\/logo\/image\/","url":"https:\/\/brasilnoticias.org\/site\/wp-content\/uploads\/2022\/05\/cropped-brasilnoticias-mini.jpg","contentUrl":"https:\/\/brasilnoticias.org\/site\/wp-content\/uploads\/2022\/05\/cropped-brasilnoticias-mini.jpg","width":314,"height":86,"caption":"Brasil not\u00edcias"},"image":{"@id":"https:\/\/brasilnoticias.org\/site\/#\/schema\/logo\/image\/"}},{"@type":"Person","@id":"https:\/\/brasilnoticias.org\/site\/#\/schema\/person\/03bbbfe6c7634ad18c26444ea39049fa","name":"Reda\u00e7\u00e3o","image":{"@type":"ImageObject","inLanguage":"pt-PT","@id":"https:\/\/brasilnoticias.org\/site\/#\/schema\/person\/image\/","url":"https:\/\/secure.gravatar.com\/avatar\/9ecaf7327a696cb23ad926fedded5f1f04d7049de9e445375d55b48c001a6e42?s=96&d=mm&r=g","contentUrl":"https:\/\/secure.gravatar.com\/avatar\/9ecaf7327a696cb23ad926fedded5f1f04d7049de9e445375d55b48c001a6e42?s=96&d=mm&r=g","caption":"Reda\u00e7\u00e3o"},"url":"https:\/\/brasilnoticias.org\/site\/author\/henrique\/"}]}},"_links":{"self":[{"href":"https:\/\/brasilnoticias.org\/site\/wp-json\/wp\/v2\/posts\/8359","targetHints":{"allow":["GET"]}}],"collection":[{"href":"https:\/\/brasilnoticias.org\/site\/wp-json\/wp\/v2\/posts"}],"about":[{"href":"https:\/\/brasilnoticias.org\/site\/wp-json\/wp\/v2\/types\/post"}],"author":[{"embeddable":true,"href":"https:\/\/brasilnoticias.org\/site\/wp-json\/wp\/v2\/users\/4"}],"replies":[{"embeddable":true,"href":"https:\/\/brasilnoticias.org\/site\/wp-json\/wp\/v2\/comments?post=8359"}],"version-history":[{"count":1,"href":"https:\/\/brasilnoticias.org\/site\/wp-json\/wp\/v2\/posts\/8359\/revisions"}],"predecessor-version":[{"id":8361,"href":"https:\/\/brasilnoticias.org\/site\/wp-json\/wp\/v2\/posts\/8359\/revisions\/8361"}],"wp:featuredmedia":[{"embeddable":true,"href":"https:\/\/brasilnoticias.org\/site\/wp-json\/wp\/v2\/media\/8360"}],"wp:attachment":[{"href":"https:\/\/brasilnoticias.org\/site\/wp-json\/wp\/v2\/media?parent=8359"}],"wp:term":[{"taxonomy":"category","embeddable":true,"href":"https:\/\/brasilnoticias.org\/site\/wp-json\/wp\/v2\/categories?post=8359"},{"taxonomy":"post_tag","embeddable":true,"href":"https:\/\/brasilnoticias.org\/site\/wp-json\/wp\/v2\/tags?post=8359"}],"curies":[{"name":"wp","href":"https:\/\/api.w.org\/{rel}","templated":true}]}}