{"id":8362,"date":"2023-08-17T09:00:39","date_gmt":"2023-08-17T12:00:39","guid":{"rendered":"https:\/\/brasilnoticias.org\/site\/?p=8362"},"modified":"2023-08-16T22:07:43","modified_gmt":"2023-08-17T01:07:43","slug":"man-city-derrota-sevilla-nos-penaltis-e-conquista-a-supercopa-da-uefa","status":"publish","type":"post","link":"https:\/\/brasilnoticias.org\/site\/man-city-derrota-sevilla-nos-penaltis-e-conquista-a-supercopa-da-uefa\/","title":{"rendered":"Man City derrota Sevilla nos p\u00eanaltis e conquista a Supercopa da UEFA"},"content":{"rendered":"<p>Esta \u00e9 a primeira conquista do torneio pelo City, enquanto o Sevilla chega ao seu sexto vice-campeonato pelo torneio<\/p>\n<p>Confronto que marca o in\u00edcio oficial das competi\u00e7\u00f5es europeias para a temporada 2023\/2024, a Supercopa da UEFA conheceu hoje o seu mais novo campe\u00e3o. Na partida entre os vencedores da Champions League e da Liga Europa do ciclo 2022\/2023, o Manchester City conquistou o torneio ap\u00f3s empate em 1 a 1 no tempo normal e triunfo na disputa de penalidades pelo placar de 5 a 4.<\/p>\n<p>O clube espanhol abriu o marcador ainda no primeiro tempo, com En-Nesyri subindo de cabe\u00e7a e vencendo a marca\u00e7\u00e3o para fazer 1 a 0 ao campe\u00e3o da Liga Europa. Entretanto, na segunda etapa, Palmer recebeu boa bola de Rodri e deixou tudo igual no Est\u00e1dio Georgios Karaiskakis, em Atenas.<\/p>\n<p>Com o empate no tempo normal, a decis\u00e3o do t\u00edtulo ficou para a cobran\u00e7a de penalidades, com Gudelj desperdi\u00e7ando a sua cobran\u00e7a para o Sevilla. Este \u00e9 o segundo t\u00edtulo europeu do City, que na temporada passada conquistou sua primeira Champions League da hist\u00f3ria. J\u00e1 o Sevilla chega ao seu sexto vice-campeonato na Supercopa, com apenas uma conquista em sete disputas.<\/p>\n<p>Foto: Divulga\u00e7\u00e3o\/Man City<br \/>\nAratu On<\/p>\n","protected":false},"excerpt":{"rendered":"<p>Esta \u00e9 a primeira conquista do torneio pelo City, enquanto o Sevilla chega ao seu sexto vice-campeonato pelo torneio Confronto<\/p>\n","protected":false},"author":4,"featured_media":8363,"comment_status":"open","ping_status":"open","sticky":false,"template":"","format":"standard","meta":{"colormag_page_container_layout":"default_layout","colormag_page_sidebar_layout":"default_layout","_FSMCFIC_featured_image_caption":"","_FSMCFIC_featured_image_nocaption":"","_FSMCFIC_featured_image_hide":"","footnotes":""},"categories":[4,1],"tags":[],"class_list":["post-8362","post","type-post","status-publish","format-standard","has-post-thumbnail","hentry","category-esporte","category-ultimas"],"yoast_head":"<!-- This site is optimized with the Yoast SEO plugin v27.1.1 - https:\/\/yoast.com\/product\/yoast-seo-wordpress\/ -->\n<title>Man City derrota Sevilla nos p\u00eanaltis e conquista a Supercopa da UEFA - Brasil not\u00edcias<\/title>\n<meta name=\"robots\" content=\"index, follow, max-snippet:-1, max-image-preview:large, max-video-preview:-1\" \/>\n<link rel=\"canonical\" href=\"https:\/\/brasilnoticias.org\/site\/man-city-derrota-sevilla-nos-penaltis-e-conquista-a-supercopa-da-uefa\/\" \/>\n<meta property=\"og:locale\" content=\"pt_PT\" \/>\n<meta property=\"og:type\" content=\"article\" \/>\n<meta property=\"og:title\" content=\"Man City derrota Sevilla nos p\u00eanaltis e conquista a Supercopa da UEFA - Brasil not\u00edcias\" \/>\n<meta property=\"og:description\" content=\"Esta \u00e9 a primeira conquista do torneio pelo City, enquanto o Sevilla chega ao seu sexto vice-campeonato pelo torneio Confronto\" \/>\n<meta property=\"og:url\" content=\"https:\/\/brasilnoticias.org\/site\/man-city-derrota-sevilla-nos-penaltis-e-conquista-a-supercopa-da-uefa\/\" \/>\n<meta property=\"og:site_name\" content=\"Brasil not\u00edcias\" \/>\n<meta property=\"article:published_time\" content=\"2023-08-17T12:00:39+00:00\" \/>\n<meta property=\"og:image\" content=\"https:\/\/brasilnoticias.org\/site\/wp-content\/uploads\/2023\/08\/F3rp5slXsAA_a4a-740x470-1.jpg\" \/>\n\t<meta property=\"og:image:width\" content=\"740\" \/>\n\t<meta property=\"og:image:height\" content=\"470\" \/>\n\t<meta property=\"og:image:type\" content=\"image\/jpeg\" \/>\n<meta name=\"author\" content=\"Reda\u00e7\u00e3o\" \/>\n<meta name=\"twitter:card\" content=\"summary_large_image\" \/>\n<meta name=\"twitter:label1\" content=\"Escrito por\" \/>\n\t<meta name=\"twitter:data1\" content=\"Reda\u00e7\u00e3o\" \/>\n<script type=\"application\/ld+json\" class=\"yoast-schema-graph\">{\"@context\":\"https:\/\/schema.org\",\"@graph\":[{\"@type\":\"Article\",\"@id\":\"https:\/\/brasilnoticias.org\/site\/man-city-derrota-sevilla-nos-penaltis-e-conquista-a-supercopa-da-uefa\/#article\",\"isPartOf\":{\"@id\":\"https:\/\/brasilnoticias.org\/site\/man-city-derrota-sevilla-nos-penaltis-e-conquista-a-supercopa-da-uefa\/\"},\"author\":{\"name\":\"Reda\u00e7\u00e3o\",\"@id\":\"https:\/\/brasilnoticias.org\/site\/#\/schema\/person\/03bbbfe6c7634ad18c26444ea39049fa\"},\"headline\":\"Man City derrota Sevilla nos p\u00eanaltis e conquista a Supercopa da UEFA\",\"datePublished\":\"2023-08-17T12:00:39+00:00\",\"mainEntityOfPage\":{\"@id\":\"https:\/\/brasilnoticias.org\/site\/man-city-derrota-sevilla-nos-penaltis-e-conquista-a-supercopa-da-uefa\/\"},\"wordCount\":220,\"commentCount\":0,\"publisher\":{\"@id\":\"https:\/\/brasilnoticias.org\/site\/#organization\"},\"image\":{\"@id\":\"https:\/\/brasilnoticias.org\/site\/man-city-derrota-sevilla-nos-penaltis-e-conquista-a-supercopa-da-uefa\/#primaryimage\"},\"thumbnailUrl\":\"https:\/\/brasilnoticias.org\/site\/wp-content\/uploads\/2023\/08\/F3rp5slXsAA_a4a-740x470-1.jpg\",\"articleSection\":[\"Esporte\",\"\u00daltimas\"],\"inLanguage\":\"pt-PT\",\"potentialAction\":[{\"@type\":\"CommentAction\",\"name\":\"Comment\",\"target\":[\"https:\/\/brasilnoticias.org\/site\/man-city-derrota-sevilla-nos-penaltis-e-conquista-a-supercopa-da-uefa\/#respond\"]}]},{\"@type\":\"WebPage\",\"@id\":\"https:\/\/brasilnoticias.org\/site\/man-city-derrota-sevilla-nos-penaltis-e-conquista-a-supercopa-da-uefa\/\",\"url\":\"https:\/\/brasilnoticias.org\/site\/man-city-derrota-sevilla-nos-penaltis-e-conquista-a-supercopa-da-uefa\/\",\"name\":\"Man City derrota Sevilla nos p\u00eanaltis e conquista a Supercopa da UEFA - Brasil not\u00edcias\",\"isPartOf\":{\"@id\":\"https:\/\/brasilnoticias.org\/site\/#website\"},\"primaryImageOfPage\":{\"@id\":\"https:\/\/brasilnoticias.org\/site\/man-city-derrota-sevilla-nos-penaltis-e-conquista-a-supercopa-da-uefa\/#primaryimage\"},\"image\":{\"@id\":\"https:\/\/brasilnoticias.org\/site\/man-city-derrota-sevilla-nos-penaltis-e-conquista-a-supercopa-da-uefa\/#primaryimage\"},\"thumbnailUrl\":\"https:\/\/brasilnoticias.org\/site\/wp-content\/uploads\/2023\/08\/F3rp5slXsAA_a4a-740x470-1.jpg\",\"datePublished\":\"2023-08-17T12:00:39+00:00\",\"breadcrumb\":{\"@id\":\"https:\/\/brasilnoticias.org\/site\/man-city-derrota-sevilla-nos-penaltis-e-conquista-a-supercopa-da-uefa\/#breadcrumb\"},\"inLanguage\":\"pt-PT\",\"potentialAction\":[{\"@type\":\"ReadAction\",\"target\":[\"https:\/\/brasilnoticias.org\/site\/man-city-derrota-sevilla-nos-penaltis-e-conquista-a-supercopa-da-uefa\/\"]}]},{\"@type\":\"ImageObject\",\"inLanguage\":\"pt-PT\",\"@id\":\"https:\/\/brasilnoticias.org\/site\/man-city-derrota-sevilla-nos-penaltis-e-conquista-a-supercopa-da-uefa\/#primaryimage\",\"url\":\"https:\/\/brasilnoticias.org\/site\/wp-content\/uploads\/2023\/08\/F3rp5slXsAA_a4a-740x470-1.jpg\",\"contentUrl\":\"https:\/\/brasilnoticias.org\/site\/wp-content\/uploads\/2023\/08\/F3rp5slXsAA_a4a-740x470-1.jpg\",\"width\":740,\"height\":470},{\"@type\":\"BreadcrumbList\",\"@id\":\"https:\/\/brasilnoticias.org\/site\/man-city-derrota-sevilla-nos-penaltis-e-conquista-a-supercopa-da-uefa\/#breadcrumb\",\"itemListElement\":[{\"@type\":\"ListItem\",\"position\":1,\"name\":\"In\u00edcio\",\"item\":\"https:\/\/brasilnoticias.org\/site\/\"},{\"@type\":\"ListItem\",\"position\":2,\"name\":\"Man City derrota Sevilla nos p\u00eanaltis e conquista a Supercopa da UEFA\"}]},{\"@type\":\"WebSite\",\"@id\":\"https:\/\/brasilnoticias.org\/site\/#website\",\"url\":\"https:\/\/brasilnoticias.org\/site\/\",\"name\":\"Brasil not\u00edcias\",\"description\":\"Brasil not\u00edcias\",\"publisher\":{\"@id\":\"https:\/\/brasilnoticias.org\/site\/#organization\"},\"potentialAction\":[{\"@type\":\"SearchAction\",\"target\":{\"@type\":\"EntryPoint\",\"urlTemplate\":\"https:\/\/brasilnoticias.org\/site\/?s={search_term_string}\"},\"query-input\":{\"@type\":\"PropertyValueSpecification\",\"valueRequired\":true,\"valueName\":\"search_term_string\"}}],\"inLanguage\":\"pt-PT\"},{\"@type\":\"Organization\",\"@id\":\"https:\/\/brasilnoticias.org\/site\/#organization\",\"name\":\"Brasil not\u00edcias\",\"url\":\"https:\/\/brasilnoticias.org\/site\/\",\"logo\":{\"@type\":\"ImageObject\",\"inLanguage\":\"pt-PT\",\"@id\":\"https:\/\/brasilnoticias.org\/site\/#\/schema\/logo\/image\/\",\"url\":\"https:\/\/brasilnoticias.org\/site\/wp-content\/uploads\/2022\/05\/cropped-brasilnoticias-mini.jpg\",\"contentUrl\":\"https:\/\/brasilnoticias.org\/site\/wp-content\/uploads\/2022\/05\/cropped-brasilnoticias-mini.jpg\",\"width\":314,\"height\":86,\"caption\":\"Brasil not\u00edcias\"},\"image\":{\"@id\":\"https:\/\/brasilnoticias.org\/site\/#\/schema\/logo\/image\/\"}},{\"@type\":\"Person\",\"@id\":\"https:\/\/brasilnoticias.org\/site\/#\/schema\/person\/03bbbfe6c7634ad18c26444ea39049fa\",\"name\":\"Reda\u00e7\u00e3o\",\"image\":{\"@type\":\"ImageObject\",\"inLanguage\":\"pt-PT\",\"@id\":\"https:\/\/brasilnoticias.org\/site\/#\/schema\/person\/image\/\",\"url\":\"https:\/\/secure.gravatar.com\/avatar\/9ecaf7327a696cb23ad926fedded5f1f04d7049de9e445375d55b48c001a6e42?s=96&d=mm&r=g\",\"contentUrl\":\"https:\/\/secure.gravatar.com\/avatar\/9ecaf7327a696cb23ad926fedded5f1f04d7049de9e445375d55b48c001a6e42?s=96&d=mm&r=g\",\"caption\":\"Reda\u00e7\u00e3o\"},\"url\":\"https:\/\/brasilnoticias.org\/site\/author\/henrique\/\"}]}<\/script>\n<!-- \/ Yoast SEO plugin. -->","yoast_head_json":{"title":"Man City derrota Sevilla nos p\u00eanaltis e conquista a Supercopa da UEFA - Brasil not\u00edcias","robots":{"index":"index","follow":"follow","max-snippet":"max-snippet:-1","max-image-preview":"max-image-preview:large","max-video-preview":"max-video-preview:-1"},"canonical":"https:\/\/brasilnoticias.org\/site\/man-city-derrota-sevilla-nos-penaltis-e-conquista-a-supercopa-da-uefa\/","og_locale":"pt_PT","og_type":"article","og_title":"Man City derrota Sevilla nos p\u00eanaltis e conquista a Supercopa da UEFA - Brasil not\u00edcias","og_description":"Esta \u00e9 a primeira conquista do torneio pelo City, enquanto o Sevilla chega ao seu sexto vice-campeonato pelo torneio Confronto","og_url":"https:\/\/brasilnoticias.org\/site\/man-city-derrota-sevilla-nos-penaltis-e-conquista-a-supercopa-da-uefa\/","og_site_name":"Brasil not\u00edcias","article_published_time":"2023-08-17T12:00:39+00:00","og_image":[{"width":740,"height":470,"url":"https:\/\/brasilnoticias.org\/site\/wp-content\/uploads\/2023\/08\/F3rp5slXsAA_a4a-740x470-1.jpg","type":"image\/jpeg"}],"author":"Reda\u00e7\u00e3o","twitter_card":"summary_large_image","twitter_misc":{"Escrito por":"Reda\u00e7\u00e3o"},"schema":{"@context":"https:\/\/schema.org","@graph":[{"@type":"Article","@id":"https:\/\/brasilnoticias.org\/site\/man-city-derrota-sevilla-nos-penaltis-e-conquista-a-supercopa-da-uefa\/#article","isPartOf":{"@id":"https:\/\/brasilnoticias.org\/site\/man-city-derrota-sevilla-nos-penaltis-e-conquista-a-supercopa-da-uefa\/"},"author":{"name":"Reda\u00e7\u00e3o","@id":"https:\/\/brasilnoticias.org\/site\/#\/schema\/person\/03bbbfe6c7634ad18c26444ea39049fa"},"headline":"Man City derrota Sevilla nos p\u00eanaltis e conquista a Supercopa da UEFA","datePublished":"2023-08-17T12:00:39+00:00","mainEntityOfPage":{"@id":"https:\/\/brasilnoticias.org\/site\/man-city-derrota-sevilla-nos-penaltis-e-conquista-a-supercopa-da-uefa\/"},"wordCount":220,"commentCount":0,"publisher":{"@id":"https:\/\/brasilnoticias.org\/site\/#organization"},"image":{"@id":"https:\/\/brasilnoticias.org\/site\/man-city-derrota-sevilla-nos-penaltis-e-conquista-a-supercopa-da-uefa\/#primaryimage"},"thumbnailUrl":"https:\/\/brasilnoticias.org\/site\/wp-content\/uploads\/2023\/08\/F3rp5slXsAA_a4a-740x470-1.jpg","articleSection":["Esporte","\u00daltimas"],"inLanguage":"pt-PT","potentialAction":[{"@type":"CommentAction","name":"Comment","target":["https:\/\/brasilnoticias.org\/site\/man-city-derrota-sevilla-nos-penaltis-e-conquista-a-supercopa-da-uefa\/#respond"]}]},{"@type":"WebPage","@id":"https:\/\/brasilnoticias.org\/site\/man-city-derrota-sevilla-nos-penaltis-e-conquista-a-supercopa-da-uefa\/","url":"https:\/\/brasilnoticias.org\/site\/man-city-derrota-sevilla-nos-penaltis-e-conquista-a-supercopa-da-uefa\/","name":"Man City derrota Sevilla nos p\u00eanaltis e conquista a Supercopa da UEFA - Brasil not\u00edcias","isPartOf":{"@id":"https:\/\/brasilnoticias.org\/site\/#website"},"primaryImageOfPage":{"@id":"https:\/\/brasilnoticias.org\/site\/man-city-derrota-sevilla-nos-penaltis-e-conquista-a-supercopa-da-uefa\/#primaryimage"},"image":{"@id":"https:\/\/brasilnoticias.org\/site\/man-city-derrota-sevilla-nos-penaltis-e-conquista-a-supercopa-da-uefa\/#primaryimage"},"thumbnailUrl":"https:\/\/brasilnoticias.org\/site\/wp-content\/uploads\/2023\/08\/F3rp5slXsAA_a4a-740x470-1.jpg","datePublished":"2023-08-17T12:00:39+00:00","breadcrumb":{"@id":"https:\/\/brasilnoticias.org\/site\/man-city-derrota-sevilla-nos-penaltis-e-conquista-a-supercopa-da-uefa\/#breadcrumb"},"inLanguage":"pt-PT","potentialAction":[{"@type":"ReadAction","target":["https:\/\/brasilnoticias.org\/site\/man-city-derrota-sevilla-nos-penaltis-e-conquista-a-supercopa-da-uefa\/"]}]},{"@type":"ImageObject","inLanguage":"pt-PT","@id":"https:\/\/brasilnoticias.org\/site\/man-city-derrota-sevilla-nos-penaltis-e-conquista-a-supercopa-da-uefa\/#primaryimage","url":"https:\/\/brasilnoticias.org\/site\/wp-content\/uploads\/2023\/08\/F3rp5slXsAA_a4a-740x470-1.jpg","contentUrl":"https:\/\/brasilnoticias.org\/site\/wp-content\/uploads\/2023\/08\/F3rp5slXsAA_a4a-740x470-1.jpg","width":740,"height":470},{"@type":"BreadcrumbList","@id":"https:\/\/brasilnoticias.org\/site\/man-city-derrota-sevilla-nos-penaltis-e-conquista-a-supercopa-da-uefa\/#breadcrumb","itemListElement":[{"@type":"ListItem","position":1,"name":"In\u00edcio","item":"https:\/\/brasilnoticias.org\/site\/"},{"@type":"ListItem","position":2,"name":"Man City derrota Sevilla nos p\u00eanaltis e conquista a Supercopa da UEFA"}]},{"@type":"WebSite","@id":"https:\/\/brasilnoticias.org\/site\/#website","url":"https:\/\/brasilnoticias.org\/site\/","name":"Brasil not\u00edcias","description":"Brasil not\u00edcias","publisher":{"@id":"https:\/\/brasilnoticias.org\/site\/#organization"},"potentialAction":[{"@type":"SearchAction","target":{"@type":"EntryPoint","urlTemplate":"https:\/\/brasilnoticias.org\/site\/?s={search_term_string}"},"query-input":{"@type":"PropertyValueSpecification","valueRequired":true,"valueName":"search_term_string"}}],"inLanguage":"pt-PT"},{"@type":"Organization","@id":"https:\/\/brasilnoticias.org\/site\/#organization","name":"Brasil not\u00edcias","url":"https:\/\/brasilnoticias.org\/site\/","logo":{"@type":"ImageObject","inLanguage":"pt-PT","@id":"https:\/\/brasilnoticias.org\/site\/#\/schema\/logo\/image\/","url":"https:\/\/brasilnoticias.org\/site\/wp-content\/uploads\/2022\/05\/cropped-brasilnoticias-mini.jpg","contentUrl":"https:\/\/brasilnoticias.org\/site\/wp-content\/uploads\/2022\/05\/cropped-brasilnoticias-mini.jpg","width":314,"height":86,"caption":"Brasil not\u00edcias"},"image":{"@id":"https:\/\/brasilnoticias.org\/site\/#\/schema\/logo\/image\/"}},{"@type":"Person","@id":"https:\/\/brasilnoticias.org\/site\/#\/schema\/person\/03bbbfe6c7634ad18c26444ea39049fa","name":"Reda\u00e7\u00e3o","image":{"@type":"ImageObject","inLanguage":"pt-PT","@id":"https:\/\/brasilnoticias.org\/site\/#\/schema\/person\/image\/","url":"https:\/\/secure.gravatar.com\/avatar\/9ecaf7327a696cb23ad926fedded5f1f04d7049de9e445375d55b48c001a6e42?s=96&d=mm&r=g","contentUrl":"https:\/\/secure.gravatar.com\/avatar\/9ecaf7327a696cb23ad926fedded5f1f04d7049de9e445375d55b48c001a6e42?s=96&d=mm&r=g","caption":"Reda\u00e7\u00e3o"},"url":"https:\/\/brasilnoticias.org\/site\/author\/henrique\/"}]}},"_links":{"self":[{"href":"https:\/\/brasilnoticias.org\/site\/wp-json\/wp\/v2\/posts\/8362","targetHints":{"allow":["GET"]}}],"collection":[{"href":"https:\/\/brasilnoticias.org\/site\/wp-json\/wp\/v2\/posts"}],"about":[{"href":"https:\/\/brasilnoticias.org\/site\/wp-json\/wp\/v2\/types\/post"}],"author":[{"embeddable":true,"href":"https:\/\/brasilnoticias.org\/site\/wp-json\/wp\/v2\/users\/4"}],"replies":[{"embeddable":true,"href":"https:\/\/brasilnoticias.org\/site\/wp-json\/wp\/v2\/comments?post=8362"}],"version-history":[{"count":1,"href":"https:\/\/brasilnoticias.org\/site\/wp-json\/wp\/v2\/posts\/8362\/revisions"}],"predecessor-version":[{"id":8364,"href":"https:\/\/brasilnoticias.org\/site\/wp-json\/wp\/v2\/posts\/8362\/revisions\/8364"}],"wp:featuredmedia":[{"embeddable":true,"href":"https:\/\/brasilnoticias.org\/site\/wp-json\/wp\/v2\/media\/8363"}],"wp:attachment":[{"href":"https:\/\/brasilnoticias.org\/site\/wp-json\/wp\/v2\/media?parent=8362"}],"wp:term":[{"taxonomy":"category","embeddable":true,"href":"https:\/\/brasilnoticias.org\/site\/wp-json\/wp\/v2\/categories?post=8362"},{"taxonomy":"post_tag","embeddable":true,"href":"https:\/\/brasilnoticias.org\/site\/wp-json\/wp\/v2\/tags?post=8362"}],"curies":[{"name":"wp","href":"https:\/\/api.w.org\/{rel}","templated":true}]}}