{"id":8395,"date":"2023-08-18T09:07:28","date_gmt":"2023-08-18T12:07:28","guid":{"rendered":"https:\/\/brasilnoticias.org\/site\/?p=8395"},"modified":"2023-08-17T13:09:43","modified_gmt":"2023-08-17T16:09:43","slug":"julgamento-de-acao-sobre-donos-de-cartorio-no-stf-e-adiada-apos-pedido-de-vista-de-nunes-marques","status":"publish","type":"post","link":"https:\/\/brasilnoticias.org\/site\/julgamento-de-acao-sobre-donos-de-cartorio-no-stf-e-adiada-apos-pedido-de-vista-de-nunes-marques\/","title":{"rendered":"Julgamento de a\u00e7\u00e3o sobre \u2018donos de cart\u00f3rio\u2019 no STF \u00e9 adiada ap\u00f3s pedido de vista de Nunes Marques"},"content":{"rendered":"<p>O julgamento da a\u00e7\u00e3o direta de inconstitucionalidade (ADI) que questiona se donos de cart\u00f3rios na Bahia podem continuar ocupando o cargo \u201csem o necess\u00e1rio concurso p\u00fablico de provas e t\u00edtulos\u201d foi adiado no Supremo Tribunal Federal (STF), ap\u00f3s pedido de vista do ministro Nunes Marques. A solicita\u00e7\u00e3o foi feita na sess\u00e3o virtual do dia 8 de agosto e com isso, o prazo para devolu\u00e7\u00e3o do voto \u00e9 de 90 dias.   <\/p>\n<p>A a\u00e7\u00e3o, que tramita desde 2012 no STF, questiona a validade constitucional do artigo 2\u00ba da Lei Estadual n.\u00ba 12.352\/2011, que trata da privatiza\u00e7\u00e3o dos cart\u00f3rios baianos. Conforme o artigo, seria facultado aos servidores que ocupavam a administra\u00e7\u00e3o dos cart\u00f3rios \u00e0 \u00e9poca decidirem se mudariam de regime profissional ou continuariam sob o rito anterior. <\/p>\n<p>Em 2020 a ADI foi a vota\u00e7\u00e3o, no entanto a an\u00e1lise foi suspensa por pedido de destaque do ministro Dias Toffoli. Neste ano, voltou \u00e0 pauta em 30 de junho e chegou a ser interrompida pelo recesso da Corte, de 2 a 31 de julho.<\/p>\n<p>A relatora da a\u00e7\u00e3o, ministra C\u00e1rmen L\u00facia, julgou parcialmente procedente a ADI de modo a assegurar a titularidade dos cart\u00f3rios apenas aos servidores concursados para os cargos de Oficiais de Registro e Tabeli\u00e3es antes da promulga\u00e7\u00e3o da Constitui\u00e7\u00e3o da Rep\u00fablica de 1988. Segundo a ministra, os termos previstos no artigo 2\u00ba da lei baiana n\u00e3o afetam a quantidade de vagas oferecidas em concursos p\u00fablicos posteriores ao de 2004.<\/p>\n<p>A ministra Rosa Weber acompanhou integralmente o voto da relatora. O ministro Gilmar Mendes tamb\u00e9m julgou inconstitucional o referido artigo e prop\u00f4s algumas teses de julgamento:<\/p>\n<p>Nos termos do art. 32 do ADCT, \u00e9 poss\u00edvel a manuten\u00e7\u00e3o, em car\u00e1ter estatizado, de serventias extrajudiciais que j\u00e1 estivessem nessa condi\u00e7\u00e3o em 1988. Contudo, essa situa\u00e7\u00e3o mostra-se constitucionalmente leg\u00edtima apenas se perdurar pelo per\u00edodo necess\u00e1rio para resguardar os direitos de servidores atingidos pela privatiza\u00e7\u00e3o desses servi\u00e7os; <\/p>\n<p>O regime provis\u00f3rio de serventias extrajudiciais estatizadas \u00e9 \u00fanico, ou seja, mant\u00e9m-se o car\u00e1ter estatal de sua presta\u00e7\u00e3o, sem a possibilidade de modifica\u00e7\u00e3o do v\u00ednculo jur\u00eddico dos titulares dos Of\u00edcios;<\/p>\n<p>\u00c9 inconstitucional lei estadual que, ao prever a privatiza\u00e7\u00e3o das serventias extrajudiciais, faculta aos servidores p\u00fablicos respons\u00e1veis pelos Of\u00edcios a altera\u00e7\u00e3o do seu v\u00ednculo jur\u00eddico, por mero ato de vontade, sem a realiza\u00e7\u00e3o de novo concurso p\u00fablico; <\/p>\n<p>A privatiza\u00e7\u00e3o das serventias extrajudiciais estatizadas deve observar os seguintes direitos adquiridos, \u00e0 luz do art. 32 do ADCT: aos servidores p\u00fablicos que ingressaram na fun\u00e7\u00e3o at\u00e9 5 de outubro de 1988 \u00e9 assegurada a perman\u00eancia na serventia extrajudicial estatizada, sem modifica\u00e7\u00e3o do respectivo regime jur\u00eddico; e \u00e0queles que ingressaram na fun\u00e7\u00e3o ap\u00f3s esse marco temporal, deve ser garantido apenas o v\u00ednculo com o Poder Judici\u00e1rio estadual, ao qual caber\u00e1 design\u00e1-los a fun\u00e7\u00f5es compat\u00edveis com o concurso p\u00fablico prestado.<\/p>\n<p>O ministro Dias Toffoli, que tamb\u00e9m acompanhou o voto de C\u00e1rmen L\u00facia, acolheu parcialmente o pedido considerando a norma constitucional somente no que se refere aos servidores concursados para os cargos de Oficiais de Registro e Tabeli\u00e3es antes da promulga\u00e7\u00e3o da Constitui\u00e7\u00e3o, na forma disposta no artigo 32 dos Atos das Disposi\u00e7\u00f5es Constitucionais Provis\u00f3rias, e modulava os efeitos da decis\u00e3o, no sentido de resguardar a situa\u00e7\u00e3o jur\u00eddica dos titulares de serventias extrajudiciais que optaram pela migra\u00e7\u00e3o autorizada pela regra questionada, ainda que investidos naquela fun\u00e7\u00e3o posteriormente \u00e0 promulga\u00e7\u00e3o da Constitui\u00e7\u00e3o, em \u201chomenagem ao princ\u00edpio da seguran\u00e7a jur\u00eddica\u201d.<\/p>\n<p>O ministro Andr\u00e9 Mendon\u00e7a, sucessor de Marco Aur\u00e9lio, n\u00e3o votou. O ex-integrante da Corte tinha divergido parcialmente da relatora quanto \u00e0 modula\u00e7\u00e3o dos efeitos da decis\u00e3o, mas o voto foi cancelado. <\/p>\n<p>De acordo com o Col\u00e9gio Notarial do Brasil &#8211; Se\u00e7\u00e3o Bahia, 147 dos maiores cart\u00f3rios do estado s\u00e3o comandados por servidores p\u00fablicos que n\u00e3o passaram por essa etapa. Deste total, 17 est\u00e3o em Salvador.<\/p>\n<p>Caso o STF confirme a inconstitucionalidade do artigo 2\u00ba da Lei Estadual n.\u00ba 12.352\/2011, os donos de cart\u00f3rios que n\u00e3o passaram pelo concurso devem ser reabsorvidos pelo Poder Judici\u00e1rio da Bahia, para atuarem em fun\u00e7\u00f5es administrativas correspondentes \u00e0 sua contrata\u00e7\u00e3o.<\/p>\n<p>Foto: SCO \/ STF<br \/>\nBahia Noticias<\/p>\n","protected":false},"excerpt":{"rendered":"<p>O julgamento da a\u00e7\u00e3o direta de inconstitucionalidade (ADI) que questiona se donos de cart\u00f3rios na Bahia podem continuar ocupando o<\/p>\n","protected":false},"author":4,"featured_media":8396,"comment_status":"open","ping_status":"open","sticky":false,"template":"","format":"standard","meta":{"colormag_page_container_layout":"default_layout","colormag_page_sidebar_layout":"default_layout","_FSMCFIC_featured_image_caption":"","_FSMCFIC_featured_image_nocaption":"","_FSMCFIC_featured_image_hide":"","footnotes":""},"categories":[7,1],"tags":[],"class_list":["post-8395","post","type-post","status-publish","format-standard","has-post-thumbnail","hentry","category-justica","category-ultimas"],"yoast_head":"<!-- This site is optimized with the Yoast SEO plugin v27.1.1 - https:\/\/yoast.com\/product\/yoast-seo-wordpress\/ -->\n<title>Julgamento de a\u00e7\u00e3o sobre \u2018donos de cart\u00f3rio\u2019 no STF \u00e9 adiada ap\u00f3s pedido de vista de Nunes Marques - Brasil not\u00edcias<\/title>\n<meta name=\"robots\" content=\"index, follow, max-snippet:-1, max-image-preview:large, max-video-preview:-1\" \/>\n<link rel=\"canonical\" href=\"https:\/\/brasilnoticias.org\/site\/julgamento-de-acao-sobre-donos-de-cartorio-no-stf-e-adiada-apos-pedido-de-vista-de-nunes-marques\/\" \/>\n<meta property=\"og:locale\" content=\"pt_PT\" \/>\n<meta property=\"og:type\" content=\"article\" \/>\n<meta property=\"og:title\" content=\"Julgamento de a\u00e7\u00e3o sobre \u2018donos de cart\u00f3rio\u2019 no STF \u00e9 adiada ap\u00f3s pedido de vista de Nunes Marques - Brasil not\u00edcias\" \/>\n<meta property=\"og:description\" content=\"O julgamento da a\u00e7\u00e3o direta de inconstitucionalidade (ADI) que questiona se donos de cart\u00f3rios na Bahia podem continuar ocupando o\" \/>\n<meta property=\"og:url\" content=\"https:\/\/brasilnoticias.org\/site\/julgamento-de-acao-sobre-donos-de-cartorio-no-stf-e-adiada-apos-pedido-de-vista-de-nunes-marques\/\" \/>\n<meta property=\"og:site_name\" content=\"Brasil not\u00edcias\" \/>\n<meta property=\"article:published_time\" content=\"2023-08-18T12:07:28+00:00\" \/>\n<meta property=\"og:image\" content=\"https:\/\/brasilnoticias.org\/site\/wp-content\/uploads\/2023\/08\/IMAGEM_NOTICIA_5-4.webp\" \/>\n\t<meta property=\"og:image:width\" content=\"597\" \/>\n\t<meta property=\"og:image:height\" content=\"380\" \/>\n\t<meta property=\"og:image:type\" content=\"image\/webp\" \/>\n<meta name=\"author\" content=\"Reda\u00e7\u00e3o\" \/>\n<meta name=\"twitter:card\" content=\"summary_large_image\" \/>\n<meta name=\"twitter:label1\" content=\"Escrito por\" \/>\n\t<meta name=\"twitter:data1\" content=\"Reda\u00e7\u00e3o\" \/>\n<script type=\"application\/ld+json\" class=\"yoast-schema-graph\">{\"@context\":\"https:\/\/schema.org\",\"@graph\":[{\"@type\":\"Article\",\"@id\":\"https:\/\/brasilnoticias.org\/site\/julgamento-de-acao-sobre-donos-de-cartorio-no-stf-e-adiada-apos-pedido-de-vista-de-nunes-marques\/#article\",\"isPartOf\":{\"@id\":\"https:\/\/brasilnoticias.org\/site\/julgamento-de-acao-sobre-donos-de-cartorio-no-stf-e-adiada-apos-pedido-de-vista-de-nunes-marques\/\"},\"author\":{\"name\":\"Reda\u00e7\u00e3o\",\"@id\":\"https:\/\/brasilnoticias.org\/site\/#\/schema\/person\/03bbbfe6c7634ad18c26444ea39049fa\"},\"headline\":\"Julgamento de a\u00e7\u00e3o sobre \u2018donos de cart\u00f3rio\u2019 no STF \u00e9 adiada ap\u00f3s pedido de vista de Nunes Marques\",\"datePublished\":\"2023-08-18T12:07:28+00:00\",\"mainEntityOfPage\":{\"@id\":\"https:\/\/brasilnoticias.org\/site\/julgamento-de-acao-sobre-donos-de-cartorio-no-stf-e-adiada-apos-pedido-de-vista-de-nunes-marques\/\"},\"wordCount\":754,\"commentCount\":0,\"publisher\":{\"@id\":\"https:\/\/brasilnoticias.org\/site\/#organization\"},\"image\":{\"@id\":\"https:\/\/brasilnoticias.org\/site\/julgamento-de-acao-sobre-donos-de-cartorio-no-stf-e-adiada-apos-pedido-de-vista-de-nunes-marques\/#primaryimage\"},\"thumbnailUrl\":\"https:\/\/brasilnoticias.org\/site\/wp-content\/uploads\/2023\/08\/IMAGEM_NOTICIA_5-4.webp\",\"articleSection\":[\"Justi\u00e7a\",\"\u00daltimas\"],\"inLanguage\":\"pt-PT\",\"potentialAction\":[{\"@type\":\"CommentAction\",\"name\":\"Comment\",\"target\":[\"https:\/\/brasilnoticias.org\/site\/julgamento-de-acao-sobre-donos-de-cartorio-no-stf-e-adiada-apos-pedido-de-vista-de-nunes-marques\/#respond\"]}]},{\"@type\":\"WebPage\",\"@id\":\"https:\/\/brasilnoticias.org\/site\/julgamento-de-acao-sobre-donos-de-cartorio-no-stf-e-adiada-apos-pedido-de-vista-de-nunes-marques\/\",\"url\":\"https:\/\/brasilnoticias.org\/site\/julgamento-de-acao-sobre-donos-de-cartorio-no-stf-e-adiada-apos-pedido-de-vista-de-nunes-marques\/\",\"name\":\"Julgamento de a\u00e7\u00e3o sobre \u2018donos de cart\u00f3rio\u2019 no STF \u00e9 adiada ap\u00f3s pedido de vista de Nunes Marques - Brasil not\u00edcias\",\"isPartOf\":{\"@id\":\"https:\/\/brasilnoticias.org\/site\/#website\"},\"primaryImageOfPage\":{\"@id\":\"https:\/\/brasilnoticias.org\/site\/julgamento-de-acao-sobre-donos-de-cartorio-no-stf-e-adiada-apos-pedido-de-vista-de-nunes-marques\/#primaryimage\"},\"image\":{\"@id\":\"https:\/\/brasilnoticias.org\/site\/julgamento-de-acao-sobre-donos-de-cartorio-no-stf-e-adiada-apos-pedido-de-vista-de-nunes-marques\/#primaryimage\"},\"thumbnailUrl\":\"https:\/\/brasilnoticias.org\/site\/wp-content\/uploads\/2023\/08\/IMAGEM_NOTICIA_5-4.webp\",\"datePublished\":\"2023-08-18T12:07:28+00:00\",\"breadcrumb\":{\"@id\":\"https:\/\/brasilnoticias.org\/site\/julgamento-de-acao-sobre-donos-de-cartorio-no-stf-e-adiada-apos-pedido-de-vista-de-nunes-marques\/#breadcrumb\"},\"inLanguage\":\"pt-PT\",\"potentialAction\":[{\"@type\":\"ReadAction\",\"target\":[\"https:\/\/brasilnoticias.org\/site\/julgamento-de-acao-sobre-donos-de-cartorio-no-stf-e-adiada-apos-pedido-de-vista-de-nunes-marques\/\"]}]},{\"@type\":\"ImageObject\",\"inLanguage\":\"pt-PT\",\"@id\":\"https:\/\/brasilnoticias.org\/site\/julgamento-de-acao-sobre-donos-de-cartorio-no-stf-e-adiada-apos-pedido-de-vista-de-nunes-marques\/#primaryimage\",\"url\":\"https:\/\/brasilnoticias.org\/site\/wp-content\/uploads\/2023\/08\/IMAGEM_NOTICIA_5-4.webp\",\"contentUrl\":\"https:\/\/brasilnoticias.org\/site\/wp-content\/uploads\/2023\/08\/IMAGEM_NOTICIA_5-4.webp\",\"width\":597,\"height\":380},{\"@type\":\"BreadcrumbList\",\"@id\":\"https:\/\/brasilnoticias.org\/site\/julgamento-de-acao-sobre-donos-de-cartorio-no-stf-e-adiada-apos-pedido-de-vista-de-nunes-marques\/#breadcrumb\",\"itemListElement\":[{\"@type\":\"ListItem\",\"position\":1,\"name\":\"In\u00edcio\",\"item\":\"https:\/\/brasilnoticias.org\/site\/\"},{\"@type\":\"ListItem\",\"position\":2,\"name\":\"Julgamento de a\u00e7\u00e3o sobre \u2018donos de cart\u00f3rio\u2019 no STF \u00e9 adiada ap\u00f3s pedido de vista de Nunes Marques\"}]},{\"@type\":\"WebSite\",\"@id\":\"https:\/\/brasilnoticias.org\/site\/#website\",\"url\":\"https:\/\/brasilnoticias.org\/site\/\",\"name\":\"Brasil not\u00edcias\",\"description\":\"Brasil not\u00edcias\",\"publisher\":{\"@id\":\"https:\/\/brasilnoticias.org\/site\/#organization\"},\"potentialAction\":[{\"@type\":\"SearchAction\",\"target\":{\"@type\":\"EntryPoint\",\"urlTemplate\":\"https:\/\/brasilnoticias.org\/site\/?s={search_term_string}\"},\"query-input\":{\"@type\":\"PropertyValueSpecification\",\"valueRequired\":true,\"valueName\":\"search_term_string\"}}],\"inLanguage\":\"pt-PT\"},{\"@type\":\"Organization\",\"@id\":\"https:\/\/brasilnoticias.org\/site\/#organization\",\"name\":\"Brasil not\u00edcias\",\"url\":\"https:\/\/brasilnoticias.org\/site\/\",\"logo\":{\"@type\":\"ImageObject\",\"inLanguage\":\"pt-PT\",\"@id\":\"https:\/\/brasilnoticias.org\/site\/#\/schema\/logo\/image\/\",\"url\":\"https:\/\/brasilnoticias.org\/site\/wp-content\/uploads\/2022\/05\/cropped-brasilnoticias-mini.jpg\",\"contentUrl\":\"https:\/\/brasilnoticias.org\/site\/wp-content\/uploads\/2022\/05\/cropped-brasilnoticias-mini.jpg\",\"width\":314,\"height\":86,\"caption\":\"Brasil not\u00edcias\"},\"image\":{\"@id\":\"https:\/\/brasilnoticias.org\/site\/#\/schema\/logo\/image\/\"}},{\"@type\":\"Person\",\"@id\":\"https:\/\/brasilnoticias.org\/site\/#\/schema\/person\/03bbbfe6c7634ad18c26444ea39049fa\",\"name\":\"Reda\u00e7\u00e3o\",\"image\":{\"@type\":\"ImageObject\",\"inLanguage\":\"pt-PT\",\"@id\":\"https:\/\/brasilnoticias.org\/site\/#\/schema\/person\/image\/\",\"url\":\"https:\/\/secure.gravatar.com\/avatar\/9ecaf7327a696cb23ad926fedded5f1f04d7049de9e445375d55b48c001a6e42?s=96&d=mm&r=g\",\"contentUrl\":\"https:\/\/secure.gravatar.com\/avatar\/9ecaf7327a696cb23ad926fedded5f1f04d7049de9e445375d55b48c001a6e42?s=96&d=mm&r=g\",\"caption\":\"Reda\u00e7\u00e3o\"},\"url\":\"https:\/\/brasilnoticias.org\/site\/author\/henrique\/\"}]}<\/script>\n<!-- \/ Yoast SEO plugin. -->","yoast_head_json":{"title":"Julgamento de a\u00e7\u00e3o sobre \u2018donos de cart\u00f3rio\u2019 no STF \u00e9 adiada ap\u00f3s pedido de vista de Nunes Marques - Brasil not\u00edcias","robots":{"index":"index","follow":"follow","max-snippet":"max-snippet:-1","max-image-preview":"max-image-preview:large","max-video-preview":"max-video-preview:-1"},"canonical":"https:\/\/brasilnoticias.org\/site\/julgamento-de-acao-sobre-donos-de-cartorio-no-stf-e-adiada-apos-pedido-de-vista-de-nunes-marques\/","og_locale":"pt_PT","og_type":"article","og_title":"Julgamento de a\u00e7\u00e3o sobre \u2018donos de cart\u00f3rio\u2019 no STF \u00e9 adiada ap\u00f3s pedido de vista de Nunes Marques - Brasil not\u00edcias","og_description":"O julgamento da a\u00e7\u00e3o direta de inconstitucionalidade (ADI) que questiona se donos de cart\u00f3rios na Bahia podem continuar ocupando o","og_url":"https:\/\/brasilnoticias.org\/site\/julgamento-de-acao-sobre-donos-de-cartorio-no-stf-e-adiada-apos-pedido-de-vista-de-nunes-marques\/","og_site_name":"Brasil not\u00edcias","article_published_time":"2023-08-18T12:07:28+00:00","og_image":[{"width":597,"height":380,"url":"https:\/\/brasilnoticias.org\/site\/wp-content\/uploads\/2023\/08\/IMAGEM_NOTICIA_5-4.webp","type":"image\/webp"}],"author":"Reda\u00e7\u00e3o","twitter_card":"summary_large_image","twitter_misc":{"Escrito por":"Reda\u00e7\u00e3o"},"schema":{"@context":"https:\/\/schema.org","@graph":[{"@type":"Article","@id":"https:\/\/brasilnoticias.org\/site\/julgamento-de-acao-sobre-donos-de-cartorio-no-stf-e-adiada-apos-pedido-de-vista-de-nunes-marques\/#article","isPartOf":{"@id":"https:\/\/brasilnoticias.org\/site\/julgamento-de-acao-sobre-donos-de-cartorio-no-stf-e-adiada-apos-pedido-de-vista-de-nunes-marques\/"},"author":{"name":"Reda\u00e7\u00e3o","@id":"https:\/\/brasilnoticias.org\/site\/#\/schema\/person\/03bbbfe6c7634ad18c26444ea39049fa"},"headline":"Julgamento de a\u00e7\u00e3o sobre \u2018donos de cart\u00f3rio\u2019 no STF \u00e9 adiada ap\u00f3s pedido de vista de Nunes Marques","datePublished":"2023-08-18T12:07:28+00:00","mainEntityOfPage":{"@id":"https:\/\/brasilnoticias.org\/site\/julgamento-de-acao-sobre-donos-de-cartorio-no-stf-e-adiada-apos-pedido-de-vista-de-nunes-marques\/"},"wordCount":754,"commentCount":0,"publisher":{"@id":"https:\/\/brasilnoticias.org\/site\/#organization"},"image":{"@id":"https:\/\/brasilnoticias.org\/site\/julgamento-de-acao-sobre-donos-de-cartorio-no-stf-e-adiada-apos-pedido-de-vista-de-nunes-marques\/#primaryimage"},"thumbnailUrl":"https:\/\/brasilnoticias.org\/site\/wp-content\/uploads\/2023\/08\/IMAGEM_NOTICIA_5-4.webp","articleSection":["Justi\u00e7a","\u00daltimas"],"inLanguage":"pt-PT","potentialAction":[{"@type":"CommentAction","name":"Comment","target":["https:\/\/brasilnoticias.org\/site\/julgamento-de-acao-sobre-donos-de-cartorio-no-stf-e-adiada-apos-pedido-de-vista-de-nunes-marques\/#respond"]}]},{"@type":"WebPage","@id":"https:\/\/brasilnoticias.org\/site\/julgamento-de-acao-sobre-donos-de-cartorio-no-stf-e-adiada-apos-pedido-de-vista-de-nunes-marques\/","url":"https:\/\/brasilnoticias.org\/site\/julgamento-de-acao-sobre-donos-de-cartorio-no-stf-e-adiada-apos-pedido-de-vista-de-nunes-marques\/","name":"Julgamento de a\u00e7\u00e3o sobre \u2018donos de cart\u00f3rio\u2019 no STF \u00e9 adiada ap\u00f3s pedido de vista de Nunes Marques - Brasil not\u00edcias","isPartOf":{"@id":"https:\/\/brasilnoticias.org\/site\/#website"},"primaryImageOfPage":{"@id":"https:\/\/brasilnoticias.org\/site\/julgamento-de-acao-sobre-donos-de-cartorio-no-stf-e-adiada-apos-pedido-de-vista-de-nunes-marques\/#primaryimage"},"image":{"@id":"https:\/\/brasilnoticias.org\/site\/julgamento-de-acao-sobre-donos-de-cartorio-no-stf-e-adiada-apos-pedido-de-vista-de-nunes-marques\/#primaryimage"},"thumbnailUrl":"https:\/\/brasilnoticias.org\/site\/wp-content\/uploads\/2023\/08\/IMAGEM_NOTICIA_5-4.webp","datePublished":"2023-08-18T12:07:28+00:00","breadcrumb":{"@id":"https:\/\/brasilnoticias.org\/site\/julgamento-de-acao-sobre-donos-de-cartorio-no-stf-e-adiada-apos-pedido-de-vista-de-nunes-marques\/#breadcrumb"},"inLanguage":"pt-PT","potentialAction":[{"@type":"ReadAction","target":["https:\/\/brasilnoticias.org\/site\/julgamento-de-acao-sobre-donos-de-cartorio-no-stf-e-adiada-apos-pedido-de-vista-de-nunes-marques\/"]}]},{"@type":"ImageObject","inLanguage":"pt-PT","@id":"https:\/\/brasilnoticias.org\/site\/julgamento-de-acao-sobre-donos-de-cartorio-no-stf-e-adiada-apos-pedido-de-vista-de-nunes-marques\/#primaryimage","url":"https:\/\/brasilnoticias.org\/site\/wp-content\/uploads\/2023\/08\/IMAGEM_NOTICIA_5-4.webp","contentUrl":"https:\/\/brasilnoticias.org\/site\/wp-content\/uploads\/2023\/08\/IMAGEM_NOTICIA_5-4.webp","width":597,"height":380},{"@type":"BreadcrumbList","@id":"https:\/\/brasilnoticias.org\/site\/julgamento-de-acao-sobre-donos-de-cartorio-no-stf-e-adiada-apos-pedido-de-vista-de-nunes-marques\/#breadcrumb","itemListElement":[{"@type":"ListItem","position":1,"name":"In\u00edcio","item":"https:\/\/brasilnoticias.org\/site\/"},{"@type":"ListItem","position":2,"name":"Julgamento de a\u00e7\u00e3o sobre \u2018donos de cart\u00f3rio\u2019 no STF \u00e9 adiada ap\u00f3s pedido de vista de Nunes Marques"}]},{"@type":"WebSite","@id":"https:\/\/brasilnoticias.org\/site\/#website","url":"https:\/\/brasilnoticias.org\/site\/","name":"Brasil not\u00edcias","description":"Brasil not\u00edcias","publisher":{"@id":"https:\/\/brasilnoticias.org\/site\/#organization"},"potentialAction":[{"@type":"SearchAction","target":{"@type":"EntryPoint","urlTemplate":"https:\/\/brasilnoticias.org\/site\/?s={search_term_string}"},"query-input":{"@type":"PropertyValueSpecification","valueRequired":true,"valueName":"search_term_string"}}],"inLanguage":"pt-PT"},{"@type":"Organization","@id":"https:\/\/brasilnoticias.org\/site\/#organization","name":"Brasil not\u00edcias","url":"https:\/\/brasilnoticias.org\/site\/","logo":{"@type":"ImageObject","inLanguage":"pt-PT","@id":"https:\/\/brasilnoticias.org\/site\/#\/schema\/logo\/image\/","url":"https:\/\/brasilnoticias.org\/site\/wp-content\/uploads\/2022\/05\/cropped-brasilnoticias-mini.jpg","contentUrl":"https:\/\/brasilnoticias.org\/site\/wp-content\/uploads\/2022\/05\/cropped-brasilnoticias-mini.jpg","width":314,"height":86,"caption":"Brasil not\u00edcias"},"image":{"@id":"https:\/\/brasilnoticias.org\/site\/#\/schema\/logo\/image\/"}},{"@type":"Person","@id":"https:\/\/brasilnoticias.org\/site\/#\/schema\/person\/03bbbfe6c7634ad18c26444ea39049fa","name":"Reda\u00e7\u00e3o","image":{"@type":"ImageObject","inLanguage":"pt-PT","@id":"https:\/\/brasilnoticias.org\/site\/#\/schema\/person\/image\/","url":"https:\/\/secure.gravatar.com\/avatar\/9ecaf7327a696cb23ad926fedded5f1f04d7049de9e445375d55b48c001a6e42?s=96&d=mm&r=g","contentUrl":"https:\/\/secure.gravatar.com\/avatar\/9ecaf7327a696cb23ad926fedded5f1f04d7049de9e445375d55b48c001a6e42?s=96&d=mm&r=g","caption":"Reda\u00e7\u00e3o"},"url":"https:\/\/brasilnoticias.org\/site\/author\/henrique\/"}]}},"_links":{"self":[{"href":"https:\/\/brasilnoticias.org\/site\/wp-json\/wp\/v2\/posts\/8395","targetHints":{"allow":["GET"]}}],"collection":[{"href":"https:\/\/brasilnoticias.org\/site\/wp-json\/wp\/v2\/posts"}],"about":[{"href":"https:\/\/brasilnoticias.org\/site\/wp-json\/wp\/v2\/types\/post"}],"author":[{"embeddable":true,"href":"https:\/\/brasilnoticias.org\/site\/wp-json\/wp\/v2\/users\/4"}],"replies":[{"embeddable":true,"href":"https:\/\/brasilnoticias.org\/site\/wp-json\/wp\/v2\/comments?post=8395"}],"version-history":[{"count":1,"href":"https:\/\/brasilnoticias.org\/site\/wp-json\/wp\/v2\/posts\/8395\/revisions"}],"predecessor-version":[{"id":8397,"href":"https:\/\/brasilnoticias.org\/site\/wp-json\/wp\/v2\/posts\/8395\/revisions\/8397"}],"wp:featuredmedia":[{"embeddable":true,"href":"https:\/\/brasilnoticias.org\/site\/wp-json\/wp\/v2\/media\/8396"}],"wp:attachment":[{"href":"https:\/\/brasilnoticias.org\/site\/wp-json\/wp\/v2\/media?parent=8395"}],"wp:term":[{"taxonomy":"category","embeddable":true,"href":"https:\/\/brasilnoticias.org\/site\/wp-json\/wp\/v2\/categories?post=8395"},{"taxonomy":"post_tag","embeddable":true,"href":"https:\/\/brasilnoticias.org\/site\/wp-json\/wp\/v2\/tags?post=8395"}],"curies":[{"name":"wp","href":"https:\/\/api.w.org\/{rel}","templated":true}]}}