{"id":840,"date":"2022-06-09T18:44:29","date_gmt":"2022-06-09T21:44:29","guid":{"rendered":"https:\/\/brasilnoticias.org\/site\/?p=840"},"modified":"2022-06-09T18:44:29","modified_gmt":"2022-06-09T21:44:29","slug":"joesley-batista-vence-processo-contra-michel-temer-em-segunda-instancia","status":"publish","type":"post","link":"https:\/\/brasilnoticias.org\/site\/joesley-batista-vence-processo-contra-michel-temer-em-segunda-instancia\/","title":{"rendered":"Joesley Batista vence processo contra Michel Temer em segunda inst\u00e2ncia"},"content":{"rendered":"<p>O empres\u00e1rio\u00a0<a href=\"https:\/\/www.bnews.com.br\/noticias\/crime-e-justica-bahia\/271315-inquerito-das-fake-news-ajuda-defesa-de-joesley-batista-no-stf.html\" target=\"_blank\" rel=\"noopener\">Joesley Batista<\/a>\u00a0venceu em segunda inst\u00e2ncia, na \u00faltima quarta-feira (8), a queixa-crime movida pelo ex-presidente Michel Temer contra ele em 2017, por cal\u00fania e difama\u00e7\u00e3o. Foram tr\u00eas votos a um.<\/p>\n<p>Os desembargadores do Tribunal Regional Federal da 1\u00aa Regi\u00e3o (TRF-1) acataram o argumento da defesa de Joesley, de que n\u00e3o houve inten\u00e7\u00e3o de ofensa nas declara\u00e7\u00f5es do empres\u00e1rio.<\/p>\n<p>A decis\u00e3o levou em considera\u00e7\u00e3o o argumento da defesa do empres\u00e1rio, de que como presidente, Temer deveria ter ajuizado a a\u00e7\u00e3o por meio do Minist\u00e9rio da Justi\u00e7a.<\/p>\n<p>&nbsp;<\/p>\n<p>&nbsp;<\/p>\n<p>&nbsp;<\/p>\n<p>&nbsp;<\/p>\n<p>Bnews<\/p>\n","protected":false},"excerpt":{"rendered":"<p>O empres\u00e1rio\u00a0Joesley Batista\u00a0venceu em segunda inst\u00e2ncia, na \u00faltima quarta-feira (8), a queixa-crime movida pelo ex-presidente Michel Temer contra ele em<\/p>\n","protected":false},"author":2,"featured_media":841,"comment_status":"open","ping_status":"open","sticky":false,"template":"","format":"standard","meta":{"colormag_page_container_layout":"default_layout","colormag_page_sidebar_layout":"default_layout","_FSMCFIC_featured_image_caption":"","_FSMCFIC_featured_image_nocaption":"","_FSMCFIC_featured_image_hide":"","footnotes":""},"categories":[7,1],"tags":[],"class_list":["post-840","post","type-post","status-publish","format-standard","has-post-thumbnail","hentry","category-justica","category-ultimas"],"yoast_head":"<!-- This site is optimized with the Yoast SEO plugin v27.1.1 - https:\/\/yoast.com\/product\/yoast-seo-wordpress\/ -->\n<title>Joesley Batista vence processo contra Michel Temer em segunda inst\u00e2ncia - Brasil not\u00edcias<\/title>\n<meta name=\"robots\" content=\"index, follow, max-snippet:-1, max-image-preview:large, max-video-preview:-1\" \/>\n<link rel=\"canonical\" href=\"https:\/\/brasilnoticias.org\/site\/joesley-batista-vence-processo-contra-michel-temer-em-segunda-instancia\/\" \/>\n<meta property=\"og:locale\" content=\"pt_PT\" \/>\n<meta property=\"og:type\" content=\"article\" \/>\n<meta property=\"og:title\" content=\"Joesley Batista vence processo contra Michel Temer em segunda inst\u00e2ncia - Brasil not\u00edcias\" \/>\n<meta property=\"og:description\" content=\"O empres\u00e1rio\u00a0Joesley Batista\u00a0venceu em segunda inst\u00e2ncia, na \u00faltima quarta-feira (8), a queixa-crime movida pelo ex-presidente Michel Temer contra ele em\" \/>\n<meta property=\"og:url\" content=\"https:\/\/brasilnoticias.org\/site\/joesley-batista-vence-processo-contra-michel-temer-em-segunda-instancia\/\" \/>\n<meta property=\"og:site_name\" content=\"Brasil not\u00edcias\" \/>\n<meta property=\"article:published_time\" content=\"2022-06-09T21:44:29+00:00\" \/>\n<meta property=\"og:image\" content=\"https:\/\/brasilnoticias.org\/site\/wp-content\/uploads\/2022\/06\/joesley-batista_widelg.jpg\" \/>\n\t<meta property=\"og:image:width\" content=\"800\" \/>\n\t<meta property=\"og:image:height\" content=\"450\" \/>\n\t<meta property=\"og:image:type\" content=\"image\/jpeg\" \/>\n<meta name=\"author\" content=\"Reda\u00e7\u00e3o\" \/>\n<meta name=\"twitter:card\" content=\"summary_large_image\" \/>\n<meta name=\"twitter:label1\" content=\"Escrito por\" \/>\n\t<meta name=\"twitter:data1\" content=\"Reda\u00e7\u00e3o\" \/>\n\t<meta name=\"twitter:label2\" content=\"Tempo estimado de leitura\" \/>\n\t<meta name=\"twitter:data2\" content=\"1 minuto\" \/>\n<script type=\"application\/ld+json\" class=\"yoast-schema-graph\">{\"@context\":\"https:\/\/schema.org\",\"@graph\":[{\"@type\":\"Article\",\"@id\":\"https:\/\/brasilnoticias.org\/site\/joesley-batista-vence-processo-contra-michel-temer-em-segunda-instancia\/#article\",\"isPartOf\":{\"@id\":\"https:\/\/brasilnoticias.org\/site\/joesley-batista-vence-processo-contra-michel-temer-em-segunda-instancia\/\"},\"author\":{\"name\":\"Reda\u00e7\u00e3o\",\"@id\":\"https:\/\/brasilnoticias.org\/site\/#\/schema\/person\/f609fa847b5314f1c8b983342f34c798\"},\"headline\":\"Joesley Batista vence processo contra Michel Temer em segunda inst\u00e2ncia\",\"datePublished\":\"2022-06-09T21:44:29+00:00\",\"mainEntityOfPage\":{\"@id\":\"https:\/\/brasilnoticias.org\/site\/joesley-batista-vence-processo-contra-michel-temer-em-segunda-instancia\/\"},\"wordCount\":116,\"commentCount\":0,\"publisher\":{\"@id\":\"https:\/\/brasilnoticias.org\/site\/#organization\"},\"image\":{\"@id\":\"https:\/\/brasilnoticias.org\/site\/joesley-batista-vence-processo-contra-michel-temer-em-segunda-instancia\/#primaryimage\"},\"thumbnailUrl\":\"https:\/\/brasilnoticias.org\/site\/wp-content\/uploads\/2022\/06\/joesley-batista_widelg.jpg\",\"articleSection\":[\"Justi\u00e7a\",\"\u00daltimas\"],\"inLanguage\":\"pt-PT\",\"potentialAction\":[{\"@type\":\"CommentAction\",\"name\":\"Comment\",\"target\":[\"https:\/\/brasilnoticias.org\/site\/joesley-batista-vence-processo-contra-michel-temer-em-segunda-instancia\/#respond\"]}]},{\"@type\":\"WebPage\",\"@id\":\"https:\/\/brasilnoticias.org\/site\/joesley-batista-vence-processo-contra-michel-temer-em-segunda-instancia\/\",\"url\":\"https:\/\/brasilnoticias.org\/site\/joesley-batista-vence-processo-contra-michel-temer-em-segunda-instancia\/\",\"name\":\"Joesley Batista vence processo contra Michel Temer em segunda inst\u00e2ncia - Brasil not\u00edcias\",\"isPartOf\":{\"@id\":\"https:\/\/brasilnoticias.org\/site\/#website\"},\"primaryImageOfPage\":{\"@id\":\"https:\/\/brasilnoticias.org\/site\/joesley-batista-vence-processo-contra-michel-temer-em-segunda-instancia\/#primaryimage\"},\"image\":{\"@id\":\"https:\/\/brasilnoticias.org\/site\/joesley-batista-vence-processo-contra-michel-temer-em-segunda-instancia\/#primaryimage\"},\"thumbnailUrl\":\"https:\/\/brasilnoticias.org\/site\/wp-content\/uploads\/2022\/06\/joesley-batista_widelg.jpg\",\"datePublished\":\"2022-06-09T21:44:29+00:00\",\"breadcrumb\":{\"@id\":\"https:\/\/brasilnoticias.org\/site\/joesley-batista-vence-processo-contra-michel-temer-em-segunda-instancia\/#breadcrumb\"},\"inLanguage\":\"pt-PT\",\"potentialAction\":[{\"@type\":\"ReadAction\",\"target\":[\"https:\/\/brasilnoticias.org\/site\/joesley-batista-vence-processo-contra-michel-temer-em-segunda-instancia\/\"]}]},{\"@type\":\"ImageObject\",\"inLanguage\":\"pt-PT\",\"@id\":\"https:\/\/brasilnoticias.org\/site\/joesley-batista-vence-processo-contra-michel-temer-em-segunda-instancia\/#primaryimage\",\"url\":\"https:\/\/brasilnoticias.org\/site\/wp-content\/uploads\/2022\/06\/joesley-batista_widelg.jpg\",\"contentUrl\":\"https:\/\/brasilnoticias.org\/site\/wp-content\/uploads\/2022\/06\/joesley-batista_widelg.jpg\",\"width\":800,\"height\":450},{\"@type\":\"BreadcrumbList\",\"@id\":\"https:\/\/brasilnoticias.org\/site\/joesley-batista-vence-processo-contra-michel-temer-em-segunda-instancia\/#breadcrumb\",\"itemListElement\":[{\"@type\":\"ListItem\",\"position\":1,\"name\":\"In\u00edcio\",\"item\":\"https:\/\/brasilnoticias.org\/site\/\"},{\"@type\":\"ListItem\",\"position\":2,\"name\":\"Joesley Batista vence processo contra Michel Temer em segunda inst\u00e2ncia\"}]},{\"@type\":\"WebSite\",\"@id\":\"https:\/\/brasilnoticias.org\/site\/#website\",\"url\":\"https:\/\/brasilnoticias.org\/site\/\",\"name\":\"Brasil not\u00edcias\",\"description\":\"Brasil not\u00edcias\",\"publisher\":{\"@id\":\"https:\/\/brasilnoticias.org\/site\/#organization\"},\"potentialAction\":[{\"@type\":\"SearchAction\",\"target\":{\"@type\":\"EntryPoint\",\"urlTemplate\":\"https:\/\/brasilnoticias.org\/site\/?s={search_term_string}\"},\"query-input\":{\"@type\":\"PropertyValueSpecification\",\"valueRequired\":true,\"valueName\":\"search_term_string\"}}],\"inLanguage\":\"pt-PT\"},{\"@type\":\"Organization\",\"@id\":\"https:\/\/brasilnoticias.org\/site\/#organization\",\"name\":\"Brasil not\u00edcias\",\"url\":\"https:\/\/brasilnoticias.org\/site\/\",\"logo\":{\"@type\":\"ImageObject\",\"inLanguage\":\"pt-PT\",\"@id\":\"https:\/\/brasilnoticias.org\/site\/#\/schema\/logo\/image\/\",\"url\":\"https:\/\/brasilnoticias.org\/site\/wp-content\/uploads\/2022\/05\/cropped-brasilnoticias-mini.jpg\",\"contentUrl\":\"https:\/\/brasilnoticias.org\/site\/wp-content\/uploads\/2022\/05\/cropped-brasilnoticias-mini.jpg\",\"width\":314,\"height\":86,\"caption\":\"Brasil not\u00edcias\"},\"image\":{\"@id\":\"https:\/\/brasilnoticias.org\/site\/#\/schema\/logo\/image\/\"}},{\"@type\":\"Person\",\"@id\":\"https:\/\/brasilnoticias.org\/site\/#\/schema\/person\/f609fa847b5314f1c8b983342f34c798\",\"name\":\"Reda\u00e7\u00e3o\",\"image\":{\"@type\":\"ImageObject\",\"inLanguage\":\"pt-PT\",\"@id\":\"https:\/\/brasilnoticias.org\/site\/#\/schema\/person\/image\/\",\"url\":\"https:\/\/secure.gravatar.com\/avatar\/447284c06c1ad8b46465a36de9cd0d8326b73387a22799b8b1ffb1fbcff2ed0c?s=96&d=mm&r=g\",\"contentUrl\":\"https:\/\/secure.gravatar.com\/avatar\/447284c06c1ad8b46465a36de9cd0d8326b73387a22799b8b1ffb1fbcff2ed0c?s=96&d=mm&r=g\",\"caption\":\"Reda\u00e7\u00e3o\"},\"url\":\"https:\/\/brasilnoticias.org\/site\/author\/redacao\/\"}]}<\/script>\n<!-- \/ Yoast SEO plugin. -->","yoast_head_json":{"title":"Joesley Batista vence processo contra Michel Temer em segunda inst\u00e2ncia - Brasil not\u00edcias","robots":{"index":"index","follow":"follow","max-snippet":"max-snippet:-1","max-image-preview":"max-image-preview:large","max-video-preview":"max-video-preview:-1"},"canonical":"https:\/\/brasilnoticias.org\/site\/joesley-batista-vence-processo-contra-michel-temer-em-segunda-instancia\/","og_locale":"pt_PT","og_type":"article","og_title":"Joesley Batista vence processo contra Michel Temer em segunda inst\u00e2ncia - Brasil not\u00edcias","og_description":"O empres\u00e1rio\u00a0Joesley Batista\u00a0venceu em segunda inst\u00e2ncia, na \u00faltima quarta-feira (8), a queixa-crime movida pelo ex-presidente Michel Temer contra ele em","og_url":"https:\/\/brasilnoticias.org\/site\/joesley-batista-vence-processo-contra-michel-temer-em-segunda-instancia\/","og_site_name":"Brasil not\u00edcias","article_published_time":"2022-06-09T21:44:29+00:00","og_image":[{"width":800,"height":450,"url":"https:\/\/brasilnoticias.org\/site\/wp-content\/uploads\/2022\/06\/joesley-batista_widelg.jpg","type":"image\/jpeg"}],"author":"Reda\u00e7\u00e3o","twitter_card":"summary_large_image","twitter_misc":{"Escrito por":"Reda\u00e7\u00e3o","Tempo estimado de leitura":"1 minuto"},"schema":{"@context":"https:\/\/schema.org","@graph":[{"@type":"Article","@id":"https:\/\/brasilnoticias.org\/site\/joesley-batista-vence-processo-contra-michel-temer-em-segunda-instancia\/#article","isPartOf":{"@id":"https:\/\/brasilnoticias.org\/site\/joesley-batista-vence-processo-contra-michel-temer-em-segunda-instancia\/"},"author":{"name":"Reda\u00e7\u00e3o","@id":"https:\/\/brasilnoticias.org\/site\/#\/schema\/person\/f609fa847b5314f1c8b983342f34c798"},"headline":"Joesley Batista vence processo contra Michel Temer em segunda inst\u00e2ncia","datePublished":"2022-06-09T21:44:29+00:00","mainEntityOfPage":{"@id":"https:\/\/brasilnoticias.org\/site\/joesley-batista-vence-processo-contra-michel-temer-em-segunda-instancia\/"},"wordCount":116,"commentCount":0,"publisher":{"@id":"https:\/\/brasilnoticias.org\/site\/#organization"},"image":{"@id":"https:\/\/brasilnoticias.org\/site\/joesley-batista-vence-processo-contra-michel-temer-em-segunda-instancia\/#primaryimage"},"thumbnailUrl":"https:\/\/brasilnoticias.org\/site\/wp-content\/uploads\/2022\/06\/joesley-batista_widelg.jpg","articleSection":["Justi\u00e7a","\u00daltimas"],"inLanguage":"pt-PT","potentialAction":[{"@type":"CommentAction","name":"Comment","target":["https:\/\/brasilnoticias.org\/site\/joesley-batista-vence-processo-contra-michel-temer-em-segunda-instancia\/#respond"]}]},{"@type":"WebPage","@id":"https:\/\/brasilnoticias.org\/site\/joesley-batista-vence-processo-contra-michel-temer-em-segunda-instancia\/","url":"https:\/\/brasilnoticias.org\/site\/joesley-batista-vence-processo-contra-michel-temer-em-segunda-instancia\/","name":"Joesley Batista vence processo contra Michel Temer em segunda inst\u00e2ncia - Brasil not\u00edcias","isPartOf":{"@id":"https:\/\/brasilnoticias.org\/site\/#website"},"primaryImageOfPage":{"@id":"https:\/\/brasilnoticias.org\/site\/joesley-batista-vence-processo-contra-michel-temer-em-segunda-instancia\/#primaryimage"},"image":{"@id":"https:\/\/brasilnoticias.org\/site\/joesley-batista-vence-processo-contra-michel-temer-em-segunda-instancia\/#primaryimage"},"thumbnailUrl":"https:\/\/brasilnoticias.org\/site\/wp-content\/uploads\/2022\/06\/joesley-batista_widelg.jpg","datePublished":"2022-06-09T21:44:29+00:00","breadcrumb":{"@id":"https:\/\/brasilnoticias.org\/site\/joesley-batista-vence-processo-contra-michel-temer-em-segunda-instancia\/#breadcrumb"},"inLanguage":"pt-PT","potentialAction":[{"@type":"ReadAction","target":["https:\/\/brasilnoticias.org\/site\/joesley-batista-vence-processo-contra-michel-temer-em-segunda-instancia\/"]}]},{"@type":"ImageObject","inLanguage":"pt-PT","@id":"https:\/\/brasilnoticias.org\/site\/joesley-batista-vence-processo-contra-michel-temer-em-segunda-instancia\/#primaryimage","url":"https:\/\/brasilnoticias.org\/site\/wp-content\/uploads\/2022\/06\/joesley-batista_widelg.jpg","contentUrl":"https:\/\/brasilnoticias.org\/site\/wp-content\/uploads\/2022\/06\/joesley-batista_widelg.jpg","width":800,"height":450},{"@type":"BreadcrumbList","@id":"https:\/\/brasilnoticias.org\/site\/joesley-batista-vence-processo-contra-michel-temer-em-segunda-instancia\/#breadcrumb","itemListElement":[{"@type":"ListItem","position":1,"name":"In\u00edcio","item":"https:\/\/brasilnoticias.org\/site\/"},{"@type":"ListItem","position":2,"name":"Joesley Batista vence processo contra Michel Temer em segunda inst\u00e2ncia"}]},{"@type":"WebSite","@id":"https:\/\/brasilnoticias.org\/site\/#website","url":"https:\/\/brasilnoticias.org\/site\/","name":"Brasil not\u00edcias","description":"Brasil not\u00edcias","publisher":{"@id":"https:\/\/brasilnoticias.org\/site\/#organization"},"potentialAction":[{"@type":"SearchAction","target":{"@type":"EntryPoint","urlTemplate":"https:\/\/brasilnoticias.org\/site\/?s={search_term_string}"},"query-input":{"@type":"PropertyValueSpecification","valueRequired":true,"valueName":"search_term_string"}}],"inLanguage":"pt-PT"},{"@type":"Organization","@id":"https:\/\/brasilnoticias.org\/site\/#organization","name":"Brasil not\u00edcias","url":"https:\/\/brasilnoticias.org\/site\/","logo":{"@type":"ImageObject","inLanguage":"pt-PT","@id":"https:\/\/brasilnoticias.org\/site\/#\/schema\/logo\/image\/","url":"https:\/\/brasilnoticias.org\/site\/wp-content\/uploads\/2022\/05\/cropped-brasilnoticias-mini.jpg","contentUrl":"https:\/\/brasilnoticias.org\/site\/wp-content\/uploads\/2022\/05\/cropped-brasilnoticias-mini.jpg","width":314,"height":86,"caption":"Brasil not\u00edcias"},"image":{"@id":"https:\/\/brasilnoticias.org\/site\/#\/schema\/logo\/image\/"}},{"@type":"Person","@id":"https:\/\/brasilnoticias.org\/site\/#\/schema\/person\/f609fa847b5314f1c8b983342f34c798","name":"Reda\u00e7\u00e3o","image":{"@type":"ImageObject","inLanguage":"pt-PT","@id":"https:\/\/brasilnoticias.org\/site\/#\/schema\/person\/image\/","url":"https:\/\/secure.gravatar.com\/avatar\/447284c06c1ad8b46465a36de9cd0d8326b73387a22799b8b1ffb1fbcff2ed0c?s=96&d=mm&r=g","contentUrl":"https:\/\/secure.gravatar.com\/avatar\/447284c06c1ad8b46465a36de9cd0d8326b73387a22799b8b1ffb1fbcff2ed0c?s=96&d=mm&r=g","caption":"Reda\u00e7\u00e3o"},"url":"https:\/\/brasilnoticias.org\/site\/author\/redacao\/"}]}},"_links":{"self":[{"href":"https:\/\/brasilnoticias.org\/site\/wp-json\/wp\/v2\/posts\/840","targetHints":{"allow":["GET"]}}],"collection":[{"href":"https:\/\/brasilnoticias.org\/site\/wp-json\/wp\/v2\/posts"}],"about":[{"href":"https:\/\/brasilnoticias.org\/site\/wp-json\/wp\/v2\/types\/post"}],"author":[{"embeddable":true,"href":"https:\/\/brasilnoticias.org\/site\/wp-json\/wp\/v2\/users\/2"}],"replies":[{"embeddable":true,"href":"https:\/\/brasilnoticias.org\/site\/wp-json\/wp\/v2\/comments?post=840"}],"version-history":[{"count":1,"href":"https:\/\/brasilnoticias.org\/site\/wp-json\/wp\/v2\/posts\/840\/revisions"}],"predecessor-version":[{"id":842,"href":"https:\/\/brasilnoticias.org\/site\/wp-json\/wp\/v2\/posts\/840\/revisions\/842"}],"wp:featuredmedia":[{"embeddable":true,"href":"https:\/\/brasilnoticias.org\/site\/wp-json\/wp\/v2\/media\/841"}],"wp:attachment":[{"href":"https:\/\/brasilnoticias.org\/site\/wp-json\/wp\/v2\/media?parent=840"}],"wp:term":[{"taxonomy":"category","embeddable":true,"href":"https:\/\/brasilnoticias.org\/site\/wp-json\/wp\/v2\/categories?post=840"},{"taxonomy":"post_tag","embeddable":true,"href":"https:\/\/brasilnoticias.org\/site\/wp-json\/wp\/v2\/tags?post=840"}],"curies":[{"name":"wp","href":"https:\/\/api.w.org\/{rel}","templated":true}]}}