{"id":8408,"date":"2023-08-18T17:44:28","date_gmt":"2023-08-18T20:44:28","guid":{"rendered":"https:\/\/brasilnoticias.org\/site\/?p=8408"},"modified":"2023-08-18T17:44:28","modified_gmt":"2023-08-18T20:44:28","slug":"jeronimo-diz-que-a-ordem-e-prender-e-nao-matar-criminosos-que-executaram-mae-bernadete","status":"publish","type":"post","link":"https:\/\/brasilnoticias.org\/site\/jeronimo-diz-que-a-ordem-e-prender-e-nao-matar-criminosos-que-executaram-mae-bernadete\/","title":{"rendered":"Jer\u00f4nimo diz que a ordem \u00e9 prender, e n\u00e3o matar, criminosos que executaram M\u00e3e Bernadete"},"content":{"rendered":"<p>A delegada Andr\u00e9a Ribeiro, diretora do Departamento de Homic\u00eddios e Prote\u00e7\u00e3o \u00e0 Pessoa (DHPP), que investiga o caso, afirmou que diversas dilig\u00eancias j\u00e1 foram apreendidas pela Pol\u00edcia Civil<\/p>\n<p>No final da manh\u00e3 desta sexta-feira (18\/7), a Pol\u00edcia Civil concedeu uma coletiva de imprensa sobre o assassinato da l\u00edder quilombola M\u00e3e Bernadete, morta a tiros na noite desta quinta-feira (17), no quilombo Pitanga dos Palmares, em Sim\u00f5es Filho, na Regi\u00e3o Metropolitana de Salvador.<\/p>\n<p>Durante a coletiva, o governador da Bahia, Jer\u00f4nimo Rodrigues (PT), disse que a ordem para a pol\u00edcia \u00e9 capturar os criminosos vivos, ou seja, prender, n\u00e3o matar. O gestor estadual tamb\u00e9m afirmou que conversou com o presidente Lula (PT) e a primeira-dama, Janja Silva, por telefone, e garantiu que o caso ser\u00e1 elucidado.<\/p>\n<p>Ao QVP, programa da TV Aratu, a delegada Andr\u00e9a Ribeiro, diretora do Departamento de Homic\u00eddios e Prote\u00e7\u00e3o \u00e0 Pessoa (DHPP), que investiga o caso, afirmou que diversas dilig\u00eancias j\u00e1 foram realizadas pela Pol\u00edcia Civil desde a comunica\u00e7\u00e3o do crime:<\/p>\n<p>\u201cAlgumas pessoas j\u00e1 foram ouvidas, as ag\u00eancias de intelig\u00eancia que foram destacadas para acompanhar o caso j\u00e1 trabalham com informa\u00e7\u00f5es da intelig\u00eancia a fim de auxiliar o direcionamento das equipes em campo para que a gente consiga, o quanto antes, identificar e prender os autores do crime\u201d.<\/p>\n<p>Informa\u00e7\u00f5es preliminares indicam que dois homens, usando capacetes, entraram no im\u00f3vel da v\u00edtima, na cidade de Sim\u00f5es Filho, e efetuaram disparos com arma de fogo. Imagens das c\u00e2meras de seguran\u00e7a devem ser analisadas pelas autoridades nos pr\u00f3ximos dias.<\/p>\n<p>ENTENDA O CASO<\/p>\n<p>A l\u00edder do Quilombo Pitanga dos Palmares, Yalorix\u00e1 e ex-secret\u00e1ria de Promo\u00e7\u00e3o da Igualdade Racial de Sim\u00f5es Filho, na Regi\u00e3o Metropolitana de Salvador, Maria Bernadete Pac\u00edfico, de 72 anos, foi assassinada na noite desta quinta-feira (17).<\/p>\n<p>Criminosos invadiram o terreiro da comunidade, fizeram familiares ref\u00e9ns e executaram M\u00e3e Bernadete a tiros. Ela \u00e9 m\u00e3e de Fl\u00e1vio Gabriel Pac\u00edfico dos Santos, mais conhecido como Binho do Quilombo, assassinado h\u00e1 quase seis anos, no dia 19 de setembro de 2017.<\/p>\n<p>Segundo informa\u00e7\u00f5es da Pol\u00edcia Civil, a 22\u00aa Delegacia Territorial de Sim\u00f5es Filho investiga a morte da l\u00edder religiosa. A autoria e motiva\u00e7\u00e3o ainda s\u00e3o apuradas. O governador da Bahia, Jer\u00f4nimo Rodrigues, determinou que as pol\u00edcias Militar e Civil sejam firmes na investiga\u00e7\u00e3o.<\/p>\n<p>O corpo da Yalorix\u00e1 foi liberado pelo Instituto M\u00e9dico Legal de Salvador na manh\u00e3 desta sexta-feira, e seguiu para o Quilombo de Pitanga dos Palmares, Regi\u00e3o Metropolitana, onde ser\u00e1 velado. De acordo com o filho dela, Welington Pac\u00edfico, o sepultamento ser\u00e1 no Cemit\u00e9rio Ordem Terceira de S\u00e3o Francisco, na Baixa de Quintas, em Salvador. O hor\u00e1rio ainda n\u00e3o foi definido.<\/p>\n<p>Foto: Divulga\u00e7\u00e3o<br \/>\nAratu On<\/p>\n","protected":false},"excerpt":{"rendered":"<p>A delegada Andr\u00e9a Ribeiro, diretora do Departamento de Homic\u00eddios e Prote\u00e7\u00e3o \u00e0 Pessoa (DHPP), que investiga o caso, afirmou que<\/p>\n","protected":false},"author":4,"featured_media":8409,"comment_status":"open","ping_status":"open","sticky":false,"template":"","format":"standard","meta":{"colormag_page_container_layout":"default_layout","colormag_page_sidebar_layout":"default_layout","_FSMCFIC_featured_image_caption":"","_FSMCFIC_featured_image_nocaption":"","_FSMCFIC_featured_image_hide":"","footnotes":""},"categories":[5,1],"tags":[],"class_list":["post-8408","post","type-post","status-publish","format-standard","has-post-thumbnail","hentry","category-politica","category-ultimas"],"yoast_head":"<!-- This site is optimized with the Yoast SEO plugin v27.1.1 - https:\/\/yoast.com\/product\/yoast-seo-wordpress\/ -->\n<title>Jer\u00f4nimo diz que a ordem \u00e9 prender, e n\u00e3o matar, criminosos que executaram M\u00e3e Bernadete - Brasil not\u00edcias<\/title>\n<meta name=\"robots\" content=\"index, follow, max-snippet:-1, max-image-preview:large, max-video-preview:-1\" \/>\n<link rel=\"canonical\" href=\"https:\/\/brasilnoticias.org\/site\/jeronimo-diz-que-a-ordem-e-prender-e-nao-matar-criminosos-que-executaram-mae-bernadete\/\" \/>\n<meta property=\"og:locale\" content=\"pt_PT\" \/>\n<meta property=\"og:type\" content=\"article\" \/>\n<meta property=\"og:title\" content=\"Jer\u00f4nimo diz que a ordem \u00e9 prender, e n\u00e3o matar, criminosos que executaram M\u00e3e Bernadete - Brasil not\u00edcias\" \/>\n<meta property=\"og:description\" content=\"A delegada Andr\u00e9a Ribeiro, diretora do Departamento de Homic\u00eddios e Prote\u00e7\u00e3o \u00e0 Pessoa (DHPP), que investiga o caso, afirmou que\" \/>\n<meta property=\"og:url\" content=\"https:\/\/brasilnoticias.org\/site\/jeronimo-diz-que-a-ordem-e-prender-e-nao-matar-criminosos-que-executaram-mae-bernadete\/\" \/>\n<meta property=\"og:site_name\" content=\"Brasil not\u00edcias\" \/>\n<meta property=\"article:published_time\" content=\"2023-08-18T20:44:28+00:00\" \/>\n<meta property=\"og:image\" content=\"https:\/\/brasilnoticias.org\/site\/wp-content\/uploads\/2023\/08\/jeronimo-rodrigues-740x470-1.jpg\" \/>\n\t<meta property=\"og:image:width\" content=\"740\" \/>\n\t<meta property=\"og:image:height\" content=\"470\" \/>\n\t<meta property=\"og:image:type\" content=\"image\/jpeg\" \/>\n<meta name=\"author\" content=\"Reda\u00e7\u00e3o\" \/>\n<meta name=\"twitter:card\" content=\"summary_large_image\" \/>\n<meta name=\"twitter:label1\" content=\"Escrito por\" \/>\n\t<meta name=\"twitter:data1\" content=\"Reda\u00e7\u00e3o\" \/>\n<script type=\"application\/ld+json\" class=\"yoast-schema-graph\">{\"@context\":\"https:\/\/schema.org\",\"@graph\":[{\"@type\":\"Article\",\"@id\":\"https:\/\/brasilnoticias.org\/site\/jeronimo-diz-que-a-ordem-e-prender-e-nao-matar-criminosos-que-executaram-mae-bernadete\/#article\",\"isPartOf\":{\"@id\":\"https:\/\/brasilnoticias.org\/site\/jeronimo-diz-que-a-ordem-e-prender-e-nao-matar-criminosos-que-executaram-mae-bernadete\/\"},\"author\":{\"name\":\"Reda\u00e7\u00e3o\",\"@id\":\"https:\/\/brasilnoticias.org\/site\/#\/schema\/person\/03bbbfe6c7634ad18c26444ea39049fa\"},\"headline\":\"Jer\u00f4nimo diz que a ordem \u00e9 prender, e n\u00e3o matar, criminosos que executaram M\u00e3e Bernadete\",\"datePublished\":\"2023-08-18T20:44:28+00:00\",\"mainEntityOfPage\":{\"@id\":\"https:\/\/brasilnoticias.org\/site\/jeronimo-diz-que-a-ordem-e-prender-e-nao-matar-criminosos-que-executaram-mae-bernadete\/\"},\"wordCount\":501,\"commentCount\":0,\"publisher\":{\"@id\":\"https:\/\/brasilnoticias.org\/site\/#organization\"},\"image\":{\"@id\":\"https:\/\/brasilnoticias.org\/site\/jeronimo-diz-que-a-ordem-e-prender-e-nao-matar-criminosos-que-executaram-mae-bernadete\/#primaryimage\"},\"thumbnailUrl\":\"https:\/\/brasilnoticias.org\/site\/wp-content\/uploads\/2023\/08\/jeronimo-rodrigues-740x470-1.jpg\",\"articleSection\":[\"Pol\u00edtica\",\"\u00daltimas\"],\"inLanguage\":\"pt-PT\",\"potentialAction\":[{\"@type\":\"CommentAction\",\"name\":\"Comment\",\"target\":[\"https:\/\/brasilnoticias.org\/site\/jeronimo-diz-que-a-ordem-e-prender-e-nao-matar-criminosos-que-executaram-mae-bernadete\/#respond\"]}]},{\"@type\":\"WebPage\",\"@id\":\"https:\/\/brasilnoticias.org\/site\/jeronimo-diz-que-a-ordem-e-prender-e-nao-matar-criminosos-que-executaram-mae-bernadete\/\",\"url\":\"https:\/\/brasilnoticias.org\/site\/jeronimo-diz-que-a-ordem-e-prender-e-nao-matar-criminosos-que-executaram-mae-bernadete\/\",\"name\":\"Jer\u00f4nimo diz que a ordem \u00e9 prender, e n\u00e3o matar, criminosos que executaram M\u00e3e Bernadete - Brasil not\u00edcias\",\"isPartOf\":{\"@id\":\"https:\/\/brasilnoticias.org\/site\/#website\"},\"primaryImageOfPage\":{\"@id\":\"https:\/\/brasilnoticias.org\/site\/jeronimo-diz-que-a-ordem-e-prender-e-nao-matar-criminosos-que-executaram-mae-bernadete\/#primaryimage\"},\"image\":{\"@id\":\"https:\/\/brasilnoticias.org\/site\/jeronimo-diz-que-a-ordem-e-prender-e-nao-matar-criminosos-que-executaram-mae-bernadete\/#primaryimage\"},\"thumbnailUrl\":\"https:\/\/brasilnoticias.org\/site\/wp-content\/uploads\/2023\/08\/jeronimo-rodrigues-740x470-1.jpg\",\"datePublished\":\"2023-08-18T20:44:28+00:00\",\"breadcrumb\":{\"@id\":\"https:\/\/brasilnoticias.org\/site\/jeronimo-diz-que-a-ordem-e-prender-e-nao-matar-criminosos-que-executaram-mae-bernadete\/#breadcrumb\"},\"inLanguage\":\"pt-PT\",\"potentialAction\":[{\"@type\":\"ReadAction\",\"target\":[\"https:\/\/brasilnoticias.org\/site\/jeronimo-diz-que-a-ordem-e-prender-e-nao-matar-criminosos-que-executaram-mae-bernadete\/\"]}]},{\"@type\":\"ImageObject\",\"inLanguage\":\"pt-PT\",\"@id\":\"https:\/\/brasilnoticias.org\/site\/jeronimo-diz-que-a-ordem-e-prender-e-nao-matar-criminosos-que-executaram-mae-bernadete\/#primaryimage\",\"url\":\"https:\/\/brasilnoticias.org\/site\/wp-content\/uploads\/2023\/08\/jeronimo-rodrigues-740x470-1.jpg\",\"contentUrl\":\"https:\/\/brasilnoticias.org\/site\/wp-content\/uploads\/2023\/08\/jeronimo-rodrigues-740x470-1.jpg\",\"width\":740,\"height\":470},{\"@type\":\"BreadcrumbList\",\"@id\":\"https:\/\/brasilnoticias.org\/site\/jeronimo-diz-que-a-ordem-e-prender-e-nao-matar-criminosos-que-executaram-mae-bernadete\/#breadcrumb\",\"itemListElement\":[{\"@type\":\"ListItem\",\"position\":1,\"name\":\"In\u00edcio\",\"item\":\"https:\/\/brasilnoticias.org\/site\/\"},{\"@type\":\"ListItem\",\"position\":2,\"name\":\"Jer\u00f4nimo diz que a ordem \u00e9 prender, e n\u00e3o matar, criminosos que executaram M\u00e3e Bernadete\"}]},{\"@type\":\"WebSite\",\"@id\":\"https:\/\/brasilnoticias.org\/site\/#website\",\"url\":\"https:\/\/brasilnoticias.org\/site\/\",\"name\":\"Brasil not\u00edcias\",\"description\":\"Brasil not\u00edcias\",\"publisher\":{\"@id\":\"https:\/\/brasilnoticias.org\/site\/#organization\"},\"potentialAction\":[{\"@type\":\"SearchAction\",\"target\":{\"@type\":\"EntryPoint\",\"urlTemplate\":\"https:\/\/brasilnoticias.org\/site\/?s={search_term_string}\"},\"query-input\":{\"@type\":\"PropertyValueSpecification\",\"valueRequired\":true,\"valueName\":\"search_term_string\"}}],\"inLanguage\":\"pt-PT\"},{\"@type\":\"Organization\",\"@id\":\"https:\/\/brasilnoticias.org\/site\/#organization\",\"name\":\"Brasil not\u00edcias\",\"url\":\"https:\/\/brasilnoticias.org\/site\/\",\"logo\":{\"@type\":\"ImageObject\",\"inLanguage\":\"pt-PT\",\"@id\":\"https:\/\/brasilnoticias.org\/site\/#\/schema\/logo\/image\/\",\"url\":\"https:\/\/brasilnoticias.org\/site\/wp-content\/uploads\/2022\/05\/cropped-brasilnoticias-mini.jpg\",\"contentUrl\":\"https:\/\/brasilnoticias.org\/site\/wp-content\/uploads\/2022\/05\/cropped-brasilnoticias-mini.jpg\",\"width\":314,\"height\":86,\"caption\":\"Brasil not\u00edcias\"},\"image\":{\"@id\":\"https:\/\/brasilnoticias.org\/site\/#\/schema\/logo\/image\/\"}},{\"@type\":\"Person\",\"@id\":\"https:\/\/brasilnoticias.org\/site\/#\/schema\/person\/03bbbfe6c7634ad18c26444ea39049fa\",\"name\":\"Reda\u00e7\u00e3o\",\"image\":{\"@type\":\"ImageObject\",\"inLanguage\":\"pt-PT\",\"@id\":\"https:\/\/brasilnoticias.org\/site\/#\/schema\/person\/image\/\",\"url\":\"https:\/\/secure.gravatar.com\/avatar\/9ecaf7327a696cb23ad926fedded5f1f04d7049de9e445375d55b48c001a6e42?s=96&d=mm&r=g\",\"contentUrl\":\"https:\/\/secure.gravatar.com\/avatar\/9ecaf7327a696cb23ad926fedded5f1f04d7049de9e445375d55b48c001a6e42?s=96&d=mm&r=g\",\"caption\":\"Reda\u00e7\u00e3o\"},\"url\":\"https:\/\/brasilnoticias.org\/site\/author\/henrique\/\"}]}<\/script>\n<!-- \/ Yoast SEO plugin. -->","yoast_head_json":{"title":"Jer\u00f4nimo diz que a ordem \u00e9 prender, e n\u00e3o matar, criminosos que executaram M\u00e3e Bernadete - Brasil not\u00edcias","robots":{"index":"index","follow":"follow","max-snippet":"max-snippet:-1","max-image-preview":"max-image-preview:large","max-video-preview":"max-video-preview:-1"},"canonical":"https:\/\/brasilnoticias.org\/site\/jeronimo-diz-que-a-ordem-e-prender-e-nao-matar-criminosos-que-executaram-mae-bernadete\/","og_locale":"pt_PT","og_type":"article","og_title":"Jer\u00f4nimo diz que a ordem \u00e9 prender, e n\u00e3o matar, criminosos que executaram M\u00e3e Bernadete - Brasil not\u00edcias","og_description":"A delegada Andr\u00e9a Ribeiro, diretora do Departamento de Homic\u00eddios e Prote\u00e7\u00e3o \u00e0 Pessoa (DHPP), que investiga o caso, afirmou que","og_url":"https:\/\/brasilnoticias.org\/site\/jeronimo-diz-que-a-ordem-e-prender-e-nao-matar-criminosos-que-executaram-mae-bernadete\/","og_site_name":"Brasil not\u00edcias","article_published_time":"2023-08-18T20:44:28+00:00","og_image":[{"width":740,"height":470,"url":"https:\/\/brasilnoticias.org\/site\/wp-content\/uploads\/2023\/08\/jeronimo-rodrigues-740x470-1.jpg","type":"image\/jpeg"}],"author":"Reda\u00e7\u00e3o","twitter_card":"summary_large_image","twitter_misc":{"Escrito por":"Reda\u00e7\u00e3o"},"schema":{"@context":"https:\/\/schema.org","@graph":[{"@type":"Article","@id":"https:\/\/brasilnoticias.org\/site\/jeronimo-diz-que-a-ordem-e-prender-e-nao-matar-criminosos-que-executaram-mae-bernadete\/#article","isPartOf":{"@id":"https:\/\/brasilnoticias.org\/site\/jeronimo-diz-que-a-ordem-e-prender-e-nao-matar-criminosos-que-executaram-mae-bernadete\/"},"author":{"name":"Reda\u00e7\u00e3o","@id":"https:\/\/brasilnoticias.org\/site\/#\/schema\/person\/03bbbfe6c7634ad18c26444ea39049fa"},"headline":"Jer\u00f4nimo diz que a ordem \u00e9 prender, e n\u00e3o matar, criminosos que executaram M\u00e3e Bernadete","datePublished":"2023-08-18T20:44:28+00:00","mainEntityOfPage":{"@id":"https:\/\/brasilnoticias.org\/site\/jeronimo-diz-que-a-ordem-e-prender-e-nao-matar-criminosos-que-executaram-mae-bernadete\/"},"wordCount":501,"commentCount":0,"publisher":{"@id":"https:\/\/brasilnoticias.org\/site\/#organization"},"image":{"@id":"https:\/\/brasilnoticias.org\/site\/jeronimo-diz-que-a-ordem-e-prender-e-nao-matar-criminosos-que-executaram-mae-bernadete\/#primaryimage"},"thumbnailUrl":"https:\/\/brasilnoticias.org\/site\/wp-content\/uploads\/2023\/08\/jeronimo-rodrigues-740x470-1.jpg","articleSection":["Pol\u00edtica","\u00daltimas"],"inLanguage":"pt-PT","potentialAction":[{"@type":"CommentAction","name":"Comment","target":["https:\/\/brasilnoticias.org\/site\/jeronimo-diz-que-a-ordem-e-prender-e-nao-matar-criminosos-que-executaram-mae-bernadete\/#respond"]}]},{"@type":"WebPage","@id":"https:\/\/brasilnoticias.org\/site\/jeronimo-diz-que-a-ordem-e-prender-e-nao-matar-criminosos-que-executaram-mae-bernadete\/","url":"https:\/\/brasilnoticias.org\/site\/jeronimo-diz-que-a-ordem-e-prender-e-nao-matar-criminosos-que-executaram-mae-bernadete\/","name":"Jer\u00f4nimo diz que a ordem \u00e9 prender, e n\u00e3o matar, criminosos que executaram M\u00e3e Bernadete - Brasil not\u00edcias","isPartOf":{"@id":"https:\/\/brasilnoticias.org\/site\/#website"},"primaryImageOfPage":{"@id":"https:\/\/brasilnoticias.org\/site\/jeronimo-diz-que-a-ordem-e-prender-e-nao-matar-criminosos-que-executaram-mae-bernadete\/#primaryimage"},"image":{"@id":"https:\/\/brasilnoticias.org\/site\/jeronimo-diz-que-a-ordem-e-prender-e-nao-matar-criminosos-que-executaram-mae-bernadete\/#primaryimage"},"thumbnailUrl":"https:\/\/brasilnoticias.org\/site\/wp-content\/uploads\/2023\/08\/jeronimo-rodrigues-740x470-1.jpg","datePublished":"2023-08-18T20:44:28+00:00","breadcrumb":{"@id":"https:\/\/brasilnoticias.org\/site\/jeronimo-diz-que-a-ordem-e-prender-e-nao-matar-criminosos-que-executaram-mae-bernadete\/#breadcrumb"},"inLanguage":"pt-PT","potentialAction":[{"@type":"ReadAction","target":["https:\/\/brasilnoticias.org\/site\/jeronimo-diz-que-a-ordem-e-prender-e-nao-matar-criminosos-que-executaram-mae-bernadete\/"]}]},{"@type":"ImageObject","inLanguage":"pt-PT","@id":"https:\/\/brasilnoticias.org\/site\/jeronimo-diz-que-a-ordem-e-prender-e-nao-matar-criminosos-que-executaram-mae-bernadete\/#primaryimage","url":"https:\/\/brasilnoticias.org\/site\/wp-content\/uploads\/2023\/08\/jeronimo-rodrigues-740x470-1.jpg","contentUrl":"https:\/\/brasilnoticias.org\/site\/wp-content\/uploads\/2023\/08\/jeronimo-rodrigues-740x470-1.jpg","width":740,"height":470},{"@type":"BreadcrumbList","@id":"https:\/\/brasilnoticias.org\/site\/jeronimo-diz-que-a-ordem-e-prender-e-nao-matar-criminosos-que-executaram-mae-bernadete\/#breadcrumb","itemListElement":[{"@type":"ListItem","position":1,"name":"In\u00edcio","item":"https:\/\/brasilnoticias.org\/site\/"},{"@type":"ListItem","position":2,"name":"Jer\u00f4nimo diz que a ordem \u00e9 prender, e n\u00e3o matar, criminosos que executaram M\u00e3e Bernadete"}]},{"@type":"WebSite","@id":"https:\/\/brasilnoticias.org\/site\/#website","url":"https:\/\/brasilnoticias.org\/site\/","name":"Brasil not\u00edcias","description":"Brasil not\u00edcias","publisher":{"@id":"https:\/\/brasilnoticias.org\/site\/#organization"},"potentialAction":[{"@type":"SearchAction","target":{"@type":"EntryPoint","urlTemplate":"https:\/\/brasilnoticias.org\/site\/?s={search_term_string}"},"query-input":{"@type":"PropertyValueSpecification","valueRequired":true,"valueName":"search_term_string"}}],"inLanguage":"pt-PT"},{"@type":"Organization","@id":"https:\/\/brasilnoticias.org\/site\/#organization","name":"Brasil not\u00edcias","url":"https:\/\/brasilnoticias.org\/site\/","logo":{"@type":"ImageObject","inLanguage":"pt-PT","@id":"https:\/\/brasilnoticias.org\/site\/#\/schema\/logo\/image\/","url":"https:\/\/brasilnoticias.org\/site\/wp-content\/uploads\/2022\/05\/cropped-brasilnoticias-mini.jpg","contentUrl":"https:\/\/brasilnoticias.org\/site\/wp-content\/uploads\/2022\/05\/cropped-brasilnoticias-mini.jpg","width":314,"height":86,"caption":"Brasil not\u00edcias"},"image":{"@id":"https:\/\/brasilnoticias.org\/site\/#\/schema\/logo\/image\/"}},{"@type":"Person","@id":"https:\/\/brasilnoticias.org\/site\/#\/schema\/person\/03bbbfe6c7634ad18c26444ea39049fa","name":"Reda\u00e7\u00e3o","image":{"@type":"ImageObject","inLanguage":"pt-PT","@id":"https:\/\/brasilnoticias.org\/site\/#\/schema\/person\/image\/","url":"https:\/\/secure.gravatar.com\/avatar\/9ecaf7327a696cb23ad926fedded5f1f04d7049de9e445375d55b48c001a6e42?s=96&d=mm&r=g","contentUrl":"https:\/\/secure.gravatar.com\/avatar\/9ecaf7327a696cb23ad926fedded5f1f04d7049de9e445375d55b48c001a6e42?s=96&d=mm&r=g","caption":"Reda\u00e7\u00e3o"},"url":"https:\/\/brasilnoticias.org\/site\/author\/henrique\/"}]}},"_links":{"self":[{"href":"https:\/\/brasilnoticias.org\/site\/wp-json\/wp\/v2\/posts\/8408","targetHints":{"allow":["GET"]}}],"collection":[{"href":"https:\/\/brasilnoticias.org\/site\/wp-json\/wp\/v2\/posts"}],"about":[{"href":"https:\/\/brasilnoticias.org\/site\/wp-json\/wp\/v2\/types\/post"}],"author":[{"embeddable":true,"href":"https:\/\/brasilnoticias.org\/site\/wp-json\/wp\/v2\/users\/4"}],"replies":[{"embeddable":true,"href":"https:\/\/brasilnoticias.org\/site\/wp-json\/wp\/v2\/comments?post=8408"}],"version-history":[{"count":1,"href":"https:\/\/brasilnoticias.org\/site\/wp-json\/wp\/v2\/posts\/8408\/revisions"}],"predecessor-version":[{"id":8410,"href":"https:\/\/brasilnoticias.org\/site\/wp-json\/wp\/v2\/posts\/8408\/revisions\/8410"}],"wp:featuredmedia":[{"embeddable":true,"href":"https:\/\/brasilnoticias.org\/site\/wp-json\/wp\/v2\/media\/8409"}],"wp:attachment":[{"href":"https:\/\/brasilnoticias.org\/site\/wp-json\/wp\/v2\/media?parent=8408"}],"wp:term":[{"taxonomy":"category","embeddable":true,"href":"https:\/\/brasilnoticias.org\/site\/wp-json\/wp\/v2\/categories?post=8408"},{"taxonomy":"post_tag","embeddable":true,"href":"https:\/\/brasilnoticias.org\/site\/wp-json\/wp\/v2\/tags?post=8408"}],"curies":[{"name":"wp","href":"https:\/\/api.w.org\/{rel}","templated":true}]}}