{"id":8429,"date":"2023-08-19T11:00:59","date_gmt":"2023-08-19T14:00:59","guid":{"rendered":"https:\/\/brasilnoticias.org\/site\/?p=8429"},"modified":"2023-08-18T18:03:18","modified_gmt":"2023-08-18T21:03:18","slug":"stf-forma-maioria-para-obrigatoriedade-do-juiz-de-garantias","status":"publish","type":"post","link":"https:\/\/brasilnoticias.org\/site\/stf-forma-maioria-para-obrigatoriedade-do-juiz-de-garantias\/","title":{"rendered":"STF forma maioria para obrigatoriedade do juiz de garantias"},"content":{"rendered":"<p>Figura atuar\u00e1 s\u00f3 na fase de instru\u00e7\u00e3o do processo, sendo respons\u00e1vel por fiscalizar legalidade da investiga\u00e7\u00e3o criminal e autoriza medidas como pris\u00f5es, quebras de sigilo e mandados de busca e apreens\u00e3o<\/p>\n<p>O plen\u00e1rio do Supremo Tribunal Federal (STF) formou maioria para validade e implanta\u00e7\u00e3o obrigat\u00f3ria do juiz de garantias nesta quinta-feira (17). H\u00e1 diverg\u00eancia, entretanto, quanto ao prazo para efetiva\u00e7\u00e3o da figura jur\u00eddica.<\/p>\n<p>Votaram neste sentido os ministros Dias Toffoli, Cristiano Zanin, Andr\u00e9 Mendon\u00e7a, Alexandre de Moraes, Nunes Marques e Edson Fachin. A sess\u00e3o de hoje foi a nona a tratar do assunto, encerrada ap\u00f3s o pronunciamento de Fachin.<\/p>\n<p>A presidente da Corte, ministra Rosa Weber, n\u00e3o informou se o caso ser\u00e1 retomado na pr\u00f3xima semana. Ainda faltam os votos de Roberto Barroso, C\u00e1rmen L\u00facia, Gilmar Mendes e da pr\u00f3pria Weber.<\/p>\n<p>Quatro magistrados propuseram o prazo de um ano, prorrog\u00e1vel uma \u00fanica vez por igual per\u00edodo. J\u00e1 Moraes sugeriu um prazo de 18 meses. Nunes Marques, um prazo m\u00e1ximo de 36 meses.<\/p>\n<p>Por sua vez, Luiz Fux, relator do processo, votou ainda no fim de junho contra a obrigatoriedade da cria\u00e7\u00e3o do instrumento, defendendo que sua implanta\u00e7\u00e3o deve ser opcional. Pela proposta, caberia a cada tribunal do pa\u00eds dar a palavra final.<\/p>\n<p>Todos os sete ministros que votaram at\u00e9 agora entenderam que a atua\u00e7\u00e3o do juiz de garantias termina com o oferecimento da den\u00fancia, sem que haja an\u00e1lise sobre seu recebimento ou rejei\u00e7\u00e3o.<\/p>\n<p>Essa posi\u00e7\u00e3o diverge da lei aprovada pelo Congresso, que estabelecia que o novo magistrado teria compet\u00eancia para receber ou rejeitar a den\u00fancia.<\/p>\n<p>Al\u00e9m disso, eles tamb\u00e9m consideraram inconstitucional a previs\u00e3o de um rod\u00edzio de ju\u00edzes em casos de comarcas com apenas um magistrado, para a implementa\u00e7\u00e3o do juiz de garantias.<\/p>\n<p>H\u00e1 tamb\u00e9m maioria formada para que o juiz de garantias atue em casos da Justi\u00e7a Eleitoral.<\/p>\n<p>Em nota enviada ap\u00f3s o fim da sess\u00e3o desta quinta-feira (17), a Associa\u00e7\u00e3o dos Magistrados Brasileiros (AMB), uma das entidades jur\u00eddicas que contesta a cria\u00e7\u00e3o do novo magistrado, afirmou, entretanto, que est\u00e1 \u201cpronta para auxiliar os magistrados na execu\u00e7\u00e3o das determina\u00e7\u00f5es previstas na legisla\u00e7\u00e3o\u201d.<\/p>\n<p>A entidade tamb\u00e9m fez um apelo para que o novo modelo seja implantado \u201cdentro de um prazo razo\u00e1vel\u201d.<\/p>\n<p>Leia a \u00edntegra da nota da AMB:<\/p>\n<p>\u201cA Associa\u00e7\u00e3o dos Magistrados Brasileiros (AMB) apresentou a a\u00e7\u00e3o contra a implementa\u00e7\u00e3o do juiz das garantias, tal como previsto na lei, por entender que a medida, al\u00e9m de invi\u00e1vel financeiramente, provocaria abalos significativos no Sistema de Justi\u00e7a, com consequ\u00eancias negativas sobre a presta\u00e7\u00e3o jurisdicional.<\/p>\n<p>Ao final do julgamento, a decis\u00e3o do Supremo Tribunal Federal (STF) sobre o caso ser\u00e1 cumprida \u2013 e a AMB est\u00e1 pronta para auxiliar os magistrados na execu\u00e7\u00e3o das determina\u00e7\u00f5es previstas na legisla\u00e7\u00e3o. \u00c9 fundamental, por\u00e9m, que a implanta\u00e7\u00e3o do novo modelo se d\u00ea dentro de um prazo razo\u00e1vel e com respeito \u00e0 autonomia dos Tribunais.\u201d<\/p>\n<p>Entenda o que \u00e9 o juiz de garantias e o julgamento no STF<br \/>\nO juiz de garantias foi implementado pelo pacote anticrime, aprovado pelo Congresso e sancionado pelo ent\u00e3o presidente Jair Bolsonaro (PL) em dezembro de 2019.<\/p>\n<p>A aplica\u00e7\u00e3o foi suspensa em janeiro de 2020 por decis\u00e3o do ministro Luiz Fux, ent\u00e3o vice-presidente do STF.<\/p>\n<p>Para suspender a aplica\u00e7\u00e3o da figura, Fux citou duas raz\u00f5es. Segundo ele, a proposta de lei deveria ter partido do Poder Judici\u00e1rio, j\u00e1 que afeta o funcionamento da Justi\u00e7a no pa\u00eds e a lei foi aprovada sem a previs\u00e3o do impacto or\u00e7ament\u00e1rio dessa implementa\u00e7\u00e3o de dois ju\u00edzes por processo.<\/p>\n<p>O juiz de garantias \u00e9 um magistrado que atuaria s\u00f3 na fase de instru\u00e7\u00e3o do processo e seria respons\u00e1vel por fiscalizar a legalidade da investiga\u00e7\u00e3o criminal, autorizando medidas como pris\u00f5es, quebras de sigilo e mandados de busca e apreens\u00e3o. Tem a fun\u00e7\u00e3o de garantir os direitos individuais dos investigados.<\/p>\n<p>Se houver o recebimento da den\u00fancia \u2014 quando os investigados passam \u00e0 condi\u00e7\u00e3o de r\u00e9u \u2013, o caso fica a cargo de outro juiz, que atuar\u00e1 no julgamento propriamente dito.<\/p>\n<p>O relator, Luiz Fux, votou ainda no fim de junho contra a obrigatoriedade na cria\u00e7\u00e3o do instrumento, defendendo que sua implanta\u00e7\u00e3o deve ser opcional. Pela proposta, caberia a cada tribunal do pa\u00eds dar a palavra final.<\/p>\n<p>Fux \u00e9 o relator de quatro a\u00e7\u00f5es que contestam a figura, propostas pelos partidos PSL (hoje Uni\u00e3o Brasil), Podemos e Cidadania, al\u00e9m de entidades representativas de carreiras jur\u00eddicas: Associa\u00e7\u00e3o dos Magistrados Brasileiros (AMB), Associa\u00e7\u00e3o dos Ju\u00edzes Federais do Brasil (Ajufe) e Associa\u00e7\u00e3o Nacional dos Membros do Minist\u00e9rio P\u00fablico (Conamp).<\/p>\n<p>Os ministros que votaram pela obrigatoriedade do juiz de garantias defenderam que a atua\u00e7\u00e3o desse magistrado termina com o oferecimento da den\u00fancia, sem que haja an\u00e1lise sobre seu recebimento ou rejei\u00e7\u00e3o.<\/p>\n<p>Esses magistrados tamb\u00e9m entenderam que todos os procedimentos investigativos criminais do Minist\u00e9rio P\u00fablico devem ser submetidos ao controle do Poder Judici\u00e1rio, e de que as apura\u00e7\u00f5es em andamento devem ser enviadas aos respectivos ju\u00edzes.<\/p>\n<p>O prazo para esse envio ainda \u00e9 alvo de discuss\u00f5es, se em 30 ou em 90 dias, a partir do fim do julgamento do caso pelo STF. Parte dos ministros tamb\u00e9m votou para que esse encaminhamento de procedimentos do MP ao Judici\u00e1rio tenha validade tamb\u00e9m para inqu\u00e9ritos civis que possam ter ind\u00edcios de crimes.<\/p>\n<p>H\u00e1 tamb\u00e9m concord\u00e2ncia dessa corrente para que o juiz de garantias deve atuar em casos da Justi\u00e7a Eleitoral.<\/p>\n<p>Na sess\u00e3o desta quarta-feira (16), Moraes destacou que cada estado \u00e9 obrigado a instalar o juiz de garantias, mas com autonomia de como fazer essa implementa\u00e7\u00e3o.<\/p>\n<p>\u201cN\u00e3o acho que o juiz de garantias seja a salva\u00e7\u00e3o da p\u00e1tria. Tamb\u00e9m n\u00e3o acho justo com o Poder Judici\u00e1rio com ju\u00edzes criminais, insinuar e dizer que o juiz de garantias vem para garantir imparcialidade de julgamentos, como se n\u00e3o houvesse imparcialidade no julgamento\u201d, afirmou Moraes.<\/p>\n<p>Foto: Rosinei Coutinho\/SCO\/STF<br \/>\nTiago Tortella, da CNN<\/p>\n","protected":false},"excerpt":{"rendered":"<p>Figura atuar\u00e1 s\u00f3 na fase de instru\u00e7\u00e3o do processo, sendo respons\u00e1vel por fiscalizar legalidade da investiga\u00e7\u00e3o criminal e autoriza medidas<\/p>\n","protected":false},"author":4,"featured_media":8430,"comment_status":"open","ping_status":"open","sticky":false,"template":"","format":"standard","meta":{"colormag_page_container_layout":"default_layout","colormag_page_sidebar_layout":"default_layout","_FSMCFIC_featured_image_caption":"","_FSMCFIC_featured_image_nocaption":"","_FSMCFIC_featured_image_hide":"","footnotes":""},"categories":[7,1],"tags":[],"class_list":["post-8429","post","type-post","status-publish","format-standard","has-post-thumbnail","hentry","category-justica","category-ultimas"],"yoast_head":"<!-- This site is optimized with the Yoast SEO plugin v27.1.1 - https:\/\/yoast.com\/product\/yoast-seo-wordpress\/ -->\n<title>STF forma maioria para obrigatoriedade do juiz de garantias - Brasil not\u00edcias<\/title>\n<meta name=\"robots\" content=\"index, follow, max-snippet:-1, max-image-preview:large, max-video-preview:-1\" \/>\n<link rel=\"canonical\" href=\"https:\/\/brasilnoticias.org\/site\/stf-forma-maioria-para-obrigatoriedade-do-juiz-de-garantias\/\" \/>\n<meta property=\"og:locale\" content=\"pt_PT\" \/>\n<meta property=\"og:type\" content=\"article\" \/>\n<meta property=\"og:title\" content=\"STF forma maioria para obrigatoriedade do juiz de garantias - Brasil not\u00edcias\" \/>\n<meta property=\"og:description\" content=\"Figura atuar\u00e1 s\u00f3 na fase de instru\u00e7\u00e3o do processo, sendo respons\u00e1vel por fiscalizar legalidade da investiga\u00e7\u00e3o criminal e autoriza medidas\" \/>\n<meta property=\"og:url\" content=\"https:\/\/brasilnoticias.org\/site\/stf-forma-maioria-para-obrigatoriedade-do-juiz-de-garantias\/\" \/>\n<meta property=\"og:site_name\" content=\"Brasil not\u00edcias\" \/>\n<meta property=\"article:published_time\" content=\"2023-08-19T14:00:59+00:00\" \/>\n<meta property=\"og:image\" content=\"https:\/\/brasilnoticias.org\/site\/wp-content\/uploads\/2023\/08\/plenario-stf-supremo-tribunal-federal.jpeg\" \/>\n\t<meta property=\"og:image:width\" content=\"300\" \/>\n\t<meta property=\"og:image:height\" content=\"200\" \/>\n\t<meta property=\"og:image:type\" content=\"image\/jpeg\" \/>\n<meta name=\"author\" content=\"Reda\u00e7\u00e3o\" \/>\n<meta name=\"twitter:card\" content=\"summary_large_image\" \/>\n<meta name=\"twitter:label1\" content=\"Escrito por\" \/>\n\t<meta name=\"twitter:data1\" content=\"Reda\u00e7\u00e3o\" \/>\n<script type=\"application\/ld+json\" class=\"yoast-schema-graph\">{\"@context\":\"https:\/\/schema.org\",\"@graph\":[{\"@type\":\"Article\",\"@id\":\"https:\/\/brasilnoticias.org\/site\/stf-forma-maioria-para-obrigatoriedade-do-juiz-de-garantias\/#article\",\"isPartOf\":{\"@id\":\"https:\/\/brasilnoticias.org\/site\/stf-forma-maioria-para-obrigatoriedade-do-juiz-de-garantias\/\"},\"author\":{\"name\":\"Reda\u00e7\u00e3o\",\"@id\":\"https:\/\/brasilnoticias.org\/site\/#\/schema\/person\/03bbbfe6c7634ad18c26444ea39049fa\"},\"headline\":\"STF forma maioria para obrigatoriedade do juiz de garantias\",\"datePublished\":\"2023-08-19T14:00:59+00:00\",\"mainEntityOfPage\":{\"@id\":\"https:\/\/brasilnoticias.org\/site\/stf-forma-maioria-para-obrigatoriedade-do-juiz-de-garantias\/\"},\"wordCount\":1073,\"commentCount\":0,\"publisher\":{\"@id\":\"https:\/\/brasilnoticias.org\/site\/#organization\"},\"image\":{\"@id\":\"https:\/\/brasilnoticias.org\/site\/stf-forma-maioria-para-obrigatoriedade-do-juiz-de-garantias\/#primaryimage\"},\"thumbnailUrl\":\"https:\/\/brasilnoticias.org\/site\/wp-content\/uploads\/2023\/08\/plenario-stf-supremo-tribunal-federal.jpeg\",\"articleSection\":[\"Justi\u00e7a\",\"\u00daltimas\"],\"inLanguage\":\"pt-PT\",\"potentialAction\":[{\"@type\":\"CommentAction\",\"name\":\"Comment\",\"target\":[\"https:\/\/brasilnoticias.org\/site\/stf-forma-maioria-para-obrigatoriedade-do-juiz-de-garantias\/#respond\"]}]},{\"@type\":\"WebPage\",\"@id\":\"https:\/\/brasilnoticias.org\/site\/stf-forma-maioria-para-obrigatoriedade-do-juiz-de-garantias\/\",\"url\":\"https:\/\/brasilnoticias.org\/site\/stf-forma-maioria-para-obrigatoriedade-do-juiz-de-garantias\/\",\"name\":\"STF forma maioria para obrigatoriedade do juiz de garantias - Brasil not\u00edcias\",\"isPartOf\":{\"@id\":\"https:\/\/brasilnoticias.org\/site\/#website\"},\"primaryImageOfPage\":{\"@id\":\"https:\/\/brasilnoticias.org\/site\/stf-forma-maioria-para-obrigatoriedade-do-juiz-de-garantias\/#primaryimage\"},\"image\":{\"@id\":\"https:\/\/brasilnoticias.org\/site\/stf-forma-maioria-para-obrigatoriedade-do-juiz-de-garantias\/#primaryimage\"},\"thumbnailUrl\":\"https:\/\/brasilnoticias.org\/site\/wp-content\/uploads\/2023\/08\/plenario-stf-supremo-tribunal-federal.jpeg\",\"datePublished\":\"2023-08-19T14:00:59+00:00\",\"breadcrumb\":{\"@id\":\"https:\/\/brasilnoticias.org\/site\/stf-forma-maioria-para-obrigatoriedade-do-juiz-de-garantias\/#breadcrumb\"},\"inLanguage\":\"pt-PT\",\"potentialAction\":[{\"@type\":\"ReadAction\",\"target\":[\"https:\/\/brasilnoticias.org\/site\/stf-forma-maioria-para-obrigatoriedade-do-juiz-de-garantias\/\"]}]},{\"@type\":\"ImageObject\",\"inLanguage\":\"pt-PT\",\"@id\":\"https:\/\/brasilnoticias.org\/site\/stf-forma-maioria-para-obrigatoriedade-do-juiz-de-garantias\/#primaryimage\",\"url\":\"https:\/\/brasilnoticias.org\/site\/wp-content\/uploads\/2023\/08\/plenario-stf-supremo-tribunal-federal.jpeg\",\"contentUrl\":\"https:\/\/brasilnoticias.org\/site\/wp-content\/uploads\/2023\/08\/plenario-stf-supremo-tribunal-federal.jpeg\",\"width\":300,\"height\":200},{\"@type\":\"BreadcrumbList\",\"@id\":\"https:\/\/brasilnoticias.org\/site\/stf-forma-maioria-para-obrigatoriedade-do-juiz-de-garantias\/#breadcrumb\",\"itemListElement\":[{\"@type\":\"ListItem\",\"position\":1,\"name\":\"In\u00edcio\",\"item\":\"https:\/\/brasilnoticias.org\/site\/\"},{\"@type\":\"ListItem\",\"position\":2,\"name\":\"STF forma maioria para obrigatoriedade do juiz de garantias\"}]},{\"@type\":\"WebSite\",\"@id\":\"https:\/\/brasilnoticias.org\/site\/#website\",\"url\":\"https:\/\/brasilnoticias.org\/site\/\",\"name\":\"Brasil not\u00edcias\",\"description\":\"Brasil not\u00edcias\",\"publisher\":{\"@id\":\"https:\/\/brasilnoticias.org\/site\/#organization\"},\"potentialAction\":[{\"@type\":\"SearchAction\",\"target\":{\"@type\":\"EntryPoint\",\"urlTemplate\":\"https:\/\/brasilnoticias.org\/site\/?s={search_term_string}\"},\"query-input\":{\"@type\":\"PropertyValueSpecification\",\"valueRequired\":true,\"valueName\":\"search_term_string\"}}],\"inLanguage\":\"pt-PT\"},{\"@type\":\"Organization\",\"@id\":\"https:\/\/brasilnoticias.org\/site\/#organization\",\"name\":\"Brasil not\u00edcias\",\"url\":\"https:\/\/brasilnoticias.org\/site\/\",\"logo\":{\"@type\":\"ImageObject\",\"inLanguage\":\"pt-PT\",\"@id\":\"https:\/\/brasilnoticias.org\/site\/#\/schema\/logo\/image\/\",\"url\":\"https:\/\/brasilnoticias.org\/site\/wp-content\/uploads\/2022\/05\/cropped-brasilnoticias-mini.jpg\",\"contentUrl\":\"https:\/\/brasilnoticias.org\/site\/wp-content\/uploads\/2022\/05\/cropped-brasilnoticias-mini.jpg\",\"width\":314,\"height\":86,\"caption\":\"Brasil not\u00edcias\"},\"image\":{\"@id\":\"https:\/\/brasilnoticias.org\/site\/#\/schema\/logo\/image\/\"}},{\"@type\":\"Person\",\"@id\":\"https:\/\/brasilnoticias.org\/site\/#\/schema\/person\/03bbbfe6c7634ad18c26444ea39049fa\",\"name\":\"Reda\u00e7\u00e3o\",\"image\":{\"@type\":\"ImageObject\",\"inLanguage\":\"pt-PT\",\"@id\":\"https:\/\/brasilnoticias.org\/site\/#\/schema\/person\/image\/\",\"url\":\"https:\/\/secure.gravatar.com\/avatar\/9ecaf7327a696cb23ad926fedded5f1f04d7049de9e445375d55b48c001a6e42?s=96&d=mm&r=g\",\"contentUrl\":\"https:\/\/secure.gravatar.com\/avatar\/9ecaf7327a696cb23ad926fedded5f1f04d7049de9e445375d55b48c001a6e42?s=96&d=mm&r=g\",\"caption\":\"Reda\u00e7\u00e3o\"},\"url\":\"https:\/\/brasilnoticias.org\/site\/author\/henrique\/\"}]}<\/script>\n<!-- \/ Yoast SEO plugin. -->","yoast_head_json":{"title":"STF forma maioria para obrigatoriedade do juiz de garantias - Brasil not\u00edcias","robots":{"index":"index","follow":"follow","max-snippet":"max-snippet:-1","max-image-preview":"max-image-preview:large","max-video-preview":"max-video-preview:-1"},"canonical":"https:\/\/brasilnoticias.org\/site\/stf-forma-maioria-para-obrigatoriedade-do-juiz-de-garantias\/","og_locale":"pt_PT","og_type":"article","og_title":"STF forma maioria para obrigatoriedade do juiz de garantias - Brasil not\u00edcias","og_description":"Figura atuar\u00e1 s\u00f3 na fase de instru\u00e7\u00e3o do processo, sendo respons\u00e1vel por fiscalizar legalidade da investiga\u00e7\u00e3o criminal e autoriza medidas","og_url":"https:\/\/brasilnoticias.org\/site\/stf-forma-maioria-para-obrigatoriedade-do-juiz-de-garantias\/","og_site_name":"Brasil not\u00edcias","article_published_time":"2023-08-19T14:00:59+00:00","og_image":[{"width":300,"height":200,"url":"https:\/\/brasilnoticias.org\/site\/wp-content\/uploads\/2023\/08\/plenario-stf-supremo-tribunal-federal.jpeg","type":"image\/jpeg"}],"author":"Reda\u00e7\u00e3o","twitter_card":"summary_large_image","twitter_misc":{"Escrito por":"Reda\u00e7\u00e3o"},"schema":{"@context":"https:\/\/schema.org","@graph":[{"@type":"Article","@id":"https:\/\/brasilnoticias.org\/site\/stf-forma-maioria-para-obrigatoriedade-do-juiz-de-garantias\/#article","isPartOf":{"@id":"https:\/\/brasilnoticias.org\/site\/stf-forma-maioria-para-obrigatoriedade-do-juiz-de-garantias\/"},"author":{"name":"Reda\u00e7\u00e3o","@id":"https:\/\/brasilnoticias.org\/site\/#\/schema\/person\/03bbbfe6c7634ad18c26444ea39049fa"},"headline":"STF forma maioria para obrigatoriedade do juiz de garantias","datePublished":"2023-08-19T14:00:59+00:00","mainEntityOfPage":{"@id":"https:\/\/brasilnoticias.org\/site\/stf-forma-maioria-para-obrigatoriedade-do-juiz-de-garantias\/"},"wordCount":1073,"commentCount":0,"publisher":{"@id":"https:\/\/brasilnoticias.org\/site\/#organization"},"image":{"@id":"https:\/\/brasilnoticias.org\/site\/stf-forma-maioria-para-obrigatoriedade-do-juiz-de-garantias\/#primaryimage"},"thumbnailUrl":"https:\/\/brasilnoticias.org\/site\/wp-content\/uploads\/2023\/08\/plenario-stf-supremo-tribunal-federal.jpeg","articleSection":["Justi\u00e7a","\u00daltimas"],"inLanguage":"pt-PT","potentialAction":[{"@type":"CommentAction","name":"Comment","target":["https:\/\/brasilnoticias.org\/site\/stf-forma-maioria-para-obrigatoriedade-do-juiz-de-garantias\/#respond"]}]},{"@type":"WebPage","@id":"https:\/\/brasilnoticias.org\/site\/stf-forma-maioria-para-obrigatoriedade-do-juiz-de-garantias\/","url":"https:\/\/brasilnoticias.org\/site\/stf-forma-maioria-para-obrigatoriedade-do-juiz-de-garantias\/","name":"STF forma maioria para obrigatoriedade do juiz de garantias - Brasil not\u00edcias","isPartOf":{"@id":"https:\/\/brasilnoticias.org\/site\/#website"},"primaryImageOfPage":{"@id":"https:\/\/brasilnoticias.org\/site\/stf-forma-maioria-para-obrigatoriedade-do-juiz-de-garantias\/#primaryimage"},"image":{"@id":"https:\/\/brasilnoticias.org\/site\/stf-forma-maioria-para-obrigatoriedade-do-juiz-de-garantias\/#primaryimage"},"thumbnailUrl":"https:\/\/brasilnoticias.org\/site\/wp-content\/uploads\/2023\/08\/plenario-stf-supremo-tribunal-federal.jpeg","datePublished":"2023-08-19T14:00:59+00:00","breadcrumb":{"@id":"https:\/\/brasilnoticias.org\/site\/stf-forma-maioria-para-obrigatoriedade-do-juiz-de-garantias\/#breadcrumb"},"inLanguage":"pt-PT","potentialAction":[{"@type":"ReadAction","target":["https:\/\/brasilnoticias.org\/site\/stf-forma-maioria-para-obrigatoriedade-do-juiz-de-garantias\/"]}]},{"@type":"ImageObject","inLanguage":"pt-PT","@id":"https:\/\/brasilnoticias.org\/site\/stf-forma-maioria-para-obrigatoriedade-do-juiz-de-garantias\/#primaryimage","url":"https:\/\/brasilnoticias.org\/site\/wp-content\/uploads\/2023\/08\/plenario-stf-supremo-tribunal-federal.jpeg","contentUrl":"https:\/\/brasilnoticias.org\/site\/wp-content\/uploads\/2023\/08\/plenario-stf-supremo-tribunal-federal.jpeg","width":300,"height":200},{"@type":"BreadcrumbList","@id":"https:\/\/brasilnoticias.org\/site\/stf-forma-maioria-para-obrigatoriedade-do-juiz-de-garantias\/#breadcrumb","itemListElement":[{"@type":"ListItem","position":1,"name":"In\u00edcio","item":"https:\/\/brasilnoticias.org\/site\/"},{"@type":"ListItem","position":2,"name":"STF forma maioria para obrigatoriedade do juiz de garantias"}]},{"@type":"WebSite","@id":"https:\/\/brasilnoticias.org\/site\/#website","url":"https:\/\/brasilnoticias.org\/site\/","name":"Brasil not\u00edcias","description":"Brasil not\u00edcias","publisher":{"@id":"https:\/\/brasilnoticias.org\/site\/#organization"},"potentialAction":[{"@type":"SearchAction","target":{"@type":"EntryPoint","urlTemplate":"https:\/\/brasilnoticias.org\/site\/?s={search_term_string}"},"query-input":{"@type":"PropertyValueSpecification","valueRequired":true,"valueName":"search_term_string"}}],"inLanguage":"pt-PT"},{"@type":"Organization","@id":"https:\/\/brasilnoticias.org\/site\/#organization","name":"Brasil not\u00edcias","url":"https:\/\/brasilnoticias.org\/site\/","logo":{"@type":"ImageObject","inLanguage":"pt-PT","@id":"https:\/\/brasilnoticias.org\/site\/#\/schema\/logo\/image\/","url":"https:\/\/brasilnoticias.org\/site\/wp-content\/uploads\/2022\/05\/cropped-brasilnoticias-mini.jpg","contentUrl":"https:\/\/brasilnoticias.org\/site\/wp-content\/uploads\/2022\/05\/cropped-brasilnoticias-mini.jpg","width":314,"height":86,"caption":"Brasil not\u00edcias"},"image":{"@id":"https:\/\/brasilnoticias.org\/site\/#\/schema\/logo\/image\/"}},{"@type":"Person","@id":"https:\/\/brasilnoticias.org\/site\/#\/schema\/person\/03bbbfe6c7634ad18c26444ea39049fa","name":"Reda\u00e7\u00e3o","image":{"@type":"ImageObject","inLanguage":"pt-PT","@id":"https:\/\/brasilnoticias.org\/site\/#\/schema\/person\/image\/","url":"https:\/\/secure.gravatar.com\/avatar\/9ecaf7327a696cb23ad926fedded5f1f04d7049de9e445375d55b48c001a6e42?s=96&d=mm&r=g","contentUrl":"https:\/\/secure.gravatar.com\/avatar\/9ecaf7327a696cb23ad926fedded5f1f04d7049de9e445375d55b48c001a6e42?s=96&d=mm&r=g","caption":"Reda\u00e7\u00e3o"},"url":"https:\/\/brasilnoticias.org\/site\/author\/henrique\/"}]}},"_links":{"self":[{"href":"https:\/\/brasilnoticias.org\/site\/wp-json\/wp\/v2\/posts\/8429","targetHints":{"allow":["GET"]}}],"collection":[{"href":"https:\/\/brasilnoticias.org\/site\/wp-json\/wp\/v2\/posts"}],"about":[{"href":"https:\/\/brasilnoticias.org\/site\/wp-json\/wp\/v2\/types\/post"}],"author":[{"embeddable":true,"href":"https:\/\/brasilnoticias.org\/site\/wp-json\/wp\/v2\/users\/4"}],"replies":[{"embeddable":true,"href":"https:\/\/brasilnoticias.org\/site\/wp-json\/wp\/v2\/comments?post=8429"}],"version-history":[{"count":1,"href":"https:\/\/brasilnoticias.org\/site\/wp-json\/wp\/v2\/posts\/8429\/revisions"}],"predecessor-version":[{"id":8431,"href":"https:\/\/brasilnoticias.org\/site\/wp-json\/wp\/v2\/posts\/8429\/revisions\/8431"}],"wp:featuredmedia":[{"embeddable":true,"href":"https:\/\/brasilnoticias.org\/site\/wp-json\/wp\/v2\/media\/8430"}],"wp:attachment":[{"href":"https:\/\/brasilnoticias.org\/site\/wp-json\/wp\/v2\/media?parent=8429"}],"wp:term":[{"taxonomy":"category","embeddable":true,"href":"https:\/\/brasilnoticias.org\/site\/wp-json\/wp\/v2\/categories?post=8429"},{"taxonomy":"post_tag","embeddable":true,"href":"https:\/\/brasilnoticias.org\/site\/wp-json\/wp\/v2\/tags?post=8429"}],"curies":[{"name":"wp","href":"https:\/\/api.w.org\/{rel}","templated":true}]}}