{"id":844,"date":"2022-06-10T11:59:40","date_gmt":"2022-06-10T14:59:40","guid":{"rendered":"https:\/\/brasilnoticias.org\/site\/?p=844"},"modified":"2022-06-10T11:59:40","modified_gmt":"2022-06-10T14:59:40","slug":"tre-julga-improcedente-acao-do-mdb-contra-mauricio-trindade","status":"publish","type":"post","link":"https:\/\/brasilnoticias.org\/site\/tre-julga-improcedente-acao-do-mdb-contra-mauricio-trindade\/","title":{"rendered":"TRE julga improcedente a\u00e7\u00e3o do MDB contra Maur\u00edcio Trindade"},"content":{"rendered":"<p>O Tribunal Regional Eleitoral da Bahia (TRE) julgou como improced\u00eancia a\u00a0<a href=\"https:\/\/www.bnews.com.br\/noticias\/politica\/mpf-julga-procedente-pedido-para-cassar-mandato-de-mauricio-trindade-entenda.html\" target=\"_blank\" rel=\"noopener\">a\u00e7\u00e3o movida pelo MDB<\/a>, pedindo a cassa\u00e7\u00e3o do mandato do vereador Maur\u00edcio Trindade, por ter migrado para o Partido Progressista.<\/p>\n<p>Eleito em 2020 pelo partido em quest\u00e3o, o edil trocou de legenda em 2022, migrando para o Partido Progressista (PP), alegando que o MDB teria mudado sua orienta\u00e7\u00e3o pol\u00edtica, antes ligada ao antigo Democratas, atual Uni\u00e3o Brasil, para \u201ccaminhar politicamente\u201d com um grupo de \u201cposicionamento pol\u00edtico diametralmente oposto ao defendido pelo requerido nos \u00faltimos 20 anos\u201d.<\/p>\n<p>Em conversa exclusiva com o\u00a0<strong>BNews<\/strong>, Trindade disse que o resultado j\u00e1 era o esperado, diante do que prev\u00ea a justi\u00e7a eleitoral. \u201cTudo foi feito de acordo como o esperado pela Legisla\u00e7\u00e3o. O MDB mudou radicalmente de posicionamento ideol\u00f3gico. Um partido que era totalmente de direito, tornou-se completamente de esquerda. E isso foi uma decis\u00e3o monocr\u00e1tica. Eles n\u00e3o p\u00f5em exigir que os filiados acompanhem\u201d, disse.<\/p>\n<p>Sobre os planos para o futuro, Maur\u00edcio Trindade disse que seguir\u00e1 a caminhada do lado que acredita, \u201csem m\u00e1goa, sem desaforo\u201d. \u201cContinua a boa rela\u00e7\u00e3o, mas o MDB seguir\u00e1 de um lado e eu do outro\u201d, pontua.<\/p>\n<p>&nbsp;<\/p>\n<p>&nbsp;<\/p>\n<p>&nbsp;<\/p>\n<p>Bnews<\/p>\n","protected":false},"excerpt":{"rendered":"<p>O Tribunal Regional Eleitoral da Bahia (TRE) julgou como improced\u00eancia a\u00a0a\u00e7\u00e3o movida pelo MDB, pedindo a cassa\u00e7\u00e3o do mandato do<\/p>\n","protected":false},"author":2,"featured_media":845,"comment_status":"open","ping_status":"open","sticky":false,"template":"","format":"standard","meta":{"colormag_page_container_layout":"default_layout","colormag_page_sidebar_layout":"default_layout","_FSMCFIC_featured_image_caption":"","_FSMCFIC_featured_image_nocaption":"","_FSMCFIC_featured_image_hide":"","footnotes":""},"categories":[5,1],"tags":[],"class_list":["post-844","post","type-post","status-publish","format-standard","has-post-thumbnail","hentry","category-politica","category-ultimas"],"yoast_head":"<!-- This site is optimized with the Yoast SEO plugin v27.1.1 - https:\/\/yoast.com\/product\/yoast-seo-wordpress\/ -->\n<title>TRE julga improcedente a\u00e7\u00e3o do MDB contra Maur\u00edcio Trindade - Brasil not\u00edcias<\/title>\n<meta name=\"robots\" content=\"index, follow, max-snippet:-1, max-image-preview:large, max-video-preview:-1\" \/>\n<link rel=\"canonical\" href=\"https:\/\/brasilnoticias.org\/site\/tre-julga-improcedente-acao-do-mdb-contra-mauricio-trindade\/\" \/>\n<meta property=\"og:locale\" content=\"pt_PT\" \/>\n<meta property=\"og:type\" content=\"article\" \/>\n<meta property=\"og:title\" content=\"TRE julga improcedente a\u00e7\u00e3o do MDB contra Maur\u00edcio Trindade - Brasil not\u00edcias\" \/>\n<meta property=\"og:description\" content=\"O Tribunal Regional Eleitoral da Bahia (TRE) julgou como improced\u00eancia a\u00a0a\u00e7\u00e3o movida pelo MDB, pedindo a cassa\u00e7\u00e3o do mandato do\" \/>\n<meta property=\"og:url\" content=\"https:\/\/brasilnoticias.org\/site\/tre-julga-improcedente-acao-do-mdb-contra-mauricio-trindade\/\" \/>\n<meta property=\"og:site_name\" content=\"Brasil not\u00edcias\" \/>\n<meta property=\"article:published_time\" content=\"2022-06-10T14:59:40+00:00\" \/>\n<meta property=\"og:image\" content=\"https:\/\/brasilnoticias.org\/site\/wp-content\/uploads\/2022\/06\/trindade_widelg_widelg.jpg\" \/>\n\t<meta property=\"og:image:width\" content=\"800\" \/>\n\t<meta property=\"og:image:height\" content=\"450\" \/>\n\t<meta property=\"og:image:type\" content=\"image\/jpeg\" \/>\n<meta name=\"author\" content=\"Reda\u00e7\u00e3o\" \/>\n<meta name=\"twitter:card\" content=\"summary_large_image\" \/>\n<meta name=\"twitter:label1\" content=\"Escrito por\" \/>\n\t<meta name=\"twitter:data1\" content=\"Reda\u00e7\u00e3o\" \/>\n\t<meta name=\"twitter:label2\" content=\"Tempo estimado de leitura\" \/>\n\t<meta name=\"twitter:data2\" content=\"1 minuto\" \/>\n<script type=\"application\/ld+json\" class=\"yoast-schema-graph\">{\"@context\":\"https:\/\/schema.org\",\"@graph\":[{\"@type\":\"Article\",\"@id\":\"https:\/\/brasilnoticias.org\/site\/tre-julga-improcedente-acao-do-mdb-contra-mauricio-trindade\/#article\",\"isPartOf\":{\"@id\":\"https:\/\/brasilnoticias.org\/site\/tre-julga-improcedente-acao-do-mdb-contra-mauricio-trindade\/\"},\"author\":{\"name\":\"Reda\u00e7\u00e3o\",\"@id\":\"https:\/\/brasilnoticias.org\/site\/#\/schema\/person\/f609fa847b5314f1c8b983342f34c798\"},\"headline\":\"TRE julga improcedente a\u00e7\u00e3o do MDB contra Maur\u00edcio Trindade\",\"datePublished\":\"2022-06-10T14:59:40+00:00\",\"mainEntityOfPage\":{\"@id\":\"https:\/\/brasilnoticias.org\/site\/tre-julga-improcedente-acao-do-mdb-contra-mauricio-trindade\/\"},\"wordCount\":220,\"commentCount\":0,\"publisher\":{\"@id\":\"https:\/\/brasilnoticias.org\/site\/#organization\"},\"image\":{\"@id\":\"https:\/\/brasilnoticias.org\/site\/tre-julga-improcedente-acao-do-mdb-contra-mauricio-trindade\/#primaryimage\"},\"thumbnailUrl\":\"https:\/\/brasilnoticias.org\/site\/wp-content\/uploads\/2022\/06\/trindade_widelg_widelg.jpg\",\"articleSection\":[\"Pol\u00edtica\",\"\u00daltimas\"],\"inLanguage\":\"pt-PT\",\"potentialAction\":[{\"@type\":\"CommentAction\",\"name\":\"Comment\",\"target\":[\"https:\/\/brasilnoticias.org\/site\/tre-julga-improcedente-acao-do-mdb-contra-mauricio-trindade\/#respond\"]}]},{\"@type\":\"WebPage\",\"@id\":\"https:\/\/brasilnoticias.org\/site\/tre-julga-improcedente-acao-do-mdb-contra-mauricio-trindade\/\",\"url\":\"https:\/\/brasilnoticias.org\/site\/tre-julga-improcedente-acao-do-mdb-contra-mauricio-trindade\/\",\"name\":\"TRE julga improcedente a\u00e7\u00e3o do MDB contra Maur\u00edcio Trindade - Brasil not\u00edcias\",\"isPartOf\":{\"@id\":\"https:\/\/brasilnoticias.org\/site\/#website\"},\"primaryImageOfPage\":{\"@id\":\"https:\/\/brasilnoticias.org\/site\/tre-julga-improcedente-acao-do-mdb-contra-mauricio-trindade\/#primaryimage\"},\"image\":{\"@id\":\"https:\/\/brasilnoticias.org\/site\/tre-julga-improcedente-acao-do-mdb-contra-mauricio-trindade\/#primaryimage\"},\"thumbnailUrl\":\"https:\/\/brasilnoticias.org\/site\/wp-content\/uploads\/2022\/06\/trindade_widelg_widelg.jpg\",\"datePublished\":\"2022-06-10T14:59:40+00:00\",\"breadcrumb\":{\"@id\":\"https:\/\/brasilnoticias.org\/site\/tre-julga-improcedente-acao-do-mdb-contra-mauricio-trindade\/#breadcrumb\"},\"inLanguage\":\"pt-PT\",\"potentialAction\":[{\"@type\":\"ReadAction\",\"target\":[\"https:\/\/brasilnoticias.org\/site\/tre-julga-improcedente-acao-do-mdb-contra-mauricio-trindade\/\"]}]},{\"@type\":\"ImageObject\",\"inLanguage\":\"pt-PT\",\"@id\":\"https:\/\/brasilnoticias.org\/site\/tre-julga-improcedente-acao-do-mdb-contra-mauricio-trindade\/#primaryimage\",\"url\":\"https:\/\/brasilnoticias.org\/site\/wp-content\/uploads\/2022\/06\/trindade_widelg_widelg.jpg\",\"contentUrl\":\"https:\/\/brasilnoticias.org\/site\/wp-content\/uploads\/2022\/06\/trindade_widelg_widelg.jpg\",\"width\":800,\"height\":450},{\"@type\":\"BreadcrumbList\",\"@id\":\"https:\/\/brasilnoticias.org\/site\/tre-julga-improcedente-acao-do-mdb-contra-mauricio-trindade\/#breadcrumb\",\"itemListElement\":[{\"@type\":\"ListItem\",\"position\":1,\"name\":\"In\u00edcio\",\"item\":\"https:\/\/brasilnoticias.org\/site\/\"},{\"@type\":\"ListItem\",\"position\":2,\"name\":\"TRE julga improcedente a\u00e7\u00e3o do MDB contra Maur\u00edcio Trindade\"}]},{\"@type\":\"WebSite\",\"@id\":\"https:\/\/brasilnoticias.org\/site\/#website\",\"url\":\"https:\/\/brasilnoticias.org\/site\/\",\"name\":\"Brasil not\u00edcias\",\"description\":\"Brasil not\u00edcias\",\"publisher\":{\"@id\":\"https:\/\/brasilnoticias.org\/site\/#organization\"},\"potentialAction\":[{\"@type\":\"SearchAction\",\"target\":{\"@type\":\"EntryPoint\",\"urlTemplate\":\"https:\/\/brasilnoticias.org\/site\/?s={search_term_string}\"},\"query-input\":{\"@type\":\"PropertyValueSpecification\",\"valueRequired\":true,\"valueName\":\"search_term_string\"}}],\"inLanguage\":\"pt-PT\"},{\"@type\":\"Organization\",\"@id\":\"https:\/\/brasilnoticias.org\/site\/#organization\",\"name\":\"Brasil not\u00edcias\",\"url\":\"https:\/\/brasilnoticias.org\/site\/\",\"logo\":{\"@type\":\"ImageObject\",\"inLanguage\":\"pt-PT\",\"@id\":\"https:\/\/brasilnoticias.org\/site\/#\/schema\/logo\/image\/\",\"url\":\"https:\/\/brasilnoticias.org\/site\/wp-content\/uploads\/2022\/05\/cropped-brasilnoticias-mini.jpg\",\"contentUrl\":\"https:\/\/brasilnoticias.org\/site\/wp-content\/uploads\/2022\/05\/cropped-brasilnoticias-mini.jpg\",\"width\":314,\"height\":86,\"caption\":\"Brasil not\u00edcias\"},\"image\":{\"@id\":\"https:\/\/brasilnoticias.org\/site\/#\/schema\/logo\/image\/\"}},{\"@type\":\"Person\",\"@id\":\"https:\/\/brasilnoticias.org\/site\/#\/schema\/person\/f609fa847b5314f1c8b983342f34c798\",\"name\":\"Reda\u00e7\u00e3o\",\"image\":{\"@type\":\"ImageObject\",\"inLanguage\":\"pt-PT\",\"@id\":\"https:\/\/brasilnoticias.org\/site\/#\/schema\/person\/image\/\",\"url\":\"https:\/\/secure.gravatar.com\/avatar\/447284c06c1ad8b46465a36de9cd0d8326b73387a22799b8b1ffb1fbcff2ed0c?s=96&d=mm&r=g\",\"contentUrl\":\"https:\/\/secure.gravatar.com\/avatar\/447284c06c1ad8b46465a36de9cd0d8326b73387a22799b8b1ffb1fbcff2ed0c?s=96&d=mm&r=g\",\"caption\":\"Reda\u00e7\u00e3o\"},\"url\":\"https:\/\/brasilnoticias.org\/site\/author\/redacao\/\"}]}<\/script>\n<!-- \/ Yoast SEO plugin. -->","yoast_head_json":{"title":"TRE julga improcedente a\u00e7\u00e3o do MDB contra Maur\u00edcio Trindade - Brasil not\u00edcias","robots":{"index":"index","follow":"follow","max-snippet":"max-snippet:-1","max-image-preview":"max-image-preview:large","max-video-preview":"max-video-preview:-1"},"canonical":"https:\/\/brasilnoticias.org\/site\/tre-julga-improcedente-acao-do-mdb-contra-mauricio-trindade\/","og_locale":"pt_PT","og_type":"article","og_title":"TRE julga improcedente a\u00e7\u00e3o do MDB contra Maur\u00edcio Trindade - Brasil not\u00edcias","og_description":"O Tribunal Regional Eleitoral da Bahia (TRE) julgou como improced\u00eancia a\u00a0a\u00e7\u00e3o movida pelo MDB, pedindo a cassa\u00e7\u00e3o do mandato do","og_url":"https:\/\/brasilnoticias.org\/site\/tre-julga-improcedente-acao-do-mdb-contra-mauricio-trindade\/","og_site_name":"Brasil not\u00edcias","article_published_time":"2022-06-10T14:59:40+00:00","og_image":[{"width":800,"height":450,"url":"https:\/\/brasilnoticias.org\/site\/wp-content\/uploads\/2022\/06\/trindade_widelg_widelg.jpg","type":"image\/jpeg"}],"author":"Reda\u00e7\u00e3o","twitter_card":"summary_large_image","twitter_misc":{"Escrito por":"Reda\u00e7\u00e3o","Tempo estimado de leitura":"1 minuto"},"schema":{"@context":"https:\/\/schema.org","@graph":[{"@type":"Article","@id":"https:\/\/brasilnoticias.org\/site\/tre-julga-improcedente-acao-do-mdb-contra-mauricio-trindade\/#article","isPartOf":{"@id":"https:\/\/brasilnoticias.org\/site\/tre-julga-improcedente-acao-do-mdb-contra-mauricio-trindade\/"},"author":{"name":"Reda\u00e7\u00e3o","@id":"https:\/\/brasilnoticias.org\/site\/#\/schema\/person\/f609fa847b5314f1c8b983342f34c798"},"headline":"TRE julga improcedente a\u00e7\u00e3o do MDB contra Maur\u00edcio Trindade","datePublished":"2022-06-10T14:59:40+00:00","mainEntityOfPage":{"@id":"https:\/\/brasilnoticias.org\/site\/tre-julga-improcedente-acao-do-mdb-contra-mauricio-trindade\/"},"wordCount":220,"commentCount":0,"publisher":{"@id":"https:\/\/brasilnoticias.org\/site\/#organization"},"image":{"@id":"https:\/\/brasilnoticias.org\/site\/tre-julga-improcedente-acao-do-mdb-contra-mauricio-trindade\/#primaryimage"},"thumbnailUrl":"https:\/\/brasilnoticias.org\/site\/wp-content\/uploads\/2022\/06\/trindade_widelg_widelg.jpg","articleSection":["Pol\u00edtica","\u00daltimas"],"inLanguage":"pt-PT","potentialAction":[{"@type":"CommentAction","name":"Comment","target":["https:\/\/brasilnoticias.org\/site\/tre-julga-improcedente-acao-do-mdb-contra-mauricio-trindade\/#respond"]}]},{"@type":"WebPage","@id":"https:\/\/brasilnoticias.org\/site\/tre-julga-improcedente-acao-do-mdb-contra-mauricio-trindade\/","url":"https:\/\/brasilnoticias.org\/site\/tre-julga-improcedente-acao-do-mdb-contra-mauricio-trindade\/","name":"TRE julga improcedente a\u00e7\u00e3o do MDB contra Maur\u00edcio Trindade - Brasil not\u00edcias","isPartOf":{"@id":"https:\/\/brasilnoticias.org\/site\/#website"},"primaryImageOfPage":{"@id":"https:\/\/brasilnoticias.org\/site\/tre-julga-improcedente-acao-do-mdb-contra-mauricio-trindade\/#primaryimage"},"image":{"@id":"https:\/\/brasilnoticias.org\/site\/tre-julga-improcedente-acao-do-mdb-contra-mauricio-trindade\/#primaryimage"},"thumbnailUrl":"https:\/\/brasilnoticias.org\/site\/wp-content\/uploads\/2022\/06\/trindade_widelg_widelg.jpg","datePublished":"2022-06-10T14:59:40+00:00","breadcrumb":{"@id":"https:\/\/brasilnoticias.org\/site\/tre-julga-improcedente-acao-do-mdb-contra-mauricio-trindade\/#breadcrumb"},"inLanguage":"pt-PT","potentialAction":[{"@type":"ReadAction","target":["https:\/\/brasilnoticias.org\/site\/tre-julga-improcedente-acao-do-mdb-contra-mauricio-trindade\/"]}]},{"@type":"ImageObject","inLanguage":"pt-PT","@id":"https:\/\/brasilnoticias.org\/site\/tre-julga-improcedente-acao-do-mdb-contra-mauricio-trindade\/#primaryimage","url":"https:\/\/brasilnoticias.org\/site\/wp-content\/uploads\/2022\/06\/trindade_widelg_widelg.jpg","contentUrl":"https:\/\/brasilnoticias.org\/site\/wp-content\/uploads\/2022\/06\/trindade_widelg_widelg.jpg","width":800,"height":450},{"@type":"BreadcrumbList","@id":"https:\/\/brasilnoticias.org\/site\/tre-julga-improcedente-acao-do-mdb-contra-mauricio-trindade\/#breadcrumb","itemListElement":[{"@type":"ListItem","position":1,"name":"In\u00edcio","item":"https:\/\/brasilnoticias.org\/site\/"},{"@type":"ListItem","position":2,"name":"TRE julga improcedente a\u00e7\u00e3o do MDB contra Maur\u00edcio Trindade"}]},{"@type":"WebSite","@id":"https:\/\/brasilnoticias.org\/site\/#website","url":"https:\/\/brasilnoticias.org\/site\/","name":"Brasil not\u00edcias","description":"Brasil not\u00edcias","publisher":{"@id":"https:\/\/brasilnoticias.org\/site\/#organization"},"potentialAction":[{"@type":"SearchAction","target":{"@type":"EntryPoint","urlTemplate":"https:\/\/brasilnoticias.org\/site\/?s={search_term_string}"},"query-input":{"@type":"PropertyValueSpecification","valueRequired":true,"valueName":"search_term_string"}}],"inLanguage":"pt-PT"},{"@type":"Organization","@id":"https:\/\/brasilnoticias.org\/site\/#organization","name":"Brasil not\u00edcias","url":"https:\/\/brasilnoticias.org\/site\/","logo":{"@type":"ImageObject","inLanguage":"pt-PT","@id":"https:\/\/brasilnoticias.org\/site\/#\/schema\/logo\/image\/","url":"https:\/\/brasilnoticias.org\/site\/wp-content\/uploads\/2022\/05\/cropped-brasilnoticias-mini.jpg","contentUrl":"https:\/\/brasilnoticias.org\/site\/wp-content\/uploads\/2022\/05\/cropped-brasilnoticias-mini.jpg","width":314,"height":86,"caption":"Brasil not\u00edcias"},"image":{"@id":"https:\/\/brasilnoticias.org\/site\/#\/schema\/logo\/image\/"}},{"@type":"Person","@id":"https:\/\/brasilnoticias.org\/site\/#\/schema\/person\/f609fa847b5314f1c8b983342f34c798","name":"Reda\u00e7\u00e3o","image":{"@type":"ImageObject","inLanguage":"pt-PT","@id":"https:\/\/brasilnoticias.org\/site\/#\/schema\/person\/image\/","url":"https:\/\/secure.gravatar.com\/avatar\/447284c06c1ad8b46465a36de9cd0d8326b73387a22799b8b1ffb1fbcff2ed0c?s=96&d=mm&r=g","contentUrl":"https:\/\/secure.gravatar.com\/avatar\/447284c06c1ad8b46465a36de9cd0d8326b73387a22799b8b1ffb1fbcff2ed0c?s=96&d=mm&r=g","caption":"Reda\u00e7\u00e3o"},"url":"https:\/\/brasilnoticias.org\/site\/author\/redacao\/"}]}},"_links":{"self":[{"href":"https:\/\/brasilnoticias.org\/site\/wp-json\/wp\/v2\/posts\/844","targetHints":{"allow":["GET"]}}],"collection":[{"href":"https:\/\/brasilnoticias.org\/site\/wp-json\/wp\/v2\/posts"}],"about":[{"href":"https:\/\/brasilnoticias.org\/site\/wp-json\/wp\/v2\/types\/post"}],"author":[{"embeddable":true,"href":"https:\/\/brasilnoticias.org\/site\/wp-json\/wp\/v2\/users\/2"}],"replies":[{"embeddable":true,"href":"https:\/\/brasilnoticias.org\/site\/wp-json\/wp\/v2\/comments?post=844"}],"version-history":[{"count":1,"href":"https:\/\/brasilnoticias.org\/site\/wp-json\/wp\/v2\/posts\/844\/revisions"}],"predecessor-version":[{"id":846,"href":"https:\/\/brasilnoticias.org\/site\/wp-json\/wp\/v2\/posts\/844\/revisions\/846"}],"wp:featuredmedia":[{"embeddable":true,"href":"https:\/\/brasilnoticias.org\/site\/wp-json\/wp\/v2\/media\/845"}],"wp:attachment":[{"href":"https:\/\/brasilnoticias.org\/site\/wp-json\/wp\/v2\/media?parent=844"}],"wp:term":[{"taxonomy":"category","embeddable":true,"href":"https:\/\/brasilnoticias.org\/site\/wp-json\/wp\/v2\/categories?post=844"},{"taxonomy":"post_tag","embeddable":true,"href":"https:\/\/brasilnoticias.org\/site\/wp-json\/wp\/v2\/tags?post=844"}],"curies":[{"name":"wp","href":"https:\/\/api.w.org\/{rel}","templated":true}]}}