{"id":8472,"date":"2023-08-20T18:27:31","date_gmt":"2023-08-20T21:27:31","guid":{"rendered":"https:\/\/brasilnoticias.org\/site\/?p=8472"},"modified":"2023-08-20T18:27:31","modified_gmt":"2023-08-20T21:27:31","slug":"onibus-que-capotou-com-torcedores-do-corinthians-estava-irregular-diz-antt-acidente-deixou-sete-mortos","status":"publish","type":"post","link":"https:\/\/brasilnoticias.org\/site\/onibus-que-capotou-com-torcedores-do-corinthians-estava-irregular-diz-antt-acidente-deixou-sete-mortos\/","title":{"rendered":"\u00d4nibus que capotou com torcedores do Corinthians estava irregular, diz ANTT; acidente deixou sete mortos"},"content":{"rendered":"<p>Conforme a Ag\u00eancia, o ve\u00edculo &#8220;n\u00e3o possui registro nem autoriza\u00e7\u00e3o para realizar o transporte interestadual de passageiros&#8221;<\/p>\n<p>A Ag\u00eancia Nacional de Transportes Terrestres (ANTT) divulgou, por meio de nota, que o \u00f4nibus que transportava torcedores do Corinthians e se envolveu em um acidente que vitimou sete pessoas, &#8220;n\u00e3o possui registro nem autoriza\u00e7\u00e3o para realizar o transporte interestadual de passageiros&#8221;. <\/p>\n<p>A viagem, que de acordo com a ANTT era irregular, foi realizada na madrugada deste domingo (20). O ve\u00edculo seguia para Taubat\u00e9 (SP) e capotou no KM 520 da rodovia Fern\u00e3o Dias, em Igarap\u00e9, na Grande Belo Horizonte.<\/p>\n<p>Inicialmente, a Pol\u00edcia Civil informou que oito pessoas tinham morrido, mas a informa\u00e7\u00e3o foi corrigida e o n\u00famero de v\u00edtimas caiu para sete. Ainda segundo a corpora\u00e7\u00e3o, 36 pessoas ficaram feridas. 27 delas precisaram de atendimento m\u00e9dico e foram encaminhadas a hospitais da regi\u00e3o. <\/p>\n<p>O \u00f4nibus havia deixado a capital mineira ap\u00f3s uma partida do time paulista contra o Cruzeiro. Segundo o Corpo de Bombeiros, torcedores que estavam no ve\u00edculo afirmaram que o motorista gritou que o \u00f4nibus estava sem freios. O \u00f4nibus foi contratado por uma subsede da Gavi\u00f5es da Fiel do Vale do Para\u00edba, em S\u00e3o Paulo, e levava torcedores de S\u00e3o Jos\u00e9 dos Campos, Jacare\u00ed, Ca\u00e7apava, Taubat\u00e9 e Pindamonhangaba.<\/p>\n<p>Foto: Corpo de Bombeiros MG\/Divulga\u00e7\u00e3o<br \/>\nPor: Metro1<\/p>\n","protected":false},"excerpt":{"rendered":"<p>Conforme a Ag\u00eancia, o ve\u00edculo &#8220;n\u00e3o possui registro nem autoriza\u00e7\u00e3o para realizar o transporte interestadual de passageiros&#8221; A Ag\u00eancia Nacional<\/p>\n","protected":false},"author":4,"featured_media":8473,"comment_status":"open","ping_status":"open","sticky":false,"template":"","format":"standard","meta":{"colormag_page_container_layout":"default_layout","colormag_page_sidebar_layout":"default_layout","_FSMCFIC_featured_image_caption":"","_FSMCFIC_featured_image_nocaption":"","_FSMCFIC_featured_image_hide":"","footnotes":""},"categories":[2,1],"tags":[],"class_list":["post-8472","post","type-post","status-publish","format-standard","has-post-thumbnail","hentry","category-noticias","category-ultimas"],"yoast_head":"<!-- This site is optimized with the Yoast SEO plugin v27.1.1 - https:\/\/yoast.com\/product\/yoast-seo-wordpress\/ -->\n<title>\u00d4nibus que capotou com torcedores do Corinthians estava irregular, diz ANTT; acidente deixou sete mortos - Brasil not\u00edcias<\/title>\n<meta name=\"robots\" content=\"index, follow, max-snippet:-1, max-image-preview:large, max-video-preview:-1\" \/>\n<link rel=\"canonical\" href=\"https:\/\/brasilnoticias.org\/site\/onibus-que-capotou-com-torcedores-do-corinthians-estava-irregular-diz-antt-acidente-deixou-sete-mortos\/\" \/>\n<meta property=\"og:locale\" content=\"pt_PT\" \/>\n<meta property=\"og:type\" content=\"article\" \/>\n<meta property=\"og:title\" content=\"\u00d4nibus que capotou com torcedores do Corinthians estava irregular, diz ANTT; acidente deixou sete mortos - Brasil not\u00edcias\" \/>\n<meta property=\"og:description\" content=\"Conforme a Ag\u00eancia, o ve\u00edculo &#8220;n\u00e3o possui registro nem autoriza\u00e7\u00e3o para realizar o transporte interestadual de passageiros&#8221; A Ag\u00eancia Nacional\" \/>\n<meta property=\"og:url\" content=\"https:\/\/brasilnoticias.org\/site\/onibus-que-capotou-com-torcedores-do-corinthians-estava-irregular-diz-antt-acidente-deixou-sete-mortos\/\" \/>\n<meta property=\"og:site_name\" content=\"Brasil not\u00edcias\" \/>\n<meta property=\"article:published_time\" content=\"2023-08-20T21:27:31+00:00\" \/>\n<meta property=\"og:image\" content=\"https:\/\/brasilnoticias.org\/site\/wp-content\/uploads\/2023\/08\/140065onibus-que-capotou-com-torcedores-do-corinthians-estava-irregular-diz-antt-acidente-deixou-sete-mortos-3.jpg\" \/>\n\t<meta property=\"og:image:width\" content=\"1600\" \/>\n\t<meta property=\"og:image:height\" content=\"752\" \/>\n\t<meta property=\"og:image:type\" content=\"image\/jpeg\" \/>\n<meta name=\"author\" content=\"Reda\u00e7\u00e3o\" \/>\n<meta name=\"twitter:card\" content=\"summary_large_image\" \/>\n<meta name=\"twitter:label1\" content=\"Escrito por\" \/>\n\t<meta name=\"twitter:data1\" content=\"Reda\u00e7\u00e3o\" \/>\n<script type=\"application\/ld+json\" class=\"yoast-schema-graph\">{\"@context\":\"https:\/\/schema.org\",\"@graph\":[{\"@type\":\"Article\",\"@id\":\"https:\/\/brasilnoticias.org\/site\/onibus-que-capotou-com-torcedores-do-corinthians-estava-irregular-diz-antt-acidente-deixou-sete-mortos\/#article\",\"isPartOf\":{\"@id\":\"https:\/\/brasilnoticias.org\/site\/onibus-que-capotou-com-torcedores-do-corinthians-estava-irregular-diz-antt-acidente-deixou-sete-mortos\/\"},\"author\":{\"name\":\"Reda\u00e7\u00e3o\",\"@id\":\"https:\/\/brasilnoticias.org\/site\/#\/schema\/person\/03bbbfe6c7634ad18c26444ea39049fa\"},\"headline\":\"\u00d4nibus que capotou com torcedores do Corinthians estava irregular, diz ANTT; acidente deixou sete mortos\",\"datePublished\":\"2023-08-20T21:27:31+00:00\",\"mainEntityOfPage\":{\"@id\":\"https:\/\/brasilnoticias.org\/site\/onibus-que-capotou-com-torcedores-do-corinthians-estava-irregular-diz-antt-acidente-deixou-sete-mortos\/\"},\"wordCount\":252,\"commentCount\":0,\"publisher\":{\"@id\":\"https:\/\/brasilnoticias.org\/site\/#organization\"},\"image\":{\"@id\":\"https:\/\/brasilnoticias.org\/site\/onibus-que-capotou-com-torcedores-do-corinthians-estava-irregular-diz-antt-acidente-deixou-sete-mortos\/#primaryimage\"},\"thumbnailUrl\":\"https:\/\/brasilnoticias.org\/site\/wp-content\/uploads\/2023\/08\/140065onibus-que-capotou-com-torcedores-do-corinthians-estava-irregular-diz-antt-acidente-deixou-sete-mortos-3.jpg\",\"articleSection\":[\"Not\u00edcias\",\"\u00daltimas\"],\"inLanguage\":\"pt-PT\",\"potentialAction\":[{\"@type\":\"CommentAction\",\"name\":\"Comment\",\"target\":[\"https:\/\/brasilnoticias.org\/site\/onibus-que-capotou-com-torcedores-do-corinthians-estava-irregular-diz-antt-acidente-deixou-sete-mortos\/#respond\"]}]},{\"@type\":\"WebPage\",\"@id\":\"https:\/\/brasilnoticias.org\/site\/onibus-que-capotou-com-torcedores-do-corinthians-estava-irregular-diz-antt-acidente-deixou-sete-mortos\/\",\"url\":\"https:\/\/brasilnoticias.org\/site\/onibus-que-capotou-com-torcedores-do-corinthians-estava-irregular-diz-antt-acidente-deixou-sete-mortos\/\",\"name\":\"\u00d4nibus que capotou com torcedores do Corinthians estava irregular, diz ANTT; acidente deixou sete mortos - Brasil not\u00edcias\",\"isPartOf\":{\"@id\":\"https:\/\/brasilnoticias.org\/site\/#website\"},\"primaryImageOfPage\":{\"@id\":\"https:\/\/brasilnoticias.org\/site\/onibus-que-capotou-com-torcedores-do-corinthians-estava-irregular-diz-antt-acidente-deixou-sete-mortos\/#primaryimage\"},\"image\":{\"@id\":\"https:\/\/brasilnoticias.org\/site\/onibus-que-capotou-com-torcedores-do-corinthians-estava-irregular-diz-antt-acidente-deixou-sete-mortos\/#primaryimage\"},\"thumbnailUrl\":\"https:\/\/brasilnoticias.org\/site\/wp-content\/uploads\/2023\/08\/140065onibus-que-capotou-com-torcedores-do-corinthians-estava-irregular-diz-antt-acidente-deixou-sete-mortos-3.jpg\",\"datePublished\":\"2023-08-20T21:27:31+00:00\",\"breadcrumb\":{\"@id\":\"https:\/\/brasilnoticias.org\/site\/onibus-que-capotou-com-torcedores-do-corinthians-estava-irregular-diz-antt-acidente-deixou-sete-mortos\/#breadcrumb\"},\"inLanguage\":\"pt-PT\",\"potentialAction\":[{\"@type\":\"ReadAction\",\"target\":[\"https:\/\/brasilnoticias.org\/site\/onibus-que-capotou-com-torcedores-do-corinthians-estava-irregular-diz-antt-acidente-deixou-sete-mortos\/\"]}]},{\"@type\":\"ImageObject\",\"inLanguage\":\"pt-PT\",\"@id\":\"https:\/\/brasilnoticias.org\/site\/onibus-que-capotou-com-torcedores-do-corinthians-estava-irregular-diz-antt-acidente-deixou-sete-mortos\/#primaryimage\",\"url\":\"https:\/\/brasilnoticias.org\/site\/wp-content\/uploads\/2023\/08\/140065onibus-que-capotou-com-torcedores-do-corinthians-estava-irregular-diz-antt-acidente-deixou-sete-mortos-3.jpg\",\"contentUrl\":\"https:\/\/brasilnoticias.org\/site\/wp-content\/uploads\/2023\/08\/140065onibus-que-capotou-com-torcedores-do-corinthians-estava-irregular-diz-antt-acidente-deixou-sete-mortos-3.jpg\",\"width\":1600,\"height\":752},{\"@type\":\"BreadcrumbList\",\"@id\":\"https:\/\/brasilnoticias.org\/site\/onibus-que-capotou-com-torcedores-do-corinthians-estava-irregular-diz-antt-acidente-deixou-sete-mortos\/#breadcrumb\",\"itemListElement\":[{\"@type\":\"ListItem\",\"position\":1,\"name\":\"In\u00edcio\",\"item\":\"https:\/\/brasilnoticias.org\/site\/\"},{\"@type\":\"ListItem\",\"position\":2,\"name\":\"\u00d4nibus que capotou com torcedores do Corinthians estava irregular, diz ANTT; acidente deixou sete mortos\"}]},{\"@type\":\"WebSite\",\"@id\":\"https:\/\/brasilnoticias.org\/site\/#website\",\"url\":\"https:\/\/brasilnoticias.org\/site\/\",\"name\":\"Brasil not\u00edcias\",\"description\":\"Brasil not\u00edcias\",\"publisher\":{\"@id\":\"https:\/\/brasilnoticias.org\/site\/#organization\"},\"potentialAction\":[{\"@type\":\"SearchAction\",\"target\":{\"@type\":\"EntryPoint\",\"urlTemplate\":\"https:\/\/brasilnoticias.org\/site\/?s={search_term_string}\"},\"query-input\":{\"@type\":\"PropertyValueSpecification\",\"valueRequired\":true,\"valueName\":\"search_term_string\"}}],\"inLanguage\":\"pt-PT\"},{\"@type\":\"Organization\",\"@id\":\"https:\/\/brasilnoticias.org\/site\/#organization\",\"name\":\"Brasil not\u00edcias\",\"url\":\"https:\/\/brasilnoticias.org\/site\/\",\"logo\":{\"@type\":\"ImageObject\",\"inLanguage\":\"pt-PT\",\"@id\":\"https:\/\/brasilnoticias.org\/site\/#\/schema\/logo\/image\/\",\"url\":\"https:\/\/brasilnoticias.org\/site\/wp-content\/uploads\/2022\/05\/cropped-brasilnoticias-mini.jpg\",\"contentUrl\":\"https:\/\/brasilnoticias.org\/site\/wp-content\/uploads\/2022\/05\/cropped-brasilnoticias-mini.jpg\",\"width\":314,\"height\":86,\"caption\":\"Brasil not\u00edcias\"},\"image\":{\"@id\":\"https:\/\/brasilnoticias.org\/site\/#\/schema\/logo\/image\/\"}},{\"@type\":\"Person\",\"@id\":\"https:\/\/brasilnoticias.org\/site\/#\/schema\/person\/03bbbfe6c7634ad18c26444ea39049fa\",\"name\":\"Reda\u00e7\u00e3o\",\"image\":{\"@type\":\"ImageObject\",\"inLanguage\":\"pt-PT\",\"@id\":\"https:\/\/brasilnoticias.org\/site\/#\/schema\/person\/image\/\",\"url\":\"https:\/\/secure.gravatar.com\/avatar\/9ecaf7327a696cb23ad926fedded5f1f04d7049de9e445375d55b48c001a6e42?s=96&d=mm&r=g\",\"contentUrl\":\"https:\/\/secure.gravatar.com\/avatar\/9ecaf7327a696cb23ad926fedded5f1f04d7049de9e445375d55b48c001a6e42?s=96&d=mm&r=g\",\"caption\":\"Reda\u00e7\u00e3o\"},\"url\":\"https:\/\/brasilnoticias.org\/site\/author\/henrique\/\"}]}<\/script>\n<!-- \/ Yoast SEO plugin. -->","yoast_head_json":{"title":"\u00d4nibus que capotou com torcedores do Corinthians estava irregular, diz ANTT; acidente deixou sete mortos - Brasil not\u00edcias","robots":{"index":"index","follow":"follow","max-snippet":"max-snippet:-1","max-image-preview":"max-image-preview:large","max-video-preview":"max-video-preview:-1"},"canonical":"https:\/\/brasilnoticias.org\/site\/onibus-que-capotou-com-torcedores-do-corinthians-estava-irregular-diz-antt-acidente-deixou-sete-mortos\/","og_locale":"pt_PT","og_type":"article","og_title":"\u00d4nibus que capotou com torcedores do Corinthians estava irregular, diz ANTT; acidente deixou sete mortos - Brasil not\u00edcias","og_description":"Conforme a Ag\u00eancia, o ve\u00edculo &#8220;n\u00e3o possui registro nem autoriza\u00e7\u00e3o para realizar o transporte interestadual de passageiros&#8221; A Ag\u00eancia Nacional","og_url":"https:\/\/brasilnoticias.org\/site\/onibus-que-capotou-com-torcedores-do-corinthians-estava-irregular-diz-antt-acidente-deixou-sete-mortos\/","og_site_name":"Brasil not\u00edcias","article_published_time":"2023-08-20T21:27:31+00:00","og_image":[{"width":1600,"height":752,"url":"https:\/\/brasilnoticias.org\/site\/wp-content\/uploads\/2023\/08\/140065onibus-que-capotou-com-torcedores-do-corinthians-estava-irregular-diz-antt-acidente-deixou-sete-mortos-3.jpg","type":"image\/jpeg"}],"author":"Reda\u00e7\u00e3o","twitter_card":"summary_large_image","twitter_misc":{"Escrito por":"Reda\u00e7\u00e3o"},"schema":{"@context":"https:\/\/schema.org","@graph":[{"@type":"Article","@id":"https:\/\/brasilnoticias.org\/site\/onibus-que-capotou-com-torcedores-do-corinthians-estava-irregular-diz-antt-acidente-deixou-sete-mortos\/#article","isPartOf":{"@id":"https:\/\/brasilnoticias.org\/site\/onibus-que-capotou-com-torcedores-do-corinthians-estava-irregular-diz-antt-acidente-deixou-sete-mortos\/"},"author":{"name":"Reda\u00e7\u00e3o","@id":"https:\/\/brasilnoticias.org\/site\/#\/schema\/person\/03bbbfe6c7634ad18c26444ea39049fa"},"headline":"\u00d4nibus que capotou com torcedores do Corinthians estava irregular, diz ANTT; acidente deixou sete mortos","datePublished":"2023-08-20T21:27:31+00:00","mainEntityOfPage":{"@id":"https:\/\/brasilnoticias.org\/site\/onibus-que-capotou-com-torcedores-do-corinthians-estava-irregular-diz-antt-acidente-deixou-sete-mortos\/"},"wordCount":252,"commentCount":0,"publisher":{"@id":"https:\/\/brasilnoticias.org\/site\/#organization"},"image":{"@id":"https:\/\/brasilnoticias.org\/site\/onibus-que-capotou-com-torcedores-do-corinthians-estava-irregular-diz-antt-acidente-deixou-sete-mortos\/#primaryimage"},"thumbnailUrl":"https:\/\/brasilnoticias.org\/site\/wp-content\/uploads\/2023\/08\/140065onibus-que-capotou-com-torcedores-do-corinthians-estava-irregular-diz-antt-acidente-deixou-sete-mortos-3.jpg","articleSection":["Not\u00edcias","\u00daltimas"],"inLanguage":"pt-PT","potentialAction":[{"@type":"CommentAction","name":"Comment","target":["https:\/\/brasilnoticias.org\/site\/onibus-que-capotou-com-torcedores-do-corinthians-estava-irregular-diz-antt-acidente-deixou-sete-mortos\/#respond"]}]},{"@type":"WebPage","@id":"https:\/\/brasilnoticias.org\/site\/onibus-que-capotou-com-torcedores-do-corinthians-estava-irregular-diz-antt-acidente-deixou-sete-mortos\/","url":"https:\/\/brasilnoticias.org\/site\/onibus-que-capotou-com-torcedores-do-corinthians-estava-irregular-diz-antt-acidente-deixou-sete-mortos\/","name":"\u00d4nibus que capotou com torcedores do Corinthians estava irregular, diz ANTT; acidente deixou sete mortos - Brasil not\u00edcias","isPartOf":{"@id":"https:\/\/brasilnoticias.org\/site\/#website"},"primaryImageOfPage":{"@id":"https:\/\/brasilnoticias.org\/site\/onibus-que-capotou-com-torcedores-do-corinthians-estava-irregular-diz-antt-acidente-deixou-sete-mortos\/#primaryimage"},"image":{"@id":"https:\/\/brasilnoticias.org\/site\/onibus-que-capotou-com-torcedores-do-corinthians-estava-irregular-diz-antt-acidente-deixou-sete-mortos\/#primaryimage"},"thumbnailUrl":"https:\/\/brasilnoticias.org\/site\/wp-content\/uploads\/2023\/08\/140065onibus-que-capotou-com-torcedores-do-corinthians-estava-irregular-diz-antt-acidente-deixou-sete-mortos-3.jpg","datePublished":"2023-08-20T21:27:31+00:00","breadcrumb":{"@id":"https:\/\/brasilnoticias.org\/site\/onibus-que-capotou-com-torcedores-do-corinthians-estava-irregular-diz-antt-acidente-deixou-sete-mortos\/#breadcrumb"},"inLanguage":"pt-PT","potentialAction":[{"@type":"ReadAction","target":["https:\/\/brasilnoticias.org\/site\/onibus-que-capotou-com-torcedores-do-corinthians-estava-irregular-diz-antt-acidente-deixou-sete-mortos\/"]}]},{"@type":"ImageObject","inLanguage":"pt-PT","@id":"https:\/\/brasilnoticias.org\/site\/onibus-que-capotou-com-torcedores-do-corinthians-estava-irregular-diz-antt-acidente-deixou-sete-mortos\/#primaryimage","url":"https:\/\/brasilnoticias.org\/site\/wp-content\/uploads\/2023\/08\/140065onibus-que-capotou-com-torcedores-do-corinthians-estava-irregular-diz-antt-acidente-deixou-sete-mortos-3.jpg","contentUrl":"https:\/\/brasilnoticias.org\/site\/wp-content\/uploads\/2023\/08\/140065onibus-que-capotou-com-torcedores-do-corinthians-estava-irregular-diz-antt-acidente-deixou-sete-mortos-3.jpg","width":1600,"height":752},{"@type":"BreadcrumbList","@id":"https:\/\/brasilnoticias.org\/site\/onibus-que-capotou-com-torcedores-do-corinthians-estava-irregular-diz-antt-acidente-deixou-sete-mortos\/#breadcrumb","itemListElement":[{"@type":"ListItem","position":1,"name":"In\u00edcio","item":"https:\/\/brasilnoticias.org\/site\/"},{"@type":"ListItem","position":2,"name":"\u00d4nibus que capotou com torcedores do Corinthians estava irregular, diz ANTT; acidente deixou sete mortos"}]},{"@type":"WebSite","@id":"https:\/\/brasilnoticias.org\/site\/#website","url":"https:\/\/brasilnoticias.org\/site\/","name":"Brasil not\u00edcias","description":"Brasil not\u00edcias","publisher":{"@id":"https:\/\/brasilnoticias.org\/site\/#organization"},"potentialAction":[{"@type":"SearchAction","target":{"@type":"EntryPoint","urlTemplate":"https:\/\/brasilnoticias.org\/site\/?s={search_term_string}"},"query-input":{"@type":"PropertyValueSpecification","valueRequired":true,"valueName":"search_term_string"}}],"inLanguage":"pt-PT"},{"@type":"Organization","@id":"https:\/\/brasilnoticias.org\/site\/#organization","name":"Brasil not\u00edcias","url":"https:\/\/brasilnoticias.org\/site\/","logo":{"@type":"ImageObject","inLanguage":"pt-PT","@id":"https:\/\/brasilnoticias.org\/site\/#\/schema\/logo\/image\/","url":"https:\/\/brasilnoticias.org\/site\/wp-content\/uploads\/2022\/05\/cropped-brasilnoticias-mini.jpg","contentUrl":"https:\/\/brasilnoticias.org\/site\/wp-content\/uploads\/2022\/05\/cropped-brasilnoticias-mini.jpg","width":314,"height":86,"caption":"Brasil not\u00edcias"},"image":{"@id":"https:\/\/brasilnoticias.org\/site\/#\/schema\/logo\/image\/"}},{"@type":"Person","@id":"https:\/\/brasilnoticias.org\/site\/#\/schema\/person\/03bbbfe6c7634ad18c26444ea39049fa","name":"Reda\u00e7\u00e3o","image":{"@type":"ImageObject","inLanguage":"pt-PT","@id":"https:\/\/brasilnoticias.org\/site\/#\/schema\/person\/image\/","url":"https:\/\/secure.gravatar.com\/avatar\/9ecaf7327a696cb23ad926fedded5f1f04d7049de9e445375d55b48c001a6e42?s=96&d=mm&r=g","contentUrl":"https:\/\/secure.gravatar.com\/avatar\/9ecaf7327a696cb23ad926fedded5f1f04d7049de9e445375d55b48c001a6e42?s=96&d=mm&r=g","caption":"Reda\u00e7\u00e3o"},"url":"https:\/\/brasilnoticias.org\/site\/author\/henrique\/"}]}},"_links":{"self":[{"href":"https:\/\/brasilnoticias.org\/site\/wp-json\/wp\/v2\/posts\/8472","targetHints":{"allow":["GET"]}}],"collection":[{"href":"https:\/\/brasilnoticias.org\/site\/wp-json\/wp\/v2\/posts"}],"about":[{"href":"https:\/\/brasilnoticias.org\/site\/wp-json\/wp\/v2\/types\/post"}],"author":[{"embeddable":true,"href":"https:\/\/brasilnoticias.org\/site\/wp-json\/wp\/v2\/users\/4"}],"replies":[{"embeddable":true,"href":"https:\/\/brasilnoticias.org\/site\/wp-json\/wp\/v2\/comments?post=8472"}],"version-history":[{"count":1,"href":"https:\/\/brasilnoticias.org\/site\/wp-json\/wp\/v2\/posts\/8472\/revisions"}],"predecessor-version":[{"id":8474,"href":"https:\/\/brasilnoticias.org\/site\/wp-json\/wp\/v2\/posts\/8472\/revisions\/8474"}],"wp:featuredmedia":[{"embeddable":true,"href":"https:\/\/brasilnoticias.org\/site\/wp-json\/wp\/v2\/media\/8473"}],"wp:attachment":[{"href":"https:\/\/brasilnoticias.org\/site\/wp-json\/wp\/v2\/media?parent=8472"}],"wp:term":[{"taxonomy":"category","embeddable":true,"href":"https:\/\/brasilnoticias.org\/site\/wp-json\/wp\/v2\/categories?post=8472"},{"taxonomy":"post_tag","embeddable":true,"href":"https:\/\/brasilnoticias.org\/site\/wp-json\/wp\/v2\/tags?post=8472"}],"curies":[{"name":"wp","href":"https:\/\/api.w.org\/{rel}","templated":true}]}}