{"id":8475,"date":"2023-08-20T18:28:44","date_gmt":"2023-08-20T21:28:44","guid":{"rendered":"https:\/\/brasilnoticias.org\/site\/?p=8475"},"modified":"2023-08-20T18:28:44","modified_gmt":"2023-08-20T21:28:44","slug":"bebe-de-um-mes-e-tres-homens-morrem-em-ataque-a-tiros-no-suburbio-de-salvador","status":"publish","type":"post","link":"https:\/\/brasilnoticias.org\/site\/bebe-de-um-mes-e-tres-homens-morrem-em-ataque-a-tiros-no-suburbio-de-salvador\/","title":{"rendered":"Beb\u00ea de um m\u00eas e tr\u00eas homens morrem em ataque a tiros no Sub\u00farbio de Salvador"},"content":{"rendered":"<p>Um casal tamb\u00e9m foi baleado e socorrido para uma unidade de sa\u00fade<\/p>\n<p>Um beb\u00ea de apenas um m\u00eas morreu em um ataque a tiros em Tubar\u00e3o, localidade de Paripe, no Sub\u00farbio de Salvador, na tarde deste domingo (20\/8). Al\u00e9m do rec\u00e9m-nascido, tr\u00eas homens tamb\u00e9m vieram a \u00f3bito no local, conforme confirmado pela Pol\u00edcia Militar (PM) ao Aratu On.<\/p>\n<p>Por meio de notra, a PM informou que foi acionada para averiguar a informa\u00e7\u00e3o de um grupo atingido por disparos de arma de fogo no local e constatou as mortes. Al\u00e9m das v\u00edtimas fatais, um casal tamb\u00e9m foi baleado, mas socorrido para uma unidade de sa\u00fade da regi\u00e3o, mas n\u00e3o h\u00e1 detalhes sobre estado de sa\u00fade.<\/p>\n<p>O local foi isolado para a realiza\u00e7\u00e3o de per\u00edcia pelo Departamento de Pol\u00edcia T\u00e9cnica (DPT) e n\u00e3o ainda h\u00e1 dados quanto \u00e0 autoria e motiva\u00e7\u00e3o, que dever\u00e3o ser investigadas pela Pol\u00edcia Civil.<\/p>\n<p>Segundo informa\u00e7\u00f5es extraoficiais, o beb\u00ea completou um m\u00eas de vida nesse s\u00e1bado (19).<\/p>\n<p>EM TEMPO<\/p>\n<p>Dados do Painel de Monitoramento do SIM (Sistema de Informa\u00e7\u00e3o sobre Mortalidade), do Minist\u00e9rio da Sa\u00fade, mostram que a Bahia foi o estado do Brasil que mais registrou homic\u00eddios entre 2015 e 2022. Foram pelo menos 49,5 mil homic\u00eddios nesse per\u00edodo de oito anos.<\/p>\n<p>Os n\u00fameros, inclusive, s\u00e3o 40% maiores que o estado que ocupa a segunda coloca\u00e7\u00e3o, o Rio de Janeiro.<\/p>\n<p>Foto: reprodu\u00e7\u00e3o<br \/>\nAratu On<\/p>\n","protected":false},"excerpt":{"rendered":"<p>Um casal tamb\u00e9m foi baleado e socorrido para uma unidade de sa\u00fade Um beb\u00ea de apenas um m\u00eas morreu em<\/p>\n","protected":false},"author":4,"featured_media":8476,"comment_status":"open","ping_status":"open","sticky":false,"template":"","format":"standard","meta":{"colormag_page_container_layout":"default_layout","colormag_page_sidebar_layout":"default_layout","_FSMCFIC_featured_image_caption":"","_FSMCFIC_featured_image_nocaption":"","_FSMCFIC_featured_image_hide":"","footnotes":""},"categories":[2,1],"tags":[],"class_list":["post-8475","post","type-post","status-publish","format-standard","has-post-thumbnail","hentry","category-noticias","category-ultimas"],"yoast_head":"<!-- This site is optimized with the Yoast SEO plugin v27.1.1 - https:\/\/yoast.com\/product\/yoast-seo-wordpress\/ -->\n<title>Beb\u00ea de um m\u00eas e tr\u00eas homens morrem em ataque a tiros no Sub\u00farbio de Salvador - Brasil not\u00edcias<\/title>\n<meta name=\"robots\" content=\"index, follow, max-snippet:-1, max-image-preview:large, max-video-preview:-1\" \/>\n<link rel=\"canonical\" href=\"https:\/\/brasilnoticias.org\/site\/bebe-de-um-mes-e-tres-homens-morrem-em-ataque-a-tiros-no-suburbio-de-salvador\/\" \/>\n<meta property=\"og:locale\" content=\"pt_PT\" \/>\n<meta property=\"og:type\" content=\"article\" \/>\n<meta property=\"og:title\" content=\"Beb\u00ea de um m\u00eas e tr\u00eas homens morrem em ataque a tiros no Sub\u00farbio de Salvador - Brasil not\u00edcias\" \/>\n<meta property=\"og:description\" content=\"Um casal tamb\u00e9m foi baleado e socorrido para uma unidade de sa\u00fade Um beb\u00ea de apenas um m\u00eas morreu em\" \/>\n<meta property=\"og:url\" content=\"https:\/\/brasilnoticias.org\/site\/bebe-de-um-mes-e-tres-homens-morrem-em-ataque-a-tiros-no-suburbio-de-salvador\/\" \/>\n<meta property=\"og:site_name\" content=\"Brasil not\u00edcias\" \/>\n<meta property=\"article:published_time\" content=\"2023-08-20T21:28:44+00:00\" \/>\n<meta property=\"og:image\" content=\"https:\/\/brasilnoticias.org\/site\/wp-content\/uploads\/2023\/08\/bebe-um-mes-morre-em-salvador.jpg\" \/>\n\t<meta property=\"og:image:width\" content=\"739\" \/>\n\t<meta property=\"og:image:height\" content=\"469\" \/>\n\t<meta property=\"og:image:type\" content=\"image\/jpeg\" \/>\n<meta name=\"author\" content=\"Reda\u00e7\u00e3o\" \/>\n<meta name=\"twitter:card\" content=\"summary_large_image\" \/>\n<meta name=\"twitter:label1\" content=\"Escrito por\" \/>\n\t<meta name=\"twitter:data1\" content=\"Reda\u00e7\u00e3o\" \/>\n<script type=\"application\/ld+json\" class=\"yoast-schema-graph\">{\"@context\":\"https:\/\/schema.org\",\"@graph\":[{\"@type\":\"Article\",\"@id\":\"https:\/\/brasilnoticias.org\/site\/bebe-de-um-mes-e-tres-homens-morrem-em-ataque-a-tiros-no-suburbio-de-salvador\/#article\",\"isPartOf\":{\"@id\":\"https:\/\/brasilnoticias.org\/site\/bebe-de-um-mes-e-tres-homens-morrem-em-ataque-a-tiros-no-suburbio-de-salvador\/\"},\"author\":{\"name\":\"Reda\u00e7\u00e3o\",\"@id\":\"https:\/\/brasilnoticias.org\/site\/#\/schema\/person\/03bbbfe6c7634ad18c26444ea39049fa\"},\"headline\":\"Beb\u00ea de um m\u00eas e tr\u00eas homens morrem em ataque a tiros no Sub\u00farbio de Salvador\",\"datePublished\":\"2023-08-20T21:28:44+00:00\",\"mainEntityOfPage\":{\"@id\":\"https:\/\/brasilnoticias.org\/site\/bebe-de-um-mes-e-tres-homens-morrem-em-ataque-a-tiros-no-suburbio-de-salvador\/\"},\"wordCount\":278,\"commentCount\":0,\"publisher\":{\"@id\":\"https:\/\/brasilnoticias.org\/site\/#organization\"},\"image\":{\"@id\":\"https:\/\/brasilnoticias.org\/site\/bebe-de-um-mes-e-tres-homens-morrem-em-ataque-a-tiros-no-suburbio-de-salvador\/#primaryimage\"},\"thumbnailUrl\":\"https:\/\/brasilnoticias.org\/site\/wp-content\/uploads\/2023\/08\/bebe-um-mes-morre-em-salvador.jpg\",\"articleSection\":[\"Not\u00edcias\",\"\u00daltimas\"],\"inLanguage\":\"pt-PT\",\"potentialAction\":[{\"@type\":\"CommentAction\",\"name\":\"Comment\",\"target\":[\"https:\/\/brasilnoticias.org\/site\/bebe-de-um-mes-e-tres-homens-morrem-em-ataque-a-tiros-no-suburbio-de-salvador\/#respond\"]}]},{\"@type\":\"WebPage\",\"@id\":\"https:\/\/brasilnoticias.org\/site\/bebe-de-um-mes-e-tres-homens-morrem-em-ataque-a-tiros-no-suburbio-de-salvador\/\",\"url\":\"https:\/\/brasilnoticias.org\/site\/bebe-de-um-mes-e-tres-homens-morrem-em-ataque-a-tiros-no-suburbio-de-salvador\/\",\"name\":\"Beb\u00ea de um m\u00eas e tr\u00eas homens morrem em ataque a tiros no Sub\u00farbio de Salvador - Brasil not\u00edcias\",\"isPartOf\":{\"@id\":\"https:\/\/brasilnoticias.org\/site\/#website\"},\"primaryImageOfPage\":{\"@id\":\"https:\/\/brasilnoticias.org\/site\/bebe-de-um-mes-e-tres-homens-morrem-em-ataque-a-tiros-no-suburbio-de-salvador\/#primaryimage\"},\"image\":{\"@id\":\"https:\/\/brasilnoticias.org\/site\/bebe-de-um-mes-e-tres-homens-morrem-em-ataque-a-tiros-no-suburbio-de-salvador\/#primaryimage\"},\"thumbnailUrl\":\"https:\/\/brasilnoticias.org\/site\/wp-content\/uploads\/2023\/08\/bebe-um-mes-morre-em-salvador.jpg\",\"datePublished\":\"2023-08-20T21:28:44+00:00\",\"breadcrumb\":{\"@id\":\"https:\/\/brasilnoticias.org\/site\/bebe-de-um-mes-e-tres-homens-morrem-em-ataque-a-tiros-no-suburbio-de-salvador\/#breadcrumb\"},\"inLanguage\":\"pt-PT\",\"potentialAction\":[{\"@type\":\"ReadAction\",\"target\":[\"https:\/\/brasilnoticias.org\/site\/bebe-de-um-mes-e-tres-homens-morrem-em-ataque-a-tiros-no-suburbio-de-salvador\/\"]}]},{\"@type\":\"ImageObject\",\"inLanguage\":\"pt-PT\",\"@id\":\"https:\/\/brasilnoticias.org\/site\/bebe-de-um-mes-e-tres-homens-morrem-em-ataque-a-tiros-no-suburbio-de-salvador\/#primaryimage\",\"url\":\"https:\/\/brasilnoticias.org\/site\/wp-content\/uploads\/2023\/08\/bebe-um-mes-morre-em-salvador.jpg\",\"contentUrl\":\"https:\/\/brasilnoticias.org\/site\/wp-content\/uploads\/2023\/08\/bebe-um-mes-morre-em-salvador.jpg\",\"width\":739,\"height\":469},{\"@type\":\"BreadcrumbList\",\"@id\":\"https:\/\/brasilnoticias.org\/site\/bebe-de-um-mes-e-tres-homens-morrem-em-ataque-a-tiros-no-suburbio-de-salvador\/#breadcrumb\",\"itemListElement\":[{\"@type\":\"ListItem\",\"position\":1,\"name\":\"In\u00edcio\",\"item\":\"https:\/\/brasilnoticias.org\/site\/\"},{\"@type\":\"ListItem\",\"position\":2,\"name\":\"Beb\u00ea de um m\u00eas e tr\u00eas homens morrem em ataque a tiros no Sub\u00farbio de Salvador\"}]},{\"@type\":\"WebSite\",\"@id\":\"https:\/\/brasilnoticias.org\/site\/#website\",\"url\":\"https:\/\/brasilnoticias.org\/site\/\",\"name\":\"Brasil not\u00edcias\",\"description\":\"Brasil not\u00edcias\",\"publisher\":{\"@id\":\"https:\/\/brasilnoticias.org\/site\/#organization\"},\"potentialAction\":[{\"@type\":\"SearchAction\",\"target\":{\"@type\":\"EntryPoint\",\"urlTemplate\":\"https:\/\/brasilnoticias.org\/site\/?s={search_term_string}\"},\"query-input\":{\"@type\":\"PropertyValueSpecification\",\"valueRequired\":true,\"valueName\":\"search_term_string\"}}],\"inLanguage\":\"pt-PT\"},{\"@type\":\"Organization\",\"@id\":\"https:\/\/brasilnoticias.org\/site\/#organization\",\"name\":\"Brasil not\u00edcias\",\"url\":\"https:\/\/brasilnoticias.org\/site\/\",\"logo\":{\"@type\":\"ImageObject\",\"inLanguage\":\"pt-PT\",\"@id\":\"https:\/\/brasilnoticias.org\/site\/#\/schema\/logo\/image\/\",\"url\":\"https:\/\/brasilnoticias.org\/site\/wp-content\/uploads\/2022\/05\/cropped-brasilnoticias-mini.jpg\",\"contentUrl\":\"https:\/\/brasilnoticias.org\/site\/wp-content\/uploads\/2022\/05\/cropped-brasilnoticias-mini.jpg\",\"width\":314,\"height\":86,\"caption\":\"Brasil not\u00edcias\"},\"image\":{\"@id\":\"https:\/\/brasilnoticias.org\/site\/#\/schema\/logo\/image\/\"}},{\"@type\":\"Person\",\"@id\":\"https:\/\/brasilnoticias.org\/site\/#\/schema\/person\/03bbbfe6c7634ad18c26444ea39049fa\",\"name\":\"Reda\u00e7\u00e3o\",\"image\":{\"@type\":\"ImageObject\",\"inLanguage\":\"pt-PT\",\"@id\":\"https:\/\/brasilnoticias.org\/site\/#\/schema\/person\/image\/\",\"url\":\"https:\/\/secure.gravatar.com\/avatar\/9ecaf7327a696cb23ad926fedded5f1f04d7049de9e445375d55b48c001a6e42?s=96&d=mm&r=g\",\"contentUrl\":\"https:\/\/secure.gravatar.com\/avatar\/9ecaf7327a696cb23ad926fedded5f1f04d7049de9e445375d55b48c001a6e42?s=96&d=mm&r=g\",\"caption\":\"Reda\u00e7\u00e3o\"},\"url\":\"https:\/\/brasilnoticias.org\/site\/author\/henrique\/\"}]}<\/script>\n<!-- \/ Yoast SEO plugin. -->","yoast_head_json":{"title":"Beb\u00ea de um m\u00eas e tr\u00eas homens morrem em ataque a tiros no Sub\u00farbio de Salvador - Brasil not\u00edcias","robots":{"index":"index","follow":"follow","max-snippet":"max-snippet:-1","max-image-preview":"max-image-preview:large","max-video-preview":"max-video-preview:-1"},"canonical":"https:\/\/brasilnoticias.org\/site\/bebe-de-um-mes-e-tres-homens-morrem-em-ataque-a-tiros-no-suburbio-de-salvador\/","og_locale":"pt_PT","og_type":"article","og_title":"Beb\u00ea de um m\u00eas e tr\u00eas homens morrem em ataque a tiros no Sub\u00farbio de Salvador - Brasil not\u00edcias","og_description":"Um casal tamb\u00e9m foi baleado e socorrido para uma unidade de sa\u00fade Um beb\u00ea de apenas um m\u00eas morreu em","og_url":"https:\/\/brasilnoticias.org\/site\/bebe-de-um-mes-e-tres-homens-morrem-em-ataque-a-tiros-no-suburbio-de-salvador\/","og_site_name":"Brasil not\u00edcias","article_published_time":"2023-08-20T21:28:44+00:00","og_image":[{"width":739,"height":469,"url":"https:\/\/brasilnoticias.org\/site\/wp-content\/uploads\/2023\/08\/bebe-um-mes-morre-em-salvador.jpg","type":"image\/jpeg"}],"author":"Reda\u00e7\u00e3o","twitter_card":"summary_large_image","twitter_misc":{"Escrito por":"Reda\u00e7\u00e3o"},"schema":{"@context":"https:\/\/schema.org","@graph":[{"@type":"Article","@id":"https:\/\/brasilnoticias.org\/site\/bebe-de-um-mes-e-tres-homens-morrem-em-ataque-a-tiros-no-suburbio-de-salvador\/#article","isPartOf":{"@id":"https:\/\/brasilnoticias.org\/site\/bebe-de-um-mes-e-tres-homens-morrem-em-ataque-a-tiros-no-suburbio-de-salvador\/"},"author":{"name":"Reda\u00e7\u00e3o","@id":"https:\/\/brasilnoticias.org\/site\/#\/schema\/person\/03bbbfe6c7634ad18c26444ea39049fa"},"headline":"Beb\u00ea de um m\u00eas e tr\u00eas homens morrem em ataque a tiros no Sub\u00farbio de Salvador","datePublished":"2023-08-20T21:28:44+00:00","mainEntityOfPage":{"@id":"https:\/\/brasilnoticias.org\/site\/bebe-de-um-mes-e-tres-homens-morrem-em-ataque-a-tiros-no-suburbio-de-salvador\/"},"wordCount":278,"commentCount":0,"publisher":{"@id":"https:\/\/brasilnoticias.org\/site\/#organization"},"image":{"@id":"https:\/\/brasilnoticias.org\/site\/bebe-de-um-mes-e-tres-homens-morrem-em-ataque-a-tiros-no-suburbio-de-salvador\/#primaryimage"},"thumbnailUrl":"https:\/\/brasilnoticias.org\/site\/wp-content\/uploads\/2023\/08\/bebe-um-mes-morre-em-salvador.jpg","articleSection":["Not\u00edcias","\u00daltimas"],"inLanguage":"pt-PT","potentialAction":[{"@type":"CommentAction","name":"Comment","target":["https:\/\/brasilnoticias.org\/site\/bebe-de-um-mes-e-tres-homens-morrem-em-ataque-a-tiros-no-suburbio-de-salvador\/#respond"]}]},{"@type":"WebPage","@id":"https:\/\/brasilnoticias.org\/site\/bebe-de-um-mes-e-tres-homens-morrem-em-ataque-a-tiros-no-suburbio-de-salvador\/","url":"https:\/\/brasilnoticias.org\/site\/bebe-de-um-mes-e-tres-homens-morrem-em-ataque-a-tiros-no-suburbio-de-salvador\/","name":"Beb\u00ea de um m\u00eas e tr\u00eas homens morrem em ataque a tiros no Sub\u00farbio de Salvador - Brasil not\u00edcias","isPartOf":{"@id":"https:\/\/brasilnoticias.org\/site\/#website"},"primaryImageOfPage":{"@id":"https:\/\/brasilnoticias.org\/site\/bebe-de-um-mes-e-tres-homens-morrem-em-ataque-a-tiros-no-suburbio-de-salvador\/#primaryimage"},"image":{"@id":"https:\/\/brasilnoticias.org\/site\/bebe-de-um-mes-e-tres-homens-morrem-em-ataque-a-tiros-no-suburbio-de-salvador\/#primaryimage"},"thumbnailUrl":"https:\/\/brasilnoticias.org\/site\/wp-content\/uploads\/2023\/08\/bebe-um-mes-morre-em-salvador.jpg","datePublished":"2023-08-20T21:28:44+00:00","breadcrumb":{"@id":"https:\/\/brasilnoticias.org\/site\/bebe-de-um-mes-e-tres-homens-morrem-em-ataque-a-tiros-no-suburbio-de-salvador\/#breadcrumb"},"inLanguage":"pt-PT","potentialAction":[{"@type":"ReadAction","target":["https:\/\/brasilnoticias.org\/site\/bebe-de-um-mes-e-tres-homens-morrem-em-ataque-a-tiros-no-suburbio-de-salvador\/"]}]},{"@type":"ImageObject","inLanguage":"pt-PT","@id":"https:\/\/brasilnoticias.org\/site\/bebe-de-um-mes-e-tres-homens-morrem-em-ataque-a-tiros-no-suburbio-de-salvador\/#primaryimage","url":"https:\/\/brasilnoticias.org\/site\/wp-content\/uploads\/2023\/08\/bebe-um-mes-morre-em-salvador.jpg","contentUrl":"https:\/\/brasilnoticias.org\/site\/wp-content\/uploads\/2023\/08\/bebe-um-mes-morre-em-salvador.jpg","width":739,"height":469},{"@type":"BreadcrumbList","@id":"https:\/\/brasilnoticias.org\/site\/bebe-de-um-mes-e-tres-homens-morrem-em-ataque-a-tiros-no-suburbio-de-salvador\/#breadcrumb","itemListElement":[{"@type":"ListItem","position":1,"name":"In\u00edcio","item":"https:\/\/brasilnoticias.org\/site\/"},{"@type":"ListItem","position":2,"name":"Beb\u00ea de um m\u00eas e tr\u00eas homens morrem em ataque a tiros no Sub\u00farbio de Salvador"}]},{"@type":"WebSite","@id":"https:\/\/brasilnoticias.org\/site\/#website","url":"https:\/\/brasilnoticias.org\/site\/","name":"Brasil not\u00edcias","description":"Brasil not\u00edcias","publisher":{"@id":"https:\/\/brasilnoticias.org\/site\/#organization"},"potentialAction":[{"@type":"SearchAction","target":{"@type":"EntryPoint","urlTemplate":"https:\/\/brasilnoticias.org\/site\/?s={search_term_string}"},"query-input":{"@type":"PropertyValueSpecification","valueRequired":true,"valueName":"search_term_string"}}],"inLanguage":"pt-PT"},{"@type":"Organization","@id":"https:\/\/brasilnoticias.org\/site\/#organization","name":"Brasil not\u00edcias","url":"https:\/\/brasilnoticias.org\/site\/","logo":{"@type":"ImageObject","inLanguage":"pt-PT","@id":"https:\/\/brasilnoticias.org\/site\/#\/schema\/logo\/image\/","url":"https:\/\/brasilnoticias.org\/site\/wp-content\/uploads\/2022\/05\/cropped-brasilnoticias-mini.jpg","contentUrl":"https:\/\/brasilnoticias.org\/site\/wp-content\/uploads\/2022\/05\/cropped-brasilnoticias-mini.jpg","width":314,"height":86,"caption":"Brasil not\u00edcias"},"image":{"@id":"https:\/\/brasilnoticias.org\/site\/#\/schema\/logo\/image\/"}},{"@type":"Person","@id":"https:\/\/brasilnoticias.org\/site\/#\/schema\/person\/03bbbfe6c7634ad18c26444ea39049fa","name":"Reda\u00e7\u00e3o","image":{"@type":"ImageObject","inLanguage":"pt-PT","@id":"https:\/\/brasilnoticias.org\/site\/#\/schema\/person\/image\/","url":"https:\/\/secure.gravatar.com\/avatar\/9ecaf7327a696cb23ad926fedded5f1f04d7049de9e445375d55b48c001a6e42?s=96&d=mm&r=g","contentUrl":"https:\/\/secure.gravatar.com\/avatar\/9ecaf7327a696cb23ad926fedded5f1f04d7049de9e445375d55b48c001a6e42?s=96&d=mm&r=g","caption":"Reda\u00e7\u00e3o"},"url":"https:\/\/brasilnoticias.org\/site\/author\/henrique\/"}]}},"_links":{"self":[{"href":"https:\/\/brasilnoticias.org\/site\/wp-json\/wp\/v2\/posts\/8475","targetHints":{"allow":["GET"]}}],"collection":[{"href":"https:\/\/brasilnoticias.org\/site\/wp-json\/wp\/v2\/posts"}],"about":[{"href":"https:\/\/brasilnoticias.org\/site\/wp-json\/wp\/v2\/types\/post"}],"author":[{"embeddable":true,"href":"https:\/\/brasilnoticias.org\/site\/wp-json\/wp\/v2\/users\/4"}],"replies":[{"embeddable":true,"href":"https:\/\/brasilnoticias.org\/site\/wp-json\/wp\/v2\/comments?post=8475"}],"version-history":[{"count":1,"href":"https:\/\/brasilnoticias.org\/site\/wp-json\/wp\/v2\/posts\/8475\/revisions"}],"predecessor-version":[{"id":8477,"href":"https:\/\/brasilnoticias.org\/site\/wp-json\/wp\/v2\/posts\/8475\/revisions\/8477"}],"wp:featuredmedia":[{"embeddable":true,"href":"https:\/\/brasilnoticias.org\/site\/wp-json\/wp\/v2\/media\/8476"}],"wp:attachment":[{"href":"https:\/\/brasilnoticias.org\/site\/wp-json\/wp\/v2\/media?parent=8475"}],"wp:term":[{"taxonomy":"category","embeddable":true,"href":"https:\/\/brasilnoticias.org\/site\/wp-json\/wp\/v2\/categories?post=8475"},{"taxonomy":"post_tag","embeddable":true,"href":"https:\/\/brasilnoticias.org\/site\/wp-json\/wp\/v2\/tags?post=8475"}],"curies":[{"name":"wp","href":"https:\/\/api.w.org\/{rel}","templated":true}]}}