{"id":8478,"date":"2023-08-21T06:00:51","date_gmt":"2023-08-21T09:00:51","guid":{"rendered":"https:\/\/brasilnoticias.org\/site\/?p=8478"},"modified":"2023-08-20T18:32:21","modified_gmt":"2023-08-20T21:32:21","slug":"preta-gil-diz-que-cirurgia-foi-complexa-e-que-precisou-retirar-utero-sigo-aqui-lutando","status":"publish","type":"post","link":"https:\/\/brasilnoticias.org\/site\/preta-gil-diz-que-cirurgia-foi-complexa-e-que-precisou-retirar-utero-sigo-aqui-lutando\/","title":{"rendered":"Preta Gil diz que cirurgia foi complexa e que precisou retirar \u00fatero: \u201csigo aqui lutando\u201d"},"content":{"rendered":"<p>Procedimento cir\u00fargico durou 14 horas, segundo Preta<\/p>\n<p>Rec\u00e9m-operada para a retirada de um tumor no reto, a cantora Preta Gil, de 49 anos, utilizou as redes sociais para tranquilizar os f\u00e3s. Compartilhando uma foto no hospital, a filha de Gilberto Gil disse que a cirurgia foi complexa e durou mais de 14 horas. Na ocasi\u00e3o, tamb\u00e9m precisou fazer uma histerectomia (retirar o \u00fatero).<\/p>\n<p>\u201cOi, meus amores. Estou aqui me recuperando\u201d, iniciou Preta, frisando que estava sendo \u201cbem cuidada pelos m\u00e9dicos\u201d. Por fim, afirmou: \u201cagora \u00e9 um dia de cada vez! Hoje j\u00e1 consegui sentar e sigo aqui lutando. J\u00e1 \u2018Deus\u2019 tudo certo!\u201d.<\/p>\n<p>C\u00c2NCER E CIRURGIA<\/p>\n<p>Internada no Hospital S\u00edrio-Liban\u00eas, em S\u00e3o Paulo, Preta luta contra o c\u00e2ncer que descobriu em janeiro deste ano. A cirurgia da cantora foi realizada na \u00faltima quarta-feira (16\/8) e, no dia seguinte, o amigo da cantora, Gominho, e a madrasta dela, Flora Gil, disseram que a artista estava se recuperando bem e j\u00e1 fazendo fisioterapia.<\/p>\n<p>Foto: arquivo pessoal\/reprodu\u00e7\u00e3o\/redes sociais<br \/>\nAratu On<\/p>\n","protected":false},"excerpt":{"rendered":"<p>Procedimento cir\u00fargico durou 14 horas, segundo Preta Rec\u00e9m-operada para a retirada de um tumor no reto, a cantora Preta Gil,<\/p>\n","protected":false},"author":4,"featured_media":8479,"comment_status":"open","ping_status":"open","sticky":false,"template":"","format":"standard","meta":{"colormag_page_container_layout":"default_layout","colormag_page_sidebar_layout":"default_layout","_FSMCFIC_featured_image_caption":"","_FSMCFIC_featured_image_nocaption":"","_FSMCFIC_featured_image_hide":"","footnotes":""},"categories":[2,1],"tags":[],"class_list":["post-8478","post","type-post","status-publish","format-standard","has-post-thumbnail","hentry","category-noticias","category-ultimas"],"yoast_head":"<!-- This site is optimized with the Yoast SEO plugin v27.1.1 - https:\/\/yoast.com\/product\/yoast-seo-wordpress\/ -->\n<title>Preta Gil diz que cirurgia foi complexa e que precisou retirar \u00fatero: \u201csigo aqui lutando\u201d - Brasil not\u00edcias<\/title>\n<meta name=\"robots\" content=\"index, follow, max-snippet:-1, max-image-preview:large, max-video-preview:-1\" \/>\n<link rel=\"canonical\" href=\"https:\/\/brasilnoticias.org\/site\/preta-gil-diz-que-cirurgia-foi-complexa-e-que-precisou-retirar-utero-sigo-aqui-lutando\/\" \/>\n<meta property=\"og:locale\" content=\"pt_PT\" \/>\n<meta property=\"og:type\" content=\"article\" \/>\n<meta property=\"og:title\" content=\"Preta Gil diz que cirurgia foi complexa e que precisou retirar \u00fatero: \u201csigo aqui lutando\u201d - Brasil not\u00edcias\" \/>\n<meta property=\"og:description\" content=\"Procedimento cir\u00fargico durou 14 horas, segundo Preta Rec\u00e9m-operada para a retirada de um tumor no reto, a cantora Preta Gil,\" \/>\n<meta property=\"og:url\" content=\"https:\/\/brasilnoticias.org\/site\/preta-gil-diz-que-cirurgia-foi-complexa-e-que-precisou-retirar-utero-sigo-aqui-lutando\/\" \/>\n<meta property=\"og:site_name\" content=\"Brasil not\u00edcias\" \/>\n<meta property=\"article:published_time\" content=\"2023-08-21T09:00:51+00:00\" \/>\n<meta property=\"og:image\" content=\"https:\/\/brasilnoticias.org\/site\/wp-content\/uploads\/2023\/08\/preta-gil-hospital.jpg\" \/>\n\t<meta property=\"og:image:width\" content=\"740\" \/>\n\t<meta property=\"og:image:height\" content=\"470\" \/>\n\t<meta property=\"og:image:type\" content=\"image\/jpeg\" \/>\n<meta name=\"author\" content=\"Reda\u00e7\u00e3o\" \/>\n<meta name=\"twitter:card\" content=\"summary_large_image\" \/>\n<meta name=\"twitter:label1\" content=\"Escrito por\" \/>\n\t<meta name=\"twitter:data1\" content=\"Reda\u00e7\u00e3o\" \/>\n<script type=\"application\/ld+json\" class=\"yoast-schema-graph\">{\"@context\":\"https:\/\/schema.org\",\"@graph\":[{\"@type\":\"Article\",\"@id\":\"https:\/\/brasilnoticias.org\/site\/preta-gil-diz-que-cirurgia-foi-complexa-e-que-precisou-retirar-utero-sigo-aqui-lutando\/#article\",\"isPartOf\":{\"@id\":\"https:\/\/brasilnoticias.org\/site\/preta-gil-diz-que-cirurgia-foi-complexa-e-que-precisou-retirar-utero-sigo-aqui-lutando\/\"},\"author\":{\"name\":\"Reda\u00e7\u00e3o\",\"@id\":\"https:\/\/brasilnoticias.org\/site\/#\/schema\/person\/03bbbfe6c7634ad18c26444ea39049fa\"},\"headline\":\"Preta Gil diz que cirurgia foi complexa e que precisou retirar \u00fatero: \u201csigo aqui lutando\u201d\",\"datePublished\":\"2023-08-21T09:00:51+00:00\",\"mainEntityOfPage\":{\"@id\":\"https:\/\/brasilnoticias.org\/site\/preta-gil-diz-que-cirurgia-foi-complexa-e-que-precisou-retirar-utero-sigo-aqui-lutando\/\"},\"wordCount\":190,\"commentCount\":0,\"publisher\":{\"@id\":\"https:\/\/brasilnoticias.org\/site\/#organization\"},\"image\":{\"@id\":\"https:\/\/brasilnoticias.org\/site\/preta-gil-diz-que-cirurgia-foi-complexa-e-que-precisou-retirar-utero-sigo-aqui-lutando\/#primaryimage\"},\"thumbnailUrl\":\"https:\/\/brasilnoticias.org\/site\/wp-content\/uploads\/2023\/08\/preta-gil-hospital.jpg\",\"articleSection\":[\"Not\u00edcias\",\"\u00daltimas\"],\"inLanguage\":\"pt-PT\",\"potentialAction\":[{\"@type\":\"CommentAction\",\"name\":\"Comment\",\"target\":[\"https:\/\/brasilnoticias.org\/site\/preta-gil-diz-que-cirurgia-foi-complexa-e-que-precisou-retirar-utero-sigo-aqui-lutando\/#respond\"]}]},{\"@type\":\"WebPage\",\"@id\":\"https:\/\/brasilnoticias.org\/site\/preta-gil-diz-que-cirurgia-foi-complexa-e-que-precisou-retirar-utero-sigo-aqui-lutando\/\",\"url\":\"https:\/\/brasilnoticias.org\/site\/preta-gil-diz-que-cirurgia-foi-complexa-e-que-precisou-retirar-utero-sigo-aqui-lutando\/\",\"name\":\"Preta Gil diz que cirurgia foi complexa e que precisou retirar \u00fatero: \u201csigo aqui lutando\u201d - Brasil not\u00edcias\",\"isPartOf\":{\"@id\":\"https:\/\/brasilnoticias.org\/site\/#website\"},\"primaryImageOfPage\":{\"@id\":\"https:\/\/brasilnoticias.org\/site\/preta-gil-diz-que-cirurgia-foi-complexa-e-que-precisou-retirar-utero-sigo-aqui-lutando\/#primaryimage\"},\"image\":{\"@id\":\"https:\/\/brasilnoticias.org\/site\/preta-gil-diz-que-cirurgia-foi-complexa-e-que-precisou-retirar-utero-sigo-aqui-lutando\/#primaryimage\"},\"thumbnailUrl\":\"https:\/\/brasilnoticias.org\/site\/wp-content\/uploads\/2023\/08\/preta-gil-hospital.jpg\",\"datePublished\":\"2023-08-21T09:00:51+00:00\",\"breadcrumb\":{\"@id\":\"https:\/\/brasilnoticias.org\/site\/preta-gil-diz-que-cirurgia-foi-complexa-e-que-precisou-retirar-utero-sigo-aqui-lutando\/#breadcrumb\"},\"inLanguage\":\"pt-PT\",\"potentialAction\":[{\"@type\":\"ReadAction\",\"target\":[\"https:\/\/brasilnoticias.org\/site\/preta-gil-diz-que-cirurgia-foi-complexa-e-que-precisou-retirar-utero-sigo-aqui-lutando\/\"]}]},{\"@type\":\"ImageObject\",\"inLanguage\":\"pt-PT\",\"@id\":\"https:\/\/brasilnoticias.org\/site\/preta-gil-diz-que-cirurgia-foi-complexa-e-que-precisou-retirar-utero-sigo-aqui-lutando\/#primaryimage\",\"url\":\"https:\/\/brasilnoticias.org\/site\/wp-content\/uploads\/2023\/08\/preta-gil-hospital.jpg\",\"contentUrl\":\"https:\/\/brasilnoticias.org\/site\/wp-content\/uploads\/2023\/08\/preta-gil-hospital.jpg\",\"width\":740,\"height\":470},{\"@type\":\"BreadcrumbList\",\"@id\":\"https:\/\/brasilnoticias.org\/site\/preta-gil-diz-que-cirurgia-foi-complexa-e-que-precisou-retirar-utero-sigo-aqui-lutando\/#breadcrumb\",\"itemListElement\":[{\"@type\":\"ListItem\",\"position\":1,\"name\":\"In\u00edcio\",\"item\":\"https:\/\/brasilnoticias.org\/site\/\"},{\"@type\":\"ListItem\",\"position\":2,\"name\":\"Preta Gil diz que cirurgia foi complexa e que precisou retirar \u00fatero: \u201csigo aqui lutando\u201d\"}]},{\"@type\":\"WebSite\",\"@id\":\"https:\/\/brasilnoticias.org\/site\/#website\",\"url\":\"https:\/\/brasilnoticias.org\/site\/\",\"name\":\"Brasil not\u00edcias\",\"description\":\"Brasil not\u00edcias\",\"publisher\":{\"@id\":\"https:\/\/brasilnoticias.org\/site\/#organization\"},\"potentialAction\":[{\"@type\":\"SearchAction\",\"target\":{\"@type\":\"EntryPoint\",\"urlTemplate\":\"https:\/\/brasilnoticias.org\/site\/?s={search_term_string}\"},\"query-input\":{\"@type\":\"PropertyValueSpecification\",\"valueRequired\":true,\"valueName\":\"search_term_string\"}}],\"inLanguage\":\"pt-PT\"},{\"@type\":\"Organization\",\"@id\":\"https:\/\/brasilnoticias.org\/site\/#organization\",\"name\":\"Brasil not\u00edcias\",\"url\":\"https:\/\/brasilnoticias.org\/site\/\",\"logo\":{\"@type\":\"ImageObject\",\"inLanguage\":\"pt-PT\",\"@id\":\"https:\/\/brasilnoticias.org\/site\/#\/schema\/logo\/image\/\",\"url\":\"https:\/\/brasilnoticias.org\/site\/wp-content\/uploads\/2022\/05\/cropped-brasilnoticias-mini.jpg\",\"contentUrl\":\"https:\/\/brasilnoticias.org\/site\/wp-content\/uploads\/2022\/05\/cropped-brasilnoticias-mini.jpg\",\"width\":314,\"height\":86,\"caption\":\"Brasil not\u00edcias\"},\"image\":{\"@id\":\"https:\/\/brasilnoticias.org\/site\/#\/schema\/logo\/image\/\"}},{\"@type\":\"Person\",\"@id\":\"https:\/\/brasilnoticias.org\/site\/#\/schema\/person\/03bbbfe6c7634ad18c26444ea39049fa\",\"name\":\"Reda\u00e7\u00e3o\",\"image\":{\"@type\":\"ImageObject\",\"inLanguage\":\"pt-PT\",\"@id\":\"https:\/\/brasilnoticias.org\/site\/#\/schema\/person\/image\/\",\"url\":\"https:\/\/secure.gravatar.com\/avatar\/9ecaf7327a696cb23ad926fedded5f1f04d7049de9e445375d55b48c001a6e42?s=96&d=mm&r=g\",\"contentUrl\":\"https:\/\/secure.gravatar.com\/avatar\/9ecaf7327a696cb23ad926fedded5f1f04d7049de9e445375d55b48c001a6e42?s=96&d=mm&r=g\",\"caption\":\"Reda\u00e7\u00e3o\"},\"url\":\"https:\/\/brasilnoticias.org\/site\/author\/henrique\/\"}]}<\/script>\n<!-- \/ Yoast SEO plugin. -->","yoast_head_json":{"title":"Preta Gil diz que cirurgia foi complexa e que precisou retirar \u00fatero: \u201csigo aqui lutando\u201d - Brasil not\u00edcias","robots":{"index":"index","follow":"follow","max-snippet":"max-snippet:-1","max-image-preview":"max-image-preview:large","max-video-preview":"max-video-preview:-1"},"canonical":"https:\/\/brasilnoticias.org\/site\/preta-gil-diz-que-cirurgia-foi-complexa-e-que-precisou-retirar-utero-sigo-aqui-lutando\/","og_locale":"pt_PT","og_type":"article","og_title":"Preta Gil diz que cirurgia foi complexa e que precisou retirar \u00fatero: \u201csigo aqui lutando\u201d - Brasil not\u00edcias","og_description":"Procedimento cir\u00fargico durou 14 horas, segundo Preta Rec\u00e9m-operada para a retirada de um tumor no reto, a cantora Preta Gil,","og_url":"https:\/\/brasilnoticias.org\/site\/preta-gil-diz-que-cirurgia-foi-complexa-e-que-precisou-retirar-utero-sigo-aqui-lutando\/","og_site_name":"Brasil not\u00edcias","article_published_time":"2023-08-21T09:00:51+00:00","og_image":[{"width":740,"height":470,"url":"https:\/\/brasilnoticias.org\/site\/wp-content\/uploads\/2023\/08\/preta-gil-hospital.jpg","type":"image\/jpeg"}],"author":"Reda\u00e7\u00e3o","twitter_card":"summary_large_image","twitter_misc":{"Escrito por":"Reda\u00e7\u00e3o"},"schema":{"@context":"https:\/\/schema.org","@graph":[{"@type":"Article","@id":"https:\/\/brasilnoticias.org\/site\/preta-gil-diz-que-cirurgia-foi-complexa-e-que-precisou-retirar-utero-sigo-aqui-lutando\/#article","isPartOf":{"@id":"https:\/\/brasilnoticias.org\/site\/preta-gil-diz-que-cirurgia-foi-complexa-e-que-precisou-retirar-utero-sigo-aqui-lutando\/"},"author":{"name":"Reda\u00e7\u00e3o","@id":"https:\/\/brasilnoticias.org\/site\/#\/schema\/person\/03bbbfe6c7634ad18c26444ea39049fa"},"headline":"Preta Gil diz que cirurgia foi complexa e que precisou retirar \u00fatero: \u201csigo aqui lutando\u201d","datePublished":"2023-08-21T09:00:51+00:00","mainEntityOfPage":{"@id":"https:\/\/brasilnoticias.org\/site\/preta-gil-diz-que-cirurgia-foi-complexa-e-que-precisou-retirar-utero-sigo-aqui-lutando\/"},"wordCount":190,"commentCount":0,"publisher":{"@id":"https:\/\/brasilnoticias.org\/site\/#organization"},"image":{"@id":"https:\/\/brasilnoticias.org\/site\/preta-gil-diz-que-cirurgia-foi-complexa-e-que-precisou-retirar-utero-sigo-aqui-lutando\/#primaryimage"},"thumbnailUrl":"https:\/\/brasilnoticias.org\/site\/wp-content\/uploads\/2023\/08\/preta-gil-hospital.jpg","articleSection":["Not\u00edcias","\u00daltimas"],"inLanguage":"pt-PT","potentialAction":[{"@type":"CommentAction","name":"Comment","target":["https:\/\/brasilnoticias.org\/site\/preta-gil-diz-que-cirurgia-foi-complexa-e-que-precisou-retirar-utero-sigo-aqui-lutando\/#respond"]}]},{"@type":"WebPage","@id":"https:\/\/brasilnoticias.org\/site\/preta-gil-diz-que-cirurgia-foi-complexa-e-que-precisou-retirar-utero-sigo-aqui-lutando\/","url":"https:\/\/brasilnoticias.org\/site\/preta-gil-diz-que-cirurgia-foi-complexa-e-que-precisou-retirar-utero-sigo-aqui-lutando\/","name":"Preta Gil diz que cirurgia foi complexa e que precisou retirar \u00fatero: \u201csigo aqui lutando\u201d - Brasil not\u00edcias","isPartOf":{"@id":"https:\/\/brasilnoticias.org\/site\/#website"},"primaryImageOfPage":{"@id":"https:\/\/brasilnoticias.org\/site\/preta-gil-diz-que-cirurgia-foi-complexa-e-que-precisou-retirar-utero-sigo-aqui-lutando\/#primaryimage"},"image":{"@id":"https:\/\/brasilnoticias.org\/site\/preta-gil-diz-que-cirurgia-foi-complexa-e-que-precisou-retirar-utero-sigo-aqui-lutando\/#primaryimage"},"thumbnailUrl":"https:\/\/brasilnoticias.org\/site\/wp-content\/uploads\/2023\/08\/preta-gil-hospital.jpg","datePublished":"2023-08-21T09:00:51+00:00","breadcrumb":{"@id":"https:\/\/brasilnoticias.org\/site\/preta-gil-diz-que-cirurgia-foi-complexa-e-que-precisou-retirar-utero-sigo-aqui-lutando\/#breadcrumb"},"inLanguage":"pt-PT","potentialAction":[{"@type":"ReadAction","target":["https:\/\/brasilnoticias.org\/site\/preta-gil-diz-que-cirurgia-foi-complexa-e-que-precisou-retirar-utero-sigo-aqui-lutando\/"]}]},{"@type":"ImageObject","inLanguage":"pt-PT","@id":"https:\/\/brasilnoticias.org\/site\/preta-gil-diz-que-cirurgia-foi-complexa-e-que-precisou-retirar-utero-sigo-aqui-lutando\/#primaryimage","url":"https:\/\/brasilnoticias.org\/site\/wp-content\/uploads\/2023\/08\/preta-gil-hospital.jpg","contentUrl":"https:\/\/brasilnoticias.org\/site\/wp-content\/uploads\/2023\/08\/preta-gil-hospital.jpg","width":740,"height":470},{"@type":"BreadcrumbList","@id":"https:\/\/brasilnoticias.org\/site\/preta-gil-diz-que-cirurgia-foi-complexa-e-que-precisou-retirar-utero-sigo-aqui-lutando\/#breadcrumb","itemListElement":[{"@type":"ListItem","position":1,"name":"In\u00edcio","item":"https:\/\/brasilnoticias.org\/site\/"},{"@type":"ListItem","position":2,"name":"Preta Gil diz que cirurgia foi complexa e que precisou retirar \u00fatero: \u201csigo aqui lutando\u201d"}]},{"@type":"WebSite","@id":"https:\/\/brasilnoticias.org\/site\/#website","url":"https:\/\/brasilnoticias.org\/site\/","name":"Brasil not\u00edcias","description":"Brasil not\u00edcias","publisher":{"@id":"https:\/\/brasilnoticias.org\/site\/#organization"},"potentialAction":[{"@type":"SearchAction","target":{"@type":"EntryPoint","urlTemplate":"https:\/\/brasilnoticias.org\/site\/?s={search_term_string}"},"query-input":{"@type":"PropertyValueSpecification","valueRequired":true,"valueName":"search_term_string"}}],"inLanguage":"pt-PT"},{"@type":"Organization","@id":"https:\/\/brasilnoticias.org\/site\/#organization","name":"Brasil not\u00edcias","url":"https:\/\/brasilnoticias.org\/site\/","logo":{"@type":"ImageObject","inLanguage":"pt-PT","@id":"https:\/\/brasilnoticias.org\/site\/#\/schema\/logo\/image\/","url":"https:\/\/brasilnoticias.org\/site\/wp-content\/uploads\/2022\/05\/cropped-brasilnoticias-mini.jpg","contentUrl":"https:\/\/brasilnoticias.org\/site\/wp-content\/uploads\/2022\/05\/cropped-brasilnoticias-mini.jpg","width":314,"height":86,"caption":"Brasil not\u00edcias"},"image":{"@id":"https:\/\/brasilnoticias.org\/site\/#\/schema\/logo\/image\/"}},{"@type":"Person","@id":"https:\/\/brasilnoticias.org\/site\/#\/schema\/person\/03bbbfe6c7634ad18c26444ea39049fa","name":"Reda\u00e7\u00e3o","image":{"@type":"ImageObject","inLanguage":"pt-PT","@id":"https:\/\/brasilnoticias.org\/site\/#\/schema\/person\/image\/","url":"https:\/\/secure.gravatar.com\/avatar\/9ecaf7327a696cb23ad926fedded5f1f04d7049de9e445375d55b48c001a6e42?s=96&d=mm&r=g","contentUrl":"https:\/\/secure.gravatar.com\/avatar\/9ecaf7327a696cb23ad926fedded5f1f04d7049de9e445375d55b48c001a6e42?s=96&d=mm&r=g","caption":"Reda\u00e7\u00e3o"},"url":"https:\/\/brasilnoticias.org\/site\/author\/henrique\/"}]}},"_links":{"self":[{"href":"https:\/\/brasilnoticias.org\/site\/wp-json\/wp\/v2\/posts\/8478","targetHints":{"allow":["GET"]}}],"collection":[{"href":"https:\/\/brasilnoticias.org\/site\/wp-json\/wp\/v2\/posts"}],"about":[{"href":"https:\/\/brasilnoticias.org\/site\/wp-json\/wp\/v2\/types\/post"}],"author":[{"embeddable":true,"href":"https:\/\/brasilnoticias.org\/site\/wp-json\/wp\/v2\/users\/4"}],"replies":[{"embeddable":true,"href":"https:\/\/brasilnoticias.org\/site\/wp-json\/wp\/v2\/comments?post=8478"}],"version-history":[{"count":1,"href":"https:\/\/brasilnoticias.org\/site\/wp-json\/wp\/v2\/posts\/8478\/revisions"}],"predecessor-version":[{"id":8480,"href":"https:\/\/brasilnoticias.org\/site\/wp-json\/wp\/v2\/posts\/8478\/revisions\/8480"}],"wp:featuredmedia":[{"embeddable":true,"href":"https:\/\/brasilnoticias.org\/site\/wp-json\/wp\/v2\/media\/8479"}],"wp:attachment":[{"href":"https:\/\/brasilnoticias.org\/site\/wp-json\/wp\/v2\/media?parent=8478"}],"wp:term":[{"taxonomy":"category","embeddable":true,"href":"https:\/\/brasilnoticias.org\/site\/wp-json\/wp\/v2\/categories?post=8478"},{"taxonomy":"post_tag","embeddable":true,"href":"https:\/\/brasilnoticias.org\/site\/wp-json\/wp\/v2\/tags?post=8478"}],"curies":[{"name":"wp","href":"https:\/\/api.w.org\/{rel}","templated":true}]}}