{"id":8481,"date":"2023-08-21T07:00:27","date_gmt":"2023-08-21T10:00:27","guid":{"rendered":"https:\/\/brasilnoticias.org\/site\/?p=8481"},"modified":"2023-08-20T18:36:26","modified_gmt":"2023-08-20T21:36:26","slug":"apos-campanha-marcada-por-assassinatos-equador-vai-as-urnas-para-escolher-um-novo-presidente","status":"publish","type":"post","link":"https:\/\/brasilnoticias.org\/site\/apos-campanha-marcada-por-assassinatos-equador-vai-as-urnas-para-escolher-um-novo-presidente\/","title":{"rendered":"Ap\u00f3s campanha marcada por assassinatos, Equador vai \u00e0s urnas para escolher um novo presidente"},"content":{"rendered":"<p>A viol\u00eancia foi o grande tema da temporada eleitoral. O Equador faz elei\u00e7\u00f5es antecipadas; o atual presidente, Guillermo Lasso, dissolveu a Assembleia Nacional e convocou uma nova vota\u00e7\u00e3o.<\/p>\n<p>Os eleitores do Equador votam neste domingo (20) no primeiro turno das elei\u00e7\u00f5es presidenciais do pa\u00eds e a escolha de quem ser\u00e3o os deputados da Assembleia Nacional do pa\u00eds \u2013a campanha foi marcada pelo assassinato de Fernando Villavicencio, um dos candidatos, e por outros epis\u00f3dios de viol\u00eancia.<\/p>\n<p>A vota\u00e7\u00e3o no pa\u00eds come\u00e7ou \u00e0s 9 horas da manh\u00e3, hor\u00e1rio de Bras\u00edlia, com previs\u00e3o de encerramento para as 19h, hor\u00e1rio de Bras\u00edlia.<\/p>\n<p>Villavicencio foi assassinado por atiradores na sa\u00edda de um com\u00edcio na cidade de Quito. A pol\u00edcia prendeu seis suspeitos de terem cometido o crime, e um s\u00e9timo morreu em uma troca de tiros. Todos os suspeitos s\u00e3o colombianos.<\/p>\n<p>A candidatura da v\u00edtima foi assumida por um amigo, Christian Zurita. O nome de Villavicencio vai aparecer nas c\u00e9dulas, mas os eleitores ser\u00e3o avisados que o voto ser\u00e1 para Zurita. Pela legisla\u00e7\u00e3o equatoriana, a candidata a vice, Andrea Gonz\u00e1lez, n\u00e3o poderia assumir a cabe\u00e7a de chapa.<\/p>\n<p>Zurita compareceu \u00e0 se\u00e7\u00e3o eleitoral com forte esquema de seguran\u00e7a, usando um capacete e colete de prote\u00e7\u00e3o. A candidata presidencial Luisa Gonzalez tamb\u00e9m j\u00e1 registrou seu voto ainda pela manh\u00e3.<\/p>\n<p>Al\u00e9m do assassinato do candidato Villavicencio, houve outros registros de viol\u00eancia:<\/p>\n<p>Um dirigente partid\u00e1rio foi assassinado dias depois.<br \/>\nUm outro candidato afirmou que foi v\u00edtima de um atentado (a pol\u00edcia nega que tenha havia um atentado).<br \/>\nH\u00e1 meses, antes mesmo da convoca\u00e7\u00e3o de elei\u00e7\u00e3o presidencial antecipada, um candidato a prefeito foi assassinado.<br \/>\nA viol\u00eancia foi o grande tema da campanha. Gustavo Menon, professor da Universidade Cat\u00f3lica de Bras\u00edlia e autor do livro \u201cA Revolu\u00e7\u00e3o Cidad\u00e3 no Equador\u201d afirma que o que est\u00e1 em jogo &#8220;\u00e9 a capacidade do governo equatoriano de controlar seu territ\u00f3rio, seu Estado&#8221;.<\/p>\n<p>As pesquisas feitas antes do crime apontavam um grande favoritismo da esquerda, mas depois do assassinato, as pesquisas indicam o crescimento da direita (veja mais abaixo o que dizem as pesquisas).<\/p>\n<p>Salvador Schavelzon, professor do programa de integra\u00e7\u00e3o latino-americana da USP e professor da Unifesp, afirma que se j\u00e1 \u00e9 dif\u00edcil saber o que acontecer\u00e1 em uma vota\u00e7\u00e3o em um per\u00edodo normal, o cen\u00e1rio atual do Equador, com uma onda de crimes, \u00e9 ainda mais imprevis\u00edvel.<\/p>\n<p>Por que o Equador est\u00e1 votando em elei\u00e7\u00f5es antecipadas?<br \/>\nH\u00e1 cerca de tr\u00eas meses, o atual presidente, Guillermo Lasso, enfrentava um processo de impeachment, o primeiro na hist\u00f3ria recente do Equador. Com uma base fr\u00e1gil no Legislativo, ele resolveu dissolver o Congresso e convocar novas elei\u00e7\u00f5es. A dissolu\u00e7\u00e3o da Assembleia Nacional e convoca\u00e7\u00e3o de novas elei\u00e7\u00f5es presidenciais chama-se morte cruzada.<\/p>\n<p>Lasso tinha sido eleito em abril de 2021, e o partido dele havia conquistado 12 cadeiras no Parlamento. O corre\u00edsmo, a principal for\u00e7a de esquerda no pa\u00eds, tinha 48 deputados.<\/p>\n<p>Ele at\u00e9 poderia se candidatar nas elei\u00e7\u00f5es que ele mesmo antecipou, mas preferiu ficar de fora.<\/p>\n<p>Quais s\u00e3o as principais for\u00e7as pol\u00edticas no pa\u00eds?<br \/>\nCorreismo<br \/>\nVoto ind\u00edgena<br \/>\nDireita<br \/>\nO corre\u00edsmo<\/p>\n<p>O corre\u00edsmo \u00e9 a corrente pol\u00edtica ligada ao ex-presidente Rafael Correa, que foi condenado e vive no ex\u00edlio. Gustavo Menon, da Universidade Cat\u00f3lica de Bras\u00edlia, define o corre\u00edsmo como um ideario de esquerda que esteve no poder entre 2007 e 2017, adotou uma nova Constitui\u00e7\u00e3o e apostou em empresas estatais para impulsionar a economia.<\/p>\n<p>Como o pr\u00f3prio Correa n\u00e3o pode concorrer, a for\u00e7a pol\u00edtica aparece nas urnas com aliados. Em 2021, foi Andr\u00e9s Arauz. Dessa vez, a cadidata do corre\u00edsmo \u00e9 Luisa Gonz\u00e1les.<\/p>\n<p>Menon afirma uqe ainda que a corrente n\u00e3o tenha um partido organizado, \u00e9 a for\u00e7a pol\u00edtica determinante no pa\u00eds: muitas candidaturas se definem como anticorre\u00edstas.<\/p>\n<p>O voto ind\u00edgena<\/p>\n<p>A partir da d\u00e9cada de 1990, os ind\u00edgenas do Equador se organizaram politicamente. H\u00e1 uma confedera\u00e7\u00e3o de diferentes grupos, chamada Conaie, que tem um partido, o Pachacuti.<\/p>\n<p>A representatividade desses grupos \u00e9 suficientemente significativa para a pr\u00f3pria denomina\u00e7\u00e3o do pa\u00eds, que \u00e9 um Estado Plurinacional \u2013ou seja, um pa\u00eds que admite que cont\u00e9m diversas na\u00e7\u00f5es.<\/p>\n<p>Nessas elei\u00e7\u00f5es h\u00e1 um candidato ind\u00edgena, Yaku Perez, que defende pautas pol\u00edticas associadas ao conservacionismo e a defesa dos povos origin\u00e1rios. No entanto, isso n\u00e3o significa que ele conseguiu convencer a maioria dos eleitores ind\u00edgenas neste domingo, afirma SALVADO. \u201cA din\u00e2mica do voto ind\u00edgena \u00e9 multifacetada e envolve influ\u00eancias variadas, como o hist\u00f3rico do movimento ind\u00edgena, a import\u00e2ncia da representatividade ind\u00edgena e a prefer\u00eancia por candidatos ligados ao movimento\u201d.<\/p>\n<p>Salvador diz que \u201cNo contexto latino-americano, a presen\u00e7a pol\u00edtica ind\u00edgena equatoriana se destaca como algo singular.<\/p>\n<p>A direita em uma mudan\u00e7a<\/p>\n<p>Nessas elei\u00e7\u00f5es h\u00e1 diversas candidaturas de direita, e os candidatos desse campo t\u00eam perfis diferentes, afirma Gustavo Menon. H\u00e1 um presidenci\u00e1vel de uma fam\u00edlia tradicional, um outro que foi vice-presidente e busca se colocar como um moderado e um empres\u00e1rio com o discurso de renova\u00e7\u00e3o da pol\u00edtica. No entanto, s\u00e3o for\u00e7as que devem se aglutinar em torno de um s\u00f3 nome na reta final &#8211;aparentemente, Jan Topic, que \u00e9 de uma candidatura muito competitiva, segundo Menon.<\/p>\n<p>Segundo Salvador, assim como em outros pa\u00edses latino-americanos, candidatos de direita t\u00eam sido mais vocais ao defender princ\u00edpios conservadores. O atual presidente de El Salvador, Nayib Bukele, que governa em um estado de regime de exce\u00e7\u00e3o permanente, \u00e9 um exemplo para alguns dos candidatos de direita no Equador.<\/p>\n<p>Quem s\u00e3o os candidatos<br \/>\nLuisa Gonzalez<\/p>\n<p>Luisa Gonzalez, uma advogada de 45 anos, prometeu restaurar os programas sociais implementados por Rafael Correa. Ela faz campanha relembrando as pol\u00edticas populares de sa\u00fade e educa\u00e7\u00e3o de Correa e afirma que planeja &#8220;recuperar a p\u00e1tria&#8221;.<\/p>\n<p>Gonzalez liderava as pesquisas com cerca de 30% de inten\u00e7\u00e3o de voto, embora nenhuma pesquisa tenha sido feita ap\u00f3s o assassinato de Villavicencio. Ela nega que perdoaria Correa, condenado por corrup\u00e7\u00e3o.<\/p>\n<p>Yaku Perez<\/p>\n<p>Perez, um ambientalista ind\u00edgena, ficou em terceiro lugar na elei\u00e7\u00e3o de 2021. Ele tem como proposta o combate \u00e0s mudan\u00e7as clim\u00e1ticas e tornar a agricultura, n\u00e3o o petr\u00f3leo, a base econ\u00f4mica do Equador.<\/p>\n<p>Ele \u00e9 contr\u00e1rio \u00e0 explora\u00e7\u00e3o de petr\u00f3leo na Amaz\u00f4nia e \u00e0 minera\u00e7\u00e3o em florestas pr\u00f3ximas. Com 54 anos, promete melhorar programas sociais e seguran\u00e7a.<\/p>\n<p>Otto Sonnenholzner<\/p>\n<p>Empres\u00e1rio e economista de 40 anos, Sonnenholzner busca trazer &#8220;paz, dinheiro e progresso&#8221;. Sua passagem como vice-presidente do ex-presidente Lenin Moreno pode afetar sua imagem de um pol\u00edtico que busca renova\u00e7\u00e3o.<\/p>\n<p>Ele afirma que suas prioridades s\u00e3o seguran\u00e7a, empregos por investimento privado e crescimento sustent\u00e1vel.<\/p>\n<p>Jan Topic<\/p>\n<p>Topic, um empres\u00e1rio de 40 anos, \u00e9 outro que promete focar seus esfor\u00e7os como presidente na seguran\u00e7a, inspirado em Bukele de El Salvador.<\/p>\n<p>Ele defende usar tecnologia para combater o crime. Ele n\u00e3o tem experi\u00eancia pol\u00edtica e tenta se distanciar de acusa\u00e7\u00f5es de abusos aos direitos humanos de Bukele.<\/p>\n<p>Christian Zurita<\/p>\n<p>O candidato original dessa chapa era Fernando Villavicencio, que foi assassinado. Zurita, que era jornalista, afirma que vai lutar contra a corrup\u00e7\u00e3o e fortalecer a pol\u00edcia.<\/p>\n<p>Assim como Villavicencio, ele e Rafael Correa s\u00e3o advers\u00e1rios.<\/p>\n<p>As c\u00e9dulas mostrar\u00e3o o nome de Villavicencio, mas os votos contar\u00e3o para seu substituto.<\/p>\n<p>O que dizem as pesquisas<br \/>\nDe acordo com o agregador de pesquisas da AS\/COA, a candidata Luisa Gonz\u00e1les lidera as pesquisas, mas ela est\u00e1 em queda nos \u00faltimos dias. Jan Topic, o segundo colocado, ganhou embalo no m\u00eas de agosto.<\/p>\n<p>Luisa Gonzales: 24,9<br \/>\nJan Topic: 21,7<br \/>\nChristian Zurita (Fernando Villavicencio): 14,5<br \/>\nOtto Sonnenholzner: 8,2<br \/>\nYaku Perez: 5,8<\/p>\n<p>Imagem: MARTIN BERNETTI\/AFP<br \/>\nG1<\/p>\n","protected":false},"excerpt":{"rendered":"<p>A viol\u00eancia foi o grande tema da temporada eleitoral. O Equador faz elei\u00e7\u00f5es antecipadas; o atual presidente, Guillermo Lasso, dissolveu<\/p>\n","protected":false},"author":4,"featured_media":8482,"comment_status":"open","ping_status":"open","sticky":false,"template":"","format":"standard","meta":{"colormag_page_container_layout":"default_layout","colormag_page_sidebar_layout":"default_layout","_FSMCFIC_featured_image_caption":"","_FSMCFIC_featured_image_nocaption":"","_FSMCFIC_featured_image_hide":"","footnotes":""},"categories":[6,1],"tags":[],"class_list":["post-8481","post","type-post","status-publish","format-standard","has-post-thumbnail","hentry","category-mundo","category-ultimas"],"yoast_head":"<!-- This site is optimized with the Yoast SEO plugin v27.1.1 - https:\/\/yoast.com\/product\/yoast-seo-wordpress\/ -->\n<title>Ap\u00f3s campanha marcada por assassinatos, Equador vai \u00e0s urnas para escolher um novo presidente - Brasil not\u00edcias<\/title>\n<meta name=\"robots\" content=\"index, follow, max-snippet:-1, max-image-preview:large, max-video-preview:-1\" \/>\n<link rel=\"canonical\" href=\"https:\/\/brasilnoticias.org\/site\/apos-campanha-marcada-por-assassinatos-equador-vai-as-urnas-para-escolher-um-novo-presidente\/\" \/>\n<meta property=\"og:locale\" content=\"pt_PT\" \/>\n<meta property=\"og:type\" content=\"article\" \/>\n<meta property=\"og:title\" content=\"Ap\u00f3s campanha marcada por assassinatos, Equador vai \u00e0s urnas para escolher um novo presidente - Brasil not\u00edcias\" \/>\n<meta property=\"og:description\" content=\"A viol\u00eancia foi o grande tema da temporada eleitoral. O Equador faz elei\u00e7\u00f5es antecipadas; o atual presidente, Guillermo Lasso, dissolveu\" \/>\n<meta property=\"og:url\" content=\"https:\/\/brasilnoticias.org\/site\/apos-campanha-marcada-por-assassinatos-equador-vai-as-urnas-para-escolher-um-novo-presidente\/\" \/>\n<meta property=\"og:site_name\" content=\"Brasil not\u00edcias\" \/>\n<meta property=\"article:published_time\" content=\"2023-08-21T10:00:27+00:00\" \/>\n<meta property=\"og:image\" content=\"https:\/\/brasilnoticias.org\/site\/wp-content\/uploads\/2023\/08\/19ago23-membros-das-forcas-armadas-distribuem-material-eleitoral-em-postos-de-votacao-em-quito-1692534153352_v2_900x506.jpg.webp\" \/>\n\t<meta property=\"og:image:width\" content=\"900\" \/>\n\t<meta property=\"og:image:height\" content=\"506\" \/>\n\t<meta property=\"og:image:type\" content=\"image\/webp\" \/>\n<meta name=\"author\" content=\"Reda\u00e7\u00e3o\" \/>\n<meta name=\"twitter:card\" content=\"summary_large_image\" \/>\n<meta name=\"twitter:label1\" content=\"Escrito por\" \/>\n\t<meta name=\"twitter:data1\" content=\"Reda\u00e7\u00e3o\" \/>\n<script type=\"application\/ld+json\" class=\"yoast-schema-graph\">{\"@context\":\"https:\/\/schema.org\",\"@graph\":[{\"@type\":\"Article\",\"@id\":\"https:\/\/brasilnoticias.org\/site\/apos-campanha-marcada-por-assassinatos-equador-vai-as-urnas-para-escolher-um-novo-presidente\/#article\",\"isPartOf\":{\"@id\":\"https:\/\/brasilnoticias.org\/site\/apos-campanha-marcada-por-assassinatos-equador-vai-as-urnas-para-escolher-um-novo-presidente\/\"},\"author\":{\"name\":\"Reda\u00e7\u00e3o\",\"@id\":\"https:\/\/brasilnoticias.org\/site\/#\/schema\/person\/03bbbfe6c7634ad18c26444ea39049fa\"},\"headline\":\"Ap\u00f3s campanha marcada por assassinatos, Equador vai \u00e0s urnas para escolher um novo presidente\",\"datePublished\":\"2023-08-21T10:00:27+00:00\",\"mainEntityOfPage\":{\"@id\":\"https:\/\/brasilnoticias.org\/site\/apos-campanha-marcada-por-assassinatos-equador-vai-as-urnas-para-escolher-um-novo-presidente\/\"},\"wordCount\":1380,\"commentCount\":0,\"publisher\":{\"@id\":\"https:\/\/brasilnoticias.org\/site\/#organization\"},\"image\":{\"@id\":\"https:\/\/brasilnoticias.org\/site\/apos-campanha-marcada-por-assassinatos-equador-vai-as-urnas-para-escolher-um-novo-presidente\/#primaryimage\"},\"thumbnailUrl\":\"https:\/\/brasilnoticias.org\/site\/wp-content\/uploads\/2023\/08\/19ago23-membros-das-forcas-armadas-distribuem-material-eleitoral-em-postos-de-votacao-em-quito-1692534153352_v2_900x506.jpg.webp\",\"articleSection\":[\"Mundo\",\"\u00daltimas\"],\"inLanguage\":\"pt-PT\",\"potentialAction\":[{\"@type\":\"CommentAction\",\"name\":\"Comment\",\"target\":[\"https:\/\/brasilnoticias.org\/site\/apos-campanha-marcada-por-assassinatos-equador-vai-as-urnas-para-escolher-um-novo-presidente\/#respond\"]}]},{\"@type\":\"WebPage\",\"@id\":\"https:\/\/brasilnoticias.org\/site\/apos-campanha-marcada-por-assassinatos-equador-vai-as-urnas-para-escolher-um-novo-presidente\/\",\"url\":\"https:\/\/brasilnoticias.org\/site\/apos-campanha-marcada-por-assassinatos-equador-vai-as-urnas-para-escolher-um-novo-presidente\/\",\"name\":\"Ap\u00f3s campanha marcada por assassinatos, Equador vai \u00e0s urnas para escolher um novo presidente - Brasil not\u00edcias\",\"isPartOf\":{\"@id\":\"https:\/\/brasilnoticias.org\/site\/#website\"},\"primaryImageOfPage\":{\"@id\":\"https:\/\/brasilnoticias.org\/site\/apos-campanha-marcada-por-assassinatos-equador-vai-as-urnas-para-escolher-um-novo-presidente\/#primaryimage\"},\"image\":{\"@id\":\"https:\/\/brasilnoticias.org\/site\/apos-campanha-marcada-por-assassinatos-equador-vai-as-urnas-para-escolher-um-novo-presidente\/#primaryimage\"},\"thumbnailUrl\":\"https:\/\/brasilnoticias.org\/site\/wp-content\/uploads\/2023\/08\/19ago23-membros-das-forcas-armadas-distribuem-material-eleitoral-em-postos-de-votacao-em-quito-1692534153352_v2_900x506.jpg.webp\",\"datePublished\":\"2023-08-21T10:00:27+00:00\",\"breadcrumb\":{\"@id\":\"https:\/\/brasilnoticias.org\/site\/apos-campanha-marcada-por-assassinatos-equador-vai-as-urnas-para-escolher-um-novo-presidente\/#breadcrumb\"},\"inLanguage\":\"pt-PT\",\"potentialAction\":[{\"@type\":\"ReadAction\",\"target\":[\"https:\/\/brasilnoticias.org\/site\/apos-campanha-marcada-por-assassinatos-equador-vai-as-urnas-para-escolher-um-novo-presidente\/\"]}]},{\"@type\":\"ImageObject\",\"inLanguage\":\"pt-PT\",\"@id\":\"https:\/\/brasilnoticias.org\/site\/apos-campanha-marcada-por-assassinatos-equador-vai-as-urnas-para-escolher-um-novo-presidente\/#primaryimage\",\"url\":\"https:\/\/brasilnoticias.org\/site\/wp-content\/uploads\/2023\/08\/19ago23-membros-das-forcas-armadas-distribuem-material-eleitoral-em-postos-de-votacao-em-quito-1692534153352_v2_900x506.jpg.webp\",\"contentUrl\":\"https:\/\/brasilnoticias.org\/site\/wp-content\/uploads\/2023\/08\/19ago23-membros-das-forcas-armadas-distribuem-material-eleitoral-em-postos-de-votacao-em-quito-1692534153352_v2_900x506.jpg.webp\",\"width\":900,\"height\":506},{\"@type\":\"BreadcrumbList\",\"@id\":\"https:\/\/brasilnoticias.org\/site\/apos-campanha-marcada-por-assassinatos-equador-vai-as-urnas-para-escolher-um-novo-presidente\/#breadcrumb\",\"itemListElement\":[{\"@type\":\"ListItem\",\"position\":1,\"name\":\"In\u00edcio\",\"item\":\"https:\/\/brasilnoticias.org\/site\/\"},{\"@type\":\"ListItem\",\"position\":2,\"name\":\"Ap\u00f3s campanha marcada por assassinatos, Equador vai \u00e0s urnas para escolher um novo presidente\"}]},{\"@type\":\"WebSite\",\"@id\":\"https:\/\/brasilnoticias.org\/site\/#website\",\"url\":\"https:\/\/brasilnoticias.org\/site\/\",\"name\":\"Brasil not\u00edcias\",\"description\":\"Brasil not\u00edcias\",\"publisher\":{\"@id\":\"https:\/\/brasilnoticias.org\/site\/#organization\"},\"potentialAction\":[{\"@type\":\"SearchAction\",\"target\":{\"@type\":\"EntryPoint\",\"urlTemplate\":\"https:\/\/brasilnoticias.org\/site\/?s={search_term_string}\"},\"query-input\":{\"@type\":\"PropertyValueSpecification\",\"valueRequired\":true,\"valueName\":\"search_term_string\"}}],\"inLanguage\":\"pt-PT\"},{\"@type\":\"Organization\",\"@id\":\"https:\/\/brasilnoticias.org\/site\/#organization\",\"name\":\"Brasil not\u00edcias\",\"url\":\"https:\/\/brasilnoticias.org\/site\/\",\"logo\":{\"@type\":\"ImageObject\",\"inLanguage\":\"pt-PT\",\"@id\":\"https:\/\/brasilnoticias.org\/site\/#\/schema\/logo\/image\/\",\"url\":\"https:\/\/brasilnoticias.org\/site\/wp-content\/uploads\/2022\/05\/cropped-brasilnoticias-mini.jpg\",\"contentUrl\":\"https:\/\/brasilnoticias.org\/site\/wp-content\/uploads\/2022\/05\/cropped-brasilnoticias-mini.jpg\",\"width\":314,\"height\":86,\"caption\":\"Brasil not\u00edcias\"},\"image\":{\"@id\":\"https:\/\/brasilnoticias.org\/site\/#\/schema\/logo\/image\/\"}},{\"@type\":\"Person\",\"@id\":\"https:\/\/brasilnoticias.org\/site\/#\/schema\/person\/03bbbfe6c7634ad18c26444ea39049fa\",\"name\":\"Reda\u00e7\u00e3o\",\"image\":{\"@type\":\"ImageObject\",\"inLanguage\":\"pt-PT\",\"@id\":\"https:\/\/brasilnoticias.org\/site\/#\/schema\/person\/image\/\",\"url\":\"https:\/\/secure.gravatar.com\/avatar\/9ecaf7327a696cb23ad926fedded5f1f04d7049de9e445375d55b48c001a6e42?s=96&d=mm&r=g\",\"contentUrl\":\"https:\/\/secure.gravatar.com\/avatar\/9ecaf7327a696cb23ad926fedded5f1f04d7049de9e445375d55b48c001a6e42?s=96&d=mm&r=g\",\"caption\":\"Reda\u00e7\u00e3o\"},\"url\":\"https:\/\/brasilnoticias.org\/site\/author\/henrique\/\"}]}<\/script>\n<!-- \/ Yoast SEO plugin. -->","yoast_head_json":{"title":"Ap\u00f3s campanha marcada por assassinatos, Equador vai \u00e0s urnas para escolher um novo presidente - Brasil not\u00edcias","robots":{"index":"index","follow":"follow","max-snippet":"max-snippet:-1","max-image-preview":"max-image-preview:large","max-video-preview":"max-video-preview:-1"},"canonical":"https:\/\/brasilnoticias.org\/site\/apos-campanha-marcada-por-assassinatos-equador-vai-as-urnas-para-escolher-um-novo-presidente\/","og_locale":"pt_PT","og_type":"article","og_title":"Ap\u00f3s campanha marcada por assassinatos, Equador vai \u00e0s urnas para escolher um novo presidente - Brasil not\u00edcias","og_description":"A viol\u00eancia foi o grande tema da temporada eleitoral. O Equador faz elei\u00e7\u00f5es antecipadas; o atual presidente, Guillermo Lasso, dissolveu","og_url":"https:\/\/brasilnoticias.org\/site\/apos-campanha-marcada-por-assassinatos-equador-vai-as-urnas-para-escolher-um-novo-presidente\/","og_site_name":"Brasil not\u00edcias","article_published_time":"2023-08-21T10:00:27+00:00","og_image":[{"width":900,"height":506,"url":"https:\/\/brasilnoticias.org\/site\/wp-content\/uploads\/2023\/08\/19ago23-membros-das-forcas-armadas-distribuem-material-eleitoral-em-postos-de-votacao-em-quito-1692534153352_v2_900x506.jpg.webp","type":"image\/webp"}],"author":"Reda\u00e7\u00e3o","twitter_card":"summary_large_image","twitter_misc":{"Escrito por":"Reda\u00e7\u00e3o"},"schema":{"@context":"https:\/\/schema.org","@graph":[{"@type":"Article","@id":"https:\/\/brasilnoticias.org\/site\/apos-campanha-marcada-por-assassinatos-equador-vai-as-urnas-para-escolher-um-novo-presidente\/#article","isPartOf":{"@id":"https:\/\/brasilnoticias.org\/site\/apos-campanha-marcada-por-assassinatos-equador-vai-as-urnas-para-escolher-um-novo-presidente\/"},"author":{"name":"Reda\u00e7\u00e3o","@id":"https:\/\/brasilnoticias.org\/site\/#\/schema\/person\/03bbbfe6c7634ad18c26444ea39049fa"},"headline":"Ap\u00f3s campanha marcada por assassinatos, Equador vai \u00e0s urnas para escolher um novo presidente","datePublished":"2023-08-21T10:00:27+00:00","mainEntityOfPage":{"@id":"https:\/\/brasilnoticias.org\/site\/apos-campanha-marcada-por-assassinatos-equador-vai-as-urnas-para-escolher-um-novo-presidente\/"},"wordCount":1380,"commentCount":0,"publisher":{"@id":"https:\/\/brasilnoticias.org\/site\/#organization"},"image":{"@id":"https:\/\/brasilnoticias.org\/site\/apos-campanha-marcada-por-assassinatos-equador-vai-as-urnas-para-escolher-um-novo-presidente\/#primaryimage"},"thumbnailUrl":"https:\/\/brasilnoticias.org\/site\/wp-content\/uploads\/2023\/08\/19ago23-membros-das-forcas-armadas-distribuem-material-eleitoral-em-postos-de-votacao-em-quito-1692534153352_v2_900x506.jpg.webp","articleSection":["Mundo","\u00daltimas"],"inLanguage":"pt-PT","potentialAction":[{"@type":"CommentAction","name":"Comment","target":["https:\/\/brasilnoticias.org\/site\/apos-campanha-marcada-por-assassinatos-equador-vai-as-urnas-para-escolher-um-novo-presidente\/#respond"]}]},{"@type":"WebPage","@id":"https:\/\/brasilnoticias.org\/site\/apos-campanha-marcada-por-assassinatos-equador-vai-as-urnas-para-escolher-um-novo-presidente\/","url":"https:\/\/brasilnoticias.org\/site\/apos-campanha-marcada-por-assassinatos-equador-vai-as-urnas-para-escolher-um-novo-presidente\/","name":"Ap\u00f3s campanha marcada por assassinatos, Equador vai \u00e0s urnas para escolher um novo presidente - Brasil not\u00edcias","isPartOf":{"@id":"https:\/\/brasilnoticias.org\/site\/#website"},"primaryImageOfPage":{"@id":"https:\/\/brasilnoticias.org\/site\/apos-campanha-marcada-por-assassinatos-equador-vai-as-urnas-para-escolher-um-novo-presidente\/#primaryimage"},"image":{"@id":"https:\/\/brasilnoticias.org\/site\/apos-campanha-marcada-por-assassinatos-equador-vai-as-urnas-para-escolher-um-novo-presidente\/#primaryimage"},"thumbnailUrl":"https:\/\/brasilnoticias.org\/site\/wp-content\/uploads\/2023\/08\/19ago23-membros-das-forcas-armadas-distribuem-material-eleitoral-em-postos-de-votacao-em-quito-1692534153352_v2_900x506.jpg.webp","datePublished":"2023-08-21T10:00:27+00:00","breadcrumb":{"@id":"https:\/\/brasilnoticias.org\/site\/apos-campanha-marcada-por-assassinatos-equador-vai-as-urnas-para-escolher-um-novo-presidente\/#breadcrumb"},"inLanguage":"pt-PT","potentialAction":[{"@type":"ReadAction","target":["https:\/\/brasilnoticias.org\/site\/apos-campanha-marcada-por-assassinatos-equador-vai-as-urnas-para-escolher-um-novo-presidente\/"]}]},{"@type":"ImageObject","inLanguage":"pt-PT","@id":"https:\/\/brasilnoticias.org\/site\/apos-campanha-marcada-por-assassinatos-equador-vai-as-urnas-para-escolher-um-novo-presidente\/#primaryimage","url":"https:\/\/brasilnoticias.org\/site\/wp-content\/uploads\/2023\/08\/19ago23-membros-das-forcas-armadas-distribuem-material-eleitoral-em-postos-de-votacao-em-quito-1692534153352_v2_900x506.jpg.webp","contentUrl":"https:\/\/brasilnoticias.org\/site\/wp-content\/uploads\/2023\/08\/19ago23-membros-das-forcas-armadas-distribuem-material-eleitoral-em-postos-de-votacao-em-quito-1692534153352_v2_900x506.jpg.webp","width":900,"height":506},{"@type":"BreadcrumbList","@id":"https:\/\/brasilnoticias.org\/site\/apos-campanha-marcada-por-assassinatos-equador-vai-as-urnas-para-escolher-um-novo-presidente\/#breadcrumb","itemListElement":[{"@type":"ListItem","position":1,"name":"In\u00edcio","item":"https:\/\/brasilnoticias.org\/site\/"},{"@type":"ListItem","position":2,"name":"Ap\u00f3s campanha marcada por assassinatos, Equador vai \u00e0s urnas para escolher um novo presidente"}]},{"@type":"WebSite","@id":"https:\/\/brasilnoticias.org\/site\/#website","url":"https:\/\/brasilnoticias.org\/site\/","name":"Brasil not\u00edcias","description":"Brasil not\u00edcias","publisher":{"@id":"https:\/\/brasilnoticias.org\/site\/#organization"},"potentialAction":[{"@type":"SearchAction","target":{"@type":"EntryPoint","urlTemplate":"https:\/\/brasilnoticias.org\/site\/?s={search_term_string}"},"query-input":{"@type":"PropertyValueSpecification","valueRequired":true,"valueName":"search_term_string"}}],"inLanguage":"pt-PT"},{"@type":"Organization","@id":"https:\/\/brasilnoticias.org\/site\/#organization","name":"Brasil not\u00edcias","url":"https:\/\/brasilnoticias.org\/site\/","logo":{"@type":"ImageObject","inLanguage":"pt-PT","@id":"https:\/\/brasilnoticias.org\/site\/#\/schema\/logo\/image\/","url":"https:\/\/brasilnoticias.org\/site\/wp-content\/uploads\/2022\/05\/cropped-brasilnoticias-mini.jpg","contentUrl":"https:\/\/brasilnoticias.org\/site\/wp-content\/uploads\/2022\/05\/cropped-brasilnoticias-mini.jpg","width":314,"height":86,"caption":"Brasil not\u00edcias"},"image":{"@id":"https:\/\/brasilnoticias.org\/site\/#\/schema\/logo\/image\/"}},{"@type":"Person","@id":"https:\/\/brasilnoticias.org\/site\/#\/schema\/person\/03bbbfe6c7634ad18c26444ea39049fa","name":"Reda\u00e7\u00e3o","image":{"@type":"ImageObject","inLanguage":"pt-PT","@id":"https:\/\/brasilnoticias.org\/site\/#\/schema\/person\/image\/","url":"https:\/\/secure.gravatar.com\/avatar\/9ecaf7327a696cb23ad926fedded5f1f04d7049de9e445375d55b48c001a6e42?s=96&d=mm&r=g","contentUrl":"https:\/\/secure.gravatar.com\/avatar\/9ecaf7327a696cb23ad926fedded5f1f04d7049de9e445375d55b48c001a6e42?s=96&d=mm&r=g","caption":"Reda\u00e7\u00e3o"},"url":"https:\/\/brasilnoticias.org\/site\/author\/henrique\/"}]}},"_links":{"self":[{"href":"https:\/\/brasilnoticias.org\/site\/wp-json\/wp\/v2\/posts\/8481","targetHints":{"allow":["GET"]}}],"collection":[{"href":"https:\/\/brasilnoticias.org\/site\/wp-json\/wp\/v2\/posts"}],"about":[{"href":"https:\/\/brasilnoticias.org\/site\/wp-json\/wp\/v2\/types\/post"}],"author":[{"embeddable":true,"href":"https:\/\/brasilnoticias.org\/site\/wp-json\/wp\/v2\/users\/4"}],"replies":[{"embeddable":true,"href":"https:\/\/brasilnoticias.org\/site\/wp-json\/wp\/v2\/comments?post=8481"}],"version-history":[{"count":1,"href":"https:\/\/brasilnoticias.org\/site\/wp-json\/wp\/v2\/posts\/8481\/revisions"}],"predecessor-version":[{"id":8483,"href":"https:\/\/brasilnoticias.org\/site\/wp-json\/wp\/v2\/posts\/8481\/revisions\/8483"}],"wp:featuredmedia":[{"embeddable":true,"href":"https:\/\/brasilnoticias.org\/site\/wp-json\/wp\/v2\/media\/8482"}],"wp:attachment":[{"href":"https:\/\/brasilnoticias.org\/site\/wp-json\/wp\/v2\/media?parent=8481"}],"wp:term":[{"taxonomy":"category","embeddable":true,"href":"https:\/\/brasilnoticias.org\/site\/wp-json\/wp\/v2\/categories?post=8481"},{"taxonomy":"post_tag","embeddable":true,"href":"https:\/\/brasilnoticias.org\/site\/wp-json\/wp\/v2\/tags?post=8481"}],"curies":[{"name":"wp","href":"https:\/\/api.w.org\/{rel}","templated":true}]}}