{"id":8484,"date":"2023-08-21T08:00:41","date_gmt":"2023-08-21T11:00:41","guid":{"rendered":"https:\/\/brasilnoticias.org\/site\/?p=8484"},"modified":"2023-08-20T18:38:45","modified_gmt":"2023-08-20T21:38:45","slug":"morre-o-pai-de-olga-carmona-jogadora-que-marcou-o-gol-do-titulo-da-espanha-na-copa-do-mundo","status":"publish","type":"post","link":"https:\/\/brasilnoticias.org\/site\/morre-o-pai-de-olga-carmona-jogadora-que-marcou-o-gol-do-titulo-da-espanha-na-copa-do-mundo\/","title":{"rendered":"Morre o pai de Olga Carmona, jogadora que marcou o gol do t\u00edtulo da Espanha na Copa do Mundo"},"content":{"rendered":"<p>Federa\u00e7\u00e3o Espanhola de Futebol deu a not\u00edcia \u00e0 atleta ap\u00f3s a vit\u00f3ria por 1 a 0 contra a Inglaterra.<\/p>\n<p>A Federa\u00e7\u00e3o Espanhola de Futebol divulgou neste domingo (20) a morte do pai da jogadora da sele\u00e7\u00e3o, Olga Carmona, respons\u00e1vel pelo gol que deu o t\u00edtulo da Copa do Mundo ao pa\u00eds.<\/p>\n<p>Capit\u00e3 aos 23 e recuperada de trauma pelo Real: conhe\u00e7a Olga Carmona, hero\u00edna da Espanha na Copa<br \/>\n&#8220;Enviamos nossos mais sinceros abra\u00e7os a Olga e sua fam\u00edlia em um momento de profunda dor&#8221;, escreveu a organiza\u00e7\u00e3o em comunicado publicado no X (antigo Twitter).<\/p>\n<p>&#8220;N\u00f3s te amamos, Olga, voc\u00ea \u00e9 hist\u00f3ria do futebol espanhol.&#8221;<\/p>\n<p>A lateral esquerda do Real Madrid e da sele\u00e7\u00e3o espanhola foi quem marcou o \u00fanico gol da final contra a Inglaterra realizado neste domingo, na Austr\u00e1lia. Com isso, a atleta foi diretamente respons\u00e1vel pelo t\u00edtulo do pa\u00eds, o primeiro na competi\u00e7\u00e3o.<\/p>\n<p>&#8220;O Real Madrid, o seu presidente e o seu Conselho de Administra\u00e7\u00e3o lamentam profundamente a morte do pai da nossa jogadora Olga Carmona&#8221;, escreveu o clube espanhol em comunicado.<\/p>\n<p>&#8220;O Real Madrid gostaria de expressar suas condol\u00eancias e carinho para Olga, sua fam\u00edlia e todos os seus entes queridos. Descanse em paz.&#8221;<\/p>\n<p>Foto: Franck Fife\/AFP<br \/>\nG1<\/p>\n","protected":false},"excerpt":{"rendered":"<p>Federa\u00e7\u00e3o Espanhola de Futebol deu a not\u00edcia \u00e0 atleta ap\u00f3s a vit\u00f3ria por 1 a 0 contra a Inglaterra. A<\/p>\n","protected":false},"author":4,"featured_media":8485,"comment_status":"open","ping_status":"open","sticky":false,"template":"","format":"standard","meta":{"colormag_page_container_layout":"default_layout","colormag_page_sidebar_layout":"default_layout","_FSMCFIC_featured_image_caption":"","_FSMCFIC_featured_image_nocaption":"","_FSMCFIC_featured_image_hide":"","footnotes":""},"categories":[2,1],"tags":[],"class_list":["post-8484","post","type-post","status-publish","format-standard","has-post-thumbnail","hentry","category-noticias","category-ultimas"],"yoast_head":"<!-- This site is optimized with the Yoast SEO plugin v27.1.1 - https:\/\/yoast.com\/product\/yoast-seo-wordpress\/ -->\n<title>Morre o pai de Olga Carmona, jogadora que marcou o gol do t\u00edtulo da Espanha na Copa do Mundo - Brasil not\u00edcias<\/title>\n<meta name=\"robots\" content=\"index, follow, max-snippet:-1, max-image-preview:large, max-video-preview:-1\" \/>\n<link rel=\"canonical\" href=\"https:\/\/brasilnoticias.org\/site\/morre-o-pai-de-olga-carmona-jogadora-que-marcou-o-gol-do-titulo-da-espanha-na-copa-do-mundo\/\" \/>\n<meta property=\"og:locale\" content=\"pt_PT\" \/>\n<meta property=\"og:type\" content=\"article\" \/>\n<meta property=\"og:title\" content=\"Morre o pai de Olga Carmona, jogadora que marcou o gol do t\u00edtulo da Espanha na Copa do Mundo - Brasil not\u00edcias\" \/>\n<meta property=\"og:description\" content=\"Federa\u00e7\u00e3o Espanhola de Futebol deu a not\u00edcia \u00e0 atleta ap\u00f3s a vit\u00f3ria por 1 a 0 contra a Inglaterra. A\" \/>\n<meta property=\"og:url\" content=\"https:\/\/brasilnoticias.org\/site\/morre-o-pai-de-olga-carmona-jogadora-que-marcou-o-gol-do-titulo-da-espanha-na-copa-do-mundo\/\" \/>\n<meta property=\"og:site_name\" content=\"Brasil not\u00edcias\" \/>\n<meta property=\"article:published_time\" content=\"2023-08-21T11:00:41+00:00\" \/>\n<meta property=\"og:image\" content=\"https:\/\/brasilnoticias.org\/site\/wp-content\/uploads\/2023\/08\/olga-carmona.webp\" \/>\n\t<meta property=\"og:image:width\" content=\"1008\" \/>\n\t<meta property=\"og:image:height\" content=\"672\" \/>\n\t<meta property=\"og:image:type\" content=\"image\/webp\" \/>\n<meta name=\"author\" content=\"Reda\u00e7\u00e3o\" \/>\n<meta name=\"twitter:card\" content=\"summary_large_image\" \/>\n<meta name=\"twitter:label1\" content=\"Escrito por\" \/>\n\t<meta name=\"twitter:data1\" content=\"Reda\u00e7\u00e3o\" \/>\n<script type=\"application\/ld+json\" class=\"yoast-schema-graph\">{\"@context\":\"https:\/\/schema.org\",\"@graph\":[{\"@type\":\"Article\",\"@id\":\"https:\/\/brasilnoticias.org\/site\/morre-o-pai-de-olga-carmona-jogadora-que-marcou-o-gol-do-titulo-da-espanha-na-copa-do-mundo\/#article\",\"isPartOf\":{\"@id\":\"https:\/\/brasilnoticias.org\/site\/morre-o-pai-de-olga-carmona-jogadora-que-marcou-o-gol-do-titulo-da-espanha-na-copa-do-mundo\/\"},\"author\":{\"name\":\"Reda\u00e7\u00e3o\",\"@id\":\"https:\/\/brasilnoticias.org\/site\/#\/schema\/person\/03bbbfe6c7634ad18c26444ea39049fa\"},\"headline\":\"Morre o pai de Olga Carmona, jogadora que marcou o gol do t\u00edtulo da Espanha na Copa do Mundo\",\"datePublished\":\"2023-08-21T11:00:41+00:00\",\"mainEntityOfPage\":{\"@id\":\"https:\/\/brasilnoticias.org\/site\/morre-o-pai-de-olga-carmona-jogadora-que-marcou-o-gol-do-titulo-da-espanha-na-copa-do-mundo\/\"},\"wordCount\":241,\"commentCount\":0,\"publisher\":{\"@id\":\"https:\/\/brasilnoticias.org\/site\/#organization\"},\"image\":{\"@id\":\"https:\/\/brasilnoticias.org\/site\/morre-o-pai-de-olga-carmona-jogadora-que-marcou-o-gol-do-titulo-da-espanha-na-copa-do-mundo\/#primaryimage\"},\"thumbnailUrl\":\"https:\/\/brasilnoticias.org\/site\/wp-content\/uploads\/2023\/08\/olga-carmona.webp\",\"articleSection\":[\"Not\u00edcias\",\"\u00daltimas\"],\"inLanguage\":\"pt-PT\",\"potentialAction\":[{\"@type\":\"CommentAction\",\"name\":\"Comment\",\"target\":[\"https:\/\/brasilnoticias.org\/site\/morre-o-pai-de-olga-carmona-jogadora-que-marcou-o-gol-do-titulo-da-espanha-na-copa-do-mundo\/#respond\"]}]},{\"@type\":\"WebPage\",\"@id\":\"https:\/\/brasilnoticias.org\/site\/morre-o-pai-de-olga-carmona-jogadora-que-marcou-o-gol-do-titulo-da-espanha-na-copa-do-mundo\/\",\"url\":\"https:\/\/brasilnoticias.org\/site\/morre-o-pai-de-olga-carmona-jogadora-que-marcou-o-gol-do-titulo-da-espanha-na-copa-do-mundo\/\",\"name\":\"Morre o pai de Olga Carmona, jogadora que marcou o gol do t\u00edtulo da Espanha na Copa do Mundo - Brasil not\u00edcias\",\"isPartOf\":{\"@id\":\"https:\/\/brasilnoticias.org\/site\/#website\"},\"primaryImageOfPage\":{\"@id\":\"https:\/\/brasilnoticias.org\/site\/morre-o-pai-de-olga-carmona-jogadora-que-marcou-o-gol-do-titulo-da-espanha-na-copa-do-mundo\/#primaryimage\"},\"image\":{\"@id\":\"https:\/\/brasilnoticias.org\/site\/morre-o-pai-de-olga-carmona-jogadora-que-marcou-o-gol-do-titulo-da-espanha-na-copa-do-mundo\/#primaryimage\"},\"thumbnailUrl\":\"https:\/\/brasilnoticias.org\/site\/wp-content\/uploads\/2023\/08\/olga-carmona.webp\",\"datePublished\":\"2023-08-21T11:00:41+00:00\",\"breadcrumb\":{\"@id\":\"https:\/\/brasilnoticias.org\/site\/morre-o-pai-de-olga-carmona-jogadora-que-marcou-o-gol-do-titulo-da-espanha-na-copa-do-mundo\/#breadcrumb\"},\"inLanguage\":\"pt-PT\",\"potentialAction\":[{\"@type\":\"ReadAction\",\"target\":[\"https:\/\/brasilnoticias.org\/site\/morre-o-pai-de-olga-carmona-jogadora-que-marcou-o-gol-do-titulo-da-espanha-na-copa-do-mundo\/\"]}]},{\"@type\":\"ImageObject\",\"inLanguage\":\"pt-PT\",\"@id\":\"https:\/\/brasilnoticias.org\/site\/morre-o-pai-de-olga-carmona-jogadora-que-marcou-o-gol-do-titulo-da-espanha-na-copa-do-mundo\/#primaryimage\",\"url\":\"https:\/\/brasilnoticias.org\/site\/wp-content\/uploads\/2023\/08\/olga-carmona.webp\",\"contentUrl\":\"https:\/\/brasilnoticias.org\/site\/wp-content\/uploads\/2023\/08\/olga-carmona.webp\",\"width\":1008,\"height\":672},{\"@type\":\"BreadcrumbList\",\"@id\":\"https:\/\/brasilnoticias.org\/site\/morre-o-pai-de-olga-carmona-jogadora-que-marcou-o-gol-do-titulo-da-espanha-na-copa-do-mundo\/#breadcrumb\",\"itemListElement\":[{\"@type\":\"ListItem\",\"position\":1,\"name\":\"In\u00edcio\",\"item\":\"https:\/\/brasilnoticias.org\/site\/\"},{\"@type\":\"ListItem\",\"position\":2,\"name\":\"Morre o pai de Olga Carmona, jogadora que marcou o gol do t\u00edtulo da Espanha na Copa do Mundo\"}]},{\"@type\":\"WebSite\",\"@id\":\"https:\/\/brasilnoticias.org\/site\/#website\",\"url\":\"https:\/\/brasilnoticias.org\/site\/\",\"name\":\"Brasil not\u00edcias\",\"description\":\"Brasil not\u00edcias\",\"publisher\":{\"@id\":\"https:\/\/brasilnoticias.org\/site\/#organization\"},\"potentialAction\":[{\"@type\":\"SearchAction\",\"target\":{\"@type\":\"EntryPoint\",\"urlTemplate\":\"https:\/\/brasilnoticias.org\/site\/?s={search_term_string}\"},\"query-input\":{\"@type\":\"PropertyValueSpecification\",\"valueRequired\":true,\"valueName\":\"search_term_string\"}}],\"inLanguage\":\"pt-PT\"},{\"@type\":\"Organization\",\"@id\":\"https:\/\/brasilnoticias.org\/site\/#organization\",\"name\":\"Brasil not\u00edcias\",\"url\":\"https:\/\/brasilnoticias.org\/site\/\",\"logo\":{\"@type\":\"ImageObject\",\"inLanguage\":\"pt-PT\",\"@id\":\"https:\/\/brasilnoticias.org\/site\/#\/schema\/logo\/image\/\",\"url\":\"https:\/\/brasilnoticias.org\/site\/wp-content\/uploads\/2022\/05\/cropped-brasilnoticias-mini.jpg\",\"contentUrl\":\"https:\/\/brasilnoticias.org\/site\/wp-content\/uploads\/2022\/05\/cropped-brasilnoticias-mini.jpg\",\"width\":314,\"height\":86,\"caption\":\"Brasil not\u00edcias\"},\"image\":{\"@id\":\"https:\/\/brasilnoticias.org\/site\/#\/schema\/logo\/image\/\"}},{\"@type\":\"Person\",\"@id\":\"https:\/\/brasilnoticias.org\/site\/#\/schema\/person\/03bbbfe6c7634ad18c26444ea39049fa\",\"name\":\"Reda\u00e7\u00e3o\",\"image\":{\"@type\":\"ImageObject\",\"inLanguage\":\"pt-PT\",\"@id\":\"https:\/\/brasilnoticias.org\/site\/#\/schema\/person\/image\/\",\"url\":\"https:\/\/secure.gravatar.com\/avatar\/9ecaf7327a696cb23ad926fedded5f1f04d7049de9e445375d55b48c001a6e42?s=96&d=mm&r=g\",\"contentUrl\":\"https:\/\/secure.gravatar.com\/avatar\/9ecaf7327a696cb23ad926fedded5f1f04d7049de9e445375d55b48c001a6e42?s=96&d=mm&r=g\",\"caption\":\"Reda\u00e7\u00e3o\"},\"url\":\"https:\/\/brasilnoticias.org\/site\/author\/henrique\/\"}]}<\/script>\n<!-- \/ Yoast SEO plugin. -->","yoast_head_json":{"title":"Morre o pai de Olga Carmona, jogadora que marcou o gol do t\u00edtulo da Espanha na Copa do Mundo - Brasil not\u00edcias","robots":{"index":"index","follow":"follow","max-snippet":"max-snippet:-1","max-image-preview":"max-image-preview:large","max-video-preview":"max-video-preview:-1"},"canonical":"https:\/\/brasilnoticias.org\/site\/morre-o-pai-de-olga-carmona-jogadora-que-marcou-o-gol-do-titulo-da-espanha-na-copa-do-mundo\/","og_locale":"pt_PT","og_type":"article","og_title":"Morre o pai de Olga Carmona, jogadora que marcou o gol do t\u00edtulo da Espanha na Copa do Mundo - Brasil not\u00edcias","og_description":"Federa\u00e7\u00e3o Espanhola de Futebol deu a not\u00edcia \u00e0 atleta ap\u00f3s a vit\u00f3ria por 1 a 0 contra a Inglaterra. A","og_url":"https:\/\/brasilnoticias.org\/site\/morre-o-pai-de-olga-carmona-jogadora-que-marcou-o-gol-do-titulo-da-espanha-na-copa-do-mundo\/","og_site_name":"Brasil not\u00edcias","article_published_time":"2023-08-21T11:00:41+00:00","og_image":[{"width":1008,"height":672,"url":"https:\/\/brasilnoticias.org\/site\/wp-content\/uploads\/2023\/08\/olga-carmona.webp","type":"image\/webp"}],"author":"Reda\u00e7\u00e3o","twitter_card":"summary_large_image","twitter_misc":{"Escrito por":"Reda\u00e7\u00e3o"},"schema":{"@context":"https:\/\/schema.org","@graph":[{"@type":"Article","@id":"https:\/\/brasilnoticias.org\/site\/morre-o-pai-de-olga-carmona-jogadora-que-marcou-o-gol-do-titulo-da-espanha-na-copa-do-mundo\/#article","isPartOf":{"@id":"https:\/\/brasilnoticias.org\/site\/morre-o-pai-de-olga-carmona-jogadora-que-marcou-o-gol-do-titulo-da-espanha-na-copa-do-mundo\/"},"author":{"name":"Reda\u00e7\u00e3o","@id":"https:\/\/brasilnoticias.org\/site\/#\/schema\/person\/03bbbfe6c7634ad18c26444ea39049fa"},"headline":"Morre o pai de Olga Carmona, jogadora que marcou o gol do t\u00edtulo da Espanha na Copa do Mundo","datePublished":"2023-08-21T11:00:41+00:00","mainEntityOfPage":{"@id":"https:\/\/brasilnoticias.org\/site\/morre-o-pai-de-olga-carmona-jogadora-que-marcou-o-gol-do-titulo-da-espanha-na-copa-do-mundo\/"},"wordCount":241,"commentCount":0,"publisher":{"@id":"https:\/\/brasilnoticias.org\/site\/#organization"},"image":{"@id":"https:\/\/brasilnoticias.org\/site\/morre-o-pai-de-olga-carmona-jogadora-que-marcou-o-gol-do-titulo-da-espanha-na-copa-do-mundo\/#primaryimage"},"thumbnailUrl":"https:\/\/brasilnoticias.org\/site\/wp-content\/uploads\/2023\/08\/olga-carmona.webp","articleSection":["Not\u00edcias","\u00daltimas"],"inLanguage":"pt-PT","potentialAction":[{"@type":"CommentAction","name":"Comment","target":["https:\/\/brasilnoticias.org\/site\/morre-o-pai-de-olga-carmona-jogadora-que-marcou-o-gol-do-titulo-da-espanha-na-copa-do-mundo\/#respond"]}]},{"@type":"WebPage","@id":"https:\/\/brasilnoticias.org\/site\/morre-o-pai-de-olga-carmona-jogadora-que-marcou-o-gol-do-titulo-da-espanha-na-copa-do-mundo\/","url":"https:\/\/brasilnoticias.org\/site\/morre-o-pai-de-olga-carmona-jogadora-que-marcou-o-gol-do-titulo-da-espanha-na-copa-do-mundo\/","name":"Morre o pai de Olga Carmona, jogadora que marcou o gol do t\u00edtulo da Espanha na Copa do Mundo - Brasil not\u00edcias","isPartOf":{"@id":"https:\/\/brasilnoticias.org\/site\/#website"},"primaryImageOfPage":{"@id":"https:\/\/brasilnoticias.org\/site\/morre-o-pai-de-olga-carmona-jogadora-que-marcou-o-gol-do-titulo-da-espanha-na-copa-do-mundo\/#primaryimage"},"image":{"@id":"https:\/\/brasilnoticias.org\/site\/morre-o-pai-de-olga-carmona-jogadora-que-marcou-o-gol-do-titulo-da-espanha-na-copa-do-mundo\/#primaryimage"},"thumbnailUrl":"https:\/\/brasilnoticias.org\/site\/wp-content\/uploads\/2023\/08\/olga-carmona.webp","datePublished":"2023-08-21T11:00:41+00:00","breadcrumb":{"@id":"https:\/\/brasilnoticias.org\/site\/morre-o-pai-de-olga-carmona-jogadora-que-marcou-o-gol-do-titulo-da-espanha-na-copa-do-mundo\/#breadcrumb"},"inLanguage":"pt-PT","potentialAction":[{"@type":"ReadAction","target":["https:\/\/brasilnoticias.org\/site\/morre-o-pai-de-olga-carmona-jogadora-que-marcou-o-gol-do-titulo-da-espanha-na-copa-do-mundo\/"]}]},{"@type":"ImageObject","inLanguage":"pt-PT","@id":"https:\/\/brasilnoticias.org\/site\/morre-o-pai-de-olga-carmona-jogadora-que-marcou-o-gol-do-titulo-da-espanha-na-copa-do-mundo\/#primaryimage","url":"https:\/\/brasilnoticias.org\/site\/wp-content\/uploads\/2023\/08\/olga-carmona.webp","contentUrl":"https:\/\/brasilnoticias.org\/site\/wp-content\/uploads\/2023\/08\/olga-carmona.webp","width":1008,"height":672},{"@type":"BreadcrumbList","@id":"https:\/\/brasilnoticias.org\/site\/morre-o-pai-de-olga-carmona-jogadora-que-marcou-o-gol-do-titulo-da-espanha-na-copa-do-mundo\/#breadcrumb","itemListElement":[{"@type":"ListItem","position":1,"name":"In\u00edcio","item":"https:\/\/brasilnoticias.org\/site\/"},{"@type":"ListItem","position":2,"name":"Morre o pai de Olga Carmona, jogadora que marcou o gol do t\u00edtulo da Espanha na Copa do Mundo"}]},{"@type":"WebSite","@id":"https:\/\/brasilnoticias.org\/site\/#website","url":"https:\/\/brasilnoticias.org\/site\/","name":"Brasil not\u00edcias","description":"Brasil not\u00edcias","publisher":{"@id":"https:\/\/brasilnoticias.org\/site\/#organization"},"potentialAction":[{"@type":"SearchAction","target":{"@type":"EntryPoint","urlTemplate":"https:\/\/brasilnoticias.org\/site\/?s={search_term_string}"},"query-input":{"@type":"PropertyValueSpecification","valueRequired":true,"valueName":"search_term_string"}}],"inLanguage":"pt-PT"},{"@type":"Organization","@id":"https:\/\/brasilnoticias.org\/site\/#organization","name":"Brasil not\u00edcias","url":"https:\/\/brasilnoticias.org\/site\/","logo":{"@type":"ImageObject","inLanguage":"pt-PT","@id":"https:\/\/brasilnoticias.org\/site\/#\/schema\/logo\/image\/","url":"https:\/\/brasilnoticias.org\/site\/wp-content\/uploads\/2022\/05\/cropped-brasilnoticias-mini.jpg","contentUrl":"https:\/\/brasilnoticias.org\/site\/wp-content\/uploads\/2022\/05\/cropped-brasilnoticias-mini.jpg","width":314,"height":86,"caption":"Brasil not\u00edcias"},"image":{"@id":"https:\/\/brasilnoticias.org\/site\/#\/schema\/logo\/image\/"}},{"@type":"Person","@id":"https:\/\/brasilnoticias.org\/site\/#\/schema\/person\/03bbbfe6c7634ad18c26444ea39049fa","name":"Reda\u00e7\u00e3o","image":{"@type":"ImageObject","inLanguage":"pt-PT","@id":"https:\/\/brasilnoticias.org\/site\/#\/schema\/person\/image\/","url":"https:\/\/secure.gravatar.com\/avatar\/9ecaf7327a696cb23ad926fedded5f1f04d7049de9e445375d55b48c001a6e42?s=96&d=mm&r=g","contentUrl":"https:\/\/secure.gravatar.com\/avatar\/9ecaf7327a696cb23ad926fedded5f1f04d7049de9e445375d55b48c001a6e42?s=96&d=mm&r=g","caption":"Reda\u00e7\u00e3o"},"url":"https:\/\/brasilnoticias.org\/site\/author\/henrique\/"}]}},"_links":{"self":[{"href":"https:\/\/brasilnoticias.org\/site\/wp-json\/wp\/v2\/posts\/8484","targetHints":{"allow":["GET"]}}],"collection":[{"href":"https:\/\/brasilnoticias.org\/site\/wp-json\/wp\/v2\/posts"}],"about":[{"href":"https:\/\/brasilnoticias.org\/site\/wp-json\/wp\/v2\/types\/post"}],"author":[{"embeddable":true,"href":"https:\/\/brasilnoticias.org\/site\/wp-json\/wp\/v2\/users\/4"}],"replies":[{"embeddable":true,"href":"https:\/\/brasilnoticias.org\/site\/wp-json\/wp\/v2\/comments?post=8484"}],"version-history":[{"count":1,"href":"https:\/\/brasilnoticias.org\/site\/wp-json\/wp\/v2\/posts\/8484\/revisions"}],"predecessor-version":[{"id":8486,"href":"https:\/\/brasilnoticias.org\/site\/wp-json\/wp\/v2\/posts\/8484\/revisions\/8486"}],"wp:featuredmedia":[{"embeddable":true,"href":"https:\/\/brasilnoticias.org\/site\/wp-json\/wp\/v2\/media\/8485"}],"wp:attachment":[{"href":"https:\/\/brasilnoticias.org\/site\/wp-json\/wp\/v2\/media?parent=8484"}],"wp:term":[{"taxonomy":"category","embeddable":true,"href":"https:\/\/brasilnoticias.org\/site\/wp-json\/wp\/v2\/categories?post=8484"},{"taxonomy":"post_tag","embeddable":true,"href":"https:\/\/brasilnoticias.org\/site\/wp-json\/wp\/v2\/tags?post=8484"}],"curies":[{"name":"wp","href":"https:\/\/api.w.org\/{rel}","templated":true}]}}