{"id":8493,"date":"2023-08-21T11:00:10","date_gmt":"2023-08-21T14:00:10","guid":{"rendered":"https:\/\/brasilnoticias.org\/site\/?p=8493"},"modified":"2023-08-20T18:51:12","modified_gmt":"2023-08-20T21:51:12","slug":"policial-dono-de-arma-usada-para-atirar-em-advogado-e-preso-em-manaus","status":"publish","type":"post","link":"https:\/\/brasilnoticias.org\/site\/policial-dono-de-arma-usada-para-atirar-em-advogado-e-preso-em-manaus\/","title":{"rendered":"Policial dono de arma usada para atirar em advogado \u00e9 preso, em Manaus"},"content":{"rendered":"<p>Mulher do agente foi presa na sexta-feira (18) e justi\u00e7a manteve deten\u00e7\u00e3o neste s\u00e1bado. J\u00e1 o homem se apresentou na Delegacia Geral, na manh\u00e3 deste domingo (20).<\/p>\n<p>O policial civil Raimundo Nonato Machado, dono da arma usada pela mulher dele para atirar em um advogado, foi preso na manh\u00e3 deste domingo (20). De acordo com a Pol\u00edcia Civil do Amazonas (PC-AM), o investigador se apresentou na sede da Delegacia Geral (DG).<\/p>\n<p>O crime aconteceu em um condom\u00ednio na Ponta Negra, Zona Oeste da capital, na noite de sexta-feira (18). Na ocasi\u00e3o, a mulher do policial atirou contra o advogado, ap\u00f3s ele tentar apartar a briga dela com a bab\u00e1 da v\u00edtima.<\/p>\n<p>No s\u00e1bado (19), a justi\u00e7a j\u00e1 havia mantido a pris\u00e3o da mulher e expediu mandado de pris\u00e3o para o policial.<\/p>\n<p>&#8220;Nos autos se verifica que o agente participou diretamente do crime de tentativa de homic\u00eddio contra a v\u00edtima e sua bab\u00e1, ao entregar a sua arma para a sua esposa, que n\u00e3o conseguiu consumar o crime, pois o seu bra\u00e7o foi empurrado, momento em que acionou o gatilho da arma&#8221;, disse o juiz.<br \/>\nDe acordo com a Pol\u00edcia Civil, ele se apresentou na sede da Delegacia Geral e passou por exames de corpo de delito. Depois, seguiu para carceragem, onde ficar\u00e1 \u00e0 disposi\u00e7\u00e3o da Justi\u00e7a.<\/p>\n<p>Em nota, a PC-AM disse que n\u00e3o compactua com qualquer desvio de conduta dos servidores e afirma que todas as transgress\u00f5es administrativas s\u00e3o apuradas.<\/p>\n<p>O crime<\/p>\n<p><iframe loading=\"lazy\" width=\"716\" height=\"403\" src=\"https:\/\/www.youtube.com\/embed\/kKu3rKi6zZg\" title=\"AM: Policial civil dono de arma usada para atirar em advogado \u00e9 preso\" frameborder=\"0\" allow=\"accelerometer; autoplay; clipboard-write; encrypted-media; gyroscope; picture-in-picture; web-share\" allowfullscreen><\/iframe><\/p>\n<p>De acordo com registros das c\u00e2meras de seguran\u00e7a do condom\u00ednio, a briga come\u00e7ou ap\u00f3s uma bab\u00e1, que \u00e9 funcion\u00e1ria do advogado, passar ao lado do casal na sa\u00edda do elevador do condom\u00ednio.<\/p>\n<p>\u00c0 Rede Amaz\u00f4nica, a funcion\u00e1ria da v\u00edtima disse que a mulher do investigador chegou a agredi-la verbalmente e, em seguida, partiu para agress\u00f5es f\u00edsicas.<\/p>\n<p>O advogado, ent\u00e3o, correu para apartar a briga entre as mulheres. Imagens do circuito interno de seguran\u00e7a registraram o momento em que o homem tentou controlar os \u00e2nimos.<\/p>\n<p>A grava\u00e7\u00e3o mostra, ainda, o momento em que o investigador repassa uma arma para a mulher. Com o rev\u00f3lver nas m\u00e3os, ela disparou contra o advogado, que foi atingindo na panturrilha esquerda.<\/p>\n<p>O advogado foi atendido e levado para um Servi\u00e7o de Pronto Atendimento (SPA), na capital. Ap\u00f3s os procedimentos, ele foi liberado.<\/p>\n<p>Foto: Reprodu\u00e7\u00e3o\/Redes Sociais<br \/>\nG1<\/p>\n","protected":false},"excerpt":{"rendered":"<p>Mulher do agente foi presa na sexta-feira (18) e justi\u00e7a manteve deten\u00e7\u00e3o neste s\u00e1bado. J\u00e1 o homem se apresentou na<\/p>\n","protected":false},"author":4,"featured_media":8494,"comment_status":"open","ping_status":"open","sticky":false,"template":"","format":"standard","meta":{"colormag_page_container_layout":"default_layout","colormag_page_sidebar_layout":"default_layout","_FSMCFIC_featured_image_caption":"","_FSMCFIC_featured_image_nocaption":"","_FSMCFIC_featured_image_hide":"","footnotes":""},"categories":[3,1],"tags":[],"class_list":["post-8493","post","type-post","status-publish","format-standard","has-post-thumbnail","hentry","category-policia","category-ultimas"],"yoast_head":"<!-- This site is optimized with the Yoast SEO plugin v27.1.1 - https:\/\/yoast.com\/product\/yoast-seo-wordpress\/ -->\n<title>Policial dono de arma usada para atirar em advogado \u00e9 preso, em Manaus - Brasil not\u00edcias<\/title>\n<meta name=\"robots\" content=\"index, follow, max-snippet:-1, max-image-preview:large, max-video-preview:-1\" \/>\n<link rel=\"canonical\" href=\"https:\/\/brasilnoticias.org\/site\/policial-dono-de-arma-usada-para-atirar-em-advogado-e-preso-em-manaus\/\" \/>\n<meta property=\"og:locale\" content=\"pt_PT\" \/>\n<meta property=\"og:type\" content=\"article\" \/>\n<meta property=\"og:title\" content=\"Policial dono de arma usada para atirar em advogado \u00e9 preso, em Manaus - Brasil not\u00edcias\" \/>\n<meta property=\"og:description\" content=\"Mulher do agente foi presa na sexta-feira (18) e justi\u00e7a manteve deten\u00e7\u00e3o neste s\u00e1bado. J\u00e1 o homem se apresentou na\" \/>\n<meta property=\"og:url\" content=\"https:\/\/brasilnoticias.org\/site\/policial-dono-de-arma-usada-para-atirar-em-advogado-e-preso-em-manaus\/\" \/>\n<meta property=\"og:site_name\" content=\"Brasil not\u00edcias\" \/>\n<meta property=\"article:published_time\" content=\"2023-08-21T14:00:10+00:00\" \/>\n<meta property=\"og:image\" content=\"https:\/\/brasilnoticias.org\/site\/wp-content\/uploads\/2023\/08\/whatsapp-image-2023-08-20-at-10.35.15.webp\" \/>\n\t<meta property=\"og:image:width\" content=\"984\" \/>\n\t<meta property=\"og:image:height\" content=\"984\" \/>\n\t<meta property=\"og:image:type\" content=\"image\/webp\" \/>\n<meta name=\"author\" content=\"Reda\u00e7\u00e3o\" \/>\n<meta name=\"twitter:card\" content=\"summary_large_image\" \/>\n<meta name=\"twitter:label1\" content=\"Escrito por\" \/>\n\t<meta name=\"twitter:data1\" content=\"Reda\u00e7\u00e3o\" \/>\n<script type=\"application\/ld+json\" class=\"yoast-schema-graph\">{\"@context\":\"https:\/\/schema.org\",\"@graph\":[{\"@type\":\"Article\",\"@id\":\"https:\/\/brasilnoticias.org\/site\/policial-dono-de-arma-usada-para-atirar-em-advogado-e-preso-em-manaus\/#article\",\"isPartOf\":{\"@id\":\"https:\/\/brasilnoticias.org\/site\/policial-dono-de-arma-usada-para-atirar-em-advogado-e-preso-em-manaus\/\"},\"author\":{\"name\":\"Reda\u00e7\u00e3o\",\"@id\":\"https:\/\/brasilnoticias.org\/site\/#\/schema\/person\/03bbbfe6c7634ad18c26444ea39049fa\"},\"headline\":\"Policial dono de arma usada para atirar em advogado \u00e9 preso, em Manaus\",\"datePublished\":\"2023-08-21T14:00:10+00:00\",\"mainEntityOfPage\":{\"@id\":\"https:\/\/brasilnoticias.org\/site\/policial-dono-de-arma-usada-para-atirar-em-advogado-e-preso-em-manaus\/\"},\"wordCount\":431,\"commentCount\":0,\"publisher\":{\"@id\":\"https:\/\/brasilnoticias.org\/site\/#organization\"},\"image\":{\"@id\":\"https:\/\/brasilnoticias.org\/site\/policial-dono-de-arma-usada-para-atirar-em-advogado-e-preso-em-manaus\/#primaryimage\"},\"thumbnailUrl\":\"https:\/\/brasilnoticias.org\/site\/wp-content\/uploads\/2023\/08\/whatsapp-image-2023-08-20-at-10.35.15.webp\",\"articleSection\":[\"Pol\u00edcia\",\"\u00daltimas\"],\"inLanguage\":\"pt-PT\",\"potentialAction\":[{\"@type\":\"CommentAction\",\"name\":\"Comment\",\"target\":[\"https:\/\/brasilnoticias.org\/site\/policial-dono-de-arma-usada-para-atirar-em-advogado-e-preso-em-manaus\/#respond\"]}]},{\"@type\":\"WebPage\",\"@id\":\"https:\/\/brasilnoticias.org\/site\/policial-dono-de-arma-usada-para-atirar-em-advogado-e-preso-em-manaus\/\",\"url\":\"https:\/\/brasilnoticias.org\/site\/policial-dono-de-arma-usada-para-atirar-em-advogado-e-preso-em-manaus\/\",\"name\":\"Policial dono de arma usada para atirar em advogado \u00e9 preso, em Manaus - Brasil not\u00edcias\",\"isPartOf\":{\"@id\":\"https:\/\/brasilnoticias.org\/site\/#website\"},\"primaryImageOfPage\":{\"@id\":\"https:\/\/brasilnoticias.org\/site\/policial-dono-de-arma-usada-para-atirar-em-advogado-e-preso-em-manaus\/#primaryimage\"},\"image\":{\"@id\":\"https:\/\/brasilnoticias.org\/site\/policial-dono-de-arma-usada-para-atirar-em-advogado-e-preso-em-manaus\/#primaryimage\"},\"thumbnailUrl\":\"https:\/\/brasilnoticias.org\/site\/wp-content\/uploads\/2023\/08\/whatsapp-image-2023-08-20-at-10.35.15.webp\",\"datePublished\":\"2023-08-21T14:00:10+00:00\",\"breadcrumb\":{\"@id\":\"https:\/\/brasilnoticias.org\/site\/policial-dono-de-arma-usada-para-atirar-em-advogado-e-preso-em-manaus\/#breadcrumb\"},\"inLanguage\":\"pt-PT\",\"potentialAction\":[{\"@type\":\"ReadAction\",\"target\":[\"https:\/\/brasilnoticias.org\/site\/policial-dono-de-arma-usada-para-atirar-em-advogado-e-preso-em-manaus\/\"]}]},{\"@type\":\"ImageObject\",\"inLanguage\":\"pt-PT\",\"@id\":\"https:\/\/brasilnoticias.org\/site\/policial-dono-de-arma-usada-para-atirar-em-advogado-e-preso-em-manaus\/#primaryimage\",\"url\":\"https:\/\/brasilnoticias.org\/site\/wp-content\/uploads\/2023\/08\/whatsapp-image-2023-08-20-at-10.35.15.webp\",\"contentUrl\":\"https:\/\/brasilnoticias.org\/site\/wp-content\/uploads\/2023\/08\/whatsapp-image-2023-08-20-at-10.35.15.webp\",\"width\":984,\"height\":984},{\"@type\":\"BreadcrumbList\",\"@id\":\"https:\/\/brasilnoticias.org\/site\/policial-dono-de-arma-usada-para-atirar-em-advogado-e-preso-em-manaus\/#breadcrumb\",\"itemListElement\":[{\"@type\":\"ListItem\",\"position\":1,\"name\":\"In\u00edcio\",\"item\":\"https:\/\/brasilnoticias.org\/site\/\"},{\"@type\":\"ListItem\",\"position\":2,\"name\":\"Policial dono de arma usada para atirar em advogado \u00e9 preso, em Manaus\"}]},{\"@type\":\"WebSite\",\"@id\":\"https:\/\/brasilnoticias.org\/site\/#website\",\"url\":\"https:\/\/brasilnoticias.org\/site\/\",\"name\":\"Brasil not\u00edcias\",\"description\":\"Brasil not\u00edcias\",\"publisher\":{\"@id\":\"https:\/\/brasilnoticias.org\/site\/#organization\"},\"potentialAction\":[{\"@type\":\"SearchAction\",\"target\":{\"@type\":\"EntryPoint\",\"urlTemplate\":\"https:\/\/brasilnoticias.org\/site\/?s={search_term_string}\"},\"query-input\":{\"@type\":\"PropertyValueSpecification\",\"valueRequired\":true,\"valueName\":\"search_term_string\"}}],\"inLanguage\":\"pt-PT\"},{\"@type\":\"Organization\",\"@id\":\"https:\/\/brasilnoticias.org\/site\/#organization\",\"name\":\"Brasil not\u00edcias\",\"url\":\"https:\/\/brasilnoticias.org\/site\/\",\"logo\":{\"@type\":\"ImageObject\",\"inLanguage\":\"pt-PT\",\"@id\":\"https:\/\/brasilnoticias.org\/site\/#\/schema\/logo\/image\/\",\"url\":\"https:\/\/brasilnoticias.org\/site\/wp-content\/uploads\/2022\/05\/cropped-brasilnoticias-mini.jpg\",\"contentUrl\":\"https:\/\/brasilnoticias.org\/site\/wp-content\/uploads\/2022\/05\/cropped-brasilnoticias-mini.jpg\",\"width\":314,\"height\":86,\"caption\":\"Brasil not\u00edcias\"},\"image\":{\"@id\":\"https:\/\/brasilnoticias.org\/site\/#\/schema\/logo\/image\/\"}},{\"@type\":\"Person\",\"@id\":\"https:\/\/brasilnoticias.org\/site\/#\/schema\/person\/03bbbfe6c7634ad18c26444ea39049fa\",\"name\":\"Reda\u00e7\u00e3o\",\"image\":{\"@type\":\"ImageObject\",\"inLanguage\":\"pt-PT\",\"@id\":\"https:\/\/brasilnoticias.org\/site\/#\/schema\/person\/image\/\",\"url\":\"https:\/\/secure.gravatar.com\/avatar\/9ecaf7327a696cb23ad926fedded5f1f04d7049de9e445375d55b48c001a6e42?s=96&d=mm&r=g\",\"contentUrl\":\"https:\/\/secure.gravatar.com\/avatar\/9ecaf7327a696cb23ad926fedded5f1f04d7049de9e445375d55b48c001a6e42?s=96&d=mm&r=g\",\"caption\":\"Reda\u00e7\u00e3o\"},\"url\":\"https:\/\/brasilnoticias.org\/site\/author\/henrique\/\"}]}<\/script>\n<!-- \/ Yoast SEO plugin. -->","yoast_head_json":{"title":"Policial dono de arma usada para atirar em advogado \u00e9 preso, em Manaus - Brasil not\u00edcias","robots":{"index":"index","follow":"follow","max-snippet":"max-snippet:-1","max-image-preview":"max-image-preview:large","max-video-preview":"max-video-preview:-1"},"canonical":"https:\/\/brasilnoticias.org\/site\/policial-dono-de-arma-usada-para-atirar-em-advogado-e-preso-em-manaus\/","og_locale":"pt_PT","og_type":"article","og_title":"Policial dono de arma usada para atirar em advogado \u00e9 preso, em Manaus - Brasil not\u00edcias","og_description":"Mulher do agente foi presa na sexta-feira (18) e justi\u00e7a manteve deten\u00e7\u00e3o neste s\u00e1bado. J\u00e1 o homem se apresentou na","og_url":"https:\/\/brasilnoticias.org\/site\/policial-dono-de-arma-usada-para-atirar-em-advogado-e-preso-em-manaus\/","og_site_name":"Brasil not\u00edcias","article_published_time":"2023-08-21T14:00:10+00:00","og_image":[{"width":984,"height":984,"url":"https:\/\/brasilnoticias.org\/site\/wp-content\/uploads\/2023\/08\/whatsapp-image-2023-08-20-at-10.35.15.webp","type":"image\/webp"}],"author":"Reda\u00e7\u00e3o","twitter_card":"summary_large_image","twitter_misc":{"Escrito por":"Reda\u00e7\u00e3o"},"schema":{"@context":"https:\/\/schema.org","@graph":[{"@type":"Article","@id":"https:\/\/brasilnoticias.org\/site\/policial-dono-de-arma-usada-para-atirar-em-advogado-e-preso-em-manaus\/#article","isPartOf":{"@id":"https:\/\/brasilnoticias.org\/site\/policial-dono-de-arma-usada-para-atirar-em-advogado-e-preso-em-manaus\/"},"author":{"name":"Reda\u00e7\u00e3o","@id":"https:\/\/brasilnoticias.org\/site\/#\/schema\/person\/03bbbfe6c7634ad18c26444ea39049fa"},"headline":"Policial dono de arma usada para atirar em advogado \u00e9 preso, em Manaus","datePublished":"2023-08-21T14:00:10+00:00","mainEntityOfPage":{"@id":"https:\/\/brasilnoticias.org\/site\/policial-dono-de-arma-usada-para-atirar-em-advogado-e-preso-em-manaus\/"},"wordCount":431,"commentCount":0,"publisher":{"@id":"https:\/\/brasilnoticias.org\/site\/#organization"},"image":{"@id":"https:\/\/brasilnoticias.org\/site\/policial-dono-de-arma-usada-para-atirar-em-advogado-e-preso-em-manaus\/#primaryimage"},"thumbnailUrl":"https:\/\/brasilnoticias.org\/site\/wp-content\/uploads\/2023\/08\/whatsapp-image-2023-08-20-at-10.35.15.webp","articleSection":["Pol\u00edcia","\u00daltimas"],"inLanguage":"pt-PT","potentialAction":[{"@type":"CommentAction","name":"Comment","target":["https:\/\/brasilnoticias.org\/site\/policial-dono-de-arma-usada-para-atirar-em-advogado-e-preso-em-manaus\/#respond"]}]},{"@type":"WebPage","@id":"https:\/\/brasilnoticias.org\/site\/policial-dono-de-arma-usada-para-atirar-em-advogado-e-preso-em-manaus\/","url":"https:\/\/brasilnoticias.org\/site\/policial-dono-de-arma-usada-para-atirar-em-advogado-e-preso-em-manaus\/","name":"Policial dono de arma usada para atirar em advogado \u00e9 preso, em Manaus - Brasil not\u00edcias","isPartOf":{"@id":"https:\/\/brasilnoticias.org\/site\/#website"},"primaryImageOfPage":{"@id":"https:\/\/brasilnoticias.org\/site\/policial-dono-de-arma-usada-para-atirar-em-advogado-e-preso-em-manaus\/#primaryimage"},"image":{"@id":"https:\/\/brasilnoticias.org\/site\/policial-dono-de-arma-usada-para-atirar-em-advogado-e-preso-em-manaus\/#primaryimage"},"thumbnailUrl":"https:\/\/brasilnoticias.org\/site\/wp-content\/uploads\/2023\/08\/whatsapp-image-2023-08-20-at-10.35.15.webp","datePublished":"2023-08-21T14:00:10+00:00","breadcrumb":{"@id":"https:\/\/brasilnoticias.org\/site\/policial-dono-de-arma-usada-para-atirar-em-advogado-e-preso-em-manaus\/#breadcrumb"},"inLanguage":"pt-PT","potentialAction":[{"@type":"ReadAction","target":["https:\/\/brasilnoticias.org\/site\/policial-dono-de-arma-usada-para-atirar-em-advogado-e-preso-em-manaus\/"]}]},{"@type":"ImageObject","inLanguage":"pt-PT","@id":"https:\/\/brasilnoticias.org\/site\/policial-dono-de-arma-usada-para-atirar-em-advogado-e-preso-em-manaus\/#primaryimage","url":"https:\/\/brasilnoticias.org\/site\/wp-content\/uploads\/2023\/08\/whatsapp-image-2023-08-20-at-10.35.15.webp","contentUrl":"https:\/\/brasilnoticias.org\/site\/wp-content\/uploads\/2023\/08\/whatsapp-image-2023-08-20-at-10.35.15.webp","width":984,"height":984},{"@type":"BreadcrumbList","@id":"https:\/\/brasilnoticias.org\/site\/policial-dono-de-arma-usada-para-atirar-em-advogado-e-preso-em-manaus\/#breadcrumb","itemListElement":[{"@type":"ListItem","position":1,"name":"In\u00edcio","item":"https:\/\/brasilnoticias.org\/site\/"},{"@type":"ListItem","position":2,"name":"Policial dono de arma usada para atirar em advogado \u00e9 preso, em Manaus"}]},{"@type":"WebSite","@id":"https:\/\/brasilnoticias.org\/site\/#website","url":"https:\/\/brasilnoticias.org\/site\/","name":"Brasil not\u00edcias","description":"Brasil not\u00edcias","publisher":{"@id":"https:\/\/brasilnoticias.org\/site\/#organization"},"potentialAction":[{"@type":"SearchAction","target":{"@type":"EntryPoint","urlTemplate":"https:\/\/brasilnoticias.org\/site\/?s={search_term_string}"},"query-input":{"@type":"PropertyValueSpecification","valueRequired":true,"valueName":"search_term_string"}}],"inLanguage":"pt-PT"},{"@type":"Organization","@id":"https:\/\/brasilnoticias.org\/site\/#organization","name":"Brasil not\u00edcias","url":"https:\/\/brasilnoticias.org\/site\/","logo":{"@type":"ImageObject","inLanguage":"pt-PT","@id":"https:\/\/brasilnoticias.org\/site\/#\/schema\/logo\/image\/","url":"https:\/\/brasilnoticias.org\/site\/wp-content\/uploads\/2022\/05\/cropped-brasilnoticias-mini.jpg","contentUrl":"https:\/\/brasilnoticias.org\/site\/wp-content\/uploads\/2022\/05\/cropped-brasilnoticias-mini.jpg","width":314,"height":86,"caption":"Brasil not\u00edcias"},"image":{"@id":"https:\/\/brasilnoticias.org\/site\/#\/schema\/logo\/image\/"}},{"@type":"Person","@id":"https:\/\/brasilnoticias.org\/site\/#\/schema\/person\/03bbbfe6c7634ad18c26444ea39049fa","name":"Reda\u00e7\u00e3o","image":{"@type":"ImageObject","inLanguage":"pt-PT","@id":"https:\/\/brasilnoticias.org\/site\/#\/schema\/person\/image\/","url":"https:\/\/secure.gravatar.com\/avatar\/9ecaf7327a696cb23ad926fedded5f1f04d7049de9e445375d55b48c001a6e42?s=96&d=mm&r=g","contentUrl":"https:\/\/secure.gravatar.com\/avatar\/9ecaf7327a696cb23ad926fedded5f1f04d7049de9e445375d55b48c001a6e42?s=96&d=mm&r=g","caption":"Reda\u00e7\u00e3o"},"url":"https:\/\/brasilnoticias.org\/site\/author\/henrique\/"}]}},"_links":{"self":[{"href":"https:\/\/brasilnoticias.org\/site\/wp-json\/wp\/v2\/posts\/8493","targetHints":{"allow":["GET"]}}],"collection":[{"href":"https:\/\/brasilnoticias.org\/site\/wp-json\/wp\/v2\/posts"}],"about":[{"href":"https:\/\/brasilnoticias.org\/site\/wp-json\/wp\/v2\/types\/post"}],"author":[{"embeddable":true,"href":"https:\/\/brasilnoticias.org\/site\/wp-json\/wp\/v2\/users\/4"}],"replies":[{"embeddable":true,"href":"https:\/\/brasilnoticias.org\/site\/wp-json\/wp\/v2\/comments?post=8493"}],"version-history":[{"count":1,"href":"https:\/\/brasilnoticias.org\/site\/wp-json\/wp\/v2\/posts\/8493\/revisions"}],"predecessor-version":[{"id":8495,"href":"https:\/\/brasilnoticias.org\/site\/wp-json\/wp\/v2\/posts\/8493\/revisions\/8495"}],"wp:featuredmedia":[{"embeddable":true,"href":"https:\/\/brasilnoticias.org\/site\/wp-json\/wp\/v2\/media\/8494"}],"wp:attachment":[{"href":"https:\/\/brasilnoticias.org\/site\/wp-json\/wp\/v2\/media?parent=8493"}],"wp:term":[{"taxonomy":"category","embeddable":true,"href":"https:\/\/brasilnoticias.org\/site\/wp-json\/wp\/v2\/categories?post=8493"},{"taxonomy":"post_tag","embeddable":true,"href":"https:\/\/brasilnoticias.org\/site\/wp-json\/wp\/v2\/tags?post=8493"}],"curies":[{"name":"wp","href":"https:\/\/api.w.org\/{rel}","templated":true}]}}