{"id":8496,"date":"2023-08-21T18:47:00","date_gmt":"2023-08-21T21:47:00","guid":{"rendered":"https:\/\/brasilnoticias.org\/site\/?p=8496"},"modified":"2023-08-21T18:47:00","modified_gmt":"2023-08-21T21:47:00","slug":"justica-obriga-que-plano-conceda-remedio-a-base-de-canabidiol-a-crianca-de-6-anos-em-salvador","status":"publish","type":"post","link":"https:\/\/brasilnoticias.org\/site\/justica-obriga-que-plano-conceda-remedio-a-base-de-canabidiol-a-crianca-de-6-anos-em-salvador\/","title":{"rendered":"Justi\u00e7a obriga que plano conceda rem\u00e9dio a base de canabidiol a crian\u00e7a de 6 anos em Salvador"},"content":{"rendered":"<p>A menina \u00e9 portadora de epilepsia e, de acordo com seu pai, ap\u00f3s a introdu\u00e7\u00e3o do uso de medica\u00e7\u00f5es prescritas do \u00f3leo uma evolu\u00e7\u00e3o significativa das crises convulsivas foi observada<\/p>\n<p>O juiz Roberto Jos\u00e9 Lima Costa, da 2\u00aa Vara de Rela\u00e7\u00f5es de Consumo em Salvador, determinou que o plano de sa\u00fade SulAm\u00e9rica deve arcar com os custos de um \u00f3leo de cannabis rico em CBD para uma menina de 6 anos, que \u00e9 portadora de epilepsia.<\/p>\n<p>A crian\u00e7a sofre com quadro de atraso no desenvolvimento e linguagem, tendo ainda seletividade alimentar, dificuldade de intera\u00e7\u00e3o e atraso cognitivo. De acordo com o processo, o pai da menina, representante dela no processo, afirma que no in\u00edcio do tratamento sua filha apresentava um quadro de epilepsia de dif\u00edcil controle, e que ap\u00f3s a introdu\u00e7\u00e3o do uso de medica\u00e7\u00f5es prescritas do \u00f3leo uma evolu\u00e7\u00e3o significativa das crises convulsivas foi observada.<\/p>\n<p>O pai, Marcio Antonio Santos, ainda narrou que os demais medicamentos utilizados n\u00e3o foram t\u00e3o eficazes no tratamento de seu quadro cl\u00ednico e que os dois extratos de fitocanabin\u00f3ides foram os \u00fanicos capazes de controlar as crises sofridas pela crian\u00e7a.<\/p>\n<p>Por causa disso, o juiz determinou que SulAm\u00e9rica Companhia de Seguro e Sa\u00fade custeie e autorize imediatamente o medicamento, sob pena de multa di\u00e1ria a ser arbitrada pelo Ju\u00edzo e configura\u00e7\u00e3o de crime de desobedi\u00eancia.<\/p>\n<p>Apesar de o medicamento n\u00e3o contar com aprova\u00e7\u00e3o por parte da Anvisa (Ag\u00eancia Nacional de Vigil\u00e2ncia Sanit\u00e1ria) e, consequentemente, n\u00e3o ser vi\u00e1vel obter a medica\u00e7\u00e3o pelo SUS (Sistema \u00danico de Sa\u00fade), a crian\u00e7a obteve uma autoriza\u00e7\u00e3o excepcional da institui\u00e7\u00e3o para realizar a importa\u00e7\u00e3o do produto.<\/p>\n<p>Foto: Antonio Cruz\/Ag\u00eancia Brasil<br \/>\nPor: Metro1<\/p>\n","protected":false},"excerpt":{"rendered":"<p>A menina \u00e9 portadora de epilepsia e, de acordo com seu pai, ap\u00f3s a introdu\u00e7\u00e3o do uso de medica\u00e7\u00f5es prescritas<\/p>\n","protected":false},"author":4,"featured_media":8497,"comment_status":"open","ping_status":"open","sticky":false,"template":"","format":"standard","meta":{"colormag_page_container_layout":"default_layout","colormag_page_sidebar_layout":"default_layout","_FSMCFIC_featured_image_caption":"","_FSMCFIC_featured_image_nocaption":"","_FSMCFIC_featured_image_hide":"","footnotes":""},"categories":[7,1],"tags":[],"class_list":["post-8496","post","type-post","status-publish","format-standard","has-post-thumbnail","hentry","category-justica","category-ultimas"],"yoast_head":"<!-- This site is optimized with the Yoast SEO plugin v27.1.1 - https:\/\/yoast.com\/product\/yoast-seo-wordpress\/ -->\n<title>Justi\u00e7a obriga que plano conceda rem\u00e9dio a base de canabidiol a crian\u00e7a de 6 anos em Salvador - Brasil not\u00edcias<\/title>\n<meta name=\"robots\" content=\"index, follow, max-snippet:-1, max-image-preview:large, max-video-preview:-1\" \/>\n<link rel=\"canonical\" href=\"https:\/\/brasilnoticias.org\/site\/justica-obriga-que-plano-conceda-remedio-a-base-de-canabidiol-a-crianca-de-6-anos-em-salvador\/\" \/>\n<meta property=\"og:locale\" content=\"pt_PT\" \/>\n<meta property=\"og:type\" content=\"article\" \/>\n<meta property=\"og:title\" content=\"Justi\u00e7a obriga que plano conceda rem\u00e9dio a base de canabidiol a crian\u00e7a de 6 anos em Salvador - Brasil not\u00edcias\" \/>\n<meta property=\"og:description\" content=\"A menina \u00e9 portadora de epilepsia e, de acordo com seu pai, ap\u00f3s a introdu\u00e7\u00e3o do uso de medica\u00e7\u00f5es prescritas\" \/>\n<meta property=\"og:url\" content=\"https:\/\/brasilnoticias.org\/site\/justica-obriga-que-plano-conceda-remedio-a-base-de-canabidiol-a-crianca-de-6-anos-em-salvador\/\" \/>\n<meta property=\"og:site_name\" content=\"Brasil not\u00edcias\" \/>\n<meta property=\"article:published_time\" content=\"2023-08-21T21:47:00+00:00\" \/>\n<meta property=\"og:image\" content=\"https:\/\/brasilnoticias.org\/site\/wp-content\/uploads\/2023\/08\/140104justica-obriga-que-plano-conceda-remedio-a-base-de-canabidiol-a-crianca-de-6-anos-em-salvador-3.jpg\" \/>\n\t<meta property=\"og:image:width\" content=\"1600\" \/>\n\t<meta property=\"og:image:height\" content=\"752\" \/>\n\t<meta property=\"og:image:type\" content=\"image\/jpeg\" \/>\n<meta name=\"author\" content=\"Reda\u00e7\u00e3o\" \/>\n<meta name=\"twitter:card\" content=\"summary_large_image\" \/>\n<meta name=\"twitter:label1\" content=\"Escrito por\" \/>\n\t<meta name=\"twitter:data1\" content=\"Reda\u00e7\u00e3o\" \/>\n<script type=\"application\/ld+json\" class=\"yoast-schema-graph\">{\"@context\":\"https:\/\/schema.org\",\"@graph\":[{\"@type\":\"Article\",\"@id\":\"https:\/\/brasilnoticias.org\/site\/justica-obriga-que-plano-conceda-remedio-a-base-de-canabidiol-a-crianca-de-6-anos-em-salvador\/#article\",\"isPartOf\":{\"@id\":\"https:\/\/brasilnoticias.org\/site\/justica-obriga-que-plano-conceda-remedio-a-base-de-canabidiol-a-crianca-de-6-anos-em-salvador\/\"},\"author\":{\"name\":\"Reda\u00e7\u00e3o\",\"@id\":\"https:\/\/brasilnoticias.org\/site\/#\/schema\/person\/03bbbfe6c7634ad18c26444ea39049fa\"},\"headline\":\"Justi\u00e7a obriga que plano conceda rem\u00e9dio a base de canabidiol a crian\u00e7a de 6 anos em Salvador\",\"datePublished\":\"2023-08-21T21:47:00+00:00\",\"mainEntityOfPage\":{\"@id\":\"https:\/\/brasilnoticias.org\/site\/justica-obriga-que-plano-conceda-remedio-a-base-de-canabidiol-a-crianca-de-6-anos-em-salvador\/\"},\"wordCount\":328,\"commentCount\":0,\"publisher\":{\"@id\":\"https:\/\/brasilnoticias.org\/site\/#organization\"},\"image\":{\"@id\":\"https:\/\/brasilnoticias.org\/site\/justica-obriga-que-plano-conceda-remedio-a-base-de-canabidiol-a-crianca-de-6-anos-em-salvador\/#primaryimage\"},\"thumbnailUrl\":\"https:\/\/brasilnoticias.org\/site\/wp-content\/uploads\/2023\/08\/140104justica-obriga-que-plano-conceda-remedio-a-base-de-canabidiol-a-crianca-de-6-anos-em-salvador-3.jpg\",\"articleSection\":[\"Justi\u00e7a\",\"\u00daltimas\"],\"inLanguage\":\"pt-PT\",\"potentialAction\":[{\"@type\":\"CommentAction\",\"name\":\"Comment\",\"target\":[\"https:\/\/brasilnoticias.org\/site\/justica-obriga-que-plano-conceda-remedio-a-base-de-canabidiol-a-crianca-de-6-anos-em-salvador\/#respond\"]}]},{\"@type\":\"WebPage\",\"@id\":\"https:\/\/brasilnoticias.org\/site\/justica-obriga-que-plano-conceda-remedio-a-base-de-canabidiol-a-crianca-de-6-anos-em-salvador\/\",\"url\":\"https:\/\/brasilnoticias.org\/site\/justica-obriga-que-plano-conceda-remedio-a-base-de-canabidiol-a-crianca-de-6-anos-em-salvador\/\",\"name\":\"Justi\u00e7a obriga que plano conceda rem\u00e9dio a base de canabidiol a crian\u00e7a de 6 anos em Salvador - Brasil not\u00edcias\",\"isPartOf\":{\"@id\":\"https:\/\/brasilnoticias.org\/site\/#website\"},\"primaryImageOfPage\":{\"@id\":\"https:\/\/brasilnoticias.org\/site\/justica-obriga-que-plano-conceda-remedio-a-base-de-canabidiol-a-crianca-de-6-anos-em-salvador\/#primaryimage\"},\"image\":{\"@id\":\"https:\/\/brasilnoticias.org\/site\/justica-obriga-que-plano-conceda-remedio-a-base-de-canabidiol-a-crianca-de-6-anos-em-salvador\/#primaryimage\"},\"thumbnailUrl\":\"https:\/\/brasilnoticias.org\/site\/wp-content\/uploads\/2023\/08\/140104justica-obriga-que-plano-conceda-remedio-a-base-de-canabidiol-a-crianca-de-6-anos-em-salvador-3.jpg\",\"datePublished\":\"2023-08-21T21:47:00+00:00\",\"breadcrumb\":{\"@id\":\"https:\/\/brasilnoticias.org\/site\/justica-obriga-que-plano-conceda-remedio-a-base-de-canabidiol-a-crianca-de-6-anos-em-salvador\/#breadcrumb\"},\"inLanguage\":\"pt-PT\",\"potentialAction\":[{\"@type\":\"ReadAction\",\"target\":[\"https:\/\/brasilnoticias.org\/site\/justica-obriga-que-plano-conceda-remedio-a-base-de-canabidiol-a-crianca-de-6-anos-em-salvador\/\"]}]},{\"@type\":\"ImageObject\",\"inLanguage\":\"pt-PT\",\"@id\":\"https:\/\/brasilnoticias.org\/site\/justica-obriga-que-plano-conceda-remedio-a-base-de-canabidiol-a-crianca-de-6-anos-em-salvador\/#primaryimage\",\"url\":\"https:\/\/brasilnoticias.org\/site\/wp-content\/uploads\/2023\/08\/140104justica-obriga-que-plano-conceda-remedio-a-base-de-canabidiol-a-crianca-de-6-anos-em-salvador-3.jpg\",\"contentUrl\":\"https:\/\/brasilnoticias.org\/site\/wp-content\/uploads\/2023\/08\/140104justica-obriga-que-plano-conceda-remedio-a-base-de-canabidiol-a-crianca-de-6-anos-em-salvador-3.jpg\",\"width\":1600,\"height\":752},{\"@type\":\"BreadcrumbList\",\"@id\":\"https:\/\/brasilnoticias.org\/site\/justica-obriga-que-plano-conceda-remedio-a-base-de-canabidiol-a-crianca-de-6-anos-em-salvador\/#breadcrumb\",\"itemListElement\":[{\"@type\":\"ListItem\",\"position\":1,\"name\":\"In\u00edcio\",\"item\":\"https:\/\/brasilnoticias.org\/site\/\"},{\"@type\":\"ListItem\",\"position\":2,\"name\":\"Justi\u00e7a obriga que plano conceda rem\u00e9dio a base de canabidiol a crian\u00e7a de 6 anos em Salvador\"}]},{\"@type\":\"WebSite\",\"@id\":\"https:\/\/brasilnoticias.org\/site\/#website\",\"url\":\"https:\/\/brasilnoticias.org\/site\/\",\"name\":\"Brasil not\u00edcias\",\"description\":\"Brasil not\u00edcias\",\"publisher\":{\"@id\":\"https:\/\/brasilnoticias.org\/site\/#organization\"},\"potentialAction\":[{\"@type\":\"SearchAction\",\"target\":{\"@type\":\"EntryPoint\",\"urlTemplate\":\"https:\/\/brasilnoticias.org\/site\/?s={search_term_string}\"},\"query-input\":{\"@type\":\"PropertyValueSpecification\",\"valueRequired\":true,\"valueName\":\"search_term_string\"}}],\"inLanguage\":\"pt-PT\"},{\"@type\":\"Organization\",\"@id\":\"https:\/\/brasilnoticias.org\/site\/#organization\",\"name\":\"Brasil not\u00edcias\",\"url\":\"https:\/\/brasilnoticias.org\/site\/\",\"logo\":{\"@type\":\"ImageObject\",\"inLanguage\":\"pt-PT\",\"@id\":\"https:\/\/brasilnoticias.org\/site\/#\/schema\/logo\/image\/\",\"url\":\"https:\/\/brasilnoticias.org\/site\/wp-content\/uploads\/2022\/05\/cropped-brasilnoticias-mini.jpg\",\"contentUrl\":\"https:\/\/brasilnoticias.org\/site\/wp-content\/uploads\/2022\/05\/cropped-brasilnoticias-mini.jpg\",\"width\":314,\"height\":86,\"caption\":\"Brasil not\u00edcias\"},\"image\":{\"@id\":\"https:\/\/brasilnoticias.org\/site\/#\/schema\/logo\/image\/\"}},{\"@type\":\"Person\",\"@id\":\"https:\/\/brasilnoticias.org\/site\/#\/schema\/person\/03bbbfe6c7634ad18c26444ea39049fa\",\"name\":\"Reda\u00e7\u00e3o\",\"image\":{\"@type\":\"ImageObject\",\"inLanguage\":\"pt-PT\",\"@id\":\"https:\/\/brasilnoticias.org\/site\/#\/schema\/person\/image\/\",\"url\":\"https:\/\/secure.gravatar.com\/avatar\/9ecaf7327a696cb23ad926fedded5f1f04d7049de9e445375d55b48c001a6e42?s=96&d=mm&r=g\",\"contentUrl\":\"https:\/\/secure.gravatar.com\/avatar\/9ecaf7327a696cb23ad926fedded5f1f04d7049de9e445375d55b48c001a6e42?s=96&d=mm&r=g\",\"caption\":\"Reda\u00e7\u00e3o\"},\"url\":\"https:\/\/brasilnoticias.org\/site\/author\/henrique\/\"}]}<\/script>\n<!-- \/ Yoast SEO plugin. -->","yoast_head_json":{"title":"Justi\u00e7a obriga que plano conceda rem\u00e9dio a base de canabidiol a crian\u00e7a de 6 anos em Salvador - Brasil not\u00edcias","robots":{"index":"index","follow":"follow","max-snippet":"max-snippet:-1","max-image-preview":"max-image-preview:large","max-video-preview":"max-video-preview:-1"},"canonical":"https:\/\/brasilnoticias.org\/site\/justica-obriga-que-plano-conceda-remedio-a-base-de-canabidiol-a-crianca-de-6-anos-em-salvador\/","og_locale":"pt_PT","og_type":"article","og_title":"Justi\u00e7a obriga que plano conceda rem\u00e9dio a base de canabidiol a crian\u00e7a de 6 anos em Salvador - Brasil not\u00edcias","og_description":"A menina \u00e9 portadora de epilepsia e, de acordo com seu pai, ap\u00f3s a introdu\u00e7\u00e3o do uso de medica\u00e7\u00f5es prescritas","og_url":"https:\/\/brasilnoticias.org\/site\/justica-obriga-que-plano-conceda-remedio-a-base-de-canabidiol-a-crianca-de-6-anos-em-salvador\/","og_site_name":"Brasil not\u00edcias","article_published_time":"2023-08-21T21:47:00+00:00","og_image":[{"width":1600,"height":752,"url":"https:\/\/brasilnoticias.org\/site\/wp-content\/uploads\/2023\/08\/140104justica-obriga-que-plano-conceda-remedio-a-base-de-canabidiol-a-crianca-de-6-anos-em-salvador-3.jpg","type":"image\/jpeg"}],"author":"Reda\u00e7\u00e3o","twitter_card":"summary_large_image","twitter_misc":{"Escrito por":"Reda\u00e7\u00e3o"},"schema":{"@context":"https:\/\/schema.org","@graph":[{"@type":"Article","@id":"https:\/\/brasilnoticias.org\/site\/justica-obriga-que-plano-conceda-remedio-a-base-de-canabidiol-a-crianca-de-6-anos-em-salvador\/#article","isPartOf":{"@id":"https:\/\/brasilnoticias.org\/site\/justica-obriga-que-plano-conceda-remedio-a-base-de-canabidiol-a-crianca-de-6-anos-em-salvador\/"},"author":{"name":"Reda\u00e7\u00e3o","@id":"https:\/\/brasilnoticias.org\/site\/#\/schema\/person\/03bbbfe6c7634ad18c26444ea39049fa"},"headline":"Justi\u00e7a obriga que plano conceda rem\u00e9dio a base de canabidiol a crian\u00e7a de 6 anos em Salvador","datePublished":"2023-08-21T21:47:00+00:00","mainEntityOfPage":{"@id":"https:\/\/brasilnoticias.org\/site\/justica-obriga-que-plano-conceda-remedio-a-base-de-canabidiol-a-crianca-de-6-anos-em-salvador\/"},"wordCount":328,"commentCount":0,"publisher":{"@id":"https:\/\/brasilnoticias.org\/site\/#organization"},"image":{"@id":"https:\/\/brasilnoticias.org\/site\/justica-obriga-que-plano-conceda-remedio-a-base-de-canabidiol-a-crianca-de-6-anos-em-salvador\/#primaryimage"},"thumbnailUrl":"https:\/\/brasilnoticias.org\/site\/wp-content\/uploads\/2023\/08\/140104justica-obriga-que-plano-conceda-remedio-a-base-de-canabidiol-a-crianca-de-6-anos-em-salvador-3.jpg","articleSection":["Justi\u00e7a","\u00daltimas"],"inLanguage":"pt-PT","potentialAction":[{"@type":"CommentAction","name":"Comment","target":["https:\/\/brasilnoticias.org\/site\/justica-obriga-que-plano-conceda-remedio-a-base-de-canabidiol-a-crianca-de-6-anos-em-salvador\/#respond"]}]},{"@type":"WebPage","@id":"https:\/\/brasilnoticias.org\/site\/justica-obriga-que-plano-conceda-remedio-a-base-de-canabidiol-a-crianca-de-6-anos-em-salvador\/","url":"https:\/\/brasilnoticias.org\/site\/justica-obriga-que-plano-conceda-remedio-a-base-de-canabidiol-a-crianca-de-6-anos-em-salvador\/","name":"Justi\u00e7a obriga que plano conceda rem\u00e9dio a base de canabidiol a crian\u00e7a de 6 anos em Salvador - Brasil not\u00edcias","isPartOf":{"@id":"https:\/\/brasilnoticias.org\/site\/#website"},"primaryImageOfPage":{"@id":"https:\/\/brasilnoticias.org\/site\/justica-obriga-que-plano-conceda-remedio-a-base-de-canabidiol-a-crianca-de-6-anos-em-salvador\/#primaryimage"},"image":{"@id":"https:\/\/brasilnoticias.org\/site\/justica-obriga-que-plano-conceda-remedio-a-base-de-canabidiol-a-crianca-de-6-anos-em-salvador\/#primaryimage"},"thumbnailUrl":"https:\/\/brasilnoticias.org\/site\/wp-content\/uploads\/2023\/08\/140104justica-obriga-que-plano-conceda-remedio-a-base-de-canabidiol-a-crianca-de-6-anos-em-salvador-3.jpg","datePublished":"2023-08-21T21:47:00+00:00","breadcrumb":{"@id":"https:\/\/brasilnoticias.org\/site\/justica-obriga-que-plano-conceda-remedio-a-base-de-canabidiol-a-crianca-de-6-anos-em-salvador\/#breadcrumb"},"inLanguage":"pt-PT","potentialAction":[{"@type":"ReadAction","target":["https:\/\/brasilnoticias.org\/site\/justica-obriga-que-plano-conceda-remedio-a-base-de-canabidiol-a-crianca-de-6-anos-em-salvador\/"]}]},{"@type":"ImageObject","inLanguage":"pt-PT","@id":"https:\/\/brasilnoticias.org\/site\/justica-obriga-que-plano-conceda-remedio-a-base-de-canabidiol-a-crianca-de-6-anos-em-salvador\/#primaryimage","url":"https:\/\/brasilnoticias.org\/site\/wp-content\/uploads\/2023\/08\/140104justica-obriga-que-plano-conceda-remedio-a-base-de-canabidiol-a-crianca-de-6-anos-em-salvador-3.jpg","contentUrl":"https:\/\/brasilnoticias.org\/site\/wp-content\/uploads\/2023\/08\/140104justica-obriga-que-plano-conceda-remedio-a-base-de-canabidiol-a-crianca-de-6-anos-em-salvador-3.jpg","width":1600,"height":752},{"@type":"BreadcrumbList","@id":"https:\/\/brasilnoticias.org\/site\/justica-obriga-que-plano-conceda-remedio-a-base-de-canabidiol-a-crianca-de-6-anos-em-salvador\/#breadcrumb","itemListElement":[{"@type":"ListItem","position":1,"name":"In\u00edcio","item":"https:\/\/brasilnoticias.org\/site\/"},{"@type":"ListItem","position":2,"name":"Justi\u00e7a obriga que plano conceda rem\u00e9dio a base de canabidiol a crian\u00e7a de 6 anos em Salvador"}]},{"@type":"WebSite","@id":"https:\/\/brasilnoticias.org\/site\/#website","url":"https:\/\/brasilnoticias.org\/site\/","name":"Brasil not\u00edcias","description":"Brasil not\u00edcias","publisher":{"@id":"https:\/\/brasilnoticias.org\/site\/#organization"},"potentialAction":[{"@type":"SearchAction","target":{"@type":"EntryPoint","urlTemplate":"https:\/\/brasilnoticias.org\/site\/?s={search_term_string}"},"query-input":{"@type":"PropertyValueSpecification","valueRequired":true,"valueName":"search_term_string"}}],"inLanguage":"pt-PT"},{"@type":"Organization","@id":"https:\/\/brasilnoticias.org\/site\/#organization","name":"Brasil not\u00edcias","url":"https:\/\/brasilnoticias.org\/site\/","logo":{"@type":"ImageObject","inLanguage":"pt-PT","@id":"https:\/\/brasilnoticias.org\/site\/#\/schema\/logo\/image\/","url":"https:\/\/brasilnoticias.org\/site\/wp-content\/uploads\/2022\/05\/cropped-brasilnoticias-mini.jpg","contentUrl":"https:\/\/brasilnoticias.org\/site\/wp-content\/uploads\/2022\/05\/cropped-brasilnoticias-mini.jpg","width":314,"height":86,"caption":"Brasil not\u00edcias"},"image":{"@id":"https:\/\/brasilnoticias.org\/site\/#\/schema\/logo\/image\/"}},{"@type":"Person","@id":"https:\/\/brasilnoticias.org\/site\/#\/schema\/person\/03bbbfe6c7634ad18c26444ea39049fa","name":"Reda\u00e7\u00e3o","image":{"@type":"ImageObject","inLanguage":"pt-PT","@id":"https:\/\/brasilnoticias.org\/site\/#\/schema\/person\/image\/","url":"https:\/\/secure.gravatar.com\/avatar\/9ecaf7327a696cb23ad926fedded5f1f04d7049de9e445375d55b48c001a6e42?s=96&d=mm&r=g","contentUrl":"https:\/\/secure.gravatar.com\/avatar\/9ecaf7327a696cb23ad926fedded5f1f04d7049de9e445375d55b48c001a6e42?s=96&d=mm&r=g","caption":"Reda\u00e7\u00e3o"},"url":"https:\/\/brasilnoticias.org\/site\/author\/henrique\/"}]}},"_links":{"self":[{"href":"https:\/\/brasilnoticias.org\/site\/wp-json\/wp\/v2\/posts\/8496","targetHints":{"allow":["GET"]}}],"collection":[{"href":"https:\/\/brasilnoticias.org\/site\/wp-json\/wp\/v2\/posts"}],"about":[{"href":"https:\/\/brasilnoticias.org\/site\/wp-json\/wp\/v2\/types\/post"}],"author":[{"embeddable":true,"href":"https:\/\/brasilnoticias.org\/site\/wp-json\/wp\/v2\/users\/4"}],"replies":[{"embeddable":true,"href":"https:\/\/brasilnoticias.org\/site\/wp-json\/wp\/v2\/comments?post=8496"}],"version-history":[{"count":1,"href":"https:\/\/brasilnoticias.org\/site\/wp-json\/wp\/v2\/posts\/8496\/revisions"}],"predecessor-version":[{"id":8498,"href":"https:\/\/brasilnoticias.org\/site\/wp-json\/wp\/v2\/posts\/8496\/revisions\/8498"}],"wp:featuredmedia":[{"embeddable":true,"href":"https:\/\/brasilnoticias.org\/site\/wp-json\/wp\/v2\/media\/8497"}],"wp:attachment":[{"href":"https:\/\/brasilnoticias.org\/site\/wp-json\/wp\/v2\/media?parent=8496"}],"wp:term":[{"taxonomy":"category","embeddable":true,"href":"https:\/\/brasilnoticias.org\/site\/wp-json\/wp\/v2\/categories?post=8496"},{"taxonomy":"post_tag","embeddable":true,"href":"https:\/\/brasilnoticias.org\/site\/wp-json\/wp\/v2\/tags?post=8496"}],"curies":[{"name":"wp","href":"https:\/\/api.w.org\/{rel}","templated":true}]}}