{"id":850,"date":"2022-06-10T12:07:22","date_gmt":"2022-06-10T15:07:22","guid":{"rendered":"https:\/\/brasilnoticias.org\/site\/?p=850"},"modified":"2022-06-10T12:07:22","modified_gmt":"2022-06-10T15:07:22","slug":"idosa-e-empregada-domestica-sao-encontradas-degoladas-e-carbonizadas-em-apartamento-de-luxo","status":"publish","type":"post","link":"https:\/\/brasilnoticias.org\/site\/idosa-e-empregada-domestica-sao-encontradas-degoladas-e-carbonizadas-em-apartamento-de-luxo\/","title":{"rendered":"Idosa e empregada dom\u00e9stica s\u00e3o encontradas degoladas e carbonizadas em apartamento de luxo"},"content":{"rendered":"<p>Uma idosa e a empregada dom\u00e9stica dela foram encontradas na tarde de quinta-feira (9) mortas e com os corpos carbonizados, em um apartamento de luxo localizado no bairro do Flamengo, na Zona Sul do Rio. As v\u00edtimas, identificadas como Martha Maria Lopes Pontes, de 77 anos, e Alice Fernandes da Silva, de 51, estavam com as cabe\u00e7as degoladas.<\/p>\n<p>De acordo com informa\u00e7\u00f5es iniciais, homens teriam invadido a resid\u00eancia de Martha Maria para assaltar o im\u00f3vel. Antes da fuga, os suspeitos mataram as v\u00edtimas e cortaram os pesco\u00e7os das duas. Tamb\u00e9m resolveram atear fogo em um colch\u00e3o, o que fez com que as chamas se espalhassem por toda a resid\u00eancia.<\/p>\n<p>Mas quem conhecia Martha e Alice, que trabalhava na casa h\u00e1 cerca de 20 anos, n\u00e3o acredita que o crime tenha sido apenas para levar bens materiais do apartamento. Uma pessoa afirmou \u00e0 reportagem do O Dia que a idosa teria brigado com dois rapazes contratados para pintar alguns c\u00f4modos da casa, dias antes de acontecer o duplo homic\u00eddio.<\/p>\n<p>N\u00e3o foi assalto. Eles n\u00e3o levaram nada. Ela [Martha] brigou com os pintores que trabalharam aqui [no pr\u00e9dio]. A gente ainda n\u00e3o sabe o motivo da briga&#8221;, afirmou a fonte sob anonimato.<br \/>\nA Pol\u00edcia Civil do Rio afirma que o caso ainda est\u00e1 sendo investigado e que, at\u00e9 a manh\u00e3 desta sexta (10), n\u00e3o havia mais detalhes sobre o crime. C\u00e2meras de seguran\u00e7a podem ser analisadas para ajudar na elucida\u00e7\u00e3o do crime.<\/p>\n<p>Segundo o Extra, o corpo da idosa foi encontrado no aposento dela. J\u00e1 o corpo de Alice estava na cozinha, pr\u00f3ximo de uma das portas de entrada do im\u00f3vel. Ela prestava servi\u00e7os para Martha tr\u00eas vezes por semana. O corpo das duas foram encontrados por bombeiros que foram acionados por vizinhos.<\/p>\n<p>A Alice era uma mulher muito forte, am\u00e1vel, querida, m\u00e3e e coluna da casa. Uma mulher de fibra, muito cuidadosa com todo mundo, am\u00e1vel e todo dia tinha uma palavra de amor e carinho [&#8230;] Isso n\u00e3o foi uma morte, foi uma crueldade sem tamanho com uma pessoa que n\u00e3o merecia um fim desses\u201d, disse uma familiar da empregada dom\u00e9stica ao jornal.<\/p>\n<p>&nbsp;<\/p>\n<p>&nbsp;<\/p>\n<p>&nbsp;<\/p>\n<p>Bnews<\/p>\n<p>&nbsp;<\/p>\n","protected":false},"excerpt":{"rendered":"<p>Uma idosa e a empregada dom\u00e9stica dela foram encontradas na tarde de quinta-feira (9) mortas e com os corpos carbonizados,<\/p>\n","protected":false},"author":2,"featured_media":851,"comment_status":"open","ping_status":"open","sticky":false,"template":"","format":"standard","meta":{"colormag_page_container_layout":"default_layout","colormag_page_sidebar_layout":"default_layout","_FSMCFIC_featured_image_caption":"","_FSMCFIC_featured_image_nocaption":"","_FSMCFIC_featured_image_hide":"","footnotes":""},"categories":[3,1],"tags":[],"class_list":["post-850","post","type-post","status-publish","format-standard","has-post-thumbnail","hentry","category-policia","category-ultimas"],"yoast_head":"<!-- This site is optimized with the Yoast SEO plugin v27.1.1 - https:\/\/yoast.com\/product\/yoast-seo-wordpress\/ -->\n<title>Idosa e empregada dom\u00e9stica s\u00e3o encontradas degoladas e carbonizadas em apartamento de luxo - Brasil not\u00edcias<\/title>\n<meta name=\"robots\" content=\"index, follow, max-snippet:-1, max-image-preview:large, max-video-preview:-1\" \/>\n<link rel=\"canonical\" href=\"https:\/\/brasilnoticias.org\/site\/idosa-e-empregada-domestica-sao-encontradas-degoladas-e-carbonizadas-em-apartamento-de-luxo\/\" \/>\n<meta property=\"og:locale\" content=\"pt_PT\" \/>\n<meta property=\"og:type\" content=\"article\" \/>\n<meta property=\"og:title\" content=\"Idosa e empregada dom\u00e9stica s\u00e3o encontradas degoladas e carbonizadas em apartamento de luxo - Brasil not\u00edcias\" \/>\n<meta property=\"og:description\" content=\"Uma idosa e a empregada dom\u00e9stica dela foram encontradas na tarde de quinta-feira (9) mortas e com os corpos carbonizados,\" \/>\n<meta property=\"og:url\" content=\"https:\/\/brasilnoticias.org\/site\/idosa-e-empregada-domestica-sao-encontradas-degoladas-e-carbonizadas-em-apartamento-de-luxo\/\" \/>\n<meta property=\"og:site_name\" content=\"Brasil not\u00edcias\" \/>\n<meta property=\"article:published_time\" content=\"2022-06-10T15:07:22+00:00\" \/>\n<meta property=\"og:image\" content=\"https:\/\/brasilnoticias.org\/site\/wp-content\/uploads\/2022\/06\/idosa-empregada-encontradas-mortas-degolada_widelg-1.jpg\" \/>\n\t<meta property=\"og:image:width\" content=\"800\" \/>\n\t<meta property=\"og:image:height\" content=\"450\" \/>\n\t<meta property=\"og:image:type\" content=\"image\/jpeg\" \/>\n<meta name=\"author\" content=\"Reda\u00e7\u00e3o\" \/>\n<meta name=\"twitter:card\" content=\"summary_large_image\" \/>\n<meta name=\"twitter:label1\" content=\"Escrito por\" \/>\n\t<meta name=\"twitter:data1\" content=\"Reda\u00e7\u00e3o\" \/>\n\t<meta name=\"twitter:label2\" content=\"Tempo estimado de leitura\" \/>\n\t<meta name=\"twitter:data2\" content=\"2 minutos\" \/>\n<script type=\"application\/ld+json\" class=\"yoast-schema-graph\">{\"@context\":\"https:\/\/schema.org\",\"@graph\":[{\"@type\":\"Article\",\"@id\":\"https:\/\/brasilnoticias.org\/site\/idosa-e-empregada-domestica-sao-encontradas-degoladas-e-carbonizadas-em-apartamento-de-luxo\/#article\",\"isPartOf\":{\"@id\":\"https:\/\/brasilnoticias.org\/site\/idosa-e-empregada-domestica-sao-encontradas-degoladas-e-carbonizadas-em-apartamento-de-luxo\/\"},\"author\":{\"name\":\"Reda\u00e7\u00e3o\",\"@id\":\"https:\/\/brasilnoticias.org\/site\/#\/schema\/person\/f609fa847b5314f1c8b983342f34c798\"},\"headline\":\"Idosa e empregada dom\u00e9stica s\u00e3o encontradas degoladas e carbonizadas em apartamento de luxo\",\"datePublished\":\"2022-06-10T15:07:22+00:00\",\"mainEntityOfPage\":{\"@id\":\"https:\/\/brasilnoticias.org\/site\/idosa-e-empregada-domestica-sao-encontradas-degoladas-e-carbonizadas-em-apartamento-de-luxo\/\"},\"wordCount\":399,\"commentCount\":0,\"publisher\":{\"@id\":\"https:\/\/brasilnoticias.org\/site\/#organization\"},\"image\":{\"@id\":\"https:\/\/brasilnoticias.org\/site\/idosa-e-empregada-domestica-sao-encontradas-degoladas-e-carbonizadas-em-apartamento-de-luxo\/#primaryimage\"},\"thumbnailUrl\":\"https:\/\/brasilnoticias.org\/site\/wp-content\/uploads\/2022\/06\/idosa-empregada-encontradas-mortas-degolada_widelg-1.jpg\",\"articleSection\":[\"Pol\u00edcia\",\"\u00daltimas\"],\"inLanguage\":\"pt-PT\",\"potentialAction\":[{\"@type\":\"CommentAction\",\"name\":\"Comment\",\"target\":[\"https:\/\/brasilnoticias.org\/site\/idosa-e-empregada-domestica-sao-encontradas-degoladas-e-carbonizadas-em-apartamento-de-luxo\/#respond\"]}]},{\"@type\":\"WebPage\",\"@id\":\"https:\/\/brasilnoticias.org\/site\/idosa-e-empregada-domestica-sao-encontradas-degoladas-e-carbonizadas-em-apartamento-de-luxo\/\",\"url\":\"https:\/\/brasilnoticias.org\/site\/idosa-e-empregada-domestica-sao-encontradas-degoladas-e-carbonizadas-em-apartamento-de-luxo\/\",\"name\":\"Idosa e empregada dom\u00e9stica s\u00e3o encontradas degoladas e carbonizadas em apartamento de luxo - Brasil not\u00edcias\",\"isPartOf\":{\"@id\":\"https:\/\/brasilnoticias.org\/site\/#website\"},\"primaryImageOfPage\":{\"@id\":\"https:\/\/brasilnoticias.org\/site\/idosa-e-empregada-domestica-sao-encontradas-degoladas-e-carbonizadas-em-apartamento-de-luxo\/#primaryimage\"},\"image\":{\"@id\":\"https:\/\/brasilnoticias.org\/site\/idosa-e-empregada-domestica-sao-encontradas-degoladas-e-carbonizadas-em-apartamento-de-luxo\/#primaryimage\"},\"thumbnailUrl\":\"https:\/\/brasilnoticias.org\/site\/wp-content\/uploads\/2022\/06\/idosa-empregada-encontradas-mortas-degolada_widelg-1.jpg\",\"datePublished\":\"2022-06-10T15:07:22+00:00\",\"breadcrumb\":{\"@id\":\"https:\/\/brasilnoticias.org\/site\/idosa-e-empregada-domestica-sao-encontradas-degoladas-e-carbonizadas-em-apartamento-de-luxo\/#breadcrumb\"},\"inLanguage\":\"pt-PT\",\"potentialAction\":[{\"@type\":\"ReadAction\",\"target\":[\"https:\/\/brasilnoticias.org\/site\/idosa-e-empregada-domestica-sao-encontradas-degoladas-e-carbonizadas-em-apartamento-de-luxo\/\"]}]},{\"@type\":\"ImageObject\",\"inLanguage\":\"pt-PT\",\"@id\":\"https:\/\/brasilnoticias.org\/site\/idosa-e-empregada-domestica-sao-encontradas-degoladas-e-carbonizadas-em-apartamento-de-luxo\/#primaryimage\",\"url\":\"https:\/\/brasilnoticias.org\/site\/wp-content\/uploads\/2022\/06\/idosa-empregada-encontradas-mortas-degolada_widelg-1.jpg\",\"contentUrl\":\"https:\/\/brasilnoticias.org\/site\/wp-content\/uploads\/2022\/06\/idosa-empregada-encontradas-mortas-degolada_widelg-1.jpg\",\"width\":800,\"height\":450},{\"@type\":\"BreadcrumbList\",\"@id\":\"https:\/\/brasilnoticias.org\/site\/idosa-e-empregada-domestica-sao-encontradas-degoladas-e-carbonizadas-em-apartamento-de-luxo\/#breadcrumb\",\"itemListElement\":[{\"@type\":\"ListItem\",\"position\":1,\"name\":\"In\u00edcio\",\"item\":\"https:\/\/brasilnoticias.org\/site\/\"},{\"@type\":\"ListItem\",\"position\":2,\"name\":\"Idosa e empregada dom\u00e9stica s\u00e3o encontradas degoladas e carbonizadas em apartamento de luxo\"}]},{\"@type\":\"WebSite\",\"@id\":\"https:\/\/brasilnoticias.org\/site\/#website\",\"url\":\"https:\/\/brasilnoticias.org\/site\/\",\"name\":\"Brasil not\u00edcias\",\"description\":\"Brasil not\u00edcias\",\"publisher\":{\"@id\":\"https:\/\/brasilnoticias.org\/site\/#organization\"},\"potentialAction\":[{\"@type\":\"SearchAction\",\"target\":{\"@type\":\"EntryPoint\",\"urlTemplate\":\"https:\/\/brasilnoticias.org\/site\/?s={search_term_string}\"},\"query-input\":{\"@type\":\"PropertyValueSpecification\",\"valueRequired\":true,\"valueName\":\"search_term_string\"}}],\"inLanguage\":\"pt-PT\"},{\"@type\":\"Organization\",\"@id\":\"https:\/\/brasilnoticias.org\/site\/#organization\",\"name\":\"Brasil not\u00edcias\",\"url\":\"https:\/\/brasilnoticias.org\/site\/\",\"logo\":{\"@type\":\"ImageObject\",\"inLanguage\":\"pt-PT\",\"@id\":\"https:\/\/brasilnoticias.org\/site\/#\/schema\/logo\/image\/\",\"url\":\"https:\/\/brasilnoticias.org\/site\/wp-content\/uploads\/2022\/05\/cropped-brasilnoticias-mini.jpg\",\"contentUrl\":\"https:\/\/brasilnoticias.org\/site\/wp-content\/uploads\/2022\/05\/cropped-brasilnoticias-mini.jpg\",\"width\":314,\"height\":86,\"caption\":\"Brasil not\u00edcias\"},\"image\":{\"@id\":\"https:\/\/brasilnoticias.org\/site\/#\/schema\/logo\/image\/\"}},{\"@type\":\"Person\",\"@id\":\"https:\/\/brasilnoticias.org\/site\/#\/schema\/person\/f609fa847b5314f1c8b983342f34c798\",\"name\":\"Reda\u00e7\u00e3o\",\"image\":{\"@type\":\"ImageObject\",\"inLanguage\":\"pt-PT\",\"@id\":\"https:\/\/brasilnoticias.org\/site\/#\/schema\/person\/image\/\",\"url\":\"https:\/\/secure.gravatar.com\/avatar\/447284c06c1ad8b46465a36de9cd0d8326b73387a22799b8b1ffb1fbcff2ed0c?s=96&d=mm&r=g\",\"contentUrl\":\"https:\/\/secure.gravatar.com\/avatar\/447284c06c1ad8b46465a36de9cd0d8326b73387a22799b8b1ffb1fbcff2ed0c?s=96&d=mm&r=g\",\"caption\":\"Reda\u00e7\u00e3o\"},\"url\":\"https:\/\/brasilnoticias.org\/site\/author\/redacao\/\"}]}<\/script>\n<!-- \/ Yoast SEO plugin. -->","yoast_head_json":{"title":"Idosa e empregada dom\u00e9stica s\u00e3o encontradas degoladas e carbonizadas em apartamento de luxo - Brasil not\u00edcias","robots":{"index":"index","follow":"follow","max-snippet":"max-snippet:-1","max-image-preview":"max-image-preview:large","max-video-preview":"max-video-preview:-1"},"canonical":"https:\/\/brasilnoticias.org\/site\/idosa-e-empregada-domestica-sao-encontradas-degoladas-e-carbonizadas-em-apartamento-de-luxo\/","og_locale":"pt_PT","og_type":"article","og_title":"Idosa e empregada dom\u00e9stica s\u00e3o encontradas degoladas e carbonizadas em apartamento de luxo - Brasil not\u00edcias","og_description":"Uma idosa e a empregada dom\u00e9stica dela foram encontradas na tarde de quinta-feira (9) mortas e com os corpos carbonizados,","og_url":"https:\/\/brasilnoticias.org\/site\/idosa-e-empregada-domestica-sao-encontradas-degoladas-e-carbonizadas-em-apartamento-de-luxo\/","og_site_name":"Brasil not\u00edcias","article_published_time":"2022-06-10T15:07:22+00:00","og_image":[{"width":800,"height":450,"url":"https:\/\/brasilnoticias.org\/site\/wp-content\/uploads\/2022\/06\/idosa-empregada-encontradas-mortas-degolada_widelg-1.jpg","type":"image\/jpeg"}],"author":"Reda\u00e7\u00e3o","twitter_card":"summary_large_image","twitter_misc":{"Escrito por":"Reda\u00e7\u00e3o","Tempo estimado de leitura":"2 minutos"},"schema":{"@context":"https:\/\/schema.org","@graph":[{"@type":"Article","@id":"https:\/\/brasilnoticias.org\/site\/idosa-e-empregada-domestica-sao-encontradas-degoladas-e-carbonizadas-em-apartamento-de-luxo\/#article","isPartOf":{"@id":"https:\/\/brasilnoticias.org\/site\/idosa-e-empregada-domestica-sao-encontradas-degoladas-e-carbonizadas-em-apartamento-de-luxo\/"},"author":{"name":"Reda\u00e7\u00e3o","@id":"https:\/\/brasilnoticias.org\/site\/#\/schema\/person\/f609fa847b5314f1c8b983342f34c798"},"headline":"Idosa e empregada dom\u00e9stica s\u00e3o encontradas degoladas e carbonizadas em apartamento de luxo","datePublished":"2022-06-10T15:07:22+00:00","mainEntityOfPage":{"@id":"https:\/\/brasilnoticias.org\/site\/idosa-e-empregada-domestica-sao-encontradas-degoladas-e-carbonizadas-em-apartamento-de-luxo\/"},"wordCount":399,"commentCount":0,"publisher":{"@id":"https:\/\/brasilnoticias.org\/site\/#organization"},"image":{"@id":"https:\/\/brasilnoticias.org\/site\/idosa-e-empregada-domestica-sao-encontradas-degoladas-e-carbonizadas-em-apartamento-de-luxo\/#primaryimage"},"thumbnailUrl":"https:\/\/brasilnoticias.org\/site\/wp-content\/uploads\/2022\/06\/idosa-empregada-encontradas-mortas-degolada_widelg-1.jpg","articleSection":["Pol\u00edcia","\u00daltimas"],"inLanguage":"pt-PT","potentialAction":[{"@type":"CommentAction","name":"Comment","target":["https:\/\/brasilnoticias.org\/site\/idosa-e-empregada-domestica-sao-encontradas-degoladas-e-carbonizadas-em-apartamento-de-luxo\/#respond"]}]},{"@type":"WebPage","@id":"https:\/\/brasilnoticias.org\/site\/idosa-e-empregada-domestica-sao-encontradas-degoladas-e-carbonizadas-em-apartamento-de-luxo\/","url":"https:\/\/brasilnoticias.org\/site\/idosa-e-empregada-domestica-sao-encontradas-degoladas-e-carbonizadas-em-apartamento-de-luxo\/","name":"Idosa e empregada dom\u00e9stica s\u00e3o encontradas degoladas e carbonizadas em apartamento de luxo - Brasil not\u00edcias","isPartOf":{"@id":"https:\/\/brasilnoticias.org\/site\/#website"},"primaryImageOfPage":{"@id":"https:\/\/brasilnoticias.org\/site\/idosa-e-empregada-domestica-sao-encontradas-degoladas-e-carbonizadas-em-apartamento-de-luxo\/#primaryimage"},"image":{"@id":"https:\/\/brasilnoticias.org\/site\/idosa-e-empregada-domestica-sao-encontradas-degoladas-e-carbonizadas-em-apartamento-de-luxo\/#primaryimage"},"thumbnailUrl":"https:\/\/brasilnoticias.org\/site\/wp-content\/uploads\/2022\/06\/idosa-empregada-encontradas-mortas-degolada_widelg-1.jpg","datePublished":"2022-06-10T15:07:22+00:00","breadcrumb":{"@id":"https:\/\/brasilnoticias.org\/site\/idosa-e-empregada-domestica-sao-encontradas-degoladas-e-carbonizadas-em-apartamento-de-luxo\/#breadcrumb"},"inLanguage":"pt-PT","potentialAction":[{"@type":"ReadAction","target":["https:\/\/brasilnoticias.org\/site\/idosa-e-empregada-domestica-sao-encontradas-degoladas-e-carbonizadas-em-apartamento-de-luxo\/"]}]},{"@type":"ImageObject","inLanguage":"pt-PT","@id":"https:\/\/brasilnoticias.org\/site\/idosa-e-empregada-domestica-sao-encontradas-degoladas-e-carbonizadas-em-apartamento-de-luxo\/#primaryimage","url":"https:\/\/brasilnoticias.org\/site\/wp-content\/uploads\/2022\/06\/idosa-empregada-encontradas-mortas-degolada_widelg-1.jpg","contentUrl":"https:\/\/brasilnoticias.org\/site\/wp-content\/uploads\/2022\/06\/idosa-empregada-encontradas-mortas-degolada_widelg-1.jpg","width":800,"height":450},{"@type":"BreadcrumbList","@id":"https:\/\/brasilnoticias.org\/site\/idosa-e-empregada-domestica-sao-encontradas-degoladas-e-carbonizadas-em-apartamento-de-luxo\/#breadcrumb","itemListElement":[{"@type":"ListItem","position":1,"name":"In\u00edcio","item":"https:\/\/brasilnoticias.org\/site\/"},{"@type":"ListItem","position":2,"name":"Idosa e empregada dom\u00e9stica s\u00e3o encontradas degoladas e carbonizadas em apartamento de luxo"}]},{"@type":"WebSite","@id":"https:\/\/brasilnoticias.org\/site\/#website","url":"https:\/\/brasilnoticias.org\/site\/","name":"Brasil not\u00edcias","description":"Brasil not\u00edcias","publisher":{"@id":"https:\/\/brasilnoticias.org\/site\/#organization"},"potentialAction":[{"@type":"SearchAction","target":{"@type":"EntryPoint","urlTemplate":"https:\/\/brasilnoticias.org\/site\/?s={search_term_string}"},"query-input":{"@type":"PropertyValueSpecification","valueRequired":true,"valueName":"search_term_string"}}],"inLanguage":"pt-PT"},{"@type":"Organization","@id":"https:\/\/brasilnoticias.org\/site\/#organization","name":"Brasil not\u00edcias","url":"https:\/\/brasilnoticias.org\/site\/","logo":{"@type":"ImageObject","inLanguage":"pt-PT","@id":"https:\/\/brasilnoticias.org\/site\/#\/schema\/logo\/image\/","url":"https:\/\/brasilnoticias.org\/site\/wp-content\/uploads\/2022\/05\/cropped-brasilnoticias-mini.jpg","contentUrl":"https:\/\/brasilnoticias.org\/site\/wp-content\/uploads\/2022\/05\/cropped-brasilnoticias-mini.jpg","width":314,"height":86,"caption":"Brasil not\u00edcias"},"image":{"@id":"https:\/\/brasilnoticias.org\/site\/#\/schema\/logo\/image\/"}},{"@type":"Person","@id":"https:\/\/brasilnoticias.org\/site\/#\/schema\/person\/f609fa847b5314f1c8b983342f34c798","name":"Reda\u00e7\u00e3o","image":{"@type":"ImageObject","inLanguage":"pt-PT","@id":"https:\/\/brasilnoticias.org\/site\/#\/schema\/person\/image\/","url":"https:\/\/secure.gravatar.com\/avatar\/447284c06c1ad8b46465a36de9cd0d8326b73387a22799b8b1ffb1fbcff2ed0c?s=96&d=mm&r=g","contentUrl":"https:\/\/secure.gravatar.com\/avatar\/447284c06c1ad8b46465a36de9cd0d8326b73387a22799b8b1ffb1fbcff2ed0c?s=96&d=mm&r=g","caption":"Reda\u00e7\u00e3o"},"url":"https:\/\/brasilnoticias.org\/site\/author\/redacao\/"}]}},"_links":{"self":[{"href":"https:\/\/brasilnoticias.org\/site\/wp-json\/wp\/v2\/posts\/850","targetHints":{"allow":["GET"]}}],"collection":[{"href":"https:\/\/brasilnoticias.org\/site\/wp-json\/wp\/v2\/posts"}],"about":[{"href":"https:\/\/brasilnoticias.org\/site\/wp-json\/wp\/v2\/types\/post"}],"author":[{"embeddable":true,"href":"https:\/\/brasilnoticias.org\/site\/wp-json\/wp\/v2\/users\/2"}],"replies":[{"embeddable":true,"href":"https:\/\/brasilnoticias.org\/site\/wp-json\/wp\/v2\/comments?post=850"}],"version-history":[{"count":1,"href":"https:\/\/brasilnoticias.org\/site\/wp-json\/wp\/v2\/posts\/850\/revisions"}],"predecessor-version":[{"id":852,"href":"https:\/\/brasilnoticias.org\/site\/wp-json\/wp\/v2\/posts\/850\/revisions\/852"}],"wp:featuredmedia":[{"embeddable":true,"href":"https:\/\/brasilnoticias.org\/site\/wp-json\/wp\/v2\/media\/851"}],"wp:attachment":[{"href":"https:\/\/brasilnoticias.org\/site\/wp-json\/wp\/v2\/media?parent=850"}],"wp:term":[{"taxonomy":"category","embeddable":true,"href":"https:\/\/brasilnoticias.org\/site\/wp-json\/wp\/v2\/categories?post=850"},{"taxonomy":"post_tag","embeddable":true,"href":"https:\/\/brasilnoticias.org\/site\/wp-json\/wp\/v2\/tags?post=850"}],"curies":[{"name":"wp","href":"https:\/\/api.w.org\/{rel}","templated":true}]}}