{"id":8514,"date":"2023-08-22T08:06:27","date_gmt":"2023-08-22T11:06:27","guid":{"rendered":"https:\/\/brasilnoticias.org\/site\/?p=8514"},"modified":"2023-08-21T19:11:21","modified_gmt":"2023-08-21T22:11:21","slug":"namorado-confessa-crime-e-explica-corpo-de-medica-em-mala-diz-policia","status":"publish","type":"post","link":"https:\/\/brasilnoticias.org\/site\/namorado-confessa-crime-e-explica-corpo-de-medica-em-mala-diz-policia\/","title":{"rendered":"Namorado confessa crime e explica corpo de m\u00e9dica em mala, diz pol\u00edcia"},"content":{"rendered":"<p>A Pol\u00edcia Civil de S\u00e3o Jos\u00e9 do Rio Preto (SP) deu novos detalhes sobre a morte da m\u00e9dica Thallita da Cruz Fernandes, 28, encontrada em uma mala dentro do apartamento em que morava no interior paulista. O namorado confessou o crime, segundo as autoridades.<\/p>\n<p>A Pol\u00edcia Civil de S\u00e3o Jos\u00e9 do Rio Preto (SP) deu novos detalhes sobre a morte da m\u00e9dica Thallita da Cruz Fernandes, 28, encontrada em uma mala dentro do apartamento em que morava no interior paulista. O namorado confessou o crime, segundo as autoridades.<\/p>\n<p>O que aconteceu:<\/p>\n<p>O delegado Alceu Lima de Oliveira Junior, respons\u00e1vel pela investiga\u00e7\u00e3o, afirmou que a inten\u00e7\u00e3o de Davi Izaque Martins Silva, 26, era tirar o corpo da namorada do local do crime, por\u00e9m ele desistiu ap\u00f3s a mala em que ele a colocou quebrar. As informa\u00e7\u00f5es foram dadas em entrevista coletiva, na manh\u00e3 de hoje.<\/p>\n<p>&#8220;A mala rasgou. O objetivo dele era sair [do apartamento] com o corpo dela dentro da mala, mas como ela estava rasgada, ele n\u00e3o conseguiu&#8221;<\/p>\n<p>Oliveira Junior<\/p>\n<p>Ainda segundo o delegado, ap\u00f3s n\u00e3o conseguir retirar o corpo do apartamento, Davi deixou o local aparentando tranquilidade.<\/p>\n<p>Imagens das c\u00e2meras de seguran\u00e7a do edif\u00edcio mostram o rapaz no elevador, \u00e0s 16h13 de sexta-feira (18), o dia do crime. Ele aparece de costas, com uma mochila e parece evitar olhar para a c\u00e2mera.<\/p>\n<p>Minutos depois ele surge no corredor de entrada, com o celular na m\u00e3o e deixa o pr\u00e9dio em um carro de transporte por aplicativo.<\/p>\n<p>&#8220;O motorista j\u00e1 foi ouvido e disse que Davi estava tranquilo. Ele sentou-se atr\u00e1s do motorista e n\u00e3o manteve muito contato visual, mas conversaram normalmente. O motorista relatou que Davi estava com um cheiro forte de carne e chegou a comentar, mas o suspeito teria dito que era por causa do trabalho em uma lanchonete&#8221;<\/p>\n<p>Oliveira Junior<\/p>\n<p>O trajeto feito pelo suspeito foi do apartamento at\u00e9 uma lanchonete na cidade, local onde Davi j\u00e1 trabalhou.<\/p>\n<p>Novo depoimento<br \/>\nEm um novo depoimento, o suspeito confessou o crime e deu detalhes aos policiais de como ele teria ocorrido. Anteriormente, Davi havia falado que n\u00e3o se lembrava daquela noite.<\/p>\n<p>Uma briga por ci\u00fames e o receio de um t\u00e9rmino por parte da m\u00e9dica teriam motivado o crime.<\/p>\n<p>&#8220;Ele disse que usou coca\u00edna, ecstasy e tomou duas cervejas naquela noite. Uma briga por ci\u00fames teria come\u00e7ado e durante a discuss\u00e3o ele passou a agredir a m\u00e9dica com facadas&#8221;<\/p>\n<p>&#8220;Inicialmente achamos que o crime seria passional, mas percebemos que ele foi patrimonial, porque o rapaz tinha medo de perder a vida mais tranquila que a m\u00e9dica proporcionava a ele&#8221;<\/p>\n<p>Oliveira Junior<\/p>\n<p>A defesa de Davi declarou que &#8220;se manifestar\u00e1 neste momento apenas nos autos processuais&#8221;.<\/p>\n<p>O casal estava junto havia tr\u00eas anos. H\u00e1 pouco mais de um ano, Davi passou a ficar por v\u00e1rios dias da semana no apartamento de Thallita. Quando a m\u00e9dica viajava para visitar os pais, que moram em Guaratinguet\u00e1 (SP), o rapaz ficava no im\u00f3vel e costumava dar festas para os amigos no local, segundo o delegado.<\/p>\n<p>&#8220;Por algumas vezes houve reclama\u00e7\u00f5es dos vizinhos devido ao barulho causado por Davi&#8221;, diz Oliveira Junior.<\/p>\n<p>Usou o celular da v\u00edtima<br \/>\nO crime foi descoberto ap\u00f3s a m\u00e3e da m\u00e9dica estranhar a falta de comunica\u00e7\u00e3o com a filha na noite de quinta-feira (17) e, no dia seguinte, pediu para uma amiga de Thallita ir at\u00e9 o apartamento.<\/p>\n<p>Antes de ir ao im\u00f3vel, a amiga chegou a mandar mensagem para a m\u00e9dica pelo WhatsApp e estranhou a resposta.<\/p>\n<p>A m\u00e9dica dizia que n\u00e3o podia falar porque o dia de trabalho estava muito corrido, mas a amiga afirma que Thallita estaria de folga na sexta-feira e, ao insistir nas perguntas, a m\u00e9dica teria parado de responder.<\/p>\n<p>&#8220;N\u00f3s j\u00e1 desconfi\u00e1vamos que era o namorado que estava respondendo \u00e0 amiga e ele confirmou. Somente ele e a Thallita tinham a senha do celular dela e ele se passou pela m\u00e9dica&#8221;<\/p>\n<p>Oliveira Junior<\/p>\n<p>Davi foi preso na resid\u00eancia da m\u00e3e dele, em S\u00e3o Jos\u00e9 do Rio Preto (SP), na noite de s\u00e1bado (19).<\/p>\n<p>Foto:Reprodu\u00e7\u00e3o<br \/>\nUOL<\/p>\n","protected":false},"excerpt":{"rendered":"<p>A Pol\u00edcia Civil de S\u00e3o Jos\u00e9 do Rio Preto (SP) deu novos detalhes sobre a morte da m\u00e9dica Thallita da<\/p>\n","protected":false},"author":4,"featured_media":8515,"comment_status":"open","ping_status":"open","sticky":false,"template":"","format":"standard","meta":{"colormag_page_container_layout":"default_layout","colormag_page_sidebar_layout":"default_layout","_FSMCFIC_featured_image_caption":"","_FSMCFIC_featured_image_nocaption":"","_FSMCFIC_featured_image_hide":"","footnotes":""},"categories":[3,1],"tags":[],"class_list":["post-8514","post","type-post","status-publish","format-standard","has-post-thumbnail","hentry","category-policia","category-ultimas"],"yoast_head":"<!-- This site is optimized with the Yoast SEO plugin v27.1.1 - https:\/\/yoast.com\/product\/yoast-seo-wordpress\/ -->\n<title>Namorado confessa crime e explica corpo de m\u00e9dica em mala, diz pol\u00edcia - Brasil not\u00edcias<\/title>\n<meta name=\"robots\" content=\"index, follow, max-snippet:-1, max-image-preview:large, max-video-preview:-1\" \/>\n<link rel=\"canonical\" href=\"https:\/\/brasilnoticias.org\/site\/namorado-confessa-crime-e-explica-corpo-de-medica-em-mala-diz-policia\/\" \/>\n<meta property=\"og:locale\" content=\"pt_PT\" \/>\n<meta property=\"og:type\" content=\"article\" \/>\n<meta property=\"og:title\" content=\"Namorado confessa crime e explica corpo de m\u00e9dica em mala, diz pol\u00edcia - Brasil not\u00edcias\" \/>\n<meta property=\"og:description\" content=\"A Pol\u00edcia Civil de S\u00e3o Jos\u00e9 do Rio Preto (SP) deu novos detalhes sobre a morte da m\u00e9dica Thallita da\" \/>\n<meta property=\"og:url\" content=\"https:\/\/brasilnoticias.org\/site\/namorado-confessa-crime-e-explica-corpo-de-medica-em-mala-diz-policia\/\" \/>\n<meta property=\"og:site_name\" content=\"Brasil not\u00edcias\" \/>\n<meta property=\"article:published_time\" content=\"2023-08-22T11:06:27+00:00\" \/>\n<meta property=\"og:image\" content=\"https:\/\/brasilnoticias.org\/site\/wp-content\/uploads\/2023\/08\/em-novo-depoimento-namorado-confessa-assassinato-e-explica-corpo-de-medica-em-mala-210823_031220.jpg\" \/>\n\t<meta property=\"og:image:width\" content=\"786\" \/>\n\t<meta property=\"og:image:height\" content=\"546\" \/>\n\t<meta property=\"og:image:type\" content=\"image\/jpeg\" \/>\n<meta name=\"author\" content=\"Reda\u00e7\u00e3o\" \/>\n<meta name=\"twitter:card\" content=\"summary_large_image\" \/>\n<meta name=\"twitter:label1\" content=\"Escrito por\" \/>\n\t<meta name=\"twitter:data1\" content=\"Reda\u00e7\u00e3o\" \/>\n<script type=\"application\/ld+json\" class=\"yoast-schema-graph\">{\"@context\":\"https:\/\/schema.org\",\"@graph\":[{\"@type\":\"Article\",\"@id\":\"https:\/\/brasilnoticias.org\/site\/namorado-confessa-crime-e-explica-corpo-de-medica-em-mala-diz-policia\/#article\",\"isPartOf\":{\"@id\":\"https:\/\/brasilnoticias.org\/site\/namorado-confessa-crime-e-explica-corpo-de-medica-em-mala-diz-policia\/\"},\"author\":{\"name\":\"Reda\u00e7\u00e3o\",\"@id\":\"https:\/\/brasilnoticias.org\/site\/#\/schema\/person\/03bbbfe6c7634ad18c26444ea39049fa\"},\"headline\":\"Namorado confessa crime e explica corpo de m\u00e9dica em mala, diz pol\u00edcia\",\"datePublished\":\"2023-08-22T11:06:27+00:00\",\"mainEntityOfPage\":{\"@id\":\"https:\/\/brasilnoticias.org\/site\/namorado-confessa-crime-e-explica-corpo-de-medica-em-mala-diz-policia\/\"},\"wordCount\":738,\"commentCount\":0,\"publisher\":{\"@id\":\"https:\/\/brasilnoticias.org\/site\/#organization\"},\"image\":{\"@id\":\"https:\/\/brasilnoticias.org\/site\/namorado-confessa-crime-e-explica-corpo-de-medica-em-mala-diz-policia\/#primaryimage\"},\"thumbnailUrl\":\"https:\/\/brasilnoticias.org\/site\/wp-content\/uploads\/2023\/08\/em-novo-depoimento-namorado-confessa-assassinato-e-explica-corpo-de-medica-em-mala-210823_031220.jpg\",\"articleSection\":[\"Pol\u00edcia\",\"\u00daltimas\"],\"inLanguage\":\"pt-PT\",\"potentialAction\":[{\"@type\":\"CommentAction\",\"name\":\"Comment\",\"target\":[\"https:\/\/brasilnoticias.org\/site\/namorado-confessa-crime-e-explica-corpo-de-medica-em-mala-diz-policia\/#respond\"]}]},{\"@type\":\"WebPage\",\"@id\":\"https:\/\/brasilnoticias.org\/site\/namorado-confessa-crime-e-explica-corpo-de-medica-em-mala-diz-policia\/\",\"url\":\"https:\/\/brasilnoticias.org\/site\/namorado-confessa-crime-e-explica-corpo-de-medica-em-mala-diz-policia\/\",\"name\":\"Namorado confessa crime e explica corpo de m\u00e9dica em mala, diz pol\u00edcia - Brasil not\u00edcias\",\"isPartOf\":{\"@id\":\"https:\/\/brasilnoticias.org\/site\/#website\"},\"primaryImageOfPage\":{\"@id\":\"https:\/\/brasilnoticias.org\/site\/namorado-confessa-crime-e-explica-corpo-de-medica-em-mala-diz-policia\/#primaryimage\"},\"image\":{\"@id\":\"https:\/\/brasilnoticias.org\/site\/namorado-confessa-crime-e-explica-corpo-de-medica-em-mala-diz-policia\/#primaryimage\"},\"thumbnailUrl\":\"https:\/\/brasilnoticias.org\/site\/wp-content\/uploads\/2023\/08\/em-novo-depoimento-namorado-confessa-assassinato-e-explica-corpo-de-medica-em-mala-210823_031220.jpg\",\"datePublished\":\"2023-08-22T11:06:27+00:00\",\"breadcrumb\":{\"@id\":\"https:\/\/brasilnoticias.org\/site\/namorado-confessa-crime-e-explica-corpo-de-medica-em-mala-diz-policia\/#breadcrumb\"},\"inLanguage\":\"pt-PT\",\"potentialAction\":[{\"@type\":\"ReadAction\",\"target\":[\"https:\/\/brasilnoticias.org\/site\/namorado-confessa-crime-e-explica-corpo-de-medica-em-mala-diz-policia\/\"]}]},{\"@type\":\"ImageObject\",\"inLanguage\":\"pt-PT\",\"@id\":\"https:\/\/brasilnoticias.org\/site\/namorado-confessa-crime-e-explica-corpo-de-medica-em-mala-diz-policia\/#primaryimage\",\"url\":\"https:\/\/brasilnoticias.org\/site\/wp-content\/uploads\/2023\/08\/em-novo-depoimento-namorado-confessa-assassinato-e-explica-corpo-de-medica-em-mala-210823_031220.jpg\",\"contentUrl\":\"https:\/\/brasilnoticias.org\/site\/wp-content\/uploads\/2023\/08\/em-novo-depoimento-namorado-confessa-assassinato-e-explica-corpo-de-medica-em-mala-210823_031220.jpg\",\"width\":786,\"height\":546},{\"@type\":\"BreadcrumbList\",\"@id\":\"https:\/\/brasilnoticias.org\/site\/namorado-confessa-crime-e-explica-corpo-de-medica-em-mala-diz-policia\/#breadcrumb\",\"itemListElement\":[{\"@type\":\"ListItem\",\"position\":1,\"name\":\"In\u00edcio\",\"item\":\"https:\/\/brasilnoticias.org\/site\/\"},{\"@type\":\"ListItem\",\"position\":2,\"name\":\"Namorado confessa crime e explica corpo de m\u00e9dica em mala, diz pol\u00edcia\"}]},{\"@type\":\"WebSite\",\"@id\":\"https:\/\/brasilnoticias.org\/site\/#website\",\"url\":\"https:\/\/brasilnoticias.org\/site\/\",\"name\":\"Brasil not\u00edcias\",\"description\":\"Brasil not\u00edcias\",\"publisher\":{\"@id\":\"https:\/\/brasilnoticias.org\/site\/#organization\"},\"potentialAction\":[{\"@type\":\"SearchAction\",\"target\":{\"@type\":\"EntryPoint\",\"urlTemplate\":\"https:\/\/brasilnoticias.org\/site\/?s={search_term_string}\"},\"query-input\":{\"@type\":\"PropertyValueSpecification\",\"valueRequired\":true,\"valueName\":\"search_term_string\"}}],\"inLanguage\":\"pt-PT\"},{\"@type\":\"Organization\",\"@id\":\"https:\/\/brasilnoticias.org\/site\/#organization\",\"name\":\"Brasil not\u00edcias\",\"url\":\"https:\/\/brasilnoticias.org\/site\/\",\"logo\":{\"@type\":\"ImageObject\",\"inLanguage\":\"pt-PT\",\"@id\":\"https:\/\/brasilnoticias.org\/site\/#\/schema\/logo\/image\/\",\"url\":\"https:\/\/brasilnoticias.org\/site\/wp-content\/uploads\/2022\/05\/cropped-brasilnoticias-mini.jpg\",\"contentUrl\":\"https:\/\/brasilnoticias.org\/site\/wp-content\/uploads\/2022\/05\/cropped-brasilnoticias-mini.jpg\",\"width\":314,\"height\":86,\"caption\":\"Brasil not\u00edcias\"},\"image\":{\"@id\":\"https:\/\/brasilnoticias.org\/site\/#\/schema\/logo\/image\/\"}},{\"@type\":\"Person\",\"@id\":\"https:\/\/brasilnoticias.org\/site\/#\/schema\/person\/03bbbfe6c7634ad18c26444ea39049fa\",\"name\":\"Reda\u00e7\u00e3o\",\"image\":{\"@type\":\"ImageObject\",\"inLanguage\":\"pt-PT\",\"@id\":\"https:\/\/brasilnoticias.org\/site\/#\/schema\/person\/image\/\",\"url\":\"https:\/\/secure.gravatar.com\/avatar\/9ecaf7327a696cb23ad926fedded5f1f04d7049de9e445375d55b48c001a6e42?s=96&d=mm&r=g\",\"contentUrl\":\"https:\/\/secure.gravatar.com\/avatar\/9ecaf7327a696cb23ad926fedded5f1f04d7049de9e445375d55b48c001a6e42?s=96&d=mm&r=g\",\"caption\":\"Reda\u00e7\u00e3o\"},\"url\":\"https:\/\/brasilnoticias.org\/site\/author\/henrique\/\"}]}<\/script>\n<!-- \/ Yoast SEO plugin. -->","yoast_head_json":{"title":"Namorado confessa crime e explica corpo de m\u00e9dica em mala, diz pol\u00edcia - Brasil not\u00edcias","robots":{"index":"index","follow":"follow","max-snippet":"max-snippet:-1","max-image-preview":"max-image-preview:large","max-video-preview":"max-video-preview:-1"},"canonical":"https:\/\/brasilnoticias.org\/site\/namorado-confessa-crime-e-explica-corpo-de-medica-em-mala-diz-policia\/","og_locale":"pt_PT","og_type":"article","og_title":"Namorado confessa crime e explica corpo de m\u00e9dica em mala, diz pol\u00edcia - Brasil not\u00edcias","og_description":"A Pol\u00edcia Civil de S\u00e3o Jos\u00e9 do Rio Preto (SP) deu novos detalhes sobre a morte da m\u00e9dica Thallita da","og_url":"https:\/\/brasilnoticias.org\/site\/namorado-confessa-crime-e-explica-corpo-de-medica-em-mala-diz-policia\/","og_site_name":"Brasil not\u00edcias","article_published_time":"2023-08-22T11:06:27+00:00","og_image":[{"width":786,"height":546,"url":"https:\/\/brasilnoticias.org\/site\/wp-content\/uploads\/2023\/08\/em-novo-depoimento-namorado-confessa-assassinato-e-explica-corpo-de-medica-em-mala-210823_031220.jpg","type":"image\/jpeg"}],"author":"Reda\u00e7\u00e3o","twitter_card":"summary_large_image","twitter_misc":{"Escrito por":"Reda\u00e7\u00e3o"},"schema":{"@context":"https:\/\/schema.org","@graph":[{"@type":"Article","@id":"https:\/\/brasilnoticias.org\/site\/namorado-confessa-crime-e-explica-corpo-de-medica-em-mala-diz-policia\/#article","isPartOf":{"@id":"https:\/\/brasilnoticias.org\/site\/namorado-confessa-crime-e-explica-corpo-de-medica-em-mala-diz-policia\/"},"author":{"name":"Reda\u00e7\u00e3o","@id":"https:\/\/brasilnoticias.org\/site\/#\/schema\/person\/03bbbfe6c7634ad18c26444ea39049fa"},"headline":"Namorado confessa crime e explica corpo de m\u00e9dica em mala, diz pol\u00edcia","datePublished":"2023-08-22T11:06:27+00:00","mainEntityOfPage":{"@id":"https:\/\/brasilnoticias.org\/site\/namorado-confessa-crime-e-explica-corpo-de-medica-em-mala-diz-policia\/"},"wordCount":738,"commentCount":0,"publisher":{"@id":"https:\/\/brasilnoticias.org\/site\/#organization"},"image":{"@id":"https:\/\/brasilnoticias.org\/site\/namorado-confessa-crime-e-explica-corpo-de-medica-em-mala-diz-policia\/#primaryimage"},"thumbnailUrl":"https:\/\/brasilnoticias.org\/site\/wp-content\/uploads\/2023\/08\/em-novo-depoimento-namorado-confessa-assassinato-e-explica-corpo-de-medica-em-mala-210823_031220.jpg","articleSection":["Pol\u00edcia","\u00daltimas"],"inLanguage":"pt-PT","potentialAction":[{"@type":"CommentAction","name":"Comment","target":["https:\/\/brasilnoticias.org\/site\/namorado-confessa-crime-e-explica-corpo-de-medica-em-mala-diz-policia\/#respond"]}]},{"@type":"WebPage","@id":"https:\/\/brasilnoticias.org\/site\/namorado-confessa-crime-e-explica-corpo-de-medica-em-mala-diz-policia\/","url":"https:\/\/brasilnoticias.org\/site\/namorado-confessa-crime-e-explica-corpo-de-medica-em-mala-diz-policia\/","name":"Namorado confessa crime e explica corpo de m\u00e9dica em mala, diz pol\u00edcia - Brasil not\u00edcias","isPartOf":{"@id":"https:\/\/brasilnoticias.org\/site\/#website"},"primaryImageOfPage":{"@id":"https:\/\/brasilnoticias.org\/site\/namorado-confessa-crime-e-explica-corpo-de-medica-em-mala-diz-policia\/#primaryimage"},"image":{"@id":"https:\/\/brasilnoticias.org\/site\/namorado-confessa-crime-e-explica-corpo-de-medica-em-mala-diz-policia\/#primaryimage"},"thumbnailUrl":"https:\/\/brasilnoticias.org\/site\/wp-content\/uploads\/2023\/08\/em-novo-depoimento-namorado-confessa-assassinato-e-explica-corpo-de-medica-em-mala-210823_031220.jpg","datePublished":"2023-08-22T11:06:27+00:00","breadcrumb":{"@id":"https:\/\/brasilnoticias.org\/site\/namorado-confessa-crime-e-explica-corpo-de-medica-em-mala-diz-policia\/#breadcrumb"},"inLanguage":"pt-PT","potentialAction":[{"@type":"ReadAction","target":["https:\/\/brasilnoticias.org\/site\/namorado-confessa-crime-e-explica-corpo-de-medica-em-mala-diz-policia\/"]}]},{"@type":"ImageObject","inLanguage":"pt-PT","@id":"https:\/\/brasilnoticias.org\/site\/namorado-confessa-crime-e-explica-corpo-de-medica-em-mala-diz-policia\/#primaryimage","url":"https:\/\/brasilnoticias.org\/site\/wp-content\/uploads\/2023\/08\/em-novo-depoimento-namorado-confessa-assassinato-e-explica-corpo-de-medica-em-mala-210823_031220.jpg","contentUrl":"https:\/\/brasilnoticias.org\/site\/wp-content\/uploads\/2023\/08\/em-novo-depoimento-namorado-confessa-assassinato-e-explica-corpo-de-medica-em-mala-210823_031220.jpg","width":786,"height":546},{"@type":"BreadcrumbList","@id":"https:\/\/brasilnoticias.org\/site\/namorado-confessa-crime-e-explica-corpo-de-medica-em-mala-diz-policia\/#breadcrumb","itemListElement":[{"@type":"ListItem","position":1,"name":"In\u00edcio","item":"https:\/\/brasilnoticias.org\/site\/"},{"@type":"ListItem","position":2,"name":"Namorado confessa crime e explica corpo de m\u00e9dica em mala, diz pol\u00edcia"}]},{"@type":"WebSite","@id":"https:\/\/brasilnoticias.org\/site\/#website","url":"https:\/\/brasilnoticias.org\/site\/","name":"Brasil not\u00edcias","description":"Brasil not\u00edcias","publisher":{"@id":"https:\/\/brasilnoticias.org\/site\/#organization"},"potentialAction":[{"@type":"SearchAction","target":{"@type":"EntryPoint","urlTemplate":"https:\/\/brasilnoticias.org\/site\/?s={search_term_string}"},"query-input":{"@type":"PropertyValueSpecification","valueRequired":true,"valueName":"search_term_string"}}],"inLanguage":"pt-PT"},{"@type":"Organization","@id":"https:\/\/brasilnoticias.org\/site\/#organization","name":"Brasil not\u00edcias","url":"https:\/\/brasilnoticias.org\/site\/","logo":{"@type":"ImageObject","inLanguage":"pt-PT","@id":"https:\/\/brasilnoticias.org\/site\/#\/schema\/logo\/image\/","url":"https:\/\/brasilnoticias.org\/site\/wp-content\/uploads\/2022\/05\/cropped-brasilnoticias-mini.jpg","contentUrl":"https:\/\/brasilnoticias.org\/site\/wp-content\/uploads\/2022\/05\/cropped-brasilnoticias-mini.jpg","width":314,"height":86,"caption":"Brasil not\u00edcias"},"image":{"@id":"https:\/\/brasilnoticias.org\/site\/#\/schema\/logo\/image\/"}},{"@type":"Person","@id":"https:\/\/brasilnoticias.org\/site\/#\/schema\/person\/03bbbfe6c7634ad18c26444ea39049fa","name":"Reda\u00e7\u00e3o","image":{"@type":"ImageObject","inLanguage":"pt-PT","@id":"https:\/\/brasilnoticias.org\/site\/#\/schema\/person\/image\/","url":"https:\/\/secure.gravatar.com\/avatar\/9ecaf7327a696cb23ad926fedded5f1f04d7049de9e445375d55b48c001a6e42?s=96&d=mm&r=g","contentUrl":"https:\/\/secure.gravatar.com\/avatar\/9ecaf7327a696cb23ad926fedded5f1f04d7049de9e445375d55b48c001a6e42?s=96&d=mm&r=g","caption":"Reda\u00e7\u00e3o"},"url":"https:\/\/brasilnoticias.org\/site\/author\/henrique\/"}]}},"_links":{"self":[{"href":"https:\/\/brasilnoticias.org\/site\/wp-json\/wp\/v2\/posts\/8514","targetHints":{"allow":["GET"]}}],"collection":[{"href":"https:\/\/brasilnoticias.org\/site\/wp-json\/wp\/v2\/posts"}],"about":[{"href":"https:\/\/brasilnoticias.org\/site\/wp-json\/wp\/v2\/types\/post"}],"author":[{"embeddable":true,"href":"https:\/\/brasilnoticias.org\/site\/wp-json\/wp\/v2\/users\/4"}],"replies":[{"embeddable":true,"href":"https:\/\/brasilnoticias.org\/site\/wp-json\/wp\/v2\/comments?post=8514"}],"version-history":[{"count":1,"href":"https:\/\/brasilnoticias.org\/site\/wp-json\/wp\/v2\/posts\/8514\/revisions"}],"predecessor-version":[{"id":8516,"href":"https:\/\/brasilnoticias.org\/site\/wp-json\/wp\/v2\/posts\/8514\/revisions\/8516"}],"wp:featuredmedia":[{"embeddable":true,"href":"https:\/\/brasilnoticias.org\/site\/wp-json\/wp\/v2\/media\/8515"}],"wp:attachment":[{"href":"https:\/\/brasilnoticias.org\/site\/wp-json\/wp\/v2\/media?parent=8514"}],"wp:term":[{"taxonomy":"category","embeddable":true,"href":"https:\/\/brasilnoticias.org\/site\/wp-json\/wp\/v2\/categories?post=8514"},{"taxonomy":"post_tag","embeddable":true,"href":"https:\/\/brasilnoticias.org\/site\/wp-json\/wp\/v2\/tags?post=8514"}],"curies":[{"name":"wp","href":"https:\/\/api.w.org\/{rel}","templated":true}]}}