{"id":8517,"date":"2023-08-22T20:20:31","date_gmt":"2023-08-22T23:20:31","guid":{"rendered":"https:\/\/brasilnoticias.org\/site\/?p=8517"},"modified":"2023-08-22T20:20:31","modified_gmt":"2023-08-22T23:20:31","slug":"camara-de-salvador-autoriza-pedido-de-emprestimo-de-bruno-reis-de-r300-milhoes","status":"publish","type":"post","link":"https:\/\/brasilnoticias.org\/site\/camara-de-salvador-autoriza-pedido-de-emprestimo-de-bruno-reis-de-r300-milhoes\/","title":{"rendered":"C\u00e2mara de Salvador autoriza pedido de empr\u00e9stimo de Bruno Reis de R$300 milh\u00f5es"},"content":{"rendered":"<p>Em tarde de vota\u00e7\u00e3o, a Casa ainda aprovou tr\u00eas projetos de vereadores<\/p>\n<p>A C\u00e2mara de Salvador aprovou, nesta ter\u00e7a-feira (22), tr\u00eas projetos de lei dos vereadores e o pedido de empr\u00e9stimo da prefeitura. Segundo o Executivo, os R$300 milh\u00f5es em opera\u00e7\u00f5es de cr\u00e9ditos ser\u00e3o destinados a investimentos em  infraestrutura, obras de mobilidade urbana e habita\u00e7\u00e3o.<\/p>\n<p>No entanto, a oposi\u00e7\u00e3o argumentou que o projeto n\u00e3o evidencia como ser\u00e3o feitos esses gastos. \u201cTrezentos milh\u00f5es n\u00e3o s\u00e3o R$ 300, como a prefeitura chegou a esse n\u00famero m\u00e1gico? Faltou um detalhamento\u201d, afirmou no plen\u00e1rio o vereador S\u00edlvio Humberto (PSB). Apesar da discuss\u00e3o, o pedido foi aprovada por 26 votos a oito.<\/p>\n<p>A mat\u00e9ria ainda recebeu quatro emendas, permitindo a inclus\u00e3o dos cr\u00e9ditos no plano plurianual e na Lei de Diretrizes Or\u00e7ament\u00e1rias (LDO). Os ajustes na mat\u00e9ria tamb\u00e9m  trouxeram o direcionamento dos gastos com o programa municipal de aprendizado e com a constru\u00e7\u00e3o e reconstru\u00e7\u00e3o de novas unidades de ensino fundamental. O vereador Cl\u00e1udio Tinoco (Uni\u00e3o) acrescentou dispositivo para disponibiliza\u00e7\u00e3o de recursos relacionados a melhorias habitacionais. <\/p>\n<p>Projetos de vereadores<\/p>\n<p>Nesta tarde, ainda foram avaliados tr\u00eas projetos de leis de vereadores. De autoria de Alexandre Aleluia (PL), fica institu\u00eddo o Estatuto Municipal de Direitos dos Pais. Al\u00e9m disso, no \u00e2mbito educacional foi aprovada a inclus\u00e3o, proposta por Ricardo Almeida (Podemos), do ensino da disciplina sobre preven\u00e7\u00e3o contra acidente dom\u00e9stico como mat\u00e9ria complementar das escolas, al\u00e9m da comemora\u00e7\u00e3o, no dia 20 de abril, do Dia Municipal da Paz nas Escolas de Salvador, mat\u00e9ria enviada por T\u00e9o Senna (PSDB).<\/p>\n<p>Foto: Valdomiro Lopes\/CMS<br \/>\nMetro1<\/p>\n","protected":false},"excerpt":{"rendered":"<p>Em tarde de vota\u00e7\u00e3o, a Casa ainda aprovou tr\u00eas projetos de vereadores A C\u00e2mara de Salvador aprovou, nesta ter\u00e7a-feira (22),<\/p>\n","protected":false},"author":4,"featured_media":8518,"comment_status":"open","ping_status":"open","sticky":false,"template":"","format":"standard","meta":{"colormag_page_container_layout":"default_layout","colormag_page_sidebar_layout":"default_layout","_FSMCFIC_featured_image_caption":"","_FSMCFIC_featured_image_nocaption":"","_FSMCFIC_featured_image_hide":"","footnotes":""},"categories":[5,1],"tags":[],"class_list":["post-8517","post","type-post","status-publish","format-standard","has-post-thumbnail","hentry","category-politica","category-ultimas"],"yoast_head":"<!-- This site is optimized with the Yoast SEO plugin v27.1.1 - https:\/\/yoast.com\/product\/yoast-seo-wordpress\/ -->\n<title>C\u00e2mara de Salvador autoriza pedido de empr\u00e9stimo de Bruno Reis de R$300 milh\u00f5es - Brasil not\u00edcias<\/title>\n<meta name=\"robots\" content=\"index, follow, max-snippet:-1, max-image-preview:large, max-video-preview:-1\" \/>\n<link rel=\"canonical\" href=\"https:\/\/brasilnoticias.org\/site\/camara-de-salvador-autoriza-pedido-de-emprestimo-de-bruno-reis-de-r300-milhoes\/\" \/>\n<meta property=\"og:locale\" content=\"pt_PT\" \/>\n<meta property=\"og:type\" content=\"article\" \/>\n<meta property=\"og:title\" content=\"C\u00e2mara de Salvador autoriza pedido de empr\u00e9stimo de Bruno Reis de R$300 milh\u00f5es - Brasil not\u00edcias\" \/>\n<meta property=\"og:description\" content=\"Em tarde de vota\u00e7\u00e3o, a Casa ainda aprovou tr\u00eas projetos de vereadores A C\u00e2mara de Salvador aprovou, nesta ter\u00e7a-feira (22),\" \/>\n<meta property=\"og:url\" content=\"https:\/\/brasilnoticias.org\/site\/camara-de-salvador-autoriza-pedido-de-emprestimo-de-bruno-reis-de-r300-milhoes\/\" \/>\n<meta property=\"og:site_name\" content=\"Brasil not\u00edcias\" \/>\n<meta property=\"article:published_time\" content=\"2023-08-22T23:20:31+00:00\" \/>\n<meta property=\"og:image\" content=\"https:\/\/brasilnoticias.org\/site\/wp-content\/uploads\/2023\/08\/140150camara-de-salvador-autoriza-pedido-de-emprestimo-de-bruno-reis-de-r300-milhoes-3.jpg\" \/>\n\t<meta property=\"og:image:width\" content=\"1600\" \/>\n\t<meta property=\"og:image:height\" content=\"752\" \/>\n\t<meta property=\"og:image:type\" content=\"image\/jpeg\" \/>\n<meta name=\"author\" content=\"Reda\u00e7\u00e3o\" \/>\n<meta name=\"twitter:card\" content=\"summary_large_image\" \/>\n<meta name=\"twitter:label1\" content=\"Escrito por\" \/>\n\t<meta name=\"twitter:data1\" content=\"Reda\u00e7\u00e3o\" \/>\n<script type=\"application\/ld+json\" class=\"yoast-schema-graph\">{\"@context\":\"https:\/\/schema.org\",\"@graph\":[{\"@type\":\"Article\",\"@id\":\"https:\/\/brasilnoticias.org\/site\/camara-de-salvador-autoriza-pedido-de-emprestimo-de-bruno-reis-de-r300-milhoes\/#article\",\"isPartOf\":{\"@id\":\"https:\/\/brasilnoticias.org\/site\/camara-de-salvador-autoriza-pedido-de-emprestimo-de-bruno-reis-de-r300-milhoes\/\"},\"author\":{\"name\":\"Reda\u00e7\u00e3o\",\"@id\":\"https:\/\/brasilnoticias.org\/site\/#\/schema\/person\/03bbbfe6c7634ad18c26444ea39049fa\"},\"headline\":\"C\u00e2mara de Salvador autoriza pedido de empr\u00e9stimo de Bruno Reis de R$300 milh\u00f5es\",\"datePublished\":\"2023-08-22T23:20:31+00:00\",\"mainEntityOfPage\":{\"@id\":\"https:\/\/brasilnoticias.org\/site\/camara-de-salvador-autoriza-pedido-de-emprestimo-de-bruno-reis-de-r300-milhoes\/\"},\"wordCount\":313,\"commentCount\":0,\"publisher\":{\"@id\":\"https:\/\/brasilnoticias.org\/site\/#organization\"},\"image\":{\"@id\":\"https:\/\/brasilnoticias.org\/site\/camara-de-salvador-autoriza-pedido-de-emprestimo-de-bruno-reis-de-r300-milhoes\/#primaryimage\"},\"thumbnailUrl\":\"https:\/\/brasilnoticias.org\/site\/wp-content\/uploads\/2023\/08\/140150camara-de-salvador-autoriza-pedido-de-emprestimo-de-bruno-reis-de-r300-milhoes-3.jpg\",\"articleSection\":[\"Pol\u00edtica\",\"\u00daltimas\"],\"inLanguage\":\"pt-PT\",\"potentialAction\":[{\"@type\":\"CommentAction\",\"name\":\"Comment\",\"target\":[\"https:\/\/brasilnoticias.org\/site\/camara-de-salvador-autoriza-pedido-de-emprestimo-de-bruno-reis-de-r300-milhoes\/#respond\"]}]},{\"@type\":\"WebPage\",\"@id\":\"https:\/\/brasilnoticias.org\/site\/camara-de-salvador-autoriza-pedido-de-emprestimo-de-bruno-reis-de-r300-milhoes\/\",\"url\":\"https:\/\/brasilnoticias.org\/site\/camara-de-salvador-autoriza-pedido-de-emprestimo-de-bruno-reis-de-r300-milhoes\/\",\"name\":\"C\u00e2mara de Salvador autoriza pedido de empr\u00e9stimo de Bruno Reis de R$300 milh\u00f5es - Brasil not\u00edcias\",\"isPartOf\":{\"@id\":\"https:\/\/brasilnoticias.org\/site\/#website\"},\"primaryImageOfPage\":{\"@id\":\"https:\/\/brasilnoticias.org\/site\/camara-de-salvador-autoriza-pedido-de-emprestimo-de-bruno-reis-de-r300-milhoes\/#primaryimage\"},\"image\":{\"@id\":\"https:\/\/brasilnoticias.org\/site\/camara-de-salvador-autoriza-pedido-de-emprestimo-de-bruno-reis-de-r300-milhoes\/#primaryimage\"},\"thumbnailUrl\":\"https:\/\/brasilnoticias.org\/site\/wp-content\/uploads\/2023\/08\/140150camara-de-salvador-autoriza-pedido-de-emprestimo-de-bruno-reis-de-r300-milhoes-3.jpg\",\"datePublished\":\"2023-08-22T23:20:31+00:00\",\"breadcrumb\":{\"@id\":\"https:\/\/brasilnoticias.org\/site\/camara-de-salvador-autoriza-pedido-de-emprestimo-de-bruno-reis-de-r300-milhoes\/#breadcrumb\"},\"inLanguage\":\"pt-PT\",\"potentialAction\":[{\"@type\":\"ReadAction\",\"target\":[\"https:\/\/brasilnoticias.org\/site\/camara-de-salvador-autoriza-pedido-de-emprestimo-de-bruno-reis-de-r300-milhoes\/\"]}]},{\"@type\":\"ImageObject\",\"inLanguage\":\"pt-PT\",\"@id\":\"https:\/\/brasilnoticias.org\/site\/camara-de-salvador-autoriza-pedido-de-emprestimo-de-bruno-reis-de-r300-milhoes\/#primaryimage\",\"url\":\"https:\/\/brasilnoticias.org\/site\/wp-content\/uploads\/2023\/08\/140150camara-de-salvador-autoriza-pedido-de-emprestimo-de-bruno-reis-de-r300-milhoes-3.jpg\",\"contentUrl\":\"https:\/\/brasilnoticias.org\/site\/wp-content\/uploads\/2023\/08\/140150camara-de-salvador-autoriza-pedido-de-emprestimo-de-bruno-reis-de-r300-milhoes-3.jpg\",\"width\":1600,\"height\":752},{\"@type\":\"BreadcrumbList\",\"@id\":\"https:\/\/brasilnoticias.org\/site\/camara-de-salvador-autoriza-pedido-de-emprestimo-de-bruno-reis-de-r300-milhoes\/#breadcrumb\",\"itemListElement\":[{\"@type\":\"ListItem\",\"position\":1,\"name\":\"In\u00edcio\",\"item\":\"https:\/\/brasilnoticias.org\/site\/\"},{\"@type\":\"ListItem\",\"position\":2,\"name\":\"C\u00e2mara de Salvador autoriza pedido de empr\u00e9stimo de Bruno Reis de R$300 milh\u00f5es\"}]},{\"@type\":\"WebSite\",\"@id\":\"https:\/\/brasilnoticias.org\/site\/#website\",\"url\":\"https:\/\/brasilnoticias.org\/site\/\",\"name\":\"Brasil not\u00edcias\",\"description\":\"Brasil not\u00edcias\",\"publisher\":{\"@id\":\"https:\/\/brasilnoticias.org\/site\/#organization\"},\"potentialAction\":[{\"@type\":\"SearchAction\",\"target\":{\"@type\":\"EntryPoint\",\"urlTemplate\":\"https:\/\/brasilnoticias.org\/site\/?s={search_term_string}\"},\"query-input\":{\"@type\":\"PropertyValueSpecification\",\"valueRequired\":true,\"valueName\":\"search_term_string\"}}],\"inLanguage\":\"pt-PT\"},{\"@type\":\"Organization\",\"@id\":\"https:\/\/brasilnoticias.org\/site\/#organization\",\"name\":\"Brasil not\u00edcias\",\"url\":\"https:\/\/brasilnoticias.org\/site\/\",\"logo\":{\"@type\":\"ImageObject\",\"inLanguage\":\"pt-PT\",\"@id\":\"https:\/\/brasilnoticias.org\/site\/#\/schema\/logo\/image\/\",\"url\":\"https:\/\/brasilnoticias.org\/site\/wp-content\/uploads\/2022\/05\/cropped-brasilnoticias-mini.jpg\",\"contentUrl\":\"https:\/\/brasilnoticias.org\/site\/wp-content\/uploads\/2022\/05\/cropped-brasilnoticias-mini.jpg\",\"width\":314,\"height\":86,\"caption\":\"Brasil not\u00edcias\"},\"image\":{\"@id\":\"https:\/\/brasilnoticias.org\/site\/#\/schema\/logo\/image\/\"}},{\"@type\":\"Person\",\"@id\":\"https:\/\/brasilnoticias.org\/site\/#\/schema\/person\/03bbbfe6c7634ad18c26444ea39049fa\",\"name\":\"Reda\u00e7\u00e3o\",\"image\":{\"@type\":\"ImageObject\",\"inLanguage\":\"pt-PT\",\"@id\":\"https:\/\/brasilnoticias.org\/site\/#\/schema\/person\/image\/\",\"url\":\"https:\/\/secure.gravatar.com\/avatar\/9ecaf7327a696cb23ad926fedded5f1f04d7049de9e445375d55b48c001a6e42?s=96&d=mm&r=g\",\"contentUrl\":\"https:\/\/secure.gravatar.com\/avatar\/9ecaf7327a696cb23ad926fedded5f1f04d7049de9e445375d55b48c001a6e42?s=96&d=mm&r=g\",\"caption\":\"Reda\u00e7\u00e3o\"},\"url\":\"https:\/\/brasilnoticias.org\/site\/author\/henrique\/\"}]}<\/script>\n<!-- \/ Yoast SEO plugin. -->","yoast_head_json":{"title":"C\u00e2mara de Salvador autoriza pedido de empr\u00e9stimo de Bruno Reis de R$300 milh\u00f5es - Brasil not\u00edcias","robots":{"index":"index","follow":"follow","max-snippet":"max-snippet:-1","max-image-preview":"max-image-preview:large","max-video-preview":"max-video-preview:-1"},"canonical":"https:\/\/brasilnoticias.org\/site\/camara-de-salvador-autoriza-pedido-de-emprestimo-de-bruno-reis-de-r300-milhoes\/","og_locale":"pt_PT","og_type":"article","og_title":"C\u00e2mara de Salvador autoriza pedido de empr\u00e9stimo de Bruno Reis de R$300 milh\u00f5es - Brasil not\u00edcias","og_description":"Em tarde de vota\u00e7\u00e3o, a Casa ainda aprovou tr\u00eas projetos de vereadores A C\u00e2mara de Salvador aprovou, nesta ter\u00e7a-feira (22),","og_url":"https:\/\/brasilnoticias.org\/site\/camara-de-salvador-autoriza-pedido-de-emprestimo-de-bruno-reis-de-r300-milhoes\/","og_site_name":"Brasil not\u00edcias","article_published_time":"2023-08-22T23:20:31+00:00","og_image":[{"width":1600,"height":752,"url":"https:\/\/brasilnoticias.org\/site\/wp-content\/uploads\/2023\/08\/140150camara-de-salvador-autoriza-pedido-de-emprestimo-de-bruno-reis-de-r300-milhoes-3.jpg","type":"image\/jpeg"}],"author":"Reda\u00e7\u00e3o","twitter_card":"summary_large_image","twitter_misc":{"Escrito por":"Reda\u00e7\u00e3o"},"schema":{"@context":"https:\/\/schema.org","@graph":[{"@type":"Article","@id":"https:\/\/brasilnoticias.org\/site\/camara-de-salvador-autoriza-pedido-de-emprestimo-de-bruno-reis-de-r300-milhoes\/#article","isPartOf":{"@id":"https:\/\/brasilnoticias.org\/site\/camara-de-salvador-autoriza-pedido-de-emprestimo-de-bruno-reis-de-r300-milhoes\/"},"author":{"name":"Reda\u00e7\u00e3o","@id":"https:\/\/brasilnoticias.org\/site\/#\/schema\/person\/03bbbfe6c7634ad18c26444ea39049fa"},"headline":"C\u00e2mara de Salvador autoriza pedido de empr\u00e9stimo de Bruno Reis de R$300 milh\u00f5es","datePublished":"2023-08-22T23:20:31+00:00","mainEntityOfPage":{"@id":"https:\/\/brasilnoticias.org\/site\/camara-de-salvador-autoriza-pedido-de-emprestimo-de-bruno-reis-de-r300-milhoes\/"},"wordCount":313,"commentCount":0,"publisher":{"@id":"https:\/\/brasilnoticias.org\/site\/#organization"},"image":{"@id":"https:\/\/brasilnoticias.org\/site\/camara-de-salvador-autoriza-pedido-de-emprestimo-de-bruno-reis-de-r300-milhoes\/#primaryimage"},"thumbnailUrl":"https:\/\/brasilnoticias.org\/site\/wp-content\/uploads\/2023\/08\/140150camara-de-salvador-autoriza-pedido-de-emprestimo-de-bruno-reis-de-r300-milhoes-3.jpg","articleSection":["Pol\u00edtica","\u00daltimas"],"inLanguage":"pt-PT","potentialAction":[{"@type":"CommentAction","name":"Comment","target":["https:\/\/brasilnoticias.org\/site\/camara-de-salvador-autoriza-pedido-de-emprestimo-de-bruno-reis-de-r300-milhoes\/#respond"]}]},{"@type":"WebPage","@id":"https:\/\/brasilnoticias.org\/site\/camara-de-salvador-autoriza-pedido-de-emprestimo-de-bruno-reis-de-r300-milhoes\/","url":"https:\/\/brasilnoticias.org\/site\/camara-de-salvador-autoriza-pedido-de-emprestimo-de-bruno-reis-de-r300-milhoes\/","name":"C\u00e2mara de Salvador autoriza pedido de empr\u00e9stimo de Bruno Reis de R$300 milh\u00f5es - Brasil not\u00edcias","isPartOf":{"@id":"https:\/\/brasilnoticias.org\/site\/#website"},"primaryImageOfPage":{"@id":"https:\/\/brasilnoticias.org\/site\/camara-de-salvador-autoriza-pedido-de-emprestimo-de-bruno-reis-de-r300-milhoes\/#primaryimage"},"image":{"@id":"https:\/\/brasilnoticias.org\/site\/camara-de-salvador-autoriza-pedido-de-emprestimo-de-bruno-reis-de-r300-milhoes\/#primaryimage"},"thumbnailUrl":"https:\/\/brasilnoticias.org\/site\/wp-content\/uploads\/2023\/08\/140150camara-de-salvador-autoriza-pedido-de-emprestimo-de-bruno-reis-de-r300-milhoes-3.jpg","datePublished":"2023-08-22T23:20:31+00:00","breadcrumb":{"@id":"https:\/\/brasilnoticias.org\/site\/camara-de-salvador-autoriza-pedido-de-emprestimo-de-bruno-reis-de-r300-milhoes\/#breadcrumb"},"inLanguage":"pt-PT","potentialAction":[{"@type":"ReadAction","target":["https:\/\/brasilnoticias.org\/site\/camara-de-salvador-autoriza-pedido-de-emprestimo-de-bruno-reis-de-r300-milhoes\/"]}]},{"@type":"ImageObject","inLanguage":"pt-PT","@id":"https:\/\/brasilnoticias.org\/site\/camara-de-salvador-autoriza-pedido-de-emprestimo-de-bruno-reis-de-r300-milhoes\/#primaryimage","url":"https:\/\/brasilnoticias.org\/site\/wp-content\/uploads\/2023\/08\/140150camara-de-salvador-autoriza-pedido-de-emprestimo-de-bruno-reis-de-r300-milhoes-3.jpg","contentUrl":"https:\/\/brasilnoticias.org\/site\/wp-content\/uploads\/2023\/08\/140150camara-de-salvador-autoriza-pedido-de-emprestimo-de-bruno-reis-de-r300-milhoes-3.jpg","width":1600,"height":752},{"@type":"BreadcrumbList","@id":"https:\/\/brasilnoticias.org\/site\/camara-de-salvador-autoriza-pedido-de-emprestimo-de-bruno-reis-de-r300-milhoes\/#breadcrumb","itemListElement":[{"@type":"ListItem","position":1,"name":"In\u00edcio","item":"https:\/\/brasilnoticias.org\/site\/"},{"@type":"ListItem","position":2,"name":"C\u00e2mara de Salvador autoriza pedido de empr\u00e9stimo de Bruno Reis de R$300 milh\u00f5es"}]},{"@type":"WebSite","@id":"https:\/\/brasilnoticias.org\/site\/#website","url":"https:\/\/brasilnoticias.org\/site\/","name":"Brasil not\u00edcias","description":"Brasil not\u00edcias","publisher":{"@id":"https:\/\/brasilnoticias.org\/site\/#organization"},"potentialAction":[{"@type":"SearchAction","target":{"@type":"EntryPoint","urlTemplate":"https:\/\/brasilnoticias.org\/site\/?s={search_term_string}"},"query-input":{"@type":"PropertyValueSpecification","valueRequired":true,"valueName":"search_term_string"}}],"inLanguage":"pt-PT"},{"@type":"Organization","@id":"https:\/\/brasilnoticias.org\/site\/#organization","name":"Brasil not\u00edcias","url":"https:\/\/brasilnoticias.org\/site\/","logo":{"@type":"ImageObject","inLanguage":"pt-PT","@id":"https:\/\/brasilnoticias.org\/site\/#\/schema\/logo\/image\/","url":"https:\/\/brasilnoticias.org\/site\/wp-content\/uploads\/2022\/05\/cropped-brasilnoticias-mini.jpg","contentUrl":"https:\/\/brasilnoticias.org\/site\/wp-content\/uploads\/2022\/05\/cropped-brasilnoticias-mini.jpg","width":314,"height":86,"caption":"Brasil not\u00edcias"},"image":{"@id":"https:\/\/brasilnoticias.org\/site\/#\/schema\/logo\/image\/"}},{"@type":"Person","@id":"https:\/\/brasilnoticias.org\/site\/#\/schema\/person\/03bbbfe6c7634ad18c26444ea39049fa","name":"Reda\u00e7\u00e3o","image":{"@type":"ImageObject","inLanguage":"pt-PT","@id":"https:\/\/brasilnoticias.org\/site\/#\/schema\/person\/image\/","url":"https:\/\/secure.gravatar.com\/avatar\/9ecaf7327a696cb23ad926fedded5f1f04d7049de9e445375d55b48c001a6e42?s=96&d=mm&r=g","contentUrl":"https:\/\/secure.gravatar.com\/avatar\/9ecaf7327a696cb23ad926fedded5f1f04d7049de9e445375d55b48c001a6e42?s=96&d=mm&r=g","caption":"Reda\u00e7\u00e3o"},"url":"https:\/\/brasilnoticias.org\/site\/author\/henrique\/"}]}},"_links":{"self":[{"href":"https:\/\/brasilnoticias.org\/site\/wp-json\/wp\/v2\/posts\/8517","targetHints":{"allow":["GET"]}}],"collection":[{"href":"https:\/\/brasilnoticias.org\/site\/wp-json\/wp\/v2\/posts"}],"about":[{"href":"https:\/\/brasilnoticias.org\/site\/wp-json\/wp\/v2\/types\/post"}],"author":[{"embeddable":true,"href":"https:\/\/brasilnoticias.org\/site\/wp-json\/wp\/v2\/users\/4"}],"replies":[{"embeddable":true,"href":"https:\/\/brasilnoticias.org\/site\/wp-json\/wp\/v2\/comments?post=8517"}],"version-history":[{"count":1,"href":"https:\/\/brasilnoticias.org\/site\/wp-json\/wp\/v2\/posts\/8517\/revisions"}],"predecessor-version":[{"id":8519,"href":"https:\/\/brasilnoticias.org\/site\/wp-json\/wp\/v2\/posts\/8517\/revisions\/8519"}],"wp:featuredmedia":[{"embeddable":true,"href":"https:\/\/brasilnoticias.org\/site\/wp-json\/wp\/v2\/media\/8518"}],"wp:attachment":[{"href":"https:\/\/brasilnoticias.org\/site\/wp-json\/wp\/v2\/media?parent=8517"}],"wp:term":[{"taxonomy":"category","embeddable":true,"href":"https:\/\/brasilnoticias.org\/site\/wp-json\/wp\/v2\/categories?post=8517"},{"taxonomy":"post_tag","embeddable":true,"href":"https:\/\/brasilnoticias.org\/site\/wp-json\/wp\/v2\/tags?post=8517"}],"curies":[{"name":"wp","href":"https:\/\/api.w.org\/{rel}","templated":true}]}}