{"id":8526,"date":"2023-08-22T20:30:43","date_gmt":"2023-08-22T23:30:43","guid":{"rendered":"https:\/\/brasilnoticias.org\/site\/?p=8526"},"modified":"2023-08-22T20:30:43","modified_gmt":"2023-08-22T23:30:43","slug":"ofensas-a-pessoas-lgbtqia-sao-enquadradas-como-injuria-racial-por-decisao-do-stf","status":"publish","type":"post","link":"https:\/\/brasilnoticias.org\/site\/ofensas-a-pessoas-lgbtqia-sao-enquadradas-como-injuria-racial-por-decisao-do-stf\/","title":{"rendered":"Ofensas a pessoas LGBTQIA+ s\u00e3o enquadradas como inj\u00faria racial por decis\u00e3o do STF"},"content":{"rendered":"<p>Em 2019, homofobia e transfobia foram equiparados ao crime de racismo pelo Supremo<\/p>\n<p>O Supremo Tribunal Federal (STF) equiparou nesta segunda-feira (21\/8) ofensas a pessoas LGBTQIA+ ao crime de inj\u00faria racial. O entendimento dos ministros se baseou em decis\u00e3o anterior, de 2019, de que a discrimina\u00e7\u00e3o praticada contra pessoas trans e homossexuais deve ser penalizada da mesma forma que o crime de racismo. Tamb\u00e9m tomou como base equipara\u00e7\u00e3o da inj\u00faria racial ao crime de racismo, v\u00e1lida desde janeiro deste ano.<\/p>\n<p>Na decis\u00e3o desta segunda-feira, nove ministros seguiram o voto do relator e foram a favor que ofensas a pessoas LGBTQIA+ sejam punidas da mesma forma que a inj\u00faria racial e, portanto, que o crime racismo. Um ministro divergiu e um se declarou impedido. Dessa forma, quem ofender ou discriminar uma pessoa LGBTQIA+ est\u00e1 sujeito a puni\u00e7\u00e3o de um a tr\u00eas anos de pris\u00e3o. Assim como no caso de racismo, o crime \u00e9 inafian\u00e7\u00e1vel e imprescrit\u00edvel.<\/p>\n<p>O recurso para a decis\u00e3o do STF foi da Associa\u00e7\u00e3o Brasileira de L\u00e9sbicas, Gays, Bissexuais, Travestis, Transexuais e Intersexos (ABGLT).<\/p>\n<p>SALVADOR<\/p>\n<p>Em Salvador, estalecimentos que discriminem pessoas LGBTQIA+ podem ser penalizados com multas de R$ 10 mil a R$ 100 mil, al\u00e9m da perda do alvar\u00e1 de funcionamento. A lei que estabeleceu essas penas foi aprovada pela C\u00e2mera de Salvador em 2018 e sancionada em 2020.<\/p>\n<p>Foto: ilustrativa\/Pixabay<br \/>\nAratu On<\/p>\n","protected":false},"excerpt":{"rendered":"<p>Em 2019, homofobia e transfobia foram equiparados ao crime de racismo pelo Supremo O Supremo Tribunal Federal (STF) equiparou nesta<\/p>\n","protected":false},"author":4,"featured_media":8527,"comment_status":"open","ping_status":"open","sticky":false,"template":"","format":"standard","meta":{"colormag_page_container_layout":"default_layout","colormag_page_sidebar_layout":"default_layout","_FSMCFIC_featured_image_caption":"","_FSMCFIC_featured_image_nocaption":"","_FSMCFIC_featured_image_hide":"","footnotes":""},"categories":[7,1],"tags":[],"class_list":["post-8526","post","type-post","status-publish","format-standard","has-post-thumbnail","hentry","category-justica","category-ultimas"],"yoast_head":"<!-- This site is optimized with the Yoast SEO plugin v27.1.1 - https:\/\/yoast.com\/product\/yoast-seo-wordpress\/ -->\n<title>Ofensas a pessoas LGBTQIA+ s\u00e3o enquadradas como inj\u00faria racial por decis\u00e3o do STF - Brasil not\u00edcias<\/title>\n<meta name=\"robots\" content=\"index, follow, max-snippet:-1, max-image-preview:large, max-video-preview:-1\" \/>\n<link rel=\"canonical\" href=\"https:\/\/brasilnoticias.org\/site\/ofensas-a-pessoas-lgbtqia-sao-enquadradas-como-injuria-racial-por-decisao-do-stf\/\" \/>\n<meta property=\"og:locale\" content=\"pt_PT\" \/>\n<meta property=\"og:type\" content=\"article\" \/>\n<meta property=\"og:title\" content=\"Ofensas a pessoas LGBTQIA+ s\u00e3o enquadradas como inj\u00faria racial por decis\u00e3o do STF - Brasil not\u00edcias\" \/>\n<meta property=\"og:description\" content=\"Em 2019, homofobia e transfobia foram equiparados ao crime de racismo pelo Supremo O Supremo Tribunal Federal (STF) equiparou nesta\" \/>\n<meta property=\"og:url\" content=\"https:\/\/brasilnoticias.org\/site\/ofensas-a-pessoas-lgbtqia-sao-enquadradas-como-injuria-racial-por-decisao-do-stf\/\" \/>\n<meta property=\"og:site_name\" content=\"Brasil not\u00edcias\" \/>\n<meta property=\"article:published_time\" content=\"2023-08-22T23:30:43+00:00\" \/>\n<meta property=\"og:image\" content=\"https:\/\/brasilnoticias.org\/site\/wp-content\/uploads\/2023\/08\/imagem-destacada-lei-que-pune-praticas-de-lgbtfobia-na-bahia-e-publicada-no-diar-740x470-1.jpg\" \/>\n\t<meta property=\"og:image:width\" content=\"740\" \/>\n\t<meta property=\"og:image:height\" content=\"470\" \/>\n\t<meta property=\"og:image:type\" content=\"image\/jpeg\" \/>\n<meta name=\"author\" content=\"Reda\u00e7\u00e3o\" \/>\n<meta name=\"twitter:card\" content=\"summary_large_image\" \/>\n<meta name=\"twitter:label1\" content=\"Escrito por\" \/>\n\t<meta name=\"twitter:data1\" content=\"Reda\u00e7\u00e3o\" \/>\n<script type=\"application\/ld+json\" class=\"yoast-schema-graph\">{\"@context\":\"https:\/\/schema.org\",\"@graph\":[{\"@type\":\"Article\",\"@id\":\"https:\/\/brasilnoticias.org\/site\/ofensas-a-pessoas-lgbtqia-sao-enquadradas-como-injuria-racial-por-decisao-do-stf\/#article\",\"isPartOf\":{\"@id\":\"https:\/\/brasilnoticias.org\/site\/ofensas-a-pessoas-lgbtqia-sao-enquadradas-como-injuria-racial-por-decisao-do-stf\/\"},\"author\":{\"name\":\"Reda\u00e7\u00e3o\",\"@id\":\"https:\/\/brasilnoticias.org\/site\/#\/schema\/person\/03bbbfe6c7634ad18c26444ea39049fa\"},\"headline\":\"Ofensas a pessoas LGBTQIA+ s\u00e3o enquadradas como inj\u00faria racial por decis\u00e3o do STF\",\"datePublished\":\"2023-08-22T23:30:43+00:00\",\"mainEntityOfPage\":{\"@id\":\"https:\/\/brasilnoticias.org\/site\/ofensas-a-pessoas-lgbtqia-sao-enquadradas-como-injuria-racial-por-decisao-do-stf\/\"},\"wordCount\":253,\"commentCount\":0,\"publisher\":{\"@id\":\"https:\/\/brasilnoticias.org\/site\/#organization\"},\"image\":{\"@id\":\"https:\/\/brasilnoticias.org\/site\/ofensas-a-pessoas-lgbtqia-sao-enquadradas-como-injuria-racial-por-decisao-do-stf\/#primaryimage\"},\"thumbnailUrl\":\"https:\/\/brasilnoticias.org\/site\/wp-content\/uploads\/2023\/08\/imagem-destacada-lei-que-pune-praticas-de-lgbtfobia-na-bahia-e-publicada-no-diar-740x470-1.jpg\",\"articleSection\":[\"Justi\u00e7a\",\"\u00daltimas\"],\"inLanguage\":\"pt-PT\",\"potentialAction\":[{\"@type\":\"CommentAction\",\"name\":\"Comment\",\"target\":[\"https:\/\/brasilnoticias.org\/site\/ofensas-a-pessoas-lgbtqia-sao-enquadradas-como-injuria-racial-por-decisao-do-stf\/#respond\"]}]},{\"@type\":\"WebPage\",\"@id\":\"https:\/\/brasilnoticias.org\/site\/ofensas-a-pessoas-lgbtqia-sao-enquadradas-como-injuria-racial-por-decisao-do-stf\/\",\"url\":\"https:\/\/brasilnoticias.org\/site\/ofensas-a-pessoas-lgbtqia-sao-enquadradas-como-injuria-racial-por-decisao-do-stf\/\",\"name\":\"Ofensas a pessoas LGBTQIA+ s\u00e3o enquadradas como inj\u00faria racial por decis\u00e3o do STF - Brasil not\u00edcias\",\"isPartOf\":{\"@id\":\"https:\/\/brasilnoticias.org\/site\/#website\"},\"primaryImageOfPage\":{\"@id\":\"https:\/\/brasilnoticias.org\/site\/ofensas-a-pessoas-lgbtqia-sao-enquadradas-como-injuria-racial-por-decisao-do-stf\/#primaryimage\"},\"image\":{\"@id\":\"https:\/\/brasilnoticias.org\/site\/ofensas-a-pessoas-lgbtqia-sao-enquadradas-como-injuria-racial-por-decisao-do-stf\/#primaryimage\"},\"thumbnailUrl\":\"https:\/\/brasilnoticias.org\/site\/wp-content\/uploads\/2023\/08\/imagem-destacada-lei-que-pune-praticas-de-lgbtfobia-na-bahia-e-publicada-no-diar-740x470-1.jpg\",\"datePublished\":\"2023-08-22T23:30:43+00:00\",\"breadcrumb\":{\"@id\":\"https:\/\/brasilnoticias.org\/site\/ofensas-a-pessoas-lgbtqia-sao-enquadradas-como-injuria-racial-por-decisao-do-stf\/#breadcrumb\"},\"inLanguage\":\"pt-PT\",\"potentialAction\":[{\"@type\":\"ReadAction\",\"target\":[\"https:\/\/brasilnoticias.org\/site\/ofensas-a-pessoas-lgbtqia-sao-enquadradas-como-injuria-racial-por-decisao-do-stf\/\"]}]},{\"@type\":\"ImageObject\",\"inLanguage\":\"pt-PT\",\"@id\":\"https:\/\/brasilnoticias.org\/site\/ofensas-a-pessoas-lgbtqia-sao-enquadradas-como-injuria-racial-por-decisao-do-stf\/#primaryimage\",\"url\":\"https:\/\/brasilnoticias.org\/site\/wp-content\/uploads\/2023\/08\/imagem-destacada-lei-que-pune-praticas-de-lgbtfobia-na-bahia-e-publicada-no-diar-740x470-1.jpg\",\"contentUrl\":\"https:\/\/brasilnoticias.org\/site\/wp-content\/uploads\/2023\/08\/imagem-destacada-lei-que-pune-praticas-de-lgbtfobia-na-bahia-e-publicada-no-diar-740x470-1.jpg\",\"width\":740,\"height\":470},{\"@type\":\"BreadcrumbList\",\"@id\":\"https:\/\/brasilnoticias.org\/site\/ofensas-a-pessoas-lgbtqia-sao-enquadradas-como-injuria-racial-por-decisao-do-stf\/#breadcrumb\",\"itemListElement\":[{\"@type\":\"ListItem\",\"position\":1,\"name\":\"In\u00edcio\",\"item\":\"https:\/\/brasilnoticias.org\/site\/\"},{\"@type\":\"ListItem\",\"position\":2,\"name\":\"Ofensas a pessoas LGBTQIA+ s\u00e3o enquadradas como inj\u00faria racial por decis\u00e3o do STF\"}]},{\"@type\":\"WebSite\",\"@id\":\"https:\/\/brasilnoticias.org\/site\/#website\",\"url\":\"https:\/\/brasilnoticias.org\/site\/\",\"name\":\"Brasil not\u00edcias\",\"description\":\"Brasil not\u00edcias\",\"publisher\":{\"@id\":\"https:\/\/brasilnoticias.org\/site\/#organization\"},\"potentialAction\":[{\"@type\":\"SearchAction\",\"target\":{\"@type\":\"EntryPoint\",\"urlTemplate\":\"https:\/\/brasilnoticias.org\/site\/?s={search_term_string}\"},\"query-input\":{\"@type\":\"PropertyValueSpecification\",\"valueRequired\":true,\"valueName\":\"search_term_string\"}}],\"inLanguage\":\"pt-PT\"},{\"@type\":\"Organization\",\"@id\":\"https:\/\/brasilnoticias.org\/site\/#organization\",\"name\":\"Brasil not\u00edcias\",\"url\":\"https:\/\/brasilnoticias.org\/site\/\",\"logo\":{\"@type\":\"ImageObject\",\"inLanguage\":\"pt-PT\",\"@id\":\"https:\/\/brasilnoticias.org\/site\/#\/schema\/logo\/image\/\",\"url\":\"https:\/\/brasilnoticias.org\/site\/wp-content\/uploads\/2022\/05\/cropped-brasilnoticias-mini.jpg\",\"contentUrl\":\"https:\/\/brasilnoticias.org\/site\/wp-content\/uploads\/2022\/05\/cropped-brasilnoticias-mini.jpg\",\"width\":314,\"height\":86,\"caption\":\"Brasil not\u00edcias\"},\"image\":{\"@id\":\"https:\/\/brasilnoticias.org\/site\/#\/schema\/logo\/image\/\"}},{\"@type\":\"Person\",\"@id\":\"https:\/\/brasilnoticias.org\/site\/#\/schema\/person\/03bbbfe6c7634ad18c26444ea39049fa\",\"name\":\"Reda\u00e7\u00e3o\",\"image\":{\"@type\":\"ImageObject\",\"inLanguage\":\"pt-PT\",\"@id\":\"https:\/\/brasilnoticias.org\/site\/#\/schema\/person\/image\/\",\"url\":\"https:\/\/secure.gravatar.com\/avatar\/9ecaf7327a696cb23ad926fedded5f1f04d7049de9e445375d55b48c001a6e42?s=96&d=mm&r=g\",\"contentUrl\":\"https:\/\/secure.gravatar.com\/avatar\/9ecaf7327a696cb23ad926fedded5f1f04d7049de9e445375d55b48c001a6e42?s=96&d=mm&r=g\",\"caption\":\"Reda\u00e7\u00e3o\"},\"url\":\"https:\/\/brasilnoticias.org\/site\/author\/henrique\/\"}]}<\/script>\n<!-- \/ Yoast SEO plugin. -->","yoast_head_json":{"title":"Ofensas a pessoas LGBTQIA+ s\u00e3o enquadradas como inj\u00faria racial por decis\u00e3o do STF - Brasil not\u00edcias","robots":{"index":"index","follow":"follow","max-snippet":"max-snippet:-1","max-image-preview":"max-image-preview:large","max-video-preview":"max-video-preview:-1"},"canonical":"https:\/\/brasilnoticias.org\/site\/ofensas-a-pessoas-lgbtqia-sao-enquadradas-como-injuria-racial-por-decisao-do-stf\/","og_locale":"pt_PT","og_type":"article","og_title":"Ofensas a pessoas LGBTQIA+ s\u00e3o enquadradas como inj\u00faria racial por decis\u00e3o do STF - Brasil not\u00edcias","og_description":"Em 2019, homofobia e transfobia foram equiparados ao crime de racismo pelo Supremo O Supremo Tribunal Federal (STF) equiparou nesta","og_url":"https:\/\/brasilnoticias.org\/site\/ofensas-a-pessoas-lgbtqia-sao-enquadradas-como-injuria-racial-por-decisao-do-stf\/","og_site_name":"Brasil not\u00edcias","article_published_time":"2023-08-22T23:30:43+00:00","og_image":[{"width":740,"height":470,"url":"https:\/\/brasilnoticias.org\/site\/wp-content\/uploads\/2023\/08\/imagem-destacada-lei-que-pune-praticas-de-lgbtfobia-na-bahia-e-publicada-no-diar-740x470-1.jpg","type":"image\/jpeg"}],"author":"Reda\u00e7\u00e3o","twitter_card":"summary_large_image","twitter_misc":{"Escrito por":"Reda\u00e7\u00e3o"},"schema":{"@context":"https:\/\/schema.org","@graph":[{"@type":"Article","@id":"https:\/\/brasilnoticias.org\/site\/ofensas-a-pessoas-lgbtqia-sao-enquadradas-como-injuria-racial-por-decisao-do-stf\/#article","isPartOf":{"@id":"https:\/\/brasilnoticias.org\/site\/ofensas-a-pessoas-lgbtqia-sao-enquadradas-como-injuria-racial-por-decisao-do-stf\/"},"author":{"name":"Reda\u00e7\u00e3o","@id":"https:\/\/brasilnoticias.org\/site\/#\/schema\/person\/03bbbfe6c7634ad18c26444ea39049fa"},"headline":"Ofensas a pessoas LGBTQIA+ s\u00e3o enquadradas como inj\u00faria racial por decis\u00e3o do STF","datePublished":"2023-08-22T23:30:43+00:00","mainEntityOfPage":{"@id":"https:\/\/brasilnoticias.org\/site\/ofensas-a-pessoas-lgbtqia-sao-enquadradas-como-injuria-racial-por-decisao-do-stf\/"},"wordCount":253,"commentCount":0,"publisher":{"@id":"https:\/\/brasilnoticias.org\/site\/#organization"},"image":{"@id":"https:\/\/brasilnoticias.org\/site\/ofensas-a-pessoas-lgbtqia-sao-enquadradas-como-injuria-racial-por-decisao-do-stf\/#primaryimage"},"thumbnailUrl":"https:\/\/brasilnoticias.org\/site\/wp-content\/uploads\/2023\/08\/imagem-destacada-lei-que-pune-praticas-de-lgbtfobia-na-bahia-e-publicada-no-diar-740x470-1.jpg","articleSection":["Justi\u00e7a","\u00daltimas"],"inLanguage":"pt-PT","potentialAction":[{"@type":"CommentAction","name":"Comment","target":["https:\/\/brasilnoticias.org\/site\/ofensas-a-pessoas-lgbtqia-sao-enquadradas-como-injuria-racial-por-decisao-do-stf\/#respond"]}]},{"@type":"WebPage","@id":"https:\/\/brasilnoticias.org\/site\/ofensas-a-pessoas-lgbtqia-sao-enquadradas-como-injuria-racial-por-decisao-do-stf\/","url":"https:\/\/brasilnoticias.org\/site\/ofensas-a-pessoas-lgbtqia-sao-enquadradas-como-injuria-racial-por-decisao-do-stf\/","name":"Ofensas a pessoas LGBTQIA+ s\u00e3o enquadradas como inj\u00faria racial por decis\u00e3o do STF - Brasil not\u00edcias","isPartOf":{"@id":"https:\/\/brasilnoticias.org\/site\/#website"},"primaryImageOfPage":{"@id":"https:\/\/brasilnoticias.org\/site\/ofensas-a-pessoas-lgbtqia-sao-enquadradas-como-injuria-racial-por-decisao-do-stf\/#primaryimage"},"image":{"@id":"https:\/\/brasilnoticias.org\/site\/ofensas-a-pessoas-lgbtqia-sao-enquadradas-como-injuria-racial-por-decisao-do-stf\/#primaryimage"},"thumbnailUrl":"https:\/\/brasilnoticias.org\/site\/wp-content\/uploads\/2023\/08\/imagem-destacada-lei-que-pune-praticas-de-lgbtfobia-na-bahia-e-publicada-no-diar-740x470-1.jpg","datePublished":"2023-08-22T23:30:43+00:00","breadcrumb":{"@id":"https:\/\/brasilnoticias.org\/site\/ofensas-a-pessoas-lgbtqia-sao-enquadradas-como-injuria-racial-por-decisao-do-stf\/#breadcrumb"},"inLanguage":"pt-PT","potentialAction":[{"@type":"ReadAction","target":["https:\/\/brasilnoticias.org\/site\/ofensas-a-pessoas-lgbtqia-sao-enquadradas-como-injuria-racial-por-decisao-do-stf\/"]}]},{"@type":"ImageObject","inLanguage":"pt-PT","@id":"https:\/\/brasilnoticias.org\/site\/ofensas-a-pessoas-lgbtqia-sao-enquadradas-como-injuria-racial-por-decisao-do-stf\/#primaryimage","url":"https:\/\/brasilnoticias.org\/site\/wp-content\/uploads\/2023\/08\/imagem-destacada-lei-que-pune-praticas-de-lgbtfobia-na-bahia-e-publicada-no-diar-740x470-1.jpg","contentUrl":"https:\/\/brasilnoticias.org\/site\/wp-content\/uploads\/2023\/08\/imagem-destacada-lei-que-pune-praticas-de-lgbtfobia-na-bahia-e-publicada-no-diar-740x470-1.jpg","width":740,"height":470},{"@type":"BreadcrumbList","@id":"https:\/\/brasilnoticias.org\/site\/ofensas-a-pessoas-lgbtqia-sao-enquadradas-como-injuria-racial-por-decisao-do-stf\/#breadcrumb","itemListElement":[{"@type":"ListItem","position":1,"name":"In\u00edcio","item":"https:\/\/brasilnoticias.org\/site\/"},{"@type":"ListItem","position":2,"name":"Ofensas a pessoas LGBTQIA+ s\u00e3o enquadradas como inj\u00faria racial por decis\u00e3o do STF"}]},{"@type":"WebSite","@id":"https:\/\/brasilnoticias.org\/site\/#website","url":"https:\/\/brasilnoticias.org\/site\/","name":"Brasil not\u00edcias","description":"Brasil not\u00edcias","publisher":{"@id":"https:\/\/brasilnoticias.org\/site\/#organization"},"potentialAction":[{"@type":"SearchAction","target":{"@type":"EntryPoint","urlTemplate":"https:\/\/brasilnoticias.org\/site\/?s={search_term_string}"},"query-input":{"@type":"PropertyValueSpecification","valueRequired":true,"valueName":"search_term_string"}}],"inLanguage":"pt-PT"},{"@type":"Organization","@id":"https:\/\/brasilnoticias.org\/site\/#organization","name":"Brasil not\u00edcias","url":"https:\/\/brasilnoticias.org\/site\/","logo":{"@type":"ImageObject","inLanguage":"pt-PT","@id":"https:\/\/brasilnoticias.org\/site\/#\/schema\/logo\/image\/","url":"https:\/\/brasilnoticias.org\/site\/wp-content\/uploads\/2022\/05\/cropped-brasilnoticias-mini.jpg","contentUrl":"https:\/\/brasilnoticias.org\/site\/wp-content\/uploads\/2022\/05\/cropped-brasilnoticias-mini.jpg","width":314,"height":86,"caption":"Brasil not\u00edcias"},"image":{"@id":"https:\/\/brasilnoticias.org\/site\/#\/schema\/logo\/image\/"}},{"@type":"Person","@id":"https:\/\/brasilnoticias.org\/site\/#\/schema\/person\/03bbbfe6c7634ad18c26444ea39049fa","name":"Reda\u00e7\u00e3o","image":{"@type":"ImageObject","inLanguage":"pt-PT","@id":"https:\/\/brasilnoticias.org\/site\/#\/schema\/person\/image\/","url":"https:\/\/secure.gravatar.com\/avatar\/9ecaf7327a696cb23ad926fedded5f1f04d7049de9e445375d55b48c001a6e42?s=96&d=mm&r=g","contentUrl":"https:\/\/secure.gravatar.com\/avatar\/9ecaf7327a696cb23ad926fedded5f1f04d7049de9e445375d55b48c001a6e42?s=96&d=mm&r=g","caption":"Reda\u00e7\u00e3o"},"url":"https:\/\/brasilnoticias.org\/site\/author\/henrique\/"}]}},"_links":{"self":[{"href":"https:\/\/brasilnoticias.org\/site\/wp-json\/wp\/v2\/posts\/8526","targetHints":{"allow":["GET"]}}],"collection":[{"href":"https:\/\/brasilnoticias.org\/site\/wp-json\/wp\/v2\/posts"}],"about":[{"href":"https:\/\/brasilnoticias.org\/site\/wp-json\/wp\/v2\/types\/post"}],"author":[{"embeddable":true,"href":"https:\/\/brasilnoticias.org\/site\/wp-json\/wp\/v2\/users\/4"}],"replies":[{"embeddable":true,"href":"https:\/\/brasilnoticias.org\/site\/wp-json\/wp\/v2\/comments?post=8526"}],"version-history":[{"count":1,"href":"https:\/\/brasilnoticias.org\/site\/wp-json\/wp\/v2\/posts\/8526\/revisions"}],"predecessor-version":[{"id":8528,"href":"https:\/\/brasilnoticias.org\/site\/wp-json\/wp\/v2\/posts\/8526\/revisions\/8528"}],"wp:featuredmedia":[{"embeddable":true,"href":"https:\/\/brasilnoticias.org\/site\/wp-json\/wp\/v2\/media\/8527"}],"wp:attachment":[{"href":"https:\/\/brasilnoticias.org\/site\/wp-json\/wp\/v2\/media?parent=8526"}],"wp:term":[{"taxonomy":"category","embeddable":true,"href":"https:\/\/brasilnoticias.org\/site\/wp-json\/wp\/v2\/categories?post=8526"},{"taxonomy":"post_tag","embeddable":true,"href":"https:\/\/brasilnoticias.org\/site\/wp-json\/wp\/v2\/tags?post=8526"}],"curies":[{"name":"wp","href":"https:\/\/api.w.org\/{rel}","templated":true}]}}